{"id":28167,"date":"2022-10-04T16:54:51","date_gmt":"2022-10-04T16:54:51","guid":{"rendered":"http:\/\/www.ecoitaliano.com.ar\/?p=28167"},"modified":"2022-10-04T16:54:51","modified_gmt":"2022-10-04T16:54:51","slug":"serena-conduce-operaclassica-eco-italiano-1788","status":"publish","type":"post","link":"https:\/\/www.ecoitaliano.com.ar\/?p=28167","title":{"rendered":"Serena conduce operaclassica eco italiano"},"content":{"rendered":"<p><a href=\"http:\/\/www.ecoitaliano.com.ar\/wp-content\/uploads\/2022\/10\/51d68bd3-4534-463d-b99e-77594db7488f.jpg\"><img decoding=\"async\" class=\"alignnone size-full wp-image-28168\" src=\"http:\/\/www.ecoitaliano.com.ar\/wp-content\/uploads\/2022\/10\/51d68bd3-4534-463d-b99e-77594db7488f.jpg\" alt=\"\" width=\"1058\" height=\"171\" srcset=\"https:\/\/www.ecoitaliano.com.ar\/wp-content\/uploads\/2022\/10\/51d68bd3-4534-463d-b99e-77594db7488f.jpg 1058w, https:\/\/www.ecoitaliano.com.ar\/wp-content\/uploads\/2022\/10\/51d68bd3-4534-463d-b99e-77594db7488f-300x48.jpg 300w, https:\/\/www.ecoitaliano.com.ar\/wp-content\/uploads\/2022\/10\/51d68bd3-4534-463d-b99e-77594db7488f-768x124.jpg 768w, https:\/\/www.ecoitaliano.com.ar\/wp-content\/uploads\/2022\/10\/51d68bd3-4534-463d-b99e-77594db7488f-1024x166.jpg 1024w, https:\/\/www.ecoitaliano.com.ar\/wp-content\/uploads\/2022\/10\/51d68bd3-4534-463d-b99e-77594db7488f-150x24.jpg 150w\" sizes=\"(max-width: 1058px) 100vw, 1058px\" \/><\/a><\/p>\n<p><strong>Superlativi King\u2019s Singers<\/strong><\/p>\n<p><strong>Il sestetto vocale ospite della stagione di LuganoMusica<\/strong><\/p>\n<p><a href=\"http:\/\/www.ecoitaliano.com.ar\/wp-content\/uploads\/2022\/10\/2022_10_11_Kings-Singers_\u00a9_Frances-Marshall_1920x1080px1.jpg\"><img decoding=\"async\" class=\"alignnone  wp-image-28169\" src=\"http:\/\/www.ecoitaliano.com.ar\/wp-content\/uploads\/2022\/10\/2022_10_11_Kings-Singers_\u00a9_Frances-Marshall_1920x1080px1.jpg\" alt=\"\" width=\"343\" height=\"193\" srcset=\"https:\/\/www.ecoitaliano.com.ar\/wp-content\/uploads\/2022\/10\/2022_10_11_Kings-Singers_\u00a9_Frances-Marshall_1920x1080px1.jpg 1920w, https:\/\/www.ecoitaliano.com.ar\/wp-content\/uploads\/2022\/10\/2022_10_11_Kings-Singers_\u00a9_Frances-Marshall_1920x1080px1-300x169.jpg 300w, https:\/\/www.ecoitaliano.com.ar\/wp-content\/uploads\/2022\/10\/2022_10_11_Kings-Singers_\u00a9_Frances-Marshall_1920x1080px1-768x432.jpg 768w, https:\/\/www.ecoitaliano.com.ar\/wp-content\/uploads\/2022\/10\/2022_10_11_Kings-Singers_\u00a9_Frances-Marshall_1920x1080px1-1024x576.jpg 1024w, https:\/\/www.ecoitaliano.com.ar\/wp-content\/uploads\/2022\/10\/2022_10_11_Kings-Singers_\u00a9_Frances-Marshall_1920x1080px1-150x84.jpg 150w\" sizes=\"(max-width: 343px) 100vw, 343px\" \/><\/a> <a href=\"http:\/\/www.ecoitaliano.com.ar\/wp-content\/uploads\/2022\/10\/2022_10_11_Kings-Singers_\u00a9_Frances-Marshall_1920x1080px2.jpg\"><img decoding=\"async\" class=\"alignnone  wp-image-28170\" src=\"http:\/\/www.ecoitaliano.com.ar\/wp-content\/uploads\/2022\/10\/2022_10_11_Kings-Singers_\u00a9_Frances-Marshall_1920x1080px2.jpg\" alt=\"\" width=\"345\" height=\"194\" srcset=\"https:\/\/www.ecoitaliano.com.ar\/wp-content\/uploads\/2022\/10\/2022_10_11_Kings-Singers_\u00a9_Frances-Marshall_1920x1080px2.jpg 1920w, https:\/\/www.ecoitaliano.com.ar\/wp-content\/uploads\/2022\/10\/2022_10_11_Kings-Singers_\u00a9_Frances-Marshall_1920x1080px2-300x169.jpg 300w, https:\/\/www.ecoitaliano.com.ar\/wp-content\/uploads\/2022\/10\/2022_10_11_Kings-Singers_\u00a9_Frances-Marshall_1920x1080px2-768x432.jpg 768w, https:\/\/www.ecoitaliano.com.ar\/wp-content\/uploads\/2022\/10\/2022_10_11_Kings-Singers_\u00a9_Frances-Marshall_1920x1080px2-1024x576.jpg 1024w, https:\/\/www.ecoitaliano.com.ar\/wp-content\/uploads\/2022\/10\/2022_10_11_Kings-Singers_\u00a9_Frances-Marshall_1920x1080px2-150x84.jpg 150w\" sizes=\"(max-width: 345px) 100vw, 345px\" \/><\/a><\/p>\n<p>&nbsp;<\/p>\n<p>Sbarcano a Lugano i <strong>King\u2019s Singers<\/strong>, <strong>marted\u00ec 11 ottobre<\/strong> alle ore 20:30 in Sala Teatro (ore 19:30 Presentazione concerto nella Hall), per il primo appuntamento di musica da camera della stagione di LuganoMusica. Sovrani indiscussi del canto a cappella da pi\u00f9 di cinquant\u2019anni, gli inglesi King\u2019s Singers costruiscono accuratamente il programma di ogni concerto per esaltare le possibilit\u00e0 acustiche degli spazi nei quali si esibiscono. Con un bel suono, una grande flessibilit\u00e0 e una grande attenzione reciproca, il sestetto \u00e8 in grado di catturare completamente il pubblico mescolando generi e stili musicali differenti. Il loro concerto a Lugano \u00e8 un viaggio attraverso la storia della musica: dal Rinascimento inglese di <strong>William Byrd<\/strong> ai classici dell\u2019Ottocento e del Novecento \u2013 <strong>Johannes Brahms, Zolt\u00e1n Kod\u00e1ly<\/strong>, <strong>Ralph Vaughan<\/strong> <strong>Williams<\/strong> e <strong>Hugo Alfv\u00e9n<\/strong> \u2013\u00a0fino alle colonne sonore di <strong>Randy Newman<\/strong> e alle canzoni di <strong>Elton John<\/strong>. Scegliendo la musica di <strong>Gy\u00f6rgy Ligeti<\/strong> i King\u2019s Singers prendono parte al percorso di ascolto che LuganoMusica dedica al compositore ungherese nel centenario della nascita.<\/p>\n<p>&nbsp;<\/p>\n<p>Il \u201csestetto vocale superlativo\u201d, come lo definisce il Times di Londra, si \u00e8 formato per la prima volta nel 1968: sei studenti del King\u2019s College di Cambridge si erano esibiti alla Queen Elisabeth Hall di Londra; per caso la formazione era di due controtenori, un tenore, due baritoni e un basso. L\u2019ensemble non ha pi\u00f9 smesso di cantare insieme, e i successivi membri \u2013 28 solisti \u2013\u00a0sono riusciti a custodire uno stile vocale dalla miscela sonora unica e impeccabile, nota come la sua \u201cpiramide del suono\u201d. L\u2019unicit\u00e0 di questo suono \u00e8 tale che ciascuno dei sei membri \u00e8 insostituibile, ciascuno condivide uguali responsabilit\u00e0 e porta al gruppo il proprio personale bagaglio di esperienze musicali.<\/p>\n<p>I King\u2019s Singers hanno una loro personalissima chiave per entrare in contatto con il pubblico, che li acclama da ogni parte del mondo. L\u2019accuratezza dell\u2019esecuzione e la fedelt\u00e0 al repertorio classico \u2013 pur non disdegnando di allentare le distinzioni tra generi \u2013 sono sempre accompagnati dalla leggerezza, da un\u2019inconfondibile comicit\u00e0, una \u201cwittiness\u201d tipicamente inglese, capace di creare una speciale intimit\u00e0 con gli spettatori in sala.<\/p>\n<p><strong>\u00a0<\/strong><\/p>\n<p><strong>\u00a0<\/strong><\/p>\n<p><strong>\u00a0<\/strong><\/p>\n<p><strong>\u00a0<\/strong><\/p>\n<p><strong>\u00a0<\/strong><\/p>\n<p><strong>\u00a0<\/strong><\/p>\n<p><strong>Marted\u00ec 11 ottobre 2022<br \/>\nore 19:30 Presentazione concerto<br \/>\nore 20:30 Concerto<\/strong><\/p>\n<p>LAC Sala Teatro<\/p>\n<p><strong>\u00a0<\/strong><\/p>\n<p><strong>King\u2019s Singers<\/strong><\/p>\n<p><strong>\u00a0<\/strong><\/p>\n<p>Musiche di<\/p>\n<p><strong>Zolt\u00e1n Kod\u00e1ly<\/strong><\/p>\n<p><strong>Johannes Brahms<\/strong><\/p>\n<p><strong>Gy\u00f6rgy Ligeti<\/strong><\/p>\n<p><strong>William Byrd<\/strong><\/p>\n<p><strong>Ralph Vaughan Williams<\/strong><\/p>\n<p><strong>Hugo Alfv\u00e9n<\/strong><\/p>\n<p><strong>Randy Newman<\/strong><\/p>\n<p><strong>Elton John<\/strong><\/p>\n<p><strong>\u00a0<\/strong><\/p>\n<p>Biglietti Fr. 77.00\u201313.20<\/p>\n<p><strong>\u00a0<\/strong><\/p>\n<p><a href=\"https:\/\/luganolac.eventim-inhouse.de\/webshop\/webticket\/seatmap?eventId=5229\">Acquista online<\/a><\/p>\n<p><strong>\u00a0<\/strong><\/p>\n<p><strong>\u00a0<\/strong><\/p>\n<p><strong>\u00a0<\/strong><\/p>\n<p><strong>\u00a0<\/strong><\/p>\n<p><strong>Biglietteria<\/strong><\/p>\n<p>Orari biglietteria LAC:<br \/>\nmarted\u00ec-domenica: 10.00\u201318.00<br \/>\nVendita telefonica marted\u00ec-domenica 12.00-18.00. Tel. +41 58 866 42 22<\/p>\n<p>Informazioni generali: +41 58 866 42 85, <a href=\"mailto:info@luganomusica.ch\">info@luganomusica.ch<\/a><\/p>\n<p>&nbsp;<\/p>\n<p>Per informazioni:<\/p>\n<p>Diana Ivanisevic<\/p>\n<p><em>Comunicazione e stampa<\/em><\/p>\n<p>+41 58 866 42 89<\/p>\n<p>Diana.ivanisevic@luganomusica.ch<\/p>\n<p>&nbsp;<\/p>\n","protected":false},"excerpt":{"rendered":"<p>Superlativi King\u2019s Singers Il sestetto vocale ospite della stagione di LuganoMusica &nbsp; Sbarcano a Lugano i King\u2019s Singers, marted\u00ec 11 [&hellip;]<\/p>\n","protected":false},"author":1,"featured_media":0,"comment_status":"open","ping_status":"open","sticky":false,"template":"","format":"standard","meta":{"footnotes":""},"categories":[1],"tags":[],"class_list":["post-28167","post","type-post","status-publish","format-standard","hentry","category-sin-categoria"],"_links":{"self":[{"href":"https:\/\/www.ecoitaliano.com.ar\/index.php?rest_route=\/wp\/v2\/posts\/28167","targetHints":{"allow":["GET"]}}],"collection":[{"href":"https:\/\/www.ecoitaliano.com.ar\/index.php?rest_route=\/wp\/v2\/posts"}],"about":[{"href":"https:\/\/www.ecoitaliano.com.ar\/index.php?rest_route=\/wp\/v2\/types\/post"}],"author":[{"embeddable":true,"href":"https:\/\/www.ecoitaliano.com.ar\/index.php?rest_route=\/wp\/v2\/users\/1"}],"replies":[{"embeddable":true,"href":"https:\/\/www.ecoitaliano.com.ar\/index.php?rest_route=%2Fwp%2Fv2%2Fcomments&post=28167"}],"version-history":[{"count":0,"href":"https:\/\/www.ecoitaliano.com.ar\/index.php?rest_route=\/wp\/v2\/posts\/28167\/revisions"}],"wp:attachment":[{"href":"https:\/\/www.ecoitaliano.com.ar\/index.php?rest_route=%2Fwp%2Fv2%2Fmedia&parent=28167"}],"wp:term":[{"taxonomy":"category","embeddable":true,"href":"https:\/\/www.ecoitaliano.com.ar\/index.php?rest_route=%2Fwp%2Fv2%2Fcategories&post=28167"},{"taxonomy":"post_tag","embeddable":true,"href":"https:\/\/www.ecoitaliano.com.ar\/index.php?rest_route=%2Fwp%2Fv2%2Ftags&post=28167"}],"curies":[{"name":"wp","href":"https:\/\/api.w.org\/{rel}","templated":true}]}}