{"id":28175,"date":"2022-10-04T17:16:00","date_gmt":"2022-10-04T17:16:00","guid":{"rendered":"http:\/\/www.ecoitaliano.com.ar\/?p=28175"},"modified":"2022-10-04T17:16:00","modified_gmt":"2022-10-04T17:16:00","slug":"serena-conduce-operaclassica-eco-italiano-1790","status":"publish","type":"post","link":"https:\/\/www.ecoitaliano.com.ar\/?p=28175","title":{"rendered":"Serena conduce operaclassica eco italiano"},"content":{"rendered":"<p><a href=\"http:\/\/www.ecoitaliano.com.ar\/wp-content\/uploads\/2022\/10\/logo_teatro_lr.jpg\"><img decoding=\"async\" class=\"wp-image-28176 aligncenter\" src=\"http:\/\/www.ecoitaliano.com.ar\/wp-content\/uploads\/2022\/10\/logo_teatro_lr.jpg\" alt=\"\" width=\"269\" height=\"208\" srcset=\"https:\/\/www.ecoitaliano.com.ar\/wp-content\/uploads\/2022\/10\/logo_teatro_lr.jpg 666w, https:\/\/www.ecoitaliano.com.ar\/wp-content\/uploads\/2022\/10\/logo_teatro_lr-300x232.jpg 300w, https:\/\/www.ecoitaliano.com.ar\/wp-content\/uploads\/2022\/10\/logo_teatro_lr-150x116.jpg 150w, https:\/\/www.ecoitaliano.com.ar\/wp-content\/uploads\/2022\/10\/logo_teatro_lr-400x311.jpg 400w\" sizes=\"(max-width: 269px) 100vw, 269px\" \/><\/a><\/p>\n<p><strong>COMUNICATO STAMPA<br \/>\n<\/strong>Modena, 4 ottobre 2022<\/p>\n<p><strong>OPERA: SI APRE CON MEFISTOFELE LA NUOVA STAGIONE LIRICA DEL TEATRO PAVAROTTI-FRENI<br \/>\n<\/strong><em>Il capolavoro di Boito si vedr\u00e0 in una nuova produzione diretta da Francesco Pasqualetti con regia di Enrico Stinchelli<\/em><\/p>\n<p><a href=\"http:\/\/www.ecoitaliano.com.ar\/wp-content\/uploads\/2022\/10\/Mefistofele_antepiano_1234_ph\u00a9RolandoPaoloGuerzoni.jpg\"><img decoding=\"async\" class=\"alignnone size-full wp-image-28177\" src=\"http:\/\/www.ecoitaliano.com.ar\/wp-content\/uploads\/2022\/10\/Mefistofele_antepiano_1234_ph\u00a9RolandoPaoloGuerzoni.jpg\" alt=\"\" width=\"3543\" height=\"2357\" srcset=\"https:\/\/www.ecoitaliano.com.ar\/wp-content\/uploads\/2022\/10\/Mefistofele_antepiano_1234_ph\u00a9RolandoPaoloGuerzoni.jpg 3543w, https:\/\/www.ecoitaliano.com.ar\/wp-content\/uploads\/2022\/10\/Mefistofele_antepiano_1234_ph\u00a9RolandoPaoloGuerzoni-300x200.jpg 300w, https:\/\/www.ecoitaliano.com.ar\/wp-content\/uploads\/2022\/10\/Mefistofele_antepiano_1234_ph\u00a9RolandoPaoloGuerzoni-768x511.jpg 768w, https:\/\/www.ecoitaliano.com.ar\/wp-content\/uploads\/2022\/10\/Mefistofele_antepiano_1234_ph\u00a9RolandoPaoloGuerzoni-1024x681.jpg 1024w, https:\/\/www.ecoitaliano.com.ar\/wp-content\/uploads\/2022\/10\/Mefistofele_antepiano_1234_ph\u00a9RolandoPaoloGuerzoni-150x100.jpg 150w\" sizes=\"(max-width: 3543px) 100vw, 3543px\" \/><\/a><\/p>\n<p>Si apre venerd\u00ec 7 ottobre alle 20 con replica domenica 9 alle 15.30 la stagione lirica al Teatro Comunale di Modena con\u00a0<em>Mefistofele<\/em>\u00a0di Arrigo Boito.<br \/>\nAnche se il nome dell\u2019autore \u00e8 associato indissolubilmente al libretto dei due pi\u00f9 moderni capolavori di Giuseppe Verdi,\u00a0<em>Otello<\/em>\u00a0e\u00a0<em>Falstaff<\/em>, Boito fu tra i primi compositori italiani a scrivere, come Wagner, sia il libretto che la musica del suo massimo capolavoro. Intellettuale fra i pi\u00f9 raffinati e ambiziosi della Scapigliatura italiana, Boito si ispir\u00f2 a Goethe e alle tante fonti letterarie del mito di Faust per dare vita al titolo che, attraverso successive revisioni e adattamenti, raggiunse alla fine dell\u2019Ottocento un posto stabile in repertorio nonostante l\u2019impegno produttivo richiesto per la sua rappresentazione scenica e musicale. Andata in scena a Modena l\u2019ultima volta nella stagione 1956\/57, con una giovanissima Mirella Freni nel ruolo di Margherita, l\u2019opera viene proposta in una nuova produzione del teatro modenese in coproduzione con Fondazione Teatri di Piacenza e in un allestimento curato da Enrico Stinchelli (regia, scene e costumi) che riprende elementi scenici della Fondazione Teatro di Pisa conservando l\u2019ambientazione originale del libretto.<\/p>\n<p style=\"text-align: right;\"><a href=\"http:\/\/www.ecoitaliano.com.ar\/wp-content\/uploads\/2022\/10\/Mefistofele_antepiano_1322_ph\u00a9RolandoPaoloGuerzoni.jpg\"><img decoding=\"async\" class=\"alignnone size-full wp-image-28178\" src=\"http:\/\/www.ecoitaliano.com.ar\/wp-content\/uploads\/2022\/10\/Mefistofele_antepiano_1322_ph\u00a9RolandoPaoloGuerzoni.jpg\" alt=\"\" width=\"3543\" height=\"2357\" srcset=\"https:\/\/www.ecoitaliano.com.ar\/wp-content\/uploads\/2022\/10\/Mefistofele_antepiano_1322_ph\u00a9RolandoPaoloGuerzoni.jpg 3543w, https:\/\/www.ecoitaliano.com.ar\/wp-content\/uploads\/2022\/10\/Mefistofele_antepiano_1322_ph\u00a9RolandoPaoloGuerzoni-300x200.jpg 300w, https:\/\/www.ecoitaliano.com.ar\/wp-content\/uploads\/2022\/10\/Mefistofele_antepiano_1322_ph\u00a9RolandoPaoloGuerzoni-768x511.jpg 768w, https:\/\/www.ecoitaliano.com.ar\/wp-content\/uploads\/2022\/10\/Mefistofele_antepiano_1322_ph\u00a9RolandoPaoloGuerzoni-1024x681.jpg 1024w, https:\/\/www.ecoitaliano.com.ar\/wp-content\/uploads\/2022\/10\/Mefistofele_antepiano_1322_ph\u00a9RolandoPaoloGuerzoni-150x100.jpg 150w\" sizes=\"(max-width: 3543px) 100vw, 3543px\" \/><\/a><\/p>\n<p>La direzione musicale dello spettacolo \u00e8 affidata a Francesco Pasqualetti, alla guida dell\u2019Orchestra Filarmonica Italiana e di un cast formato da Simon Lim (Mefistofele), Antonio Poli (Faust), Marta Mari (Margherita\/Elena), Eleonora Filipponi (Marta), Paolo Lardizzone (Wagner), Shay Bloch (Pantalis) e Vincenzo Tremante (Ner\u00e8o). Numerosi interpreti sono usciti dall\u2019alta formazione di Modena Citt\u00e0 del Belcanto, sia dal master di Raina Kabaivanska che dall\u2019alto perfezionamento del Teatro Comunale, quali Lim, Filipponi, Bloch e Tremante. Le masse corali saranno quelle del Coro Lirico di Modena insieme al Coro del Teatro Municipale di Piacenza preparati da Corrado Casati e delle Voci bianche del Teatro Comunale di Modena dirette da Paolo Gattolin. Lo spettacolo si avvale anche di video e luci di Angelo Sgalambro e delle coreografie firmate da Michele Merola per i danzatori di Agora Coaching Project\/ MM Contemporary Dance Company.<\/p>\n<p><a href=\"http:\/\/www.ecoitaliano.com.ar\/wp-content\/uploads\/2022\/10\/Mefistofele_antepiano_1355_ph\u00a9RolandoPaoloGuerzoni.jpg\"><img decoding=\"async\" class=\"alignnone size-full wp-image-28179\" src=\"http:\/\/www.ecoitaliano.com.ar\/wp-content\/uploads\/2022\/10\/Mefistofele_antepiano_1355_ph\u00a9RolandoPaoloGuerzoni.jpg\" alt=\"\" width=\"3543\" height=\"2357\" srcset=\"https:\/\/www.ecoitaliano.com.ar\/wp-content\/uploads\/2022\/10\/Mefistofele_antepiano_1355_ph\u00a9RolandoPaoloGuerzoni.jpg 3543w, https:\/\/www.ecoitaliano.com.ar\/wp-content\/uploads\/2022\/10\/Mefistofele_antepiano_1355_ph\u00a9RolandoPaoloGuerzoni-300x200.jpg 300w, https:\/\/www.ecoitaliano.com.ar\/wp-content\/uploads\/2022\/10\/Mefistofele_antepiano_1355_ph\u00a9RolandoPaoloGuerzoni-768x511.jpg 768w, https:\/\/www.ecoitaliano.com.ar\/wp-content\/uploads\/2022\/10\/Mefistofele_antepiano_1355_ph\u00a9RolandoPaoloGuerzoni-1024x681.jpg 1024w, https:\/\/www.ecoitaliano.com.ar\/wp-content\/uploads\/2022\/10\/Mefistofele_antepiano_1355_ph\u00a9RolandoPaoloGuerzoni-150x100.jpg 150w\" sizes=\"(max-width: 3543px) 100vw, 3543px\" \/><\/a><\/p>\n<p>\u201cNel\u00a0<em>Mefistofele<\/em>\u00a0bisogna crederci &#8211; dice Stinchelli &#8211; e se ci si abbandona al viaggio alla fine non ci si pente: musica coinvolgente e di felicissima fattura, scene immaginifiche e varie, tra le pi\u00f9 efficaci che possa annoverare il melodramma. Non \u00e8 Berlioz, non \u00e8 Verdi, non \u00e8 Wagner, ma possiede il fuoco creativo di questi inarrivabili modelli. Boito condens\u00f2 nel\u00a0<em>Mefistofele<\/em>\u00a0il suo credo artistico, direi proprio la sua filosofia di vita. Uomo colto, fine intellettuale, rara intelligenza, dovette subire l\u2019umiliazione di assistere alla Scala, nel 1868, al fiasco solenne del\u00a0<em>Mefistofele<\/em>\u00a0prima versione, di cui conserviamo oggi il libretto e non pi\u00f9 la musica, poich\u00e9 lo stesso autore fu costretto a rifare tutto nel 1875 per la ripresa bolognese che segn\u00f2, per contro, l\u2019inizio d\u2019una ascesa trionfale.\u201d<\/p>\n<p style=\"text-align: right;\"><a href=\"http:\/\/www.ecoitaliano.com.ar\/wp-content\/uploads\/2022\/10\/Mefistofele_antepiano_1364_ph\u00a9RolandoPaoloGuerzoni.jpg\"><img decoding=\"async\" class=\"alignnone size-full wp-image-28180\" src=\"http:\/\/www.ecoitaliano.com.ar\/wp-content\/uploads\/2022\/10\/Mefistofele_antepiano_1364_ph\u00a9RolandoPaoloGuerzoni.jpg\" alt=\"\" width=\"3543\" height=\"2357\" srcset=\"https:\/\/www.ecoitaliano.com.ar\/wp-content\/uploads\/2022\/10\/Mefistofele_antepiano_1364_ph\u00a9RolandoPaoloGuerzoni.jpg 3543w, https:\/\/www.ecoitaliano.com.ar\/wp-content\/uploads\/2022\/10\/Mefistofele_antepiano_1364_ph\u00a9RolandoPaoloGuerzoni-300x200.jpg 300w, https:\/\/www.ecoitaliano.com.ar\/wp-content\/uploads\/2022\/10\/Mefistofele_antepiano_1364_ph\u00a9RolandoPaoloGuerzoni-768x511.jpg 768w, https:\/\/www.ecoitaliano.com.ar\/wp-content\/uploads\/2022\/10\/Mefistofele_antepiano_1364_ph\u00a9RolandoPaoloGuerzoni-1024x681.jpg 1024w, https:\/\/www.ecoitaliano.com.ar\/wp-content\/uploads\/2022\/10\/Mefistofele_antepiano_1364_ph\u00a9RolandoPaoloGuerzoni-150x100.jpg 150w\" sizes=\"(max-width: 3543px) 100vw, 3543px\" \/><\/a><\/p>\n<p>\u00a0<strong>Gioved\u00ec 6 alle 18\u00a0<\/strong>l\u2019opera verr\u00e0 presentata al pubblico da Enrico Stinchelli per la serie Invito all\u2019Opera presentata in collaborazione con Amici dei Teatri Modenesi. (Ingresso libero da Via Goldoni 1)<\/p>\n<p><a href=\"http:\/\/www.ecoitaliano.com.ar\/wp-content\/uploads\/2022\/10\/Mefistofele_assieme_1420_ph\u00a9RolandoPaoloGuerzoni.jpg\"><img decoding=\"async\" class=\"alignnone size-full wp-image-28181\" src=\"http:\/\/www.ecoitaliano.com.ar\/wp-content\/uploads\/2022\/10\/Mefistofele_assieme_1420_ph\u00a9RolandoPaoloGuerzoni.jpg\" alt=\"\" width=\"3543\" height=\"2357\" srcset=\"https:\/\/www.ecoitaliano.com.ar\/wp-content\/uploads\/2022\/10\/Mefistofele_assieme_1420_ph\u00a9RolandoPaoloGuerzoni.jpg 3543w, https:\/\/www.ecoitaliano.com.ar\/wp-content\/uploads\/2022\/10\/Mefistofele_assieme_1420_ph\u00a9RolandoPaoloGuerzoni-300x200.jpg 300w, https:\/\/www.ecoitaliano.com.ar\/wp-content\/uploads\/2022\/10\/Mefistofele_assieme_1420_ph\u00a9RolandoPaoloGuerzoni-768x511.jpg 768w, https:\/\/www.ecoitaliano.com.ar\/wp-content\/uploads\/2022\/10\/Mefistofele_assieme_1420_ph\u00a9RolandoPaoloGuerzoni-1024x681.jpg 1024w, https:\/\/www.ecoitaliano.com.ar\/wp-content\/uploads\/2022\/10\/Mefistofele_assieme_1420_ph\u00a9RolandoPaoloGuerzoni-150x100.jpg 150w\" sizes=\"(max-width: 3543px) 100vw, 3543px\" \/><\/a><\/p>\n<p>Alessandro Roveri<br \/>\nUfficio Stampa<br \/>\nFondazione Teatro Comunale di Modena<br \/>\n<a href=\"http:\/\/www.teatrocomunalemodena.it\/\" target=\"_blank\" rel=\"noopener\">www.teatrocomunalemodena.it<\/a><br \/>\nVia del Teatro 8, 41121 Modena<br \/>\n<a class=\"mailto-link\" href=\"mailto:aroveri@teatrocomunalemodena.it\" target=\"_blank\" rel=\"noopener\">aroveri@teatrocomunalemodena.it<\/a><br \/>\nTel. 059 203 3022<br \/>\nCell +39 3355609435<\/p>\n<p><a href=\"http:\/\/www.ecoitaliano.com.ar\/wp-content\/uploads\/2022\/10\/Mefistofele_assieme_1446_ph\u00a9RolandoPaoloGuerzoni.jpg\"><img decoding=\"async\" class=\"alignnone size-full wp-image-28182\" src=\"http:\/\/www.ecoitaliano.com.ar\/wp-content\/uploads\/2022\/10\/Mefistofele_assieme_1446_ph\u00a9RolandoPaoloGuerzoni.jpg\" alt=\"\" width=\"3543\" height=\"2357\" srcset=\"https:\/\/www.ecoitaliano.com.ar\/wp-content\/uploads\/2022\/10\/Mefistofele_assieme_1446_ph\u00a9RolandoPaoloGuerzoni.jpg 3543w, https:\/\/www.ecoitaliano.com.ar\/wp-content\/uploads\/2022\/10\/Mefistofele_assieme_1446_ph\u00a9RolandoPaoloGuerzoni-300x200.jpg 300w, https:\/\/www.ecoitaliano.com.ar\/wp-content\/uploads\/2022\/10\/Mefistofele_assieme_1446_ph\u00a9RolandoPaoloGuerzoni-768x511.jpg 768w, https:\/\/www.ecoitaliano.com.ar\/wp-content\/uploads\/2022\/10\/Mefistofele_assieme_1446_ph\u00a9RolandoPaoloGuerzoni-1024x681.jpg 1024w, https:\/\/www.ecoitaliano.com.ar\/wp-content\/uploads\/2022\/10\/Mefistofele_assieme_1446_ph\u00a9RolandoPaoloGuerzoni-150x100.jpg 150w\" sizes=\"(max-width: 3543px) 100vw, 3543px\" \/><\/a> <a href=\"http:\/\/www.ecoitaliano.com.ar\/wp-content\/uploads\/2022\/10\/Mefistofele_assieme_1483_ph\u00a9RolandoPaoloGuerzoni.jpg\"><img decoding=\"async\" class=\"alignnone size-full wp-image-28183\" src=\"http:\/\/www.ecoitaliano.com.ar\/wp-content\/uploads\/2022\/10\/Mefistofele_assieme_1483_ph\u00a9RolandoPaoloGuerzoni.jpg\" alt=\"\" width=\"3543\" height=\"2357\" srcset=\"https:\/\/www.ecoitaliano.com.ar\/wp-content\/uploads\/2022\/10\/Mefistofele_assieme_1483_ph\u00a9RolandoPaoloGuerzoni.jpg 3543w, https:\/\/www.ecoitaliano.com.ar\/wp-content\/uploads\/2022\/10\/Mefistofele_assieme_1483_ph\u00a9RolandoPaoloGuerzoni-300x200.jpg 300w, https:\/\/www.ecoitaliano.com.ar\/wp-content\/uploads\/2022\/10\/Mefistofele_assieme_1483_ph\u00a9RolandoPaoloGuerzoni-768x511.jpg 768w, https:\/\/www.ecoitaliano.com.ar\/wp-content\/uploads\/2022\/10\/Mefistofele_assieme_1483_ph\u00a9RolandoPaoloGuerzoni-1024x681.jpg 1024w, https:\/\/www.ecoitaliano.com.ar\/wp-content\/uploads\/2022\/10\/Mefistofele_assieme_1483_ph\u00a9RolandoPaoloGuerzoni-150x100.jpg 150w\" sizes=\"(max-width: 3543px) 100vw, 3543px\" \/><\/a><\/p>\n","protected":false},"excerpt":{"rendered":"<p>COMUNICATO STAMPA Modena, 4 ottobre 2022 OPERA: SI APRE CON MEFISTOFELE LA NUOVA STAGIONE LIRICA DEL TEATRO PAVAROTTI-FRENI Il capolavoro [&hellip;]<\/p>\n","protected":false},"author":1,"featured_media":0,"comment_status":"open","ping_status":"open","sticky":false,"template":"","format":"standard","meta":{"footnotes":""},"categories":[1],"tags":[],"class_list":["post-28175","post","type-post","status-publish","format-standard","hentry","category-sin-categoria"],"_links":{"self":[{"href":"https:\/\/www.ecoitaliano.com.ar\/index.php?rest_route=\/wp\/v2\/posts\/28175","targetHints":{"allow":["GET"]}}],"collection":[{"href":"https:\/\/www.ecoitaliano.com.ar\/index.php?rest_route=\/wp\/v2\/posts"}],"about":[{"href":"https:\/\/www.ecoitaliano.com.ar\/index.php?rest_route=\/wp\/v2\/types\/post"}],"author":[{"embeddable":true,"href":"https:\/\/www.ecoitaliano.com.ar\/index.php?rest_route=\/wp\/v2\/users\/1"}],"replies":[{"embeddable":true,"href":"https:\/\/www.ecoitaliano.com.ar\/index.php?rest_route=%2Fwp%2Fv2%2Fcomments&post=28175"}],"version-history":[{"count":0,"href":"https:\/\/www.ecoitaliano.com.ar\/index.php?rest_route=\/wp\/v2\/posts\/28175\/revisions"}],"wp:attachment":[{"href":"https:\/\/www.ecoitaliano.com.ar\/index.php?rest_route=%2Fwp%2Fv2%2Fmedia&parent=28175"}],"wp:term":[{"taxonomy":"category","embeddable":true,"href":"https:\/\/www.ecoitaliano.com.ar\/index.php?rest_route=%2Fwp%2Fv2%2Fcategories&post=28175"},{"taxonomy":"post_tag","embeddable":true,"href":"https:\/\/www.ecoitaliano.com.ar\/index.php?rest_route=%2Fwp%2Fv2%2Ftags&post=28175"}],"curies":[{"name":"wp","href":"https:\/\/api.w.org\/{rel}","templated":true}]}}