{"id":28185,"date":"2022-10-04T17:23:41","date_gmt":"2022-10-04T17:23:41","guid":{"rendered":"http:\/\/www.ecoitaliano.com.ar\/?p=28185"},"modified":"2022-10-04T17:23:41","modified_gmt":"2022-10-04T17:23:41","slug":"serena-conduce-operaclassica-eco-italiano-1791","status":"publish","type":"post","link":"https:\/\/www.ecoitaliano.com.ar\/?p=28185","title":{"rendered":"Serena conduce operaclassica eco italiano"},"content":{"rendered":"<p style=\"text-align: center;\"><a href=\"http:\/\/www.ecoitaliano.com.ar\/wp-content\/uploads\/2022\/10\/dfghjkl\u00f2\u00e0-768x204-1.jpg\"><img decoding=\"async\" class=\"alignnone size-full wp-image-28158\" src=\"http:\/\/www.ecoitaliano.com.ar\/wp-content\/uploads\/2022\/10\/dfghjkl\u00f2\u00e0-768x204-1.jpg\" alt=\"\" width=\"768\" height=\"204\" srcset=\"https:\/\/www.ecoitaliano.com.ar\/wp-content\/uploads\/2022\/10\/dfghjkl\u00f2\u00e0-768x204-1.jpg 768w, https:\/\/www.ecoitaliano.com.ar\/wp-content\/uploads\/2022\/10\/dfghjkl\u00f2\u00e0-768x204-1-300x80.jpg 300w, https:\/\/www.ecoitaliano.com.ar\/wp-content\/uploads\/2022\/10\/dfghjkl\u00f2\u00e0-768x204-1-150x40.jpg 150w\" sizes=\"(max-width: 768px) 100vw, 768px\" \/><\/a><\/p>\n<p><strong><em>THE CIRCLE<\/em><\/strong><strong> \u2013 VERDI EDITION<\/strong><\/p>\n<p>A Verdi Off la performance elettronica del compositore<\/p>\n<p>Matteo Franceschini sulle pi\u00f9 celebri melodie verdiane.<\/p>\n<p>Ingresso libero, biglietti offerti dallo sponsor Opem.<\/p>\n<p>Parma, BDC \u2013 Borgo delle Colonne<\/p>\n<p>gioved\u00ec 6 ottobre 2022, ore 21.00<\/p>\n<p><a href=\"http:\/\/www.ecoitaliano.com.ar\/wp-content\/uploads\/2022\/10\/Matteo-Franceschini.jpg\"><img decoding=\"async\" class=\"alignnone size-full wp-image-28186\" src=\"http:\/\/www.ecoitaliano.com.ar\/wp-content\/uploads\/2022\/10\/Matteo-Franceschini.jpg\" alt=\"\" width=\"853\" height=\"1280\" srcset=\"https:\/\/www.ecoitaliano.com.ar\/wp-content\/uploads\/2022\/10\/Matteo-Franceschini.jpg 853w, https:\/\/www.ecoitaliano.com.ar\/wp-content\/uploads\/2022\/10\/Matteo-Franceschini-200x300.jpg 200w, https:\/\/www.ecoitaliano.com.ar\/wp-content\/uploads\/2022\/10\/Matteo-Franceschini-768x1152.jpg 768w, https:\/\/www.ecoitaliano.com.ar\/wp-content\/uploads\/2022\/10\/Matteo-Franceschini-682x1024.jpg 682w, https:\/\/www.ecoitaliano.com.ar\/wp-content\/uploads\/2022\/10\/Matteo-Franceschini-100x150.jpg 100w\" sizes=\"(max-width: 853px) 100vw, 853px\" \/><\/a><\/p>\n<p>Un <em>pas de deux<\/em> tra passato e presente, in cui scrittura orchestrale e musica elettronica si incontrano: a Verdi Off il compositore e polistrumentista <strong>Matteo Franceschini<\/strong>, aka <strong>TOVEL<\/strong>, porta in scena a Verdi Off <strong>The Circle \u2013 Verdi edition<\/strong>, una performance inedita creata ad hoc sui brani pi\u00f9 celebri del repertorio verdiano, in programma a <strong>Parma, BDC &#8211; Borgo delle Colonne gioved\u00ec 6 ottobre 2022, ore 21.00<\/strong>. Lo spettacolo, distribuito da N\u00f2va a.p.s. con il progetto N\u00f2va Generazione Creativa, \u00e8 preceduto alle ore 19.00 dal dj-set di Housem Collective. Ingresso libero, biglietti offerti dallo sponsor Opem.<\/p>\n<p>&nbsp;<\/p>\n<p>La performance utilizza frammenti tratti dalle melodie verdiane, portandole alla luce attraverso la tecnica del \u201ccrate digging\u201d, la pratica di scavare letteralmente tra pile di vinili per trovare il sample perfetto da campionare, che rivoluzion\u00f2 lo stile hip\u2013hop e la cultura musicale negli anni \u201990. Il live set si presenta come un \u201cquaderno d\u2019appunti\u201d e raccoglie all\u2019interno di un\u2019unica arcata narrativa, diverse immagini musicali, gesti sonori e figure espressive. Il materiale di partenza \u00e8 cos\u00ec costantemente trasformato attraverso l\u2019applicazione di diversi trattamenti informatici e decostruito per riportare ogni singolo frammento evocato al suo status di scintilla creativa.<\/p>\n<p>&nbsp;<\/p>\n<p>Matteo Franceschini, aka TOVEL, \u00e8 un compositore di musica elettronica, polistrumentista e performer. Autore di lavori per teatro, coro, orchestrali e da camera, oltre che di performance e installazioni multimediali e interattive, si \u00e8 diplomato al Conservatorio \u201cGiuseppe Verdi di Milano sotto la guida di Alessandro Solbiati, per poi perfezionarsi all\u2019Accademia Santa Cecilia di Roma con Azio Corghi e presso l\u2019IRCAM di Parigi. Ha composto lavori su commissione di molte realt\u00e0 e festival prestigiosi, quali Filarmonica della Scala, Ensemble Intercontemporain, Wigmore Hall, Biennale di Venezia, Ircam-Centre Pompidou, Festival MiTo, Filarmonica di Parigi, Orchestra Nazionale d\u2019\u00cele-de-France, Orchestra Nazionale del Belgio, Saint-Etienne Opera, Grand Th\u00e9\u00e2tre de Provence, Festival Milano Musica, Philharmonic Academy of Rome, Haydn Symphony Orchestra. Ha vinto il Leone d\u2019argento alla Biennale di Venezia nel 2019. Da gennaio 2011 pubblica per Casa Ricordi &#8211; Universal Music Publishing. Costante ricerca timbrica, incontro creativo tra linguaggi di differente natura e origine, forte propensione alla teatralit\u00e0 e alla dimensione narrativa sono i tratti distintivi di uno stile del tutto originale, che sconvolge i canoni della musica classica e dell\u2019elettronica per offrire performance incisive, oniriche, pulsanti.<\/p>\n<p>&nbsp;<\/p>\n<p>&nbsp;<\/p>\n<p>&nbsp;<\/p>\n<p>&nbsp;<\/p>\n<p>&nbsp;<\/p>\n<p>&nbsp;<\/p>\n<p>&nbsp;<\/p>\n<p>&nbsp;<\/p>\n<p>&nbsp;<\/p>\n<p>&nbsp;<\/p>\n<p><strong>\u00a0<\/strong><\/p>\n<p><strong>PARTNER E SPONSOR<\/strong><\/p>\n<p>&nbsp;<\/p>\n<p><em>Il Festival Verdi \u00e8 realizzato grazie al contributo di<\/em> Ministero della Cultura, Regione Emilia-Romagna, Reggio Parma Festival, Comune di Parma. <em>Main<\/em> <em>partner <\/em>Chiesi. <em>Major partner<\/em> Fondazione Cariparma. <em>Partner <\/em>Cr\u00e9dit Agricole <em>Media partner<\/em> Mediaset. <em>Main<\/em> <em>sponsor<\/em> Iren, Barilla. <em>Sponsor<\/em> Unione Parmense degli Industriali, Dallara, Opem. <em>Sostenitori<\/em> CePIM, Mutti, Parmacotto, Grasselli, Sicim, La Giovane, Oinoe, Colser, Parmalat. <em>Con il contributo di <\/em>Ascom e Ascom Confcommercio Parma Fondazione, Camera di Commercio di Parma, Fondazione Monte Parma, Comune di Busseto, Concorso Internazionale Voci Verdiane Citt\u00e0 di Busseto, Comune di Fidenza, Istituto Nazionale di Studi Verdiani. <em>Advisor<\/em> AGFM.<em> Legal counselling <\/em>Villa&amp;Partners.<em> Con il supporto di<\/em> \u201cParma, io ci sto!\u201d.<em> Digital counselling<\/em> Unsocials. <em>Radio Ufficiale<\/em> Radio Monte Carlo. <em>Tour Operator Partner<\/em> Parma Incoming. <em>Hospitality Partner<\/em> Novotel. <em>Sostenitori tecnici<\/em> De Simoni, Milosped, IgpDecaux, Cavalca, Graphital. <em>Il Teatro Regio aderisce a <\/em>Fedora, Opera Europa, Opera Vision, Emilia taste, nature &amp; culture. <em>Partner istituzionali<\/em> Teatro Comunale di Bologna, La Toscanini. <em>Partner artistici<\/em> Societ\u00e0 dei Concerti di Parma, Casa della musica, Conservatorio \u201cArrigo Boito\u201d di Parma, Coro del Teatro Regio di Parma. L\u2019immagine esclusiva del Festival \u00e8 il ritratto di Giuseppe Verdi realizzato a matita da Renato Guttuso negli anni \u201960, donato al Teatro Regio di Parma dall\u2019Archivio storico Bocchi e concesso da Fabio Carapezza Guttuso \u00a9Renato Guttuso by SIAE 2021.<\/p>\n<p><em>\u00a0tovel<\/em><\/p>\n<p>Matteo Franceschini, aka TOVEL, is an Paris-based Italian experimental electronic music composer, polyinstrumentalist (electric bass, piano, clarinet) and performer.<\/p>\n<p>As the author of works for the theatre, of orchestral, choral and chamber music compositions, of performances and interactive multimedia installations, he is one of the most interesting and original composers of his generation.<\/p>\n<p>Born into a family of musicians, Matteo Franceschini began his composition studies with his father later graduating from the \u00abGiuseppe Verdi\u00bb Conservatoire in Milan under the guidance of Alessandro Solbiati. He studied at \u00abSanta Cecilia\u00bb National Academy in Rome under the supervision of Azio Corghi and attended the Cursus offered by the Ircam in Paris.<\/p>\n<p>His music shows a strong propensity for theatricality and dynamic narratives within a frameworks of experimental combinations and the creative encounter of languages of different nature and origin, substantiated moreover by constant research into timbre.<\/p>\n<p>The incisive yet often dreamlike quality of his musical imaginary seeks complex syntheses in composition but also aims at revitalizing the figure of the author\/performer (using his stage name TOVEL) in relation to the composition itself: the intent is to develop new aspects in the field of performance, with the purpose of defining the true creative act as a unique and organic coalescence between the processes of composition and performance.<\/p>\n<p>He has received several prizes, both in national and international competitions and he has received commissions from La Scala Philharmonic Orchestra, Ensemble Intercontemporain, Wigmore Hall, Biennale of Venice, Ircam-Centre Pompidou, Festival Mito, Philharmonie de Paris, Orchestre national d\u2019\u00cele-de-France, National Orchestra of Belgium, Saint-Etienne Opera, Grand Th\u00e9\u00e2tre de Provence, Festival Milano Musica, Philharmonic Academy of Rome, Haydn Symphony Orchestra and, moreover, from important festivals and organizations.<\/p>\n<p>Silver Lion 2019 at La Biennale of Venice, \u201cFedora \u2013 Rolf Liebermann Prize for Opera 2014\u201d, he has been awarded by the Banque Populaire Foundation and has received the \u201cItalian Affiliated Fellowship in the Arts\u201d from the American Academy in Rome.<\/p>\n<p>He has been named composer in residence at Haydn Foundation, at the Orchestre national d\u2019\u00cele-de-France and at the Philharmonic Academy of Rome.<\/p>\n<p>On stage, TOVEL delivers an unprecedented and intense live performance, a hypnotic, transfigured and dazzling musical tale.<\/p>\n<p>TOVEL\u2019s music takes us into a real timeless universe shaking up the codes of classical and electronic, in a jubilant encounter between written creation (the score) and performance.<\/p>\n<p>In Gravity, his first album produced by Scala Music, the acoustic sounds of piano, saxophone and strings, woven with the explosions of modular synthesizers. A dreamlike, pulsing, explosive music that never stops changing.<\/p>\n<p>Since January 2011 he is published by Casa Ricordi &#8211; Universal Music Publishing.<\/p>\n<p><strong>tovelmusic.com<\/strong><\/p>\n<p>&nbsp;<\/p>\n<p>&nbsp;<\/p>\n<p>&nbsp;<\/p>\n<p>&nbsp;<\/p>\n<p>&nbsp;<\/p>\n<p>&nbsp;<\/p>\n<p>&nbsp;<\/p>\n<p>&nbsp;<\/p>\n<p>&nbsp;<\/p>\n<p>&nbsp;<\/p>\n<p>&nbsp;<\/p>\n<p>&nbsp;<\/p>\n<p>&nbsp;<\/p>\n<p>&nbsp;<\/p>\n<p>&nbsp;<\/p>\n<p>&nbsp;<\/p>\n<p>&nbsp;<\/p>\n<p>&nbsp;<\/p>\n<p>&nbsp;<\/p>\n<p>&nbsp;<\/p>\n<p>&nbsp;<\/p>\n<p>&nbsp;<\/p>\n<p>&nbsp;<\/p>\n<p>&nbsp;<\/p>\n<p>&nbsp;<\/p>\n<p>&nbsp;<\/p>\n<p>&nbsp;<\/p>\n<p>&nbsp;<\/p>\n<p>&nbsp;<\/p>\n<p><strong>\u00a0<\/strong><\/p>\n<p><em>\u00a0<\/em><\/p>\n<p>Parma, 4 ottobre 2022<\/p>\n<p>Paolo Maier<\/p>\n<p><em>Responsabile Comunicazione, Ufficio Stampa, Progetti speciali<\/em><\/p>\n<p>Teatro Regio di Parma strada Garibaldi 16\/A, 43121 Parma \u2013 Italia<\/p>\n<p>Tel. +39 0521 203969<\/p>\n<p>p.maier@teatroregioparma.it<\/p>\n<p>stampa@teatroregioparma.it<\/p>\n<p>www.teatroregioparma.it<\/p>\n<p>&nbsp;<\/p>\n<p>&nbsp;<\/p>\n<p>&nbsp;<\/p>\n<p><strong>CALENDARIO \u00a0\u00a0<\/strong><strong>FESTIVAL VERDI<\/strong><strong> \u00a0<\/strong><strong>&#8211; \u00a0<\/strong><strong>VERDI OFF<\/strong><\/p>\n<p>&nbsp;<\/p>\n<p><strong>SETTEMBRE<\/strong><\/p>\n<p>&nbsp;<\/p>\n<p>Ven 9\u00a0\u00a0\u00a0\u00a0\u00a0\u00a0\u00a0\u00a0\u00a0\u00a0\u00a0\u00a0\u00a0\u00a0 21.00 Parma Lirica <strong>INCONTRO CON GLI ARTISTI Simon Boccanegra<\/strong><\/p>\n<p>Sab 10\u00a0\u00a0\u00a0\u00a0\u00a0\u00a0\u00a0\u00a0\u00a0\u00a0\u00a0\u00a0\u00a0 17.00 Ridotto del Teatro Regio <strong>PRIMA CHE SI ALZI IL SIPARIO La forza del destino<\/strong><\/p>\n<p>Lun 12\u00a0\u00a0\u00a0\u00a0\u00a0\u00a0\u00a0\u00a0\u00a0\u00a0\u00a0\u00a0\u00a0 21.00 Corale Verdi <strong>INCONTRO CON GLI ARTISTI La forza del destino<\/strong><\/p>\n<p>Mer 14\u00a0 \u00a0\u00a0\u00a0\u00a0\u00a0\u00a0\u00a0\u00a0\u00a0\u00a0\u00a0 17.00 Ridotto del Teatro Regio <strong>PRIMA CHE SI ALZI IL SIPARIO Simon Boccanegra<\/strong><\/p>\n<p>Gio 15\u00a0\u00a0\u00a0\u00a0\u00a0\u00a0\u00a0\u00a0\u00a0\u00a0\u00a0\u00a0\u00a0 15.30 Teatro Regio <strong>LA FORZA DEL DESTINO<\/strong> <strong>Prova Aperta<\/strong><\/p>\n<p>Ven 16\u00a0\u00a0\u00a0\u00a0\u00a0\u00a0\u00a0\u00a0\u00a0\u00a0\u00a0\u00a0\u00a0 21.00 Parma Lirica <strong>IL CORO DEL TEATRO REGIO DI PARMA IN PROVA<\/strong><\/p>\n<p>Sab 17\u00a0\u00a0\u00a0\u00a0\u00a0\u00a0\u00a0\u00a0\u00a0\u00a0\u00a0\u00a0\u00a0 13.00 Fornici del Teatro Regio <strong>CUC\u00d9<\/strong> <strong>VERDIANO<\/strong><\/p>\n<p>15.00 \u2013 16.30 Casa della Musica <strong>IL MIO PRIMO RIGOLETTO\u00a0\u00a0\u00a0 <\/strong><\/p>\n<p>15.30 Teatro Regio\u00a0 <strong>PROVA APERTA\u00a0 Simon Boccanegra <\/strong><\/p>\n<p>17.00 \u2013 20.00 Borgo del Correggio 9\/b <strong>VIVA VERDI!<\/strong><\/p>\n<p>18.00 Piazzale Salvo d\u2019Acquisto <strong>VA\u2019 PEPPINO\u00a0\u00a0 <\/strong><\/p>\n<p>18.00 Piazza Duomo <strong>LA CITT\u00c0 CHE DANZA 2<\/strong><\/p>\n<p>18.00 Piazza della Pace, Monumento a Verdi <strong>DANZE STORICHE <\/strong><\/p>\n<p>18.00 \u2013 22.00 Piazzale Picelli <strong>SULLA PUNTA DELLA LINGUA <\/strong><\/p>\n<p>18.00 \u2013 22.00 Galleria San Ludovico <strong>VERDI UNIVERSALE <\/strong><\/p>\n<p>18.00 Centro storico e Quartiere Montanara <strong>VERDI BAND <\/strong><\/p>\n<p>21.00 Parma Lirica\u00a0 <strong>INCONTRO CON GLI ARTISTI\u00a0 Il trovatore<\/strong><\/p>\n<p>22.00 Luogo a sorpresa <strong>I SONNAMBULI <\/strong><\/p>\n<p>&nbsp;<\/p>\n<p>Dom 18\u00a0\u00a0\u00a0\u00a0\u00a0\u00a0\u00a0\u00a0\u00a0\u00a0\u00a0 10.00 \u2013 13.00 Borgo del Correggio 9\/b <strong>VIVA VERDI! su prenotazione <\/strong><\/p>\n<p>10.00 \u2013 21.00 Piazzale Picelli <strong>SULLA PUNTA DELLA LINGUA <\/strong><\/p>\n<p>10.00 \u2013 22.00 Galleria San Ludovico <strong>VERDI UNIVERSALE <\/strong><\/p>\n<p>10.00 \u2013 13.00 Orto Botanico <strong>A FLOWER FOR AIDA\u00a0\u00a0\u00a0\u00a0 <\/strong><\/p>\n<p>11.00 Pergola della Corale Verdi <strong>CONCERTO CORALE <\/strong><\/p>\n<p>13.00 Fornici Del Teatro Regio <strong>CUC\u00d9 VERDIANO<\/strong><\/p>\n<p>13.00 Parco Ducale <strong>BIANCHI ROSSI E VERDI\u00a0\u00a0 <\/strong><\/p>\n<p>15.00 Palazzo Ducale <strong>MACBETH. SCACCO AL RE!\u00a0\u00a0\u00a0\u00a0 <\/strong><\/p>\n<p>15.00 Parco Ducale <strong>CON VERDI IN CARROZZA\u00a0 <\/strong><\/p>\n<p>16.00 Traversetolo &#8211; Corte Agresti <strong>VA\u2019 PEPPINO\u00a0\u00a0\u00a0 <\/strong><\/p>\n<p>&nbsp;<\/p>\n<p>Lun 19\u00a0\u00a0\u00a0\u00a0\u00a0\u00a0\u00a0\u00a0\u00a0\u00a0\u00a0\u00a0\u00a0 13.00 Fornici Del Teatro Regio <strong>CUC\u00d9 VERDIANO<\/strong><\/p>\n<p>15.00 \u2013 18.00 Borgo del Correggio 9\/b <strong>VIVA VERDI!<\/strong><\/p>\n<p>17.00 Teatro di Fidenza <strong>PRIMA CHE SI ALZI IL SIPARIO Il trovatore <\/strong><\/p>\n<p>18.00 \u2013 21.00 Piazzale Picelli <strong>SULLA PUNTA DELLA LINGUA <\/strong><\/p>\n<p>19.00 \u2013 22.00 Galleria San Ludovico <strong>VERDI UNIVERSALE <\/strong><\/p>\n<p>20.00\u00a0\u00a0\u00a0\u00a0\u00a0 Teatro Regio <strong>Prova UNDER30\u00a0 La forza del destino<\/strong><\/p>\n<p>&nbsp;<\/p>\n<p>Mar 20\u00a0 \u00a0\u00a0\u00a0\u00a0\u00a0\u00a0\u00a0\u00a0\u00a0\u00a0 13.00 Fornici Del Teatro Regio <strong>CUC\u00d9 VERDIANO<\/strong><\/p>\n<p>15.00 \u2013 18.00 Borgo del Correggio 9\/b <strong>VIVA VERDI!<\/strong><\/p>\n<p>17.00\u00a0 Ridotto <strong>PRIMA CHE SI ALZI IL SIPARIO Messa da Requiem <\/strong><\/p>\n<p>18.00\u00a0 Teatro Regio\u00a0 <strong>RENATA TEBALDI A PARMA Inaugurazione<\/strong><\/p>\n<p>18.00 \u2013 21.00 Piazzale Picelli <strong>SULLA PUNTA DELLA LINGUA <\/strong><\/p>\n<p>18.00 Piazza Matteotti, 5 <strong>RECITAL IN GIARDINO<\/strong><\/p>\n<p>19.00 \u2013 22.00 Galleria San Ludovico <strong>VERDI UNIVERSALE <\/strong><\/p>\n<p>&nbsp;<\/p>\n<p>Mer. 21 \u00a0\u00a0\u00a0\u00a0\u00a0\u00a0\u00a0\u00a0\u00a0\u00a0\u00a0 13.00 Fornici Del Teatro Regio <strong>CUC\u00d9 VERDIANO<\/strong><\/p>\n<p>15.00 \u2013 18.00 Borgo del Correggio 9\/b <strong>VIVA VERDI!<\/strong><\/p>\n<p>18.00 \u2013 21.00 Piazzale Picelli <strong>SULLA PUNTA DELLA LINGUA<\/strong><\/p>\n<p>18.30 Carignano &#8211; Villa Malenchini <strong>UN RECITAL IN\u00a0 GIARDINO <\/strong><\/p>\n<p>19.00 \u2013 22.00 Galleria San Ludovico <strong>VERDI UNIVERSALE <\/strong><\/p>\n<p>20.00\u00a0\u00a0\u00a0\u00a0 Teatro Regio\u00a0 <strong>PROVA UNDER30\u00a0 Simon Boccanegra<\/strong><\/p>\n<p>&nbsp;<\/p>\n<p>Gio. 22\u00a0\u00a0\u00a0\u00a0\u00a0\u00a0\u00a0\u00a0\u00a0\u00a0\u00a0\u00a0 13.00 Fornici Del Teatro Regio <strong>CUC\u00d9 VERDIANO<\/strong><\/p>\n<p>15.00 \u2013 18.00 Borgo del Correggio 9\/b <strong>VIVA VERDI!<\/strong><\/p>\n<p>15.30 Teatro Magnani di Fidenza\u00a0 <strong>Prova APERTA\u00a0 Il trovatore<\/strong><\/p>\n<p>18.00 \u2013 21.00 Piazzale Picelli <strong>SULLA PUNTA DELLA LINGUA <\/strong><\/p>\n<p>17.30 Borgo Angelo Mazza <strong>VERDI A PASSO DI DANZA<\/strong><\/p>\n<p>18.30 Montechiarugolo -Via Puccini 6 <strong>UN RECITAL IN GIARDINO <\/strong><\/p>\n<p>18.30 Fronte Teatro Regio <strong>VERDI A PASSO DI DANZA<\/strong><\/p>\n<p>19.00 Teatro Regio <strong>LA FORZA DEL DESTINO<\/strong><\/p>\n<p>19.00 \u2013 22.00 Galleria San Ludovico <strong>VERDI UNIVERSALE <\/strong><\/p>\n<p>&nbsp;<\/p>\n<p>Ven. 23\u00a0\u00a0\u00a0\u00a0\u00a0\u00a0\u00a0\u00a0\u00a0\u00a0\u00a0\u00a0 13.00 Fornici Del Teatro Regio <strong>CUC\u00d9 VERDIANO<\/strong><\/p>\n<p>15.00 \u2013 18.00 Borgo del Correggio 9\/b <strong>VIVA VERDI!<\/strong><\/p>\n<p>18.00 \u2013 21.00 Piazzale Picelli <strong>SULLA PUNTA DELLA LINGUA <\/strong><\/p>\n<p>19.00 \u2013 22.00 Galleria San Ludovico <strong>VERDI UNIVERSALE <\/strong><\/p>\n<p>18.00 Palazzo Soragna <strong>RECITAL VERDIANO\u00a0\u00a0 <\/strong><\/p>\n<p>18.30 Piazzale Inzani <strong>VERDI A PASSO DI DANZA <\/strong><\/p>\n<p>19.30 Fronte Teatro Regio <strong>VERDI A PASSO DI DANZA <\/strong><\/p>\n<p>20.00 \u00a0\u00a0 Teatro Regio\u00a0 <strong>MESSA DA REQUIEM <\/strong><\/p>\n<p>21.00 Traversetolo, Corte Agresti <strong>RECITAL VERDIANO <\/strong><\/p>\n<p>&nbsp;<\/p>\n<p>Sab. 24\u00a0\u00a0\u00a0\u00a0\u00a0\u00a0\u00a0\u00a0\u00a0\u00a0\u00a0\u00a0\u00a0 10.00 \u2013 13.00 Borgo del Correggio 9\/b <strong>VIVA VERDI! su prenotazione <\/strong><\/p>\n<p>10.00 \u2013 21.00 Piazzale Picelli <strong>SULLA PUNTA DELLA LINGUA <\/strong><\/p>\n<p>10.00 \u2013 22.00 Galleria San Ludovico <strong>VERDI UNIVERSALE<\/strong><\/p>\n<p>13.00 Fornici Del Teatro Regio <strong>CUC\u00d9 VERDIANO<\/strong><\/p>\n<p>17.00 Palazzo dei Ministeri <strong>GALA IN VERDI\u00a0 <\/strong><\/p>\n<p>19.00 Parco Ducale <strong>\u201cL\u2019AURE DOLCI DEL SUOLO NATAL\u201d <\/strong><\/p>\n<p>20.00 \u00a0\u00a0 Teatro Magnani di Fidenza\u00a0 <strong>IL TROVATORE <\/strong><\/p>\n<p>21.00 Polesine Zibello \u2013 Teatro Verdi <strong>RECITAL VERDIANO\u00a0\u00a0\u00a0 <\/strong><\/p>\n<p>&nbsp;<\/p>\n<p>Dom. 25\u00a0\u00a0\u00a0\u00a0\u00a0\u00a0\u00a0\u00a0\u00a0\u00a0 10.00 \u2013 13.00 Borgo del Correggio 9\/b <strong>VIVA VERDI! su prenotazione\u00a0 <\/strong><\/p>\n<p>10.00 \u2013 21.00 Piazzale Picelli <strong>SULLA PUNTA DELLA LINGUA <\/strong><\/p>\n<p>10.00 \u2013 22.00 Galleria San Ludovico <strong>VERDI UNIVERSALE<\/strong><\/p>\n<p>10.00 Polesine Zibello <strong>FAGOTTO VERDIANO\u00a0\u00a0\u00a0\u00a0 <\/strong><\/p>\n<p>11.00 Pergola Corale Verdi <strong>CONCERTO CORALE <\/strong><\/p>\n<p>13.00 Fornici Del Teatro Regio <strong>CUC\u00d9 VERDIANO<\/strong><\/p>\n<p>16.00 Sala Baganza \u2013 Giardino della Rocca <strong>VA\u2019PEPPINO\u00a0\u00a0 <\/strong><\/p>\n<p>16.00 Ridotto del Teatro Regio <strong>UNA SOTTINTESA COMPLICIT\u00c0 <\/strong><\/p>\n<p>18.30 Via Farini <strong>VERDI A PASSO DI DANZA <\/strong><\/p>\n<p>19.30 Fronte Teatro Regio <strong>VERDI A PASSO DI DANZA <\/strong><\/p>\n<p>20.00 Teatro Regio\u00a0 <strong>SIMON BOCCANEGRA <\/strong><\/p>\n<p>&nbsp;<\/p>\n<p>Lun. 26\u00a0\u00a0\u00a0\u00a0\u00a0\u00a0\u00a0\u00a0\u00a0\u00a0\u00a0\u00a0 13.00 Fornici Del Teatro Regio <strong>CUC\u00d9 VERDIANO<\/strong><\/p>\n<p>15.00 \u2013 18.00 Borgo del Correggio 9\/b <strong>VIVA VERDI!<\/strong><\/p>\n<p>18.00 \u2013 21.00 Piazzale Picelli <strong>SULLA PUNTA DELLA LINGUA <\/strong><\/p>\n<p>18.00 Traversetolo \u2013 Via Carcarecchio 25 <strong>UN RECITAL IN GIARDINO <\/strong><\/p>\n<p>19.00 \u2013 22.00 Galleria San Ludovico <strong>VERDI UNIVERSALE <\/strong><\/p>\n<p>21.00 Pergola Corale Verdi <strong>RECITAL VERDIANO\u00a0\u00a0\u00a0 <\/strong><\/p>\n<p>&nbsp;<\/p>\n<p>Mar. 27\u00a0\u00a0\u00a0\u00a0\u00a0\u00a0\u00a0\u00a0\u00a0\u00a0\u00a0\u00a0 13.00 Fornici Del Teatro Regio <strong>CUC\u00d9 VERDIANO<\/strong><\/p>\n<p>15.00 \u2013 18.00 Borgo del Correggio 9\/b <strong>VIVA VERDI!<\/strong><\/p>\n<p>17.00 Parma, Strada Beneceto 79 <strong>UN RECITAL IN GIARDINO\u00a0\u00a0 <\/strong><\/p>\n<p>18.00 \u2013 21.00 Piazzale Picelli <strong>SULLA PUNTA DELLA LINGUA <\/strong><\/p>\n<p>19.00 \u2013 22.00 Galleria San Ludovico <strong>VERDI UNIVERSALE <\/strong><\/p>\n<p>&nbsp;<\/p>\n<p>Mer. 28\u00a0\u00a0\u00a0\u00a0\u00a0\u00a0\u00a0\u00a0\u00a0\u00a0\u00a0\u00a0 13.00 Fornici Del Teatro Regio <strong>CUC\u00d9 VERDIANO<\/strong><\/p>\n<p>15.00 \u2013 18.00 Borgo del Correggio 9\/b <strong>VIVA VERDI!<\/strong><\/p>\n<p>18.00 \u2013 21.00 Piazzale Picelli <strong>SULLA PUNTA DELLA LINGUA <\/strong><\/p>\n<p>19.00 \u2013 22.00 Galleria San Ludovico <strong>VERDI UNIVERSALE <\/strong><\/p>\n<p>&nbsp;<\/p>\n<p>Gio. 29\u00a0\u00a0\u00a0\u00a0\u00a0\u00a0\u00a0\u00a0\u00a0\u00a0\u00a0\u00a0 13.00 Fornici Del Teatro Regio <strong>CUC\u00d9 VERDIANO<\/strong><\/p>\n<p>15.00 \u2013 18.00 Borgo del Correggio 9\/b <strong>VIVA VERDI!<\/strong><\/p>\n<p>18.00 \u2013 21.00 Piazzale Picelli <strong>SULLA PUNTA DELLA LINGUA <\/strong><\/p>\n<p>18.00 San Tiburzio <strong>CONCERTO VERDIANO <\/strong><\/p>\n<p>19.00 \u2013 22.00 Galleria San Ludovico <strong>VERDI UNIVERSALE <\/strong><\/p>\n<p>20.00 \u00a0\u00a0 Teatro Regio\u00a0 <strong>SIMON BOCCANEGRA <\/strong><\/p>\n<p>21.00 Pergola Corale Verdi <strong>CONCERTO VERDIANO <\/strong><\/p>\n<p>&nbsp;<\/p>\n<p>Ven. 30\u00a0\u00a0\u00a0\u00a0\u00a0\u00a0\u00a0\u00a0\u00a0\u00a0\u00a0\u00a0 13.00 Fornici Del Teatro Regio <strong>CUC\u00d9 VERDIANO<\/strong><\/p>\n<p>15.00 \u2013 18.00 Borgo del Correggio 9\/b <strong>VIVA VERDI<\/strong>!<\/p>\n<p>17.30 Ridotto del Teatro Regio\u00a0 <strong>CORI AL RIDOTTO<\/strong><\/p>\n<p>18.00 \u2013 21.00 Piazzale Picelli <strong>SULLA PUNTA DELLA LINGUA <\/strong><\/p>\n<p>19.00 \u2013 22.00 Galleria San Ludovico <strong>VERDI UNIVERSALE <\/strong><\/p>\n<p>20.00 Teatro Regio \u00a0<strong>MESSA DA REQUIEM<\/strong><\/p>\n<p>21.00 Sala Baganza,\u00a0 Oratorio S. Lorenzo <strong>RECITAL VERDIANO\u00a0 <\/strong><\/p>\n<p>21.30 LOstello <strong>OPERA SHOT \u2013 LA TRAVIATA <\/strong><\/p>\n<p><strong>\u00a0<\/strong><\/p>\n<p><strong>OTTOBRE <\/strong><\/p>\n<p>&nbsp;<\/p>\n<p>Sab. 1\u00a0\u00a0\u00a0\u00a0\u00a0\u00a0\u00a0\u00a0\u00a0\u00a0\u00a0\u00a0\u00a0\u00a0 10.00 \u2013 21.00 Piazzale Picelli <strong>SULLA PUNTA DELLA LINGUA <\/strong><\/p>\n<p>10.00 \u2013 22.00 Galleria San Ludovico <strong>VERDI UNIVERSALE <\/strong><\/p>\n<p>13.00 Fornici Del Teatro Regio <strong>CUC\u00d9 VERDIANO<\/strong><\/p>\n<p>15.00 \u2013 18.00 Borgo del Correggio 9\/b <strong>VIVA VERDI!<\/strong><\/p>\n<p>15.00 e 16.30 Casa della Musica <strong>IL MIO PRIMO RIGOLETTO\u00a0\u00a0\u00a0\u00a0 <\/strong><\/p>\n<p>15.00\u00a0\u00a0\u00a0\u00a0 Teatro Verdi di Busseto\u00a0 <strong>CONCERTO CORALE <\/strong><\/p>\n<p>16.00 Felino \u2013 Cinema Teatro Comunale <strong>VA\u2019 PEPPINO\u00a0\u00a0\u00a0 \u00a0<\/strong><\/p>\n<p>18.00 Teatro Regio di Parma <strong>UN PALCO ALL\u2019OPERA\u00a0 <\/strong><\/p>\n<p>18.00 Casa della Musica <strong>TUTTI INSIEME CON FEDERICO\u00a0\u00a0 <\/strong><\/p>\n<p>19.00\u00a0\u00a0\u00a0\u00a0\u00a0 Teatro Regio\u00a0 <strong>LA FORZA DEL DESTINO<\/strong><\/p>\n<p>&nbsp;<\/p>\n<p>&nbsp;<\/p>\n<p>Dom. 2\u00a0\u00a0\u00a0\u00a0\u00a0\u00a0\u00a0\u00a0\u00a0\u00a0\u00a0\u00a0 10.00 \u2013 13.00 Borgo del Correggio 9\/b <strong>VIVA VERDI!<\/strong><\/p>\n<p>10.00 \u2013 21.00 Piazzale Picelli <strong>SULLA PUNTA DELLA LINGUA<\/strong><\/p>\n<p>10.00 \u2013 22.00 Galleria San Ludovico <strong>VERDI UNIVERSALE <\/strong><\/p>\n<p>11.00 Corale Verdi <strong>CONCERTO CORALE <\/strong><\/p>\n<p>13.00 Fornici Del Teatro Regio <strong>CUC\u00d9 VERDIANO<\/strong><\/p>\n<p>15.00 Piazzale della Pace <strong>VERDI BAND <\/strong><\/p>\n<p>15.00 Castello di Montechiarugolo <strong>MACBETH. SCACCO AL RE!\u00a0\u00a0\u00a0\u00a0\u00a0 <\/strong><\/p>\n<p>16.00 Pergola della Corale Verdi <strong>I GIOIELLI DI AIDA\u00a0\u00a0\u00a0\u00a0\u00a0\u00a0\u00a0 <\/strong><\/p>\n<p>17.30 \u00a0\u00a0 Ridotto del Teatro Regio\u00a0 <strong>CORI AL RIDOTTO <\/strong><\/p>\n<p>18.00 Parrocchia San Paolo <strong>VA\u2019 PEPPINO\u00a0\u00a0\u00a0\u00a0 <\/strong><\/p>\n<p>20.00 \u00a0\u00a0\u00a0 Teatro Magnani di Fidenza \u00a0<strong>IL TROVATORE<\/strong><\/p>\n<p>&nbsp;<\/p>\n<p>&nbsp;<\/p>\n<p>Lun.3\u00a0\u00a0\u00a0\u00a0\u00a0\u00a0\u00a0\u00a0\u00a0\u00a0\u00a0\u00a0\u00a0\u00a0\u00a0 13.00 Fornici Del Teatro Regio <strong>CUC\u00d9 VERDIANO<\/strong><\/p>\n<p>15.00 \u2013 18.00 Borgo del Correggio 9\/b <strong>VIVA VERDI<\/strong>!<\/p>\n<p>18.00 \u2013 21.00 Piazzale Picelli <strong>SULLA PUNTA DELLA LINGUA <\/strong><\/p>\n<p>19.00 Gruppo appartamenti zona Eurosia <strong>AHI, AHI, AIDA!<\/strong><\/p>\n<p>&nbsp;<\/p>\n<p>Mar. 4\u00a0\u00a0\u00a0\u00a0\u00a0\u00a0\u00a0\u00a0\u00a0\u00a0\u00a0\u00a0\u00a0\u00a0 13.00 Fornici Del Teatro Regio <strong>CUC\u00d9 VERDIANO<\/strong><\/p>\n<p>15.00 \u2013 18.00 Borgo del Correggio 9\/b <strong>VIVA VERDI!<\/strong><\/p>\n<p>18.00 \u2013 21.00 Piazzale Picelli <strong>SULLA PUNTA DELLA LINGUA <\/strong><\/p>\n<p>18.30 Borgo XX Marzo <strong>VERDI A PASSO DI DANZA <\/strong><\/p>\n<p>19.30 Fronte Teatro Regio <strong>VERDI A PASSO DI DANZA <\/strong><\/p>\n<p>20.00 \u00a0\u00a0\u00a0 Teatro Regio\u00a0 <strong>FUOCO DI GIOIA<\/strong><\/p>\n<p>&nbsp;<\/p>\n<p>Mer. 5\u00a0\u00a0\u00a0\u00a0\u00a0\u00a0\u00a0\u00a0\u00a0\u00a0\u00a0\u00a0\u00a0 13.00 Fornici Del Teatro Regio <strong>CUC\u00d9 VERDIANO<\/strong><\/p>\n<p>15.00 \u2013 18.00 Borgo del Correggio 9\/b <strong>VIVA VERDI!<\/strong><\/p>\n<p>18.00 \u2013 21.00 Piazzale Picelli <strong>SULLA PUNTA DELLA LINGUA <\/strong><\/p>\n<p>&nbsp;<\/p>\n<p>Gio. 6\u00a0\u00a0\u00a0\u00a0\u00a0\u00a0\u00a0\u00a0\u00a0\u00a0\u00a0\u00a0\u00a0\u00a0 13.00 Fornici Del Teatro Regio <strong>CUC\u00d9 VERDIANO<\/strong><\/p>\n<p>15.00 \u2013 18.00 Borgo del Correggio 9\/b <strong>VIVA VERDI<\/strong>!<\/p>\n<p>15.30, 16.15,17.00 Palazzo Bossi Bocchi <strong>RENATO BRUSON<\/strong>&#8230;<\/p>\n<p>18.00 \u2013 21.00 Piazzale Picelli <strong>SULLA PUNTA DELLA LINGUA <\/strong><\/p>\n<p>18.00 San Tiburzio <strong>CONCERTO VERDIANO <\/strong><\/p>\n<p>20.00 \u00a0\u00a0 Teatro Regio\u00a0 <strong>SIMON BOCCANEGRA <\/strong><\/p>\n<p>21.00 BDC- Borgo delle Colonne <strong>THE CIRCLE- VERDI EDITION\u00a0 <\/strong><\/p>\n<p><strong>\u00a0<\/strong><\/p>\n<p>Ven. 7\u00a0\u00a0\u00a0\u00a0\u00a0\u00a0\u00a0\u00a0\u00a0\u00a0\u00a0\u00a0\u00a0 13.00 Fornici Del Teatro Regio <strong>CUC\u00d9 VERDIANO<\/strong><\/p>\n<p>15.00 \u2013 18.00 Borgo del Correggio 9\/b <strong>VIVA VERDI!<\/strong><\/p>\n<p>17.30 Ridotto del Teatro Regio\u00a0 <strong>CORI AL RIDOTTO<\/strong><\/p>\n<p>18.00 \u2013 21.00 Piazzale Picelli <strong>SULLA PUNTA DELLA LINGUA <\/strong><\/p>\n<p>18.00 Busseto, Biblioteca Fond. Cariparma <strong>IL CARICATURISTA<\/strong>&#8230;<\/p>\n<p>18.00 Casa della Musica <strong>I GIOVANI PER VERDI <\/strong><\/p>\n<p>20.00 Teatro Verdi di Busseto\u00a0 <strong>RIGOLETTO E LA MALEDIZIONE<\/strong><\/p>\n<p>20.00 Teatro Regio\u00a0 <strong>GIOVANNA, LA PULZELLA<\/strong>&#8230;<\/p>\n<p>21.00 Galleria San Ludovico <strong>EROINE VERDIANE <\/strong><\/p>\n<p>21.00 Felino \u2013 Cinema Teatro Comunale <strong>RECITAL VERDIANO\u00a0\u00a0 <\/strong><\/p>\n<p>21.30 LOstello <strong>OPERA SHOT \u2013 RIGOLETTO <\/strong><\/p>\n<p>&nbsp;<\/p>\n<p>Sab. 8\u00a0\u00a0\u00a0\u00a0\u00a0\u00a0\u00a0\u00a0\u00a0\u00a0\u00a0\u00a0\u00a0\u00a0 10.00 &#8211; 21.00 Piazzale Picelli <strong>SULLA PUNTA DELLA LINGUA <\/strong><\/p>\n<p>10.00 -13.00 e 15.00 &#8211; 18.00 Palazzo dei Ministeri <strong>Secret Verdi\u00a0\u00a0\u00a0\u00a0 <\/strong><\/p>\n<p>13.00 Fornici Del Teatro Regio <strong>CUC\u00d9 VERDIANO<\/strong><\/p>\n<p>15.00 &#8211; 18.00 Borgo del Correggio <strong>VIVA VERDI! <\/strong>(mattina su prenotazione)<\/p>\n<p>16.00 Orti Sociali Cinghio Sud \u2013 Quartiere Montanara <strong>W V.E.R.D.I. <\/strong><\/p>\n<p>17.00 Piazzale della Pace \u2013 Monumento a Verdi <strong>NEXT FOR VERDI <\/strong><\/p>\n<p>17.30 Ridotto del Teatro Regio\u00a0 <strong>CORI AL RIDOTTO<\/strong><\/p>\n<p>20.00 \u00a0\u00a0 Teatro Magnani di Fidenza\u00a0 <strong>IL TROVATORE <\/strong><\/p>\n<p>20.00 Teatro Regio <strong>UNA NOTTE ALL\u2019OPERA&#8230;\u00a0\u00a0\u00a0\u00a0\u00a0 <\/strong><\/p>\n<p>&nbsp;<\/p>\n<p>Dom. 9\u00a0\u00a0\u00a0\u00a0\u00a0\u00a0\u00a0\u00a0\u00a0\u00a0\u00a0\u00a0 9.00 &#8211; 13.00 Teatro Regio <strong>AL REGIO CON STILTON\u00a0\u00a0\u00a0 <\/strong><\/p>\n<p>10.00 &#8211; 13.00 e 15.00 &#8211; 18.00 Palazzo dei Ministeri <strong>SECRET VERDI\u00a0\u00a0\u00a0\u00a0 <\/strong><\/p>\n<p>10.00 &#8211; 21.00 Piazzale Picelli <strong>SULLA PUNTA DELLA LINGUA <\/strong><\/p>\n<p>13.00 Fornici Del Teatro Regio <strong>CUC\u00d9 VERDIANO<\/strong><\/p>\n<p>15.00 &#8211; 18.00 B.go del Correggio <strong>VIVA VERDI! <\/strong>(mattina su prenotazione)<\/p>\n<p>15.00 Teatro Verdi di Busseto\u00a0 <strong>RIGOLETTO E LA MALEDIZIONE <\/strong><\/p>\n<p>16.00 Collecchio \u2013 Casa I Prati <strong>VA\u2019 PEPPINO\u00a0\u00a0 <\/strong><\/p>\n<p>16.00 Museo Glauco Lombardi <strong>IL MONDO DELLA LUNA <\/strong><\/p>\n<p>19.00 Teatro Regio\u00a0 <strong>LA FORZA DEL DESTINO<\/strong><\/p>\n<p>&nbsp;<\/p>\n<p>Lun. 10\u00a0\u00a0\u00a0\u00a0\u00a0\u00a0\u00a0\u00a0\u00a0\u00a0\u00a0\u00a0 10.00 Teatro Regio\u00a0 <strong>IL MIO AMICO VERDI<\/strong><\/p>\n<p>11.30 Monumento a Verdi <strong>CERIMONIA IN ONORE DI VERDI<\/strong><\/p>\n<p>13.00 Fornici Del Teatro Regio <strong>CUC\u00d9 VERDIANO<\/strong><\/p>\n<p>15.00 \u2013 18.00 Borgo del Correggio 9\/b <strong>VIVA VERDI!<\/strong><\/p>\n<p>18.00 \u2013 21.00 Piazzale Picelli <strong>SULLA PUNTA DELLA LINGUA <\/strong><\/p>\n<p>18.30 Via Nazario Sauro <strong>VERDI A PASSO DI DANZA <\/strong><\/p>\n<p>19.30 Fronte Teatro Regio <strong>VERDI A PASSO DI DANZA <\/strong><\/p>\n<p>20.00 \u00a0\u00a0 Teatro Regio\u00a0 <strong>GALA VERDIANO <\/strong><\/p>\n<p>&nbsp;<\/p>\n<p>Mar. 11\u00a0\u00a0\u00a0\u00a0\u00a0\u00a0\u00a0\u00a0\u00a0\u00a0\u00a0\u00a0 13.00 Fornici Del Teatro Regio <strong>CUC\u00d9 VERDIANO<\/strong><\/p>\n<p>15.00 \u2013 18.00 Borgo del Correggio 9\/b <strong>VIVA VERDI!<\/strong><\/p>\n<p>17.00 Palazzo Bossi Bocchi <strong>CONCERTO LIRICO\u00a0\u00a0\u00a0 <\/strong><\/p>\n<p>17.30 Ridotto del Teatro Regio\u00a0 <strong>CORI AL RIDOTTO<\/strong><\/p>\n<p>18.00 \u2013 21.00 Piazzale Picelli <strong>SULLA PUNTA DELLA LINGUA <\/strong><\/p>\n<p>19.00 \u2013 22.00 Galleria San Ludovico <strong>VERDI UNIVERSALE<\/strong><\/p>\n<p>20.00 Teatro Verdi di Busseto\u00a0 <strong>CONCERTO SINFONICO<\/strong><\/p>\n<p>&nbsp;<\/p>\n<p>Mer. 12\u00a0\u00a0\u00a0\u00a0\u00a0\u00a0\u00a0\u00a0\u00a0\u00a0\u00a0\u00a0 13.00 Fornici Del Teatro Regio <strong>CUC\u00d9 VERDIANO<\/strong><\/p>\n<p>15.00 \u2013 18.00 Borgo del Correggio 9\/b <strong>VIVA VERDI!<\/strong><\/p>\n<p>18.00 \u2013 21.00 Piazzale Picelli <strong>SULLA PUNTA DELLA LINGUA <\/strong><\/p>\n<p>20.00 \u00a0\u00a0 Teatro Regio\u00a0 <strong>CONCERTO SINFONICO CORALE <\/strong><\/p>\n<p>21.00 Sala concerti Casa della Musica <strong>CONCERTO CORALE\u00a0\u00a0\u00a0 <\/strong><\/p>\n<p>&nbsp;<\/p>\n<p>Gio. 13\u00a0\u00a0\u00a0\u00a0\u00a0\u00a0\u00a0\u00a0\u00a0\u00a0\u00a0\u00a0 13.00 Fornici Del Teatro Regio <strong>CUC\u00d9 VERDIANO<\/strong><\/p>\n<p>15.00 Teatro Verdi di Busseto\u00a0 <strong>RIGOLETTO E LA MALEDIZIONE <\/strong><\/p>\n<p>15.00 Istituto Nazionale di Studi Verdiani\u00a0 <strong>VERDI E OLTRE <\/strong><\/p>\n<p>15.00 \u2013 18.00 Borgo del Correggio 9\/b <strong>VIVA VERDI!<\/strong><\/p>\n<p>15.30, 16.15, 17.00 Palazzo B. Bocchi <strong>GIAMBATTISTA BORGHESI&#8230;\u00a0 <\/strong><\/p>\n<p>18.00 San Tiburzio <strong>CONCERTO VERDIANO<\/strong><\/p>\n<p>18.00 \u2013 21.00 Piazzale Picelli <strong>SULLA PUNTA DELLA LINGUA <\/strong><\/p>\n<p>&nbsp;<\/p>\n<p>Ven. 14\u00a0\u00a0\u00a0\u00a0\u00a0\u00a0\u00a0\u00a0\u00a0\u00a0 \u00a0\u00a0 9.15 e 15.00 Istituto Nazionale di Studi Verdiani\u00a0 <strong>VERDI E OLTRE<\/strong><\/p>\n<p>13.00 Fornici Del Teatro Regio <strong>CUC\u00d9 VERDIANO<\/strong><\/p>\n<p>15.00 \u2013 18.00 Borgo del Correggio 9\/b <strong>VIVA VERDI!<\/strong><\/p>\n<p>17.30 \u00a0\u00a0\u00a0 Ridotto del Teatro Regio\u00a0 <strong>CORI AL RIDOTTO<\/strong><\/p>\n<p>18.00 \u2013 21.00 Piazzale Picelli <strong>SULLA PUNTA DELLA LINGUA <\/strong><\/p>\n<p>18.00 Busseto, Bibl. Fond. Cariparma <strong>VERDI MAESTRO DI MUSICA\u00a0\u00a0 <\/strong><\/p>\n<p>21.00 Collecchio \u2013 Casa i Prati <strong>RECITAL VERDIANO\u00a0\u00a0 <\/strong><\/p>\n<p>&nbsp;<\/p>\n<p>Sab. 15\u00a0\u00a0\u00a0\u00a0\u00a0\u00a0\u00a0\u00a0\u00a0\u00a0 \u00a0\u00a0 9.15 Istituto Nazionale di Studi Verdiani\u00a0 <strong>VERDI E OLTRE<\/strong><\/p>\n<p>10.00 &#8211; 21.00 Piazzale Picelli <strong>SULLA PUNTA DELLA LINGUA <\/strong><\/p>\n<p>10.00 &#8211; 13.00 e 15.00 &#8211; 18.00 Palazzo dei Ministeri <strong>SECRET VERDI\u00a0\u00a0 <\/strong><\/p>\n<p>13.00 Fornici Del Teatro Regio <strong>CUC\u00d9 VERDIANO<\/strong><\/p>\n<p>15.00 \u2013 18.00 Borgo del Correggio 9\/b <strong>VIVA VERDI!<\/strong><\/p>\n<p>15.30 \u2013 19.00 Galleria San Ludovico <strong>MUTE D\u2019ACCENTO\u00a0\u00a0\u00a0\u00a0\u00a0 <\/strong><\/p>\n<p>18.00 Teatro Regio\u00a0 <strong>PARSIFAL\/QUATTRO PEZZI SACRI<\/strong><\/p>\n<p>19.30 Fronte Teatro Regio <strong>VERDI A PASSO DI DANZA<\/strong><\/p>\n<p>&nbsp;<\/p>\n<p>Dom 16. \u00a0\u00a0\u00a0\u00a0\u00a0\u00a0\u00a0\u00a0\u00a0 10.00 \u2013 13.00 Borgo del Correggio 9\/b <strong>VIVA VERDI!<\/strong><\/p>\n<p>10.00 \u2013 21.00 Piazzale Picelli <strong>SULLA PUNTA DELLA LINGUA <\/strong><\/p>\n<p>10.00 \u2013 22.00 Galleria San Ludovico <strong>VERDI UNIVERSALE<\/strong><\/p>\n<p>10.00 \u2013 13.00 e 15.00 \u2013 18.00 Palazzo dei Ministeri <strong>Secret Verdi\u00a0\u00a0\u00a0\u00a0 <\/strong><\/p>\n<p>13.00 Fornici Del Teatro Regio <strong>CUC\u00d9 VERDIANO<\/strong><\/p>\n<p>15.00 \u00a0\u00a0 Teatro Verdi di Busseto\u00a0 <strong>RIGOLETTO E LA MALEDIZIONE <\/strong><\/p>\n<p>15.30 \u2013 19.00 Galleria San Ludovico <strong>MUTE D\u2019ACCENTO <\/strong><\/p>\n<p>16.00 LOstello <strong>ASCOLTO, IMPARO, SUONO VERDI\u00a0\u00a0\u00a0\u00a0\u00a0 <\/strong><\/p>\n<p>17.00 \u00a0\u00a0 Teatro Regio\u00a0 <strong>LA FORZA DEL DESTINO <\/strong><\/p>\n<p>21.00 Montechiarugolo, Sala Amoretti <strong>RECITAL VERDIANO\u00a0 <\/strong><\/p>\n<p><strong>\u00a0<\/strong><\/p>\n","protected":false},"excerpt":{"rendered":"<p>THE CIRCLE \u2013 VERDI EDITION A Verdi Off la performance elettronica del compositore Matteo Franceschini sulle pi\u00f9 celebri melodie verdiane. [&hellip;]<\/p>\n","protected":false},"author":1,"featured_media":0,"comment_status":"open","ping_status":"open","sticky":false,"template":"","format":"standard","meta":{"footnotes":""},"categories":[1],"tags":[],"class_list":["post-28185","post","type-post","status-publish","format-standard","hentry","category-sin-categoria"],"_links":{"self":[{"href":"https:\/\/www.ecoitaliano.com.ar\/index.php?rest_route=\/wp\/v2\/posts\/28185","targetHints":{"allow":["GET"]}}],"collection":[{"href":"https:\/\/www.ecoitaliano.com.ar\/index.php?rest_route=\/wp\/v2\/posts"}],"about":[{"href":"https:\/\/www.ecoitaliano.com.ar\/index.php?rest_route=\/wp\/v2\/types\/post"}],"author":[{"embeddable":true,"href":"https:\/\/www.ecoitaliano.com.ar\/index.php?rest_route=\/wp\/v2\/users\/1"}],"replies":[{"embeddable":true,"href":"https:\/\/www.ecoitaliano.com.ar\/index.php?rest_route=%2Fwp%2Fv2%2Fcomments&post=28185"}],"version-history":[{"count":0,"href":"https:\/\/www.ecoitaliano.com.ar\/index.php?rest_route=\/wp\/v2\/posts\/28185\/revisions"}],"wp:attachment":[{"href":"https:\/\/www.ecoitaliano.com.ar\/index.php?rest_route=%2Fwp%2Fv2%2Fmedia&parent=28185"}],"wp:term":[{"taxonomy":"category","embeddable":true,"href":"https:\/\/www.ecoitaliano.com.ar\/index.php?rest_route=%2Fwp%2Fv2%2Fcategories&post=28185"},{"taxonomy":"post_tag","embeddable":true,"href":"https:\/\/www.ecoitaliano.com.ar\/index.php?rest_route=%2Fwp%2Fv2%2Ftags&post=28185"}],"curies":[{"name":"wp","href":"https:\/\/api.w.org\/{rel}","templated":true}]}}