{"id":28188,"date":"2022-10-04T17:31:29","date_gmt":"2022-10-04T17:31:29","guid":{"rendered":"http:\/\/www.ecoitaliano.com.ar\/?p=28188"},"modified":"2022-10-04T17:31:29","modified_gmt":"2022-10-04T17:31:29","slug":"serena-conduce-operaclassica-eco-italiano-1792","status":"publish","type":"post","link":"https:\/\/www.ecoitaliano.com.ar\/?p=28188","title":{"rendered":"Serena conduce operaclassica eco italiano"},"content":{"rendered":"<p style=\"text-align: center;\"><a href=\"http:\/\/www.ecoitaliano.com.ar\/wp-content\/uploads\/2022\/10\/dfghjkl\u00f2\u00e0-768x204-1.jpg\"><img decoding=\"async\" class=\"alignnone size-full wp-image-28158\" src=\"http:\/\/www.ecoitaliano.com.ar\/wp-content\/uploads\/2022\/10\/dfghjkl\u00f2\u00e0-768x204-1.jpg\" alt=\"\" width=\"768\" height=\"204\" srcset=\"https:\/\/www.ecoitaliano.com.ar\/wp-content\/uploads\/2022\/10\/dfghjkl\u00f2\u00e0-768x204-1.jpg 768w, https:\/\/www.ecoitaliano.com.ar\/wp-content\/uploads\/2022\/10\/dfghjkl\u00f2\u00e0-768x204-1-300x80.jpg 300w, https:\/\/www.ecoitaliano.com.ar\/wp-content\/uploads\/2022\/10\/dfghjkl\u00f2\u00e0-768x204-1-150x40.jpg 150w\" sizes=\"(max-width: 768px) 100vw, 768px\" \/><\/a><\/p>\n<p><strong>HAORAN LI DIRIGE LA FILARMONICA ARTURO TOSCANINI<\/strong><\/p>\n<p><strong>NEL CONCERTO SINFONICO AL TEATRO VERDI DI BUSSETO<\/strong><\/p>\n<p><strong>\u00a0<\/strong><\/p>\n<p><strong>In programma pagine sinfoniche di Gaetano Donizetti, Giuseppe Verdi e Richard Wagner, <\/strong><\/p>\n<p><strong>affiancate alle variazioni sulle pi\u00f9 celebri melodie verdiane <\/strong><\/p>\n<p><strong>di Johann<\/strong> <strong>Strauss II e Marc-Olivier Dupin.<\/strong><\/p>\n<p><strong>Busseto, Teatro Giuseppe Verdi<\/strong><\/p>\n<p><strong>marted\u00ec 11 ottobre 2022, ore 20.00<\/strong><\/p>\n<p><em>\u00a0<\/em><\/p>\n<p>Pagine sinfoniche di Giuseppe Verdi, Gaetano Donizetti, Richard Wagner, si affiancano alle variazioni sulle pi\u00f9 celebri melodie verdiane di Marc-Olivier Dupin e Johann Strauss nel <strong>Concerto sinfonico<\/strong> diretto da <strong>Haoran Li<\/strong>, sul podio della <strong>Filarmonica Arturo Toscanini<\/strong>, in programma <strong>marted\u00ec 11 ottobre 2022, ore 20.00<\/strong>, che arricchisce la programmazione del XXII Festival Verdi al <strong>Teatro Giuseppe Verdi di Busseto<\/strong>.<\/p>\n<p>&nbsp;<\/p>\n<p>I temi da <em>Un ballo in maschera<\/em>, con il <em>Preludio <\/em>dall\u2019opera e la <em>Quadrille <\/em><em>nach Motiven aus Verdi\u2019s Oper \u201cUn ballo in maschera\u201d<\/em>, op. 272 di Johann Strauss II aprono e chiudono rispettivamente un percorso che attraversa la seconda met\u00e0 dell\u2019Ottocento, passando attraverso le <em>Sinfonie <\/em>da <em>Nabucco <\/em>e da <em>Roberto Devereux<\/em> di Donizetti, e la dimensione cameristica del <em>Siegfrid-Idyll <\/em>di Richard Wagner, arrivando a sconfinare nel Novecento inoltrato con le <em>Variations sur La Traviata de Verdi<\/em>, per violino e orchestra d\u2019archi, di Marc-Olivier Dupin, eseguite al violino solista da <strong>Mihaela Costea.<\/strong><\/p>\n<p>&nbsp;<\/p>\n<p>Tra i giovani direttori d\u2019orchestra pi\u00f9 apprezzati della sua generazione, Haoran Li si \u00e8 affermato nel panorama internazionale vincendo il primo premio al Concorso internazionale \u201cJeunesse Musicales\u201d di Bucharest. Nel 2018 ha vinto il concorso il \u201cPrize of the Orchestre Philharmonique de Radio France\u201d e il premio del pubblico al Concorso internazionale Evgeny Svetlanov di Parigi. Il suo carisma e la sua musicalit\u00e0 dinamica l\u2019hanno consacrato come interprete di eccezionale versatilit\u00e0. La sua carriera internazionale l\u2019ha portato a dirigere orchestre quali Deutsches Symphonie Orchester, Moscow Philharmonic Orchestra, Konzerthausorchester Berlin, Deutsche Radio Philharmonie Saarbr\u00fccken,George Enescu Philharmonic Orchestra, Romanian Radio National Orchestra, Vancouver Symphony Orchestra, e a lavorare con direttori del calibro di Daniel Barenboim, Seiji Ozawa, Gennady Rozhdestvensky, Fabio Luisi, Neeme J\u00e4rvi, Peter E\u00f6tv\u00f6s, Tugan Sokhiev, and Horia Andreescu.<\/p>\n<p>&nbsp;<\/p>\n<p><strong>BIGLIETTERIA DEL TEATRO REGIO DI PARMA <\/strong><\/p>\n<p>&nbsp;<\/p>\n<p>Biglietti da 25 a 90 euro.<\/p>\n<p>Strada Giuseppe Garibaldi, 16\/A 43121 Parma Tel. +39 0521 203999 <a href=\"mailto:biglietteria@teatroregioparma.it\">biglietteria@teatroregioparma.it<\/a><\/p>\n<p>Orari di apertura: dal marted\u00ec al sabato ore 11.00-13.00 e 17.00-19.00 e un\u2019ora precedente lo spettacolo. In caso di spettacolo nei giorni di chiusura, da un\u2019ora precedente lo spettacolo. Chiuso il luned\u00ec, la domenica e i giorni festivi.<\/p>\n<p>Il pagamento presso la Biglietteria del Teatro Regio di Parma pu\u00f2 essere effettuato con denaro contante in Euro, con assegno circolare non trasferibile intestato a Fondazione Teatro Regio di Parma, con PagoBancomat, con carte di credito Visa, Cartasi, Diners, Mastercard, American Express.<\/p>\n<p>I biglietti per tutti gli spettacoli sono disponibili anche su festivalverdi.it. L\u2019acquisto online non comporta alcuna commissione di servizio.<\/p>\n<p><strong>\u00a0<\/strong><\/p>\n<p><strong>PARTNER E SPONSOR<\/strong><\/p>\n<p>&nbsp;<\/p>\n<p><em>Il Festival Verdi \u00e8 realizzato grazie al contributo di<\/em> Ministero della Cultura, Regione Emilia-Romagna, Reggio Parma Festival, Comune di Parma. <em>Main<\/em> <em>partner <\/em>Chiesi. <em>Major partner<\/em> Fondazione Cariparma. <em>Partner <\/em>Cr\u00e9dit Agricole <em>Media partner<\/em> Mediaset. <em>Main<\/em> <em>sponsor<\/em> Iren, Barilla. <em>Sponsor<\/em> Unione Parmense degli Industriali, Dallara, Opem. <em>Sostenitori<\/em> CePIM, Mutti, Parmacotto, Grasselli, Sicim, La Giovane, Oinoe, Colser, Parmalat. <em>Con il contributo di <\/em>Ascom e Ascom Confcommercio Parma Fondazione, Camera di Commercio di Parma, Fondazione Monte Parma, Comune di Busseto, Concorso Internazionale Voci Verdiane Citt\u00e0 di Busseto, Comune di Fidenza, Istituto Nazionale di Studi Verdiani. <em>Advisor<\/em> AGFM.<em> Legal counselling <\/em>Villa&amp;Partners.<em> Con il supporto di<\/em> \u201cParma, io ci sto!\u201d.<em> Digital counselling<\/em> Unsocials. <em>Radio Ufficiale<\/em> Radio Monte Carlo. <em>Tour Operator Partner<\/em> Parma Incoming. <em>Hospitality Partner<\/em> Novotel. <em>Sostenitori tecnici<\/em> De Simoni, Milosped, IgpDecaux, Cavalca, Graphital. <em>Il Teatro Regio aderisce a <\/em>Fedora, Opera Europa, Opera Vision, Emilia taste, nature &amp; culture. <em>Partner istituzionali<\/em> Teatro Comunale di Bologna, La Toscanini. <em>Partner artistici<\/em> Societ\u00e0 dei Concerti di Parma, Casa della musica, Conservatorio \u201cArrigo Boito\u201d di Parma, Coro del Teatro Regio di Parma. L\u2019immagine esclusiva del Festival \u00e8 il ritratto di Giuseppe Verdi realizzato a matita da Renato Guttuso negli anni \u201960, donato al Teatro Regio di Parma dall\u2019Archivio storico Bocchi e concesso da Fabio Carapezza Guttuso \u00a9Renato Guttuso by SIAE 2021.<\/p>\n<p>&nbsp;<\/p>\n<p>&nbsp;<\/p>\n<p>&nbsp;<\/p>\n<p>&nbsp;<\/p>\n<p>&nbsp;<\/p>\n<p>&nbsp;<\/p>\n<p>&nbsp;<\/p>\n<p>&nbsp;<\/p>\n<p>&nbsp;<\/p>\n<p>&nbsp;<\/p>\n<p>&nbsp;<\/p>\n<p>&nbsp;<\/p>\n<p>&nbsp;<\/p>\n<p>&nbsp;<\/p>\n<p>&nbsp;<\/p>\n<p>&nbsp;<\/p>\n<p>&nbsp;<\/p>\n<p>&nbsp;<\/p>\n<p>&nbsp;<\/p>\n<p>&nbsp;<\/p>\n<p>&nbsp;<\/p>\n<p>&nbsp;<\/p>\n<p>&nbsp;<\/p>\n<p>Parma, 4 ottobre 2022<\/p>\n<p>&nbsp;<\/p>\n<p>Paolo Maier<\/p>\n<p><em>Responsabile Comunicazione, Ufficio Stampa, Progetti speciali<\/em><\/p>\n<p>Teatro Regio di Parma strada Garibaldi<\/p>\n<p>16\/A, 43121 Parma \u2013 Italia<\/p>\n<p>Tel. +39 0521 203969<\/p>\n<p>p.maier@teatroregioparma.it<\/p>\n<p>stampa@teatroregioparma.it<\/p>\n<p>www.teatroregioparma.it<\/p>\n<p><strong><br \/>\n<\/strong><\/p>\n<p>&nbsp;<\/p>\n<p>&nbsp;<\/p>\n<p>&nbsp;<\/p>\n<p>&nbsp;<\/p>\n<p>Teatro Giuseppe Verdi di Busseto<br \/>\nmarted\u00ec 11 ottobre 2022, ore 20.00<\/p>\n<p><strong>\u00a0<\/strong><\/p>\n<p><strong>CONCERTO SINFONICO<\/strong><\/p>\n<p>&nbsp;<\/p>\n<p>FILARMONICA ARTURO TOSCANINI<\/p>\n<p><em>Direttore<\/em> HAORAN LI<\/p>\n<p>&nbsp;<\/p>\n<p><em>Violino solista <\/em>Mihaela Costea<\/p>\n<p>&nbsp;<\/p>\n<p>&nbsp;<\/p>\n<p>&nbsp;<\/p>\n<p>Giuseppe Verdi (1813-1901)<\/p>\n<p><em>Un ballo in maschera<\/em>, Preludio atto I<\/p>\n<p>&nbsp;<\/p>\n<p>Gaetano Donizetti (1797-1848)<\/p>\n<p><em>Roberto Devereux<\/em>, Sinfonia<\/p>\n<p>&nbsp;<\/p>\n<p>Marc-Olivier Dupin (1954)<\/p>\n<p><em>Variations sur La Traviata de Verdi<\/em>, per violino e orchestra d\u2019archi<\/p>\n<p>&nbsp;<\/p>\n<p>Giuseppe Verdi (1813-1901)<\/p>\n<p><em>Nabucco<\/em>, Sinfonia<\/p>\n<p>&nbsp;<\/p>\n<p>Richard Wagner (1813-1883)<\/p>\n<p><em>Siegfried<\/em>, \u201cSiegfrid-Idyll\u201d<\/p>\n<p>&nbsp;<\/p>\n<p>Johann Strauss II (1825-1899)<\/p>\n<p><em>Quadrille nach Motiven aus Verdi\u2019s Oper \u201cUn ballo in maschera\u201d<\/em>, op. 272<\/p>\n<p>&nbsp;<\/p>\n<p><strong>\u00a0<\/strong><\/p>\n<p><strong>\u00a0<\/strong><\/p>\n<p><strong>FESTIVAL VERDI<\/strong><\/p>\n<p>Parma e Busseto, 22 settembre &#8211; 16 ottobre 2022<\/p>\n<p><strong>\u00a0<\/strong><\/p>\n<p><strong>XXII EDIZIONE<\/strong><\/p>\n<p>&nbsp;<\/p>\n<p>&nbsp;<\/p>\n<p>&nbsp;<\/p>\n<p>&nbsp;<\/p>\n<p><strong>Teatro Regio di Parma<\/strong><\/p>\n<p>22 settembre, 1, 9, 16 ottobre 2022<\/p>\n<p><strong>LA FORZA DEL DESTINO<\/strong><\/p>\n<p><strong>\u00a0<\/strong><\/p>\n<p><strong>Teatro Regio di Parma<\/strong><\/p>\n<p>23, 30 settembre 2022<\/p>\n<p><strong>MESSA DA REQUIEM<\/strong><\/p>\n<p><strong>\u00a0<\/strong><\/p>\n<p><strong>Teatro Girolamo Magnani di Fidenza<\/strong><\/p>\n<p>24 settembre, 2, 8, 13 ottobre 2022<\/p>\n<p><strong>IL TROVATORE<\/strong><\/p>\n<p><strong>\u00a0<\/strong><\/p>\n<p><strong>Teatro Regio di Parma<\/strong><\/p>\n<p>25, 29 settembre, 6, 14 ottobre 2022<\/p>\n<p><strong>SIMON BOCCANEGRA<\/strong><\/p>\n<p><strong>\u00a0<\/strong><\/p>\n<p><strong>Teatro Giuseppe Verdi di Busseto<\/strong><\/p>\n<p>sabato 1 ottobre 2022<\/p>\n<p><strong>CONCERTO CORALE<\/strong><\/p>\n<p><strong>\u00a0<\/strong><\/p>\n<p><strong>Teatro Regio di Parma<\/strong><\/p>\n<p>4 ottobre 2022<\/p>\n<p><strong>FUOCO DI GIOIA<\/strong><\/p>\n<p><strong>\u00a0<\/strong><\/p>\n<p><strong>\u00a0<\/strong><\/p>\n<p><strong>\u00a0<\/strong><\/p>\n<p><strong>Teatro Giuseppe Verdi di Busseto<\/strong><\/p>\n<p>7, 9, 13, 16 ottobre 2022<\/p>\n<p><strong>RIGOLETTO <\/strong><\/p>\n<p><strong>E LA MALEDIZIONE<\/strong><\/p>\n<p><strong>\u00a0<\/strong><\/p>\n<p><strong>Teatro Regio di Parma<\/strong><\/p>\n<p>10 ottobre 2022<\/p>\n<p><strong>GALA VERDIANO<\/strong><\/p>\n<p>&nbsp;<\/p>\n<p><strong>Teatro Giuseppe Verdi di Busseto<br \/>\n<\/strong>marted\u00ec 11 ottobre 2022, ore 20.00<\/p>\n<p><strong>CONCERTO SINFONICO<\/strong><\/p>\n<p><strong>\u00a0<\/strong><\/p>\n<p><strong>Teatro Regio di Parma<br \/>\n<\/strong>mercoled\u00ec 12 ottobre 2022, ore 20.00<\/p>\n<p><strong>CONCERTO SINFONICO CORALE<\/strong><\/p>\n<p><strong>\u00a0<\/strong><\/p>\n<p><strong>Teatro Regio di Parma<\/strong><\/p>\n<p>15 ottobre 2022<\/p>\n<p><strong>PARSIFAL<\/strong><\/p>\n<p><strong>QUATTRO PEZZI SACRI <\/strong><\/p>\n<p>&nbsp;<\/p>\n<p><em>Around<\/em>Verdi<\/p>\n<p>&nbsp;<\/p>\n<p><strong>Teatro Regio di Parma<\/strong><\/p>\n<p>7 ottobre 2022<\/p>\n<p><strong>GIOVANNA: LA PULZELLA,<\/strong><\/p>\n<p><strong>LA FANCIULLA, L\u2019ALLODOLA<\/strong><\/p>\n<p><em>con <\/em><strong>Lella Costa<\/strong><\/p>\n<p><strong>\u00a0<\/strong><\/p>\n<p><strong>\u00a0<\/strong><\/p>\n<p>Scopri il programma completo su<\/p>\n<p>&nbsp;<\/p>\n<p><a href=\"http:\/\/www.teatroregioparma.it\"><strong>festivalverdi.it<\/strong><\/a><\/p>\n<p><strong>\u00a0<\/strong><\/p>\n<p><strong>CALENDARIO<\/strong><\/p>\n<p>&nbsp;<\/p>\n<p><strong>SETTEMBRE<\/strong><\/p>\n<p>9 ven\u00a0\u00a0\u00a0\u00a0\u00a0\u00a0\u00a0\u00a0\u00a0\u00a0\u00a0\u00a0\u00a0\u00a0 21.00 Parma Lirica <strong>INCONTRO CON GLI ARTISTI Simon Boccanegra<\/strong><\/p>\n<p>10 sab\u00a0\u00a0\u00a0\u00a0\u00a0\u00a0\u00a0\u00a0\u00a0\u00a0\u00a0\u00a0\u00a0 17.00 Ridotto del Teatro Regio <strong>PRIMA CHE SI ALZI IL SIPARIO La forza del destino<\/strong><\/p>\n<p>12 lun\u00a0\u00a0\u00a0\u00a0\u00a0\u00a0\u00a0\u00a0\u00a0\u00a0\u00a0\u00a0\u00a0 21.00 Corale Verdi <strong>INCONTRO CON GLI ARTISTI La forza del destino<\/strong><\/p>\n<p>14 mer \u00a0\u00a0\u00a0\u00a0\u00a0\u00a0\u00a0\u00a0\u00a0\u00a0\u00a0 17.00 Ridotto del Teatro Regio <strong>PRIMA CHE SI ALZI IL SIPARIO Simon Boccanegra<\/strong><\/p>\n<p>15 gio \u00a0\u00a0\u00a0\u00a0\u00a0\u00a0\u00a0\u00a0\u00a0\u00a0\u00a0\u00a0 15.30 Teatro Regio <strong>LA FORZA DEL DESTINO<\/strong> <strong>Prova Aperta<\/strong><\/p>\n<p>16 ven\u00a0\u00a0\u00a0\u00a0\u00a0\u00a0\u00a0\u00a0\u00a0\u00a0\u00a0\u00a0 21.00 Parma Lirica <strong>IL CORO DEL TEATRO REGIO DI PARMA IN PROVA<\/strong><\/p>\n<p>17 sab \u00a0\u00a0\u00a0\u00a0\u00a0\u00a0\u00a0\u00a0\u00a0\u00a0\u00a0\u00a0 15.30 Teatro Regio <strong>PROVA APERTA Simon Boccanegra<\/strong><\/p>\n<p><strong>\u00a0\u00a0\u00a0\u00a0\u00a0\u00a0\u00a0\u00a0\u00a0\u00a0\u00a0\u00a0\u00a0\u00a0\u00a0\u00a0\u00a0\u00a0\u00a0\u00a0\u00a0\u00a0\u00a0 <\/strong>21.00 Parma Lirica<strong> INCONTRO CON GLI ARTISTI Il trovatore<\/strong><\/p>\n<p><strong>18 dom<\/strong>\u00a0\u00a0\u00a0\u00a0\u00a0\u00a0\u00a0\u00a0\u00a0\u00a0\u00a0 17.00 Fidenza, Teatro Magnani <strong>PRIMA CHE SI ALZI IL SIPARIO Il trovatore<\/strong><\/p>\n<p>18.00 Teatro Regio <strong>LA FORZA DEL DESTINO Prova Under30<\/strong><\/p>\n<p>20 mar\u00a0\u00a0\u00a0\u00a0\u00a0\u00a0\u00a0\u00a0\u00a0\u00a0\u00a0\u00a0 17.00 Teatro Regio <strong>PRIMA CHE SI ALZI IL SIPARIO Requiem\/Quattro pezzi sacri<\/strong><\/p>\n<p>21 mer\u00a0\u00a0\u00a0\u00a0\u00a0\u00a0\u00a0\u00a0\u00a0\u00a0\u00a0\u00a0 20.00 Teatro Regio <strong>SIMON BOCCANEGRA Prova Under30<\/strong><\/p>\n<p>22 gio \u00a0\u00a0\u00a0\u00a0\u00a0\u00a0\u00a0\u00a0\u00a0\u00a0\u00a0\u00a0 15.30 Fidenza, Teatro Magnani <strong>IL TROVATORE Prova Aperta<\/strong><\/p>\n<p>19.00 Teatro Regio <strong>LA FORZA DEL DESTINO<\/strong><\/p>\n<p>23 ven \u00a0\u00a0\u00a0\u00a0\u00a0\u00a0\u00a0\u00a0\u00a0\u00a0\u00a0 20.00 Teatro Regio <strong>MESSA DA REQUIEM<\/strong><\/p>\n<p>24 sab \u00a0\u00a0\u00a0\u00a0\u00a0\u00a0\u00a0\u00a0\u00a0\u00a0\u00a0 20.00 Fidenza, Teatro Magnani <strong>IL TROVATORE<\/strong><\/p>\n<p><strong>25 dom<\/strong> \u00a0\u00a0\u00a0\u00a0\u00a0\u00a0\u00a0\u00a0\u00a0 16.00 Teatro Regio <strong>UNA SOTTINTESA COMPLICIT\u00c0 SCRITTI PER GIAN PAOLO MINARDI<\/strong><\/p>\n<p>20.00 Teatro Regio <strong>SIMON BOCCANEGRA<\/strong><\/p>\n<p>29 gio \u00a0\u00a0\u00a0\u00a0\u00a0\u00a0\u00a0\u00a0\u00a0\u00a0\u00a0\u00a0 20.00 Teatro Regio <strong>SIMON BOCCANEGRA<\/strong><\/p>\n<p>30 ven \u00a0\u00a0\u00a0\u00a0\u00a0\u00a0\u00a0\u00a0\u00a0\u00a0\u00a0 17.30 Ridotto del Teatro Regio <strong>CORI AL RIDOTTO <\/strong><strong>voci bianche<\/strong> <strong>Ars Canto \u201cGiuseppe Verdi\u201d<\/strong><\/p>\n<p>20.00 Teatro Regio <strong>MESSA DA REQUIEM<\/strong><\/p>\n<p>&nbsp;<\/p>\n<p><strong>OTTOBRE<\/strong><\/p>\n<p>1 sab\u00a0\u00a0\u00a0\u00a0\u00a0\u00a0\u00a0\u00a0\u00a0\u00a0\u00a0\u00a0\u00a0\u00a0\u00a0 15.00 Busseto, Teatro Giuseppe Verdi <strong>CONCERTO CORALE<\/strong><\/p>\n<p>19.00 Teatro Regio <strong>LA FORZA DEL DESTINO<\/strong><\/p>\n<p><strong>2 dom<\/strong>\u00a0\u00a0\u00a0\u00a0\u00a0\u00a0\u00a0\u00a0\u00a0\u00a0\u00a0\u00a0 17.30 Ridotto del Teatro Regio <strong>CORI AL RIDOTTO <\/strong><strong>voci bianche Parma Musicale<\/strong><\/p>\n<p>20.00 Fidenza, Teatro Magnani <strong>IL TROVATORE<\/strong><\/p>\n<p>4 mar \u00a0\u00a0\u00a0\u00a0\u00a0\u00a0\u00a0\u00a0\u00a0\u00a0\u00a0\u00a0\u00a0 20.00 Teatro Regio <strong>FUOCO DI GIOIA<\/strong><\/p>\n<p>6 gio \u00a0\u00a0\u00a0\u00a0\u00a0\u00a0\u00a0\u00a0\u00a0\u00a0\u00a0\u00a0\u00a0\u00a0 20.00 Teatro Regio <strong>SIMON BOCCANEGRA<\/strong><\/p>\n<p>7 ven \u00a0\u00a0\u00a0\u00a0\u00a0\u00a0\u00a0\u00a0\u00a0\u00a0\u00a0\u00a0\u00a0 17.30 Ridotto del Teatro Regio <strong>CORI AL RIDOTTO <\/strong><strong>voci bianche Corale \u201cGiuseppe Verdi\u201d<\/strong><\/p>\n<p>20.00 Busseto, Teatro Giuseppe Verdi <strong>RIGOLETTO E LA MALEDIZIONE<\/strong><\/p>\n<p>20.00 Teatro Regio <strong>GIOVANNA, LA PULZELLA<\/strong>&#8230;<\/p>\n<p>8 sab \u00a0\u00a0\u00a0\u00a0\u00a0\u00a0\u00a0\u00a0\u00a0\u00a0\u00a0\u00a0\u00a0\u00a0 17.30 Ridotto del Teatro Regio <strong>CORI AL RIDOTTO <\/strong><strong>corale \u201cGiuseppe Verdi\u201d<\/strong><\/p>\n<p>20.00 Fidenza, Teatro Magnani <strong>IL TROVATORE<\/strong><\/p>\n<p><strong>9 dom<\/strong> \u00a0\u00a0\u00a0\u00a0\u00a0\u00a0\u00a0\u00a0\u00a0\u00a0\u00a0 15.00 Busseto, Teatro Giuseppe Verdi <strong>RIGOLETTO E LA MALEDIZIONE<\/strong><\/p>\n<p>19.00 Teatro Regio <strong>LA FORZA DEL DESTINO<\/strong><\/p>\n<p>10 lun \u00a0\u00a0\u00a0\u00a0\u00a0\u00a0\u00a0\u00a0\u00a0\u00a0\u00a0\u00a0 10.00 Teatro Regio <strong>IL MIO AMICO VERDI<\/strong><\/p>\n<p><strong>\u00a0\u00a0\u00a0\u00a0\u00a0\u00a0\u00a0\u00a0\u00a0\u00a0\u00a0\u00a0\u00a0\u00a0\u00a0\u00a0\u00a0\u00a0\u00a0\u00a0\u00a0\u00a0\u00a0 <\/strong>11.30 Monumento a Verdi <strong>CERIMONIA IN ONORE DI VERDI<\/strong><\/p>\n<p>20.00 Teatro Regio <strong>GALA VERDIANO<\/strong><\/p>\n<p>11 mar \u00a0\u00a0\u00a0\u00a0\u00a0\u00a0\u00a0\u00a0\u00a0\u00a0\u00a0\u00a0\u00a0\u00a0\u00a0\u00a0\u00a0\u00a0\u00a0\u00a0\u00a0\u00a0\u00a0 17.30 Ridotto del Teatro Regio <strong>CORI AL RIDOTTO <\/strong><strong>voci bianche \u201cChorus Cordis\u201d<\/strong><\/p>\n<p>20.00 Busseto, Teatro Giuseppe Verdi <strong>CONCERTO SINFONICO<\/strong><\/p>\n<p>12 mer\u00a0\u00a0\u00a0\u00a0\u00a0\u00a0\u00a0\u00a0\u00a0\u00a0\u00a0\u00a0 20.00 Teatro Regio di Parma <strong>CONCERTO SINFONICO CORALE<\/strong><\/p>\n<p>13 gio \u00a0\u00a0\u00a0\u00a0\u00a0\u00a0\u00a0\u00a0\u00a0\u00a0\u00a0\u00a0 15.00 Busseto, Teatro Giuseppe Verdi <strong>RIGOLETTO E LA MALEDIZIONE<\/strong><\/p>\n<p>15.00 Istituto Nazionale di Studi Verdiani <strong>VERDI E OLTRE<\/strong><\/p>\n<p>20.00 Fidenza, Teatro Magnani <strong>IL TROVATORE<\/strong><\/p>\n<p>14 ven \u00a0\u00a0\u00a0\u00a0\u00a0\u00a0\u00a0\u00a0\u00a0\u00a0\u00a0 9.15 e 15.00 Istituto Nazionale di Studi Verdiani <strong>VERDI E OLTRE<\/strong><\/p>\n<p>17.30 Ridotto del Teatro Regio <strong>CORI AL RIDOTTO <\/strong><strong>voci bianche Teatro Regio di Parma<\/strong><\/p>\n<p>20.00 Teatro Regio <strong>SIMON BOCCANEGRA<\/strong><\/p>\n<p>15 sab \u00a0\u00a0\u00a0\u00a0\u00a0\u00a0\u00a0\u00a0\u00a0\u00a0\u00a0\u00a0 9.15 Istituto Nazionale di Studi Verdiani <strong>VERDI E OLTRE<\/strong><\/p>\n<p>18.00 Teatro Regio <strong>QUATTRO PEZZI SACRI<\/strong><\/p>\n<p><strong>16 dom<\/strong> \u00a0\u00a0\u00a0\u00a0\u00a0\u00a0\u00a0\u00a0\u00a0 15.00 Busseto, Teatro Giuseppe Verdi <strong>RIGOLETTO E LA MALEDIZIONE<\/strong><\/p>\n<p>16.00 Teatro<\/p>\n<p>&nbsp;<\/p>\n<p>&nbsp;<\/p>\n<p>Filarmonica Toscanini<\/p>\n<p><a href=\"http:\/\/www.ecoitaliano.com.ar\/wp-content\/uploads\/2022\/10\/Filarmonica-Arturo-Toscanini_dettaglio_ph.-Luca-Pezzani-1-2.jpg\"><img decoding=\"async\" class=\"alignnone size-full wp-image-28189\" src=\"http:\/\/www.ecoitaliano.com.ar\/wp-content\/uploads\/2022\/10\/Filarmonica-Arturo-Toscanini_dettaglio_ph.-Luca-Pezzani-1-2.jpg\" alt=\"\" width=\"2200\" height=\"1464\" srcset=\"https:\/\/www.ecoitaliano.com.ar\/wp-content\/uploads\/2022\/10\/Filarmonica-Arturo-Toscanini_dettaglio_ph.-Luca-Pezzani-1-2.jpg 2200w, https:\/\/www.ecoitaliano.com.ar\/wp-content\/uploads\/2022\/10\/Filarmonica-Arturo-Toscanini_dettaglio_ph.-Luca-Pezzani-1-2-300x200.jpg 300w, https:\/\/www.ecoitaliano.com.ar\/wp-content\/uploads\/2022\/10\/Filarmonica-Arturo-Toscanini_dettaglio_ph.-Luca-Pezzani-1-2-768x511.jpg 768w, https:\/\/www.ecoitaliano.com.ar\/wp-content\/uploads\/2022\/10\/Filarmonica-Arturo-Toscanini_dettaglio_ph.-Luca-Pezzani-1-2-1024x681.jpg 1024w, https:\/\/www.ecoitaliano.com.ar\/wp-content\/uploads\/2022\/10\/Filarmonica-Arturo-Toscanini_dettaglio_ph.-Luca-Pezzani-1-2-150x100.jpg 150w\" sizes=\"(max-width: 2200px) 100vw, 2200px\" \/><\/a> <a href=\"http:\/\/www.ecoitaliano.com.ar\/wp-content\/uploads\/2022\/10\/Filarmonica-Arturo-Toscanini_dettaglio_ph.-Luca-Pezzani-2-2.jpg\"><img decoding=\"async\" class=\"alignnone size-full wp-image-28190\" src=\"http:\/\/www.ecoitaliano.com.ar\/wp-content\/uploads\/2022\/10\/Filarmonica-Arturo-Toscanini_dettaglio_ph.-Luca-Pezzani-2-2.jpg\" alt=\"\" width=\"2200\" height=\"1464\" srcset=\"https:\/\/www.ecoitaliano.com.ar\/wp-content\/uploads\/2022\/10\/Filarmonica-Arturo-Toscanini_dettaglio_ph.-Luca-Pezzani-2-2.jpg 2200w, https:\/\/www.ecoitaliano.com.ar\/wp-content\/uploads\/2022\/10\/Filarmonica-Arturo-Toscanini_dettaglio_ph.-Luca-Pezzani-2-2-300x200.jpg 300w, https:\/\/www.ecoitaliano.com.ar\/wp-content\/uploads\/2022\/10\/Filarmonica-Arturo-Toscanini_dettaglio_ph.-Luca-Pezzani-2-2-768x511.jpg 768w, https:\/\/www.ecoitaliano.com.ar\/wp-content\/uploads\/2022\/10\/Filarmonica-Arturo-Toscanini_dettaglio_ph.-Luca-Pezzani-2-2-1024x681.jpg 1024w, https:\/\/www.ecoitaliano.com.ar\/wp-content\/uploads\/2022\/10\/Filarmonica-Arturo-Toscanini_dettaglio_ph.-Luca-Pezzani-2-2-150x100.jpg 150w\" sizes=\"(max-width: 2200px) 100vw, 2200px\" \/><\/a> <a href=\"http:\/\/www.ecoitaliano.com.ar\/wp-content\/uploads\/2022\/10\/Filarmonica-Arturo-Toscanini_dettaglio_ph.-Luca-Pezzani-3-2.jpg\"><img decoding=\"async\" class=\"alignnone size-full wp-image-28191\" src=\"http:\/\/www.ecoitaliano.com.ar\/wp-content\/uploads\/2022\/10\/Filarmonica-Arturo-Toscanini_dettaglio_ph.-Luca-Pezzani-3-2.jpg\" alt=\"\" width=\"2200\" height=\"1464\" srcset=\"https:\/\/www.ecoitaliano.com.ar\/wp-content\/uploads\/2022\/10\/Filarmonica-Arturo-Toscanini_dettaglio_ph.-Luca-Pezzani-3-2.jpg 2200w, https:\/\/www.ecoitaliano.com.ar\/wp-content\/uploads\/2022\/10\/Filarmonica-Arturo-Toscanini_dettaglio_ph.-Luca-Pezzani-3-2-300x200.jpg 300w, https:\/\/www.ecoitaliano.com.ar\/wp-content\/uploads\/2022\/10\/Filarmonica-Arturo-Toscanini_dettaglio_ph.-Luca-Pezzani-3-2-768x511.jpg 768w, https:\/\/www.ecoitaliano.com.ar\/wp-content\/uploads\/2022\/10\/Filarmonica-Arturo-Toscanini_dettaglio_ph.-Luca-Pezzani-3-2-1024x681.jpg 1024w, https:\/\/www.ecoitaliano.com.ar\/wp-content\/uploads\/2022\/10\/Filarmonica-Arturo-Toscanini_dettaglio_ph.-Luca-Pezzani-3-2-150x100.jpg 150w\" sizes=\"(max-width: 2200px) 100vw, 2200px\" \/><\/a> <a href=\"http:\/\/www.ecoitaliano.com.ar\/wp-content\/uploads\/2022\/10\/Filarmonica-Arturo-Toscanini_dettaglio_ph.-Luca-Pezzani-4-2.jpg\"><img decoding=\"async\" class=\"alignnone size-full wp-image-28192\" src=\"http:\/\/www.ecoitaliano.com.ar\/wp-content\/uploads\/2022\/10\/Filarmonica-Arturo-Toscanini_dettaglio_ph.-Luca-Pezzani-4-2.jpg\" alt=\"\" width=\"1100\" height=\"732\" srcset=\"https:\/\/www.ecoitaliano.com.ar\/wp-content\/uploads\/2022\/10\/Filarmonica-Arturo-Toscanini_dettaglio_ph.-Luca-Pezzani-4-2.jpg 1100w, https:\/\/www.ecoitaliano.com.ar\/wp-content\/uploads\/2022\/10\/Filarmonica-Arturo-Toscanini_dettaglio_ph.-Luca-Pezzani-4-2-300x200.jpg 300w, https:\/\/www.ecoitaliano.com.ar\/wp-content\/uploads\/2022\/10\/Filarmonica-Arturo-Toscanini_dettaglio_ph.-Luca-Pezzani-4-2-768x511.jpg 768w, https:\/\/www.ecoitaliano.com.ar\/wp-content\/uploads\/2022\/10\/Filarmonica-Arturo-Toscanini_dettaglio_ph.-Luca-Pezzani-4-2-1024x681.jpg 1024w, https:\/\/www.ecoitaliano.com.ar\/wp-content\/uploads\/2022\/10\/Filarmonica-Arturo-Toscanini_dettaglio_ph.-Luca-Pezzani-4-2-150x100.jpg 150w\" sizes=\"(max-width: 1100px) 100vw, 1100px\" \/><\/a> <a href=\"http:\/\/www.ecoitaliano.com.ar\/wp-content\/uploads\/2022\/10\/Filarmonica-Arturo-Toscanini_dettaglio_ph.-Luca-Pezzani-5-2.jpg\"><img decoding=\"async\" class=\"alignnone size-full wp-image-28193\" src=\"http:\/\/www.ecoitaliano.com.ar\/wp-content\/uploads\/2022\/10\/Filarmonica-Arturo-Toscanini_dettaglio_ph.-Luca-Pezzani-5-2.jpg\" alt=\"\" width=\"2200\" height=\"1464\" srcset=\"https:\/\/www.ecoitaliano.com.ar\/wp-content\/uploads\/2022\/10\/Filarmonica-Arturo-Toscanini_dettaglio_ph.-Luca-Pezzani-5-2.jpg 2200w, https:\/\/www.ecoitaliano.com.ar\/wp-content\/uploads\/2022\/10\/Filarmonica-Arturo-Toscanini_dettaglio_ph.-Luca-Pezzani-5-2-300x200.jpg 300w, https:\/\/www.ecoitaliano.com.ar\/wp-content\/uploads\/2022\/10\/Filarmonica-Arturo-Toscanini_dettaglio_ph.-Luca-Pezzani-5-2-768x511.jpg 768w, https:\/\/www.ecoitaliano.com.ar\/wp-content\/uploads\/2022\/10\/Filarmonica-Arturo-Toscanini_dettaglio_ph.-Luca-Pezzani-5-2-1024x681.jpg 1024w, https:\/\/www.ecoitaliano.com.ar\/wp-content\/uploads\/2022\/10\/Filarmonica-Arturo-Toscanini_dettaglio_ph.-Luca-Pezzani-5-2-150x100.jpg 150w\" sizes=\"(max-width: 2200px) 100vw, 2200px\" \/><\/a> <a href=\"http:\/\/www.ecoitaliano.com.ar\/wp-content\/uploads\/2022\/10\/Filarmonica-Arturo-Toscanini_dettaglio_ph.-Luca-Pezzani-6-2.jpg\"><img decoding=\"async\" class=\"alignnone size-full wp-image-28194\" src=\"http:\/\/www.ecoitaliano.com.ar\/wp-content\/uploads\/2022\/10\/Filarmonica-Arturo-Toscanini_dettaglio_ph.-Luca-Pezzani-6-2.jpg\" alt=\"\" width=\"2200\" height=\"1464\" srcset=\"https:\/\/www.ecoitaliano.com.ar\/wp-content\/uploads\/2022\/10\/Filarmonica-Arturo-Toscanini_dettaglio_ph.-Luca-Pezzani-6-2.jpg 2200w, https:\/\/www.ecoitaliano.com.ar\/wp-content\/uploads\/2022\/10\/Filarmonica-Arturo-Toscanini_dettaglio_ph.-Luca-Pezzani-6-2-300x200.jpg 300w, https:\/\/www.ecoitaliano.com.ar\/wp-content\/uploads\/2022\/10\/Filarmonica-Arturo-Toscanini_dettaglio_ph.-Luca-Pezzani-6-2-768x511.jpg 768w, https:\/\/www.ecoitaliano.com.ar\/wp-content\/uploads\/2022\/10\/Filarmonica-Arturo-Toscanini_dettaglio_ph.-Luca-Pezzani-6-2-1024x681.jpg 1024w, https:\/\/www.ecoitaliano.com.ar\/wp-content\/uploads\/2022\/10\/Filarmonica-Arturo-Toscanini_dettaglio_ph.-Luca-Pezzani-6-2-150x100.jpg 150w\" sizes=\"(max-width: 2200px) 100vw, 2200px\" \/><\/a> <a href=\"http:\/\/www.ecoitaliano.com.ar\/wp-content\/uploads\/2022\/10\/Filarmonica-Arturo-Toscanini_dettaglio_ph.-Luca-Pezzani-7-2.jpg\"><img decoding=\"async\" class=\"alignnone size-full wp-image-28195\" src=\"http:\/\/www.ecoitaliano.com.ar\/wp-content\/uploads\/2022\/10\/Filarmonica-Arturo-Toscanini_dettaglio_ph.-Luca-Pezzani-7-2.jpg\" alt=\"\" width=\"2200\" height=\"1464\" srcset=\"https:\/\/www.ecoitaliano.com.ar\/wp-content\/uploads\/2022\/10\/Filarmonica-Arturo-Toscanini_dettaglio_ph.-Luca-Pezzani-7-2.jpg 2200w, https:\/\/www.ecoitaliano.com.ar\/wp-content\/uploads\/2022\/10\/Filarmonica-Arturo-Toscanini_dettaglio_ph.-Luca-Pezzani-7-2-300x200.jpg 300w, https:\/\/www.ecoitaliano.com.ar\/wp-content\/uploads\/2022\/10\/Filarmonica-Arturo-Toscanini_dettaglio_ph.-Luca-Pezzani-7-2-768x511.jpg 768w, https:\/\/www.ecoitaliano.com.ar\/wp-content\/uploads\/2022\/10\/Filarmonica-Arturo-Toscanini_dettaglio_ph.-Luca-Pezzani-7-2-1024x681.jpg 1024w, https:\/\/www.ecoitaliano.com.ar\/wp-content\/uploads\/2022\/10\/Filarmonica-Arturo-Toscanini_dettaglio_ph.-Luca-Pezzani-7-2-150x100.jpg 150w\" sizes=\"(max-width: 2200px) 100vw, 2200px\" \/><\/a> <a href=\"http:\/\/www.ecoitaliano.com.ar\/wp-content\/uploads\/2022\/10\/Filarmonica-Arturo-Toscanini_dettaglio_ph.-Luca-Pezzani-8-2.jpg\"><img decoding=\"async\" class=\"alignnone size-full wp-image-28196\" src=\"http:\/\/www.ecoitaliano.com.ar\/wp-content\/uploads\/2022\/10\/Filarmonica-Arturo-Toscanini_dettaglio_ph.-Luca-Pezzani-8-2.jpg\" alt=\"\" width=\"2200\" height=\"1464\" srcset=\"https:\/\/www.ecoitaliano.com.ar\/wp-content\/uploads\/2022\/10\/Filarmonica-Arturo-Toscanini_dettaglio_ph.-Luca-Pezzani-8-2.jpg 2200w, https:\/\/www.ecoitaliano.com.ar\/wp-content\/uploads\/2022\/10\/Filarmonica-Arturo-Toscanini_dettaglio_ph.-Luca-Pezzani-8-2-300x200.jpg 300w, https:\/\/www.ecoitaliano.com.ar\/wp-content\/uploads\/2022\/10\/Filarmonica-Arturo-Toscanini_dettaglio_ph.-Luca-Pezzani-8-2-768x511.jpg 768w, https:\/\/www.ecoitaliano.com.ar\/wp-content\/uploads\/2022\/10\/Filarmonica-Arturo-Toscanini_dettaglio_ph.-Luca-Pezzani-8-2-1024x681.jpg 1024w, https:\/\/www.ecoitaliano.com.ar\/wp-content\/uploads\/2022\/10\/Filarmonica-Arturo-Toscanini_dettaglio_ph.-Luca-Pezzani-8-2-150x100.jpg 150w\" sizes=\"(max-width: 2200px) 100vw, 2200px\" \/><\/a> <a href=\"http:\/\/www.ecoitaliano.com.ar\/wp-content\/uploads\/2022\/10\/Filarmonica-Arturo-Toscanini_in-piedi_ph.-Luca-Pezzani-1.jpg\"><img decoding=\"async\" class=\"alignnone size-full wp-image-28197\" src=\"http:\/\/www.ecoitaliano.com.ar\/wp-content\/uploads\/2022\/10\/Filarmonica-Arturo-Toscanini_in-piedi_ph.-Luca-Pezzani-1.jpg\" alt=\"\" width=\"5803\" height=\"3869\" srcset=\"https:\/\/www.ecoitaliano.com.ar\/wp-content\/uploads\/2022\/10\/Filarmonica-Arturo-Toscanini_in-piedi_ph.-Luca-Pezzani-1.jpg 5803w, https:\/\/www.ecoitaliano.com.ar\/wp-content\/uploads\/2022\/10\/Filarmonica-Arturo-Toscanini_in-piedi_ph.-Luca-Pezzani-1-300x200.jpg 300w, https:\/\/www.ecoitaliano.com.ar\/wp-content\/uploads\/2022\/10\/Filarmonica-Arturo-Toscanini_in-piedi_ph.-Luca-Pezzani-1-768x512.jpg 768w, https:\/\/www.ecoitaliano.com.ar\/wp-content\/uploads\/2022\/10\/Filarmonica-Arturo-Toscanini_in-piedi_ph.-Luca-Pezzani-1-1024x683.jpg 1024w, https:\/\/www.ecoitaliano.com.ar\/wp-content\/uploads\/2022\/10\/Filarmonica-Arturo-Toscanini_in-piedi_ph.-Luca-Pezzani-1-150x100.jpg 150w\" sizes=\"(max-width: 5803px) 100vw, 5803px\" \/><\/a> <a href=\"http:\/\/www.ecoitaliano.com.ar\/wp-content\/uploads\/2022\/10\/Filarmonica-Arturo-Toscanini_seduti_ph.-Luca-Pezzani-1.jpg\"><img decoding=\"async\" class=\"alignnone size-full wp-image-28198\" src=\"http:\/\/www.ecoitaliano.com.ar\/wp-content\/uploads\/2022\/10\/Filarmonica-Arturo-Toscanini_seduti_ph.-Luca-Pezzani-1.jpg\" alt=\"\" width=\"5911\" height=\"3940\" srcset=\"https:\/\/www.ecoitaliano.com.ar\/wp-content\/uploads\/2022\/10\/Filarmonica-Arturo-Toscanini_seduti_ph.-Luca-Pezzani-1.jpg 5911w, https:\/\/www.ecoitaliano.com.ar\/wp-content\/uploads\/2022\/10\/Filarmonica-Arturo-Toscanini_seduti_ph.-Luca-Pezzani-1-300x200.jpg 300w, https:\/\/www.ecoitaliano.com.ar\/wp-content\/uploads\/2022\/10\/Filarmonica-Arturo-Toscanini_seduti_ph.-Luca-Pezzani-1-768x512.jpg 768w, https:\/\/www.ecoitaliano.com.ar\/wp-content\/uploads\/2022\/10\/Filarmonica-Arturo-Toscanini_seduti_ph.-Luca-Pezzani-1-1024x683.jpg 1024w, https:\/\/www.ecoitaliano.com.ar\/wp-content\/uploads\/2022\/10\/Filarmonica-Arturo-Toscanini_seduti_ph.-Luca-Pezzani-1-150x100.jpg 150w\" sizes=\"(max-width: 5911px) 100vw, 5911px\" \/><\/a> <a href=\"http:\/\/www.ecoitaliano.com.ar\/wp-content\/uploads\/2022\/10\/Filarmonica-Arturo-Toscanini_strumenti-alzati_ph.-Luca-Pezzani-1.jpg\"><img decoding=\"async\" class=\"alignnone size-full wp-image-28199\" src=\"http:\/\/www.ecoitaliano.com.ar\/wp-content\/uploads\/2022\/10\/Filarmonica-Arturo-Toscanini_strumenti-alzati_ph.-Luca-Pezzani-1.jpg\" alt=\"\" width=\"5988\" height=\"3992\" srcset=\"https:\/\/www.ecoitaliano.com.ar\/wp-content\/uploads\/2022\/10\/Filarmonica-Arturo-Toscanini_strumenti-alzati_ph.-Luca-Pezzani-1.jpg 5988w, https:\/\/www.ecoitaliano.com.ar\/wp-content\/uploads\/2022\/10\/Filarmonica-Arturo-Toscanini_strumenti-alzati_ph.-Luca-Pezzani-1-300x200.jpg 300w, https:\/\/www.ecoitaliano.com.ar\/wp-content\/uploads\/2022\/10\/Filarmonica-Arturo-Toscanini_strumenti-alzati_ph.-Luca-Pezzani-1-768x512.jpg 768w, https:\/\/www.ecoitaliano.com.ar\/wp-content\/uploads\/2022\/10\/Filarmonica-Arturo-Toscanini_strumenti-alzati_ph.-Luca-Pezzani-1-1024x683.jpg 1024w, https:\/\/www.ecoitaliano.com.ar\/wp-content\/uploads\/2022\/10\/Filarmonica-Arturo-Toscanini_strumenti-alzati_ph.-Luca-Pezzani-1-150x100.jpg 150w\" sizes=\"(max-width: 5988px) 100vw, 5988px\" \/><\/a> <a href=\"http:\/\/www.ecoitaliano.com.ar\/wp-content\/uploads\/2022\/10\/Filarmonica-Arturo-Toscanini_dettaglio_ph.-Luca-Pezzani-1-3.jpg\"><img decoding=\"async\" class=\"alignnone size-full wp-image-28200\" src=\"http:\/\/www.ecoitaliano.com.ar\/wp-content\/uploads\/2022\/10\/Filarmonica-Arturo-Toscanini_dettaglio_ph.-Luca-Pezzani-1-3.jpg\" alt=\"\" width=\"2200\" height=\"1464\" srcset=\"https:\/\/www.ecoitaliano.com.ar\/wp-content\/uploads\/2022\/10\/Filarmonica-Arturo-Toscanini_dettaglio_ph.-Luca-Pezzani-1-3.jpg 2200w, https:\/\/www.ecoitaliano.com.ar\/wp-content\/uploads\/2022\/10\/Filarmonica-Arturo-Toscanini_dettaglio_ph.-Luca-Pezzani-1-3-300x200.jpg 300w, https:\/\/www.ecoitaliano.com.ar\/wp-content\/uploads\/2022\/10\/Filarmonica-Arturo-Toscanini_dettaglio_ph.-Luca-Pezzani-1-3-768x511.jpg 768w, https:\/\/www.ecoitaliano.com.ar\/wp-content\/uploads\/2022\/10\/Filarmonica-Arturo-Toscanini_dettaglio_ph.-Luca-Pezzani-1-3-1024x681.jpg 1024w, https:\/\/www.ecoitaliano.com.ar\/wp-content\/uploads\/2022\/10\/Filarmonica-Arturo-Toscanini_dettaglio_ph.-Luca-Pezzani-1-3-150x100.jpg 150w\" sizes=\"(max-width: 2200px) 100vw, 2200px\" \/><\/a> <a href=\"http:\/\/www.ecoitaliano.com.ar\/wp-content\/uploads\/2022\/10\/Filarmonica-Arturo-Toscanini_dettaglio_ph.-Luca-Pezzani-2-3.jpg\"><img decoding=\"async\" class=\"alignnone size-full wp-image-28201\" src=\"http:\/\/www.ecoitaliano.com.ar\/wp-content\/uploads\/2022\/10\/Filarmonica-Arturo-Toscanini_dettaglio_ph.-Luca-Pezzani-2-3.jpg\" alt=\"\" width=\"2200\" height=\"1464\" srcset=\"https:\/\/www.ecoitaliano.com.ar\/wp-content\/uploads\/2022\/10\/Filarmonica-Arturo-Toscanini_dettaglio_ph.-Luca-Pezzani-2-3.jpg 2200w, https:\/\/www.ecoitaliano.com.ar\/wp-content\/uploads\/2022\/10\/Filarmonica-Arturo-Toscanini_dettaglio_ph.-Luca-Pezzani-2-3-300x200.jpg 300w, https:\/\/www.ecoitaliano.com.ar\/wp-content\/uploads\/2022\/10\/Filarmonica-Arturo-Toscanini_dettaglio_ph.-Luca-Pezzani-2-3-768x511.jpg 768w, https:\/\/www.ecoitaliano.com.ar\/wp-content\/uploads\/2022\/10\/Filarmonica-Arturo-Toscanini_dettaglio_ph.-Luca-Pezzani-2-3-1024x681.jpg 1024w, https:\/\/www.ecoitaliano.com.ar\/wp-content\/uploads\/2022\/10\/Filarmonica-Arturo-Toscanini_dettaglio_ph.-Luca-Pezzani-2-3-150x100.jpg 150w\" sizes=\"(max-width: 2200px) 100vw, 2200px\" \/><\/a> <a href=\"http:\/\/www.ecoitaliano.com.ar\/wp-content\/uploads\/2022\/10\/Filarmonica-Arturo-Toscanini_dettaglio_ph.-Luca-Pezzani-3-3.jpg\"><img decoding=\"async\" class=\"alignnone size-full wp-image-28202\" src=\"http:\/\/www.ecoitaliano.com.ar\/wp-content\/uploads\/2022\/10\/Filarmonica-Arturo-Toscanini_dettaglio_ph.-Luca-Pezzani-3-3.jpg\" alt=\"\" width=\"2200\" height=\"1464\" srcset=\"https:\/\/www.ecoitaliano.com.ar\/wp-content\/uploads\/2022\/10\/Filarmonica-Arturo-Toscanini_dettaglio_ph.-Luca-Pezzani-3-3.jpg 2200w, https:\/\/www.ecoitaliano.com.ar\/wp-content\/uploads\/2022\/10\/Filarmonica-Arturo-Toscanini_dettaglio_ph.-Luca-Pezzani-3-3-300x200.jpg 300w, https:\/\/www.ecoitaliano.com.ar\/wp-content\/uploads\/2022\/10\/Filarmonica-Arturo-Toscanini_dettaglio_ph.-Luca-Pezzani-3-3-768x511.jpg 768w, https:\/\/www.ecoitaliano.com.ar\/wp-content\/uploads\/2022\/10\/Filarmonica-Arturo-Toscanini_dettaglio_ph.-Luca-Pezzani-3-3-1024x681.jpg 1024w, https:\/\/www.ecoitaliano.com.ar\/wp-content\/uploads\/2022\/10\/Filarmonica-Arturo-Toscanini_dettaglio_ph.-Luca-Pezzani-3-3-150x100.jpg 150w\" sizes=\"(max-width: 2200px) 100vw, 2200px\" \/><\/a> <a href=\"http:\/\/www.ecoitaliano.com.ar\/wp-content\/uploads\/2022\/10\/Filarmonica-Arturo-Toscanini_dettaglio_ph.-Luca-Pezzani-4-3.jpg\"><img decoding=\"async\" class=\"alignnone size-full wp-image-28203\" src=\"http:\/\/www.ecoitaliano.com.ar\/wp-content\/uploads\/2022\/10\/Filarmonica-Arturo-Toscanini_dettaglio_ph.-Luca-Pezzani-4-3.jpg\" alt=\"\" width=\"1100\" height=\"732\" srcset=\"https:\/\/www.ecoitaliano.com.ar\/wp-content\/uploads\/2022\/10\/Filarmonica-Arturo-Toscanini_dettaglio_ph.-Luca-Pezzani-4-3.jpg 1100w, https:\/\/www.ecoitaliano.com.ar\/wp-content\/uploads\/2022\/10\/Filarmonica-Arturo-Toscanini_dettaglio_ph.-Luca-Pezzani-4-3-300x200.jpg 300w, https:\/\/www.ecoitaliano.com.ar\/wp-content\/uploads\/2022\/10\/Filarmonica-Arturo-Toscanini_dettaglio_ph.-Luca-Pezzani-4-3-768x511.jpg 768w, https:\/\/www.ecoitaliano.com.ar\/wp-content\/uploads\/2022\/10\/Filarmonica-Arturo-Toscanini_dettaglio_ph.-Luca-Pezzani-4-3-1024x681.jpg 1024w, https:\/\/www.ecoitaliano.com.ar\/wp-content\/uploads\/2022\/10\/Filarmonica-Arturo-Toscanini_dettaglio_ph.-Luca-Pezzani-4-3-150x100.jpg 150w\" sizes=\"(max-width: 1100px) 100vw, 1100px\" \/><\/a> <a href=\"http:\/\/www.ecoitaliano.com.ar\/wp-content\/uploads\/2022\/10\/Filarmonica-Arturo-Toscanini_dettaglio_ph.-Luca-Pezzani-5-3.jpg\"><img decoding=\"async\" class=\"alignnone size-full wp-image-28204\" src=\"http:\/\/www.ecoitaliano.com.ar\/wp-content\/uploads\/2022\/10\/Filarmonica-Arturo-Toscanini_dettaglio_ph.-Luca-Pezzani-5-3.jpg\" alt=\"\" width=\"2200\" height=\"1464\" srcset=\"https:\/\/www.ecoitaliano.com.ar\/wp-content\/uploads\/2022\/10\/Filarmonica-Arturo-Toscanini_dettaglio_ph.-Luca-Pezzani-5-3.jpg 2200w, https:\/\/www.ecoitaliano.com.ar\/wp-content\/uploads\/2022\/10\/Filarmonica-Arturo-Toscanini_dettaglio_ph.-Luca-Pezzani-5-3-300x200.jpg 300w, https:\/\/www.ecoitaliano.com.ar\/wp-content\/uploads\/2022\/10\/Filarmonica-Arturo-Toscanini_dettaglio_ph.-Luca-Pezzani-5-3-768x511.jpg 768w, https:\/\/www.ecoitaliano.com.ar\/wp-content\/uploads\/2022\/10\/Filarmonica-Arturo-Toscanini_dettaglio_ph.-Luca-Pezzani-5-3-1024x681.jpg 1024w, https:\/\/www.ecoitaliano.com.ar\/wp-content\/uploads\/2022\/10\/Filarmonica-Arturo-Toscanini_dettaglio_ph.-Luca-Pezzani-5-3-150x100.jpg 150w\" sizes=\"(max-width: 2200px) 100vw, 2200px\" \/><\/a> <a href=\"http:\/\/www.ecoitaliano.com.ar\/wp-content\/uploads\/2022\/10\/Filarmonica-Arturo-Toscanini_dettaglio_ph.-Luca-Pezzani-6-3.jpg\"><img decoding=\"async\" class=\"alignnone size-full wp-image-28205\" src=\"http:\/\/www.ecoitaliano.com.ar\/wp-content\/uploads\/2022\/10\/Filarmonica-Arturo-Toscanini_dettaglio_ph.-Luca-Pezzani-6-3.jpg\" alt=\"\" width=\"2200\" height=\"1464\" srcset=\"https:\/\/www.ecoitaliano.com.ar\/wp-content\/uploads\/2022\/10\/Filarmonica-Arturo-Toscanini_dettaglio_ph.-Luca-Pezzani-6-3.jpg 2200w, https:\/\/www.ecoitaliano.com.ar\/wp-content\/uploads\/2022\/10\/Filarmonica-Arturo-Toscanini_dettaglio_ph.-Luca-Pezzani-6-3-300x200.jpg 300w, https:\/\/www.ecoitaliano.com.ar\/wp-content\/uploads\/2022\/10\/Filarmonica-Arturo-Toscanini_dettaglio_ph.-Luca-Pezzani-6-3-768x511.jpg 768w, https:\/\/www.ecoitaliano.com.ar\/wp-content\/uploads\/2022\/10\/Filarmonica-Arturo-Toscanini_dettaglio_ph.-Luca-Pezzani-6-3-1024x681.jpg 1024w, https:\/\/www.ecoitaliano.com.ar\/wp-content\/uploads\/2022\/10\/Filarmonica-Arturo-Toscanini_dettaglio_ph.-Luca-Pezzani-6-3-150x100.jpg 150w\" sizes=\"(max-width: 2200px) 100vw, 2200px\" \/><\/a> <a href=\"http:\/\/www.ecoitaliano.com.ar\/wp-content\/uploads\/2022\/10\/Filarmonica-Arturo-Toscanini_dettaglio_ph.-Luca-Pezzani-7-3.jpg\"><img decoding=\"async\" class=\"alignnone size-full wp-image-28206\" src=\"http:\/\/www.ecoitaliano.com.ar\/wp-content\/uploads\/2022\/10\/Filarmonica-Arturo-Toscanini_dettaglio_ph.-Luca-Pezzani-7-3.jpg\" alt=\"\" width=\"2200\" height=\"1464\" srcset=\"https:\/\/www.ecoitaliano.com.ar\/wp-content\/uploads\/2022\/10\/Filarmonica-Arturo-Toscanini_dettaglio_ph.-Luca-Pezzani-7-3.jpg 2200w, https:\/\/www.ecoitaliano.com.ar\/wp-content\/uploads\/2022\/10\/Filarmonica-Arturo-Toscanini_dettaglio_ph.-Luca-Pezzani-7-3-300x200.jpg 300w, https:\/\/www.ecoitaliano.com.ar\/wp-content\/uploads\/2022\/10\/Filarmonica-Arturo-Toscanini_dettaglio_ph.-Luca-Pezzani-7-3-768x511.jpg 768w, https:\/\/www.ecoitaliano.com.ar\/wp-content\/uploads\/2022\/10\/Filarmonica-Arturo-Toscanini_dettaglio_ph.-Luca-Pezzani-7-3-1024x681.jpg 1024w, https:\/\/www.ecoitaliano.com.ar\/wp-content\/uploads\/2022\/10\/Filarmonica-Arturo-Toscanini_dettaglio_ph.-Luca-Pezzani-7-3-150x100.jpg 150w\" sizes=\"(max-width: 2200px) 100vw, 2200px\" \/><\/a> <a href=\"http:\/\/www.ecoitaliano.com.ar\/wp-content\/uploads\/2022\/10\/Filarmonica-Arturo-Toscanini_dettaglio_ph.-Luca-Pezzani-8-3.jpg\"><img decoding=\"async\" class=\"alignnone size-full wp-image-28207\" src=\"http:\/\/www.ecoitaliano.com.ar\/wp-content\/uploads\/2022\/10\/Filarmonica-Arturo-Toscanini_dettaglio_ph.-Luca-Pezzani-8-3.jpg\" alt=\"\" width=\"2200\" height=\"1464\" srcset=\"https:\/\/www.ecoitaliano.com.ar\/wp-content\/uploads\/2022\/10\/Filarmonica-Arturo-Toscanini_dettaglio_ph.-Luca-Pezzani-8-3.jpg 2200w, https:\/\/www.ecoitaliano.com.ar\/wp-content\/uploads\/2022\/10\/Filarmonica-Arturo-Toscanini_dettaglio_ph.-Luca-Pezzani-8-3-300x200.jpg 300w, https:\/\/www.ecoitaliano.com.ar\/wp-content\/uploads\/2022\/10\/Filarmonica-Arturo-Toscanini_dettaglio_ph.-Luca-Pezzani-8-3-768x511.jpg 768w, https:\/\/www.ecoitaliano.com.ar\/wp-content\/uploads\/2022\/10\/Filarmonica-Arturo-Toscanini_dettaglio_ph.-Luca-Pezzani-8-3-1024x681.jpg 1024w, https:\/\/www.ecoitaliano.com.ar\/wp-content\/uploads\/2022\/10\/Filarmonica-Arturo-Toscanini_dettaglio_ph.-Luca-Pezzani-8-3-150x100.jpg 150w\" sizes=\"(max-width: 2200px) 100vw, 2200px\" \/><\/a><\/p>\n<p>Haoran Li<\/p>\n<p><a href=\"http:\/\/www.ecoitaliano.com.ar\/wp-content\/uploads\/2022\/10\/Haoran-Li-1.jpg\"><img decoding=\"async\" class=\"alignnone size-full wp-image-28208\" src=\"http:\/\/www.ecoitaliano.com.ar\/wp-content\/uploads\/2022\/10\/Haoran-Li-1.jpg\" alt=\"\" width=\"7952\" height=\"5304\" srcset=\"https:\/\/www.ecoitaliano.com.ar\/wp-content\/uploads\/2022\/10\/Haoran-Li-1.jpg 7952w, https:\/\/www.ecoitaliano.com.ar\/wp-content\/uploads\/2022\/10\/Haoran-Li-1-300x200.jpg 300w, https:\/\/www.ecoitaliano.com.ar\/wp-content\/uploads\/2022\/10\/Haoran-Li-1-768x512.jpg 768w, https:\/\/www.ecoitaliano.com.ar\/wp-content\/uploads\/2022\/10\/Haoran-Li-1-1024x683.jpg 1024w, https:\/\/www.ecoitaliano.com.ar\/wp-content\/uploads\/2022\/10\/Haoran-Li-1-150x100.jpg 150w\" sizes=\"(max-width: 7952px) 100vw, 7952px\" \/><\/a><\/p>\n","protected":false},"excerpt":{"rendered":"<p>HAORAN LI DIRIGE LA FILARMONICA ARTURO TOSCANINI NEL CONCERTO SINFONICO AL TEATRO VERDI DI BUSSETO \u00a0 In programma pagine sinfoniche [&hellip;]<\/p>\n","protected":false},"author":1,"featured_media":0,"comment_status":"open","ping_status":"open","sticky":false,"template":"","format":"standard","meta":{"footnotes":""},"categories":[1],"tags":[],"class_list":["post-28188","post","type-post","status-publish","format-standard","hentry","category-sin-categoria"],"_links":{"self":[{"href":"https:\/\/www.ecoitaliano.com.ar\/index.php?rest_route=\/wp\/v2\/posts\/28188","targetHints":{"allow":["GET"]}}],"collection":[{"href":"https:\/\/www.ecoitaliano.com.ar\/index.php?rest_route=\/wp\/v2\/posts"}],"about":[{"href":"https:\/\/www.ecoitaliano.com.ar\/index.php?rest_route=\/wp\/v2\/types\/post"}],"author":[{"embeddable":true,"href":"https:\/\/www.ecoitaliano.com.ar\/index.php?rest_route=\/wp\/v2\/users\/1"}],"replies":[{"embeddable":true,"href":"https:\/\/www.ecoitaliano.com.ar\/index.php?rest_route=%2Fwp%2Fv2%2Fcomments&post=28188"}],"version-history":[{"count":0,"href":"https:\/\/www.ecoitaliano.com.ar\/index.php?rest_route=\/wp\/v2\/posts\/28188\/revisions"}],"wp:attachment":[{"href":"https:\/\/www.ecoitaliano.com.ar\/index.php?rest_route=%2Fwp%2Fv2%2Fmedia&parent=28188"}],"wp:term":[{"taxonomy":"category","embeddable":true,"href":"https:\/\/www.ecoitaliano.com.ar\/index.php?rest_route=%2Fwp%2Fv2%2Fcategories&post=28188"},{"taxonomy":"post_tag","embeddable":true,"href":"https:\/\/www.ecoitaliano.com.ar\/index.php?rest_route=%2Fwp%2Fv2%2Ftags&post=28188"}],"curies":[{"name":"wp","href":"https:\/\/api.w.org\/{rel}","templated":true}]}}