{"id":28210,"date":"2022-10-04T17:57:56","date_gmt":"2022-10-04T17:57:56","guid":{"rendered":"http:\/\/www.ecoitaliano.com.ar\/?p=28210"},"modified":"2022-10-04T17:57:56","modified_gmt":"2022-10-04T17:57:56","slug":"serena-conduce-operaclassica-eco-italiano-1793","status":"publish","type":"post","link":"https:\/\/www.ecoitaliano.com.ar\/?p=28210","title":{"rendered":"Serena conduce operaclassica eco italiano"},"content":{"rendered":"<p style=\"text-align: center;\"><a href=\"http:\/\/www.ecoitaliano.com.ar\/wp-content\/uploads\/2022\/10\/7bfa1636-19ba-42a7-8e55-5f194557a95d.jpg\"><img decoding=\"async\" class=\"alignnone size-full wp-image-28211\" src=\"http:\/\/www.ecoitaliano.com.ar\/wp-content\/uploads\/2022\/10\/7bfa1636-19ba-42a7-8e55-5f194557a95d.jpg\" alt=\"\" width=\"600\" height=\"122\" srcset=\"https:\/\/www.ecoitaliano.com.ar\/wp-content\/uploads\/2022\/10\/7bfa1636-19ba-42a7-8e55-5f194557a95d.jpg 600w, https:\/\/www.ecoitaliano.com.ar\/wp-content\/uploads\/2022\/10\/7bfa1636-19ba-42a7-8e55-5f194557a95d-300x61.jpg 300w, https:\/\/www.ecoitaliano.com.ar\/wp-content\/uploads\/2022\/10\/7bfa1636-19ba-42a7-8e55-5f194557a95d-150x31.jpg 150w\" sizes=\"(max-width: 600px) 100vw, 600px\" \/><\/a><\/p>\n<p><a href=\"http:\/\/www.ecoitaliano.com.ar\/wp-content\/uploads\/2022\/10\/de456bd6-fd57-c1cc-9a21-d12296d9a3cd.png\"><img decoding=\"async\" class=\"size-full wp-image-28212 aligncenter\" src=\"http:\/\/www.ecoitaliano.com.ar\/wp-content\/uploads\/2022\/10\/de456bd6-fd57-c1cc-9a21-d12296d9a3cd.png\" alt=\"\" width=\"1920\" height=\"1080\" srcset=\"https:\/\/www.ecoitaliano.com.ar\/wp-content\/uploads\/2022\/10\/de456bd6-fd57-c1cc-9a21-d12296d9a3cd.png 1920w, https:\/\/www.ecoitaliano.com.ar\/wp-content\/uploads\/2022\/10\/de456bd6-fd57-c1cc-9a21-d12296d9a3cd-300x169.png 300w, https:\/\/www.ecoitaliano.com.ar\/wp-content\/uploads\/2022\/10\/de456bd6-fd57-c1cc-9a21-d12296d9a3cd-768x432.png 768w, https:\/\/www.ecoitaliano.com.ar\/wp-content\/uploads\/2022\/10\/de456bd6-fd57-c1cc-9a21-d12296d9a3cd-1024x576.png 1024w, https:\/\/www.ecoitaliano.com.ar\/wp-content\/uploads\/2022\/10\/de456bd6-fd57-c1cc-9a21-d12296d9a3cd-150x84.png 150w\" sizes=\"(max-width: 1920px) 100vw, 1920px\" \/><\/a><\/p>\n<p>COMUNICATO STAMPA<\/p>\n<p>&nbsp;<\/p>\n<p><strong>IL FESTIVAL 2022 DEDICATO AL RAPPORTO TRA GIOVANI E ADULTI: <\/strong><\/p>\n<p><strong>DUE TITOLI AL TEATRO DONIZETTI <em>LA FAVORITE <\/em>E<em> L\u2019AIO NELL\u2019IMBARAZZO <\/em>PER #DONIZETTI200 AL SOCIALE <em>CHIARA E SERAFINA<\/em> IN PRIMA MODERNA\u00a0 <\/strong><\/p>\n<p><em>\u00a0<\/em><\/p>\n<p><em>Nelle locandine brillano i nomi di alcune star internazionali come Javier Camarena<\/em>, <em>Alessandro <\/em><\/p>\n<p><em>Corbelli, Alex Esposito, Pietro Spagnoli e Annalisa Stroppa <\/em><\/p>\n<p><em>Spazio anche alle voci emergenti della Bottega Donizetti e dell\u2019Accademia Teatro alla Scala <\/em><\/p>\n<p>&nbsp;<\/p>\n<p><em>Sul podio<\/em>,<em> accanto al direttore musicale Riccardo Frizza<\/em>, <em>Vincenzo Milletar\u00ec e Sesto Quatrini <\/em><\/p>\n<p><em>L<\/em><em>e regie sono di Valentina Carrasco, Gianluca Falaschi e del direttore artistico Francesco Micheli<\/em><\/p>\n<p><em>\u00a0<\/em><\/p>\n<p>Bergamo, dal 18 novembre al 4 dicembre 2022<\/p>\n<p>&nbsp;<\/p>\n<p>\u00c8 tutto pronto per l\u2019ottava edizione del <strong>Donizetti Opera<\/strong>, festival internazionale dedicato al compositore bergamasco, organizzato dalla Fondazione Teatro Donizetti presieduta da <strong>Giorgio Berta<\/strong> con la direzione generale di <strong>Massimo Boffelli<\/strong>, la direzione artistica di <strong>Francesco Micheli <\/strong>e quella musicale di<strong> Riccardo Frizza<\/strong>, che si <strong>svolger\u00e0 <\/strong>a <strong>Bergamo <\/strong>\u201cCitt\u00e0 di Gaetano Donizetti\u201d <strong>dal 18 novembre al 4 dicembre 2022.<\/strong><\/p>\n<p>&nbsp;<\/p>\n<p>Una nuova edizione del festival Donizetti Opera \u2013 gi\u00e0 vincitore dell\u2019\u201cOper! Award\u201d come miglior festival europeo per la critica tedesca \u2013 che indaga attraverso le diverse produzioni le varianti del \u201ccontrasto generazionale\u201d. Il programma si articola in tre titoli operistici donizettiani e una serie di appuntamenti concertistici e attivit\u00e0 collaterali che verranno presentati il 17 ottobre a Bergamo: al Teatro Donizetti andranno in scena <strong>La favorite<\/strong> (18 e 27 novembre, 3 dicembre) e <strong>L\u2019aio nell\u2019imbarazzo<\/strong>(20 e 26 novembre, 2 dicembre); al Teatro Sociale invece <strong>Chiara e Serafina<\/strong> (19 e 25 novembre, 4 dicembre). \u201cLargo ai giovani\u201d potrebbe essere il motto dell&#8217;intero programma, visto che il rapporto fra genitori e figli, tra adulti e giovani, \u00e8 al centro della drammaturgia cos\u00ec come quello tra fra maestri e allievi, veterani e esordienti caratterizza le produzioni.<\/p>\n<p>&nbsp;<\/p>\n<p>\u00abIl mondo presente \u2013 dichiara il direttore artistico <strong>Francesco Micheli<\/strong> \u2013 \u00e8 in rapida e sorprendente evoluzione. Il cambiamento \u00e8 l\u2019unica certezza, oggi come 200 anni fa. Nel 1822 il giovane Gaetano Donizetti debutta al Teatro alla Scala con l\u2019opera <em>Chiara e Serafina, <\/em>affacciandosi verso un mondo incerto, pieno di tracolli, di mutamenti e\u2026 di fiaschi. Questo l\u2019esito del debutto del compositore nel tempio milanese. Nostro dovere \u00e8 riportare in auge quest\u2019opera complicata e romanzesca, e lo faremo con i giovani dell\u2019Accademia Teatro alla Scala guidati da Pietro Spagnoli, coi quali cercheremo di superare il cruciale crocevia della vicenda narrata creando un\u2019alleanza inedita tra le generazioni. Giovani che diventano adulti e adulti che cercano di costruire un mondo migliore per i giovani. Questo \u00e8 il mondo che \u00e8 importante progettare e in cui credere in questo momento. Qual \u00e8 il nostro punto di riferimento? Il giovane Gaetano che apprende dalla vita stessa la strada per costruire il proprio mondo. L\u2019impresa pu\u00f2 essere ardua se regna la paura: <em>L\u2019aio nell\u2019imbarazzo <\/em>\u00e8 infatti la storia di un padre talmente terrorizzato dal mondo da rinchiudere fino all\u2019et\u00e0 di quarant\u2019anni i propri figli; pi\u00f9 che la trama di un\u2019opera sembra l\u2019oroscopo del nostro tempo. Nella <em>Favorita<\/em> un ragazzo e una ragazza che vengono da due luoghi appartati del mondo, il gineceo e il monastero, si ritrovano per cercare una nuova strada, una nuova libert\u00e0. Verranno annientati. Storie di ieri che definiscono temi classici capaci di illuminare il presente. Dedichiamo questo festival ai giovani bergamaschi, coscritti del pi\u00f9 famoso conterraneo della storia\u00bb.<\/p>\n<p>&nbsp;<\/p>\n<p>\u00abSulla scia della riflessione intorno al tema generazionale \u2013 ha spiegato il direttore musicale <strong>Riccardo Frizza<\/strong> \u2013 la musica \u00e8 sempre stata in prima linea, essendosi tradizionalmente basata sul rapporto tra maestri e allievi, cos\u00ec come tra interpreti di pi\u00f9 lunga carriera e nuove promesse. In tal senso questa edizione del festival \u2013 programmaticamente ispirata al rapporto maestro-allievo che legava Giovanni Simone Mayr e Gaetano Donizetti, affianca in scena esperti del repertorio come Alex Esposito, Alessandro Corbelli, Javier Camarena, Pietro Spagnoli, Annalisa Stroppa, Floriana Sempey a un folto gruppo di nuove voci, forti di percorsi formativi di eccellenza che, fra l\u2019altro, simboleggiano la vocazione festivaliera di essere anche una vetrina di talenti\u00bb.<\/p>\n<p>&nbsp;<\/p>\n<p>Due i titoli che saranno messi in scena al Teatro Donizetti: un grand-op\u00e9ra della maturit\u00e0 del compositore, <strong>La favorite <\/strong>(1840), e il melodramma giocoso giovanile <strong>L\u2019aio nell\u2019imbarazzo <\/strong>(1824). Il Teatro Sociale \u00e8 invece come sempre \u201cla casa\u201d del progetto #Donizetti200, che quest\u2019anno ospiter\u00e0 una tappa importante, l\u2019opera che segn\u00f2 il debutto (non felice) del compositore bergamasco al Teatro alla Scala, e che dopo quelle rappresentazioni del 1822 \u00e8 stata praticamente dimenticata e mai pi\u00f9 eseguita: <strong>Chiara e Serafina, ossia Il pirata<\/strong><em>.<\/em><\/p>\n<p>Fondamentale come sempre, nella stesura del programma festivaliero e nella scelta delle edizioni o nella ricostruzione filologia di esse, \u00e8 l\u2019attivit\u00e0 di studio e ricerca sull\u2019eredit\u00e0 e la codifica dell\u2019identit\u00e0 musicale operistica di Donizetti, affidata alle cure della sezione scientifica della Fondazione Teatro Donizetti, diretta da <strong>Paolo Fabbri<\/strong>.<\/p>\n<p><em>\u00a0<\/em><\/p>\n<p>Per <strong>La favorite<\/strong> (Teatro Donizetti 18 e 27 novembre, 3 dicembre) nell\u2019edizione critica a cura di Rebecca Harris-Warrick, edita da Ricordi con la collaborazione e il contributo del Comune di Bergamo e della Fondazione Teatro Donizetti, ci sar\u00e0 sul podio il direttore musicale del festival <strong>Riccardo Frizza<\/strong> alla guida dell\u2019Orchestra Donizetti Opera. Lo spettacolo \u2013 un nuovo allestimento in coproduzione con l\u2019Op\u00e9ra National de Bordeaux \u2013 \u00e8 firmato da <strong>Valentina Carrasco <\/strong>con il suo team composto per le scene da <strong>Carles Berga <\/strong>e <strong>Peter van Praet<\/strong>(quest\u2019ultimo anche Lighting designer),<strong>Silvia Aymonino<\/strong> (costumi) e <strong>Massimiliano Volpini<\/strong> (coreografia). In prima all\u2019Op\u00e9ra di Parigi nel 1840, oggi possiamo dire che <em>La favorite<\/em> \u00e8 l\u2019opera \u201cfiglia\u201d dell\u2019<em>Ange de Nisida<\/em>, riscoperta e messa in scena in prima assoluta a Bergamo nel 2019. Il cast di rilievo affianca interpreti come il mezzosoprano <strong>Annalisa Stroppa<\/strong> (L\u00e9onor), il tenore <strong>Javier Camarena<\/strong> (Fernand), il baritono <strong>Florian Sempey<\/strong> (Alphonse XI), e ancora <strong>Evgeny Stavinsky <\/strong>(Barthazar), <strong>Edoardo Milletti <\/strong>(Don Gaspar) e <strong>Caterina Di Tonno <\/strong>(In\u00e8s). Il Coro sar\u00e0 costituito dagli elementi del Coro Donizetti Opera e da quelli dell\u2019Accademia Teatro alla Scala diretti da <strong>Salvo Sgr\u00f2<\/strong>.<\/p>\n<p><em>\u00a0<\/em><\/p>\n<p><strong>L\u2019aio nell\u2019imbarazzo <\/strong>(Teatro Donizetti 20 e 26 novembre, 2 dicembre), rappresentato a Roma nel 1824, \u00e8 uno dei primi grandi successi di Donizetti: opera buffa sul modello rossiniano dove affiora per\u00f2 gi\u00e0 lo scavo psicologico delle grandi commedie della maturit\u00e0 del bergamasco. Presentato nella nuova edizione critica di Maria Chiara Bertieri per la Fondazione Teatro Donizetti, \u00e8 il titolo della <strong>Bottega Donizetti<\/strong>, la bottega rinascimentale dove il basso-baritono bergamasco <strong>Alex Esposito <\/strong>trasmette sapere teatrale e tecnica vocale ai giovani cantanti selezionati in tutto il mondo. A loro \u00e8 affidato <em>L\u2019aio nell\u2019imbarazzo<\/em>, con la presenze dello stesso Esposito \u2013 che per l\u2019occasione torna eccezionalmente a una vocalit\u00e0 che lo ha caratterizzato all\u2019inizio della carriera \u2013 nella parte del titolo; e con un altro maestro carismatico come <strong>Alessandro Corbelli<\/strong> nei panni di don Giulio, il padre che tiene segregati i figli in casa per paura delle donne. Dirige l\u2019Orchestra Donizetti Opera un altro giovane come <strong>Vincenzo Milletar\u00ec<\/strong>, la regia \u00e8 firmata dal direttore artistico del Festival, <strong>Francesco Micheli<\/strong>, le scene di <strong>Mauro Tinti<\/strong>, i costumi di <strong>Giada Masi<\/strong>, la drammaturgia di <strong>Alberto Mattioli<\/strong>.<\/p>\n<p>&nbsp;<\/p>\n<p>La riscoperta di questo del festival 2022 \u00e8 senz\u2019altro <strong>Chiara e Serafina <\/strong>(Teatro Sociale 19 e 25 novembre, 4 dicembre), il titolo del progetto #Donizetti200, mai pi\u00f9 in scena dopo il 1822. Il Festival le offre la prova d\u2019appello in una produzione con l\u2019Accademia Teatro alla Scala \u2013 con la quale prosegue il pluriennale e fruttuoso rapporto di collaborazione \u2013 i cui allievi dei corsi di perfezionamento formeranno la compagnia di cantanti, il Coro (diretto da Salvo Sgr\u00f2) con uno chaperon come <strong>Pietro Spagnoli<\/strong> (docente dei corsi di perfezionamento della stessa Istituzione milanese) nella parte di Don Meschino. Sul podio <strong>Sesto Quatrini<\/strong>; regia, scene e costumi di <strong>Gianluca Falaschi<\/strong>; la drammaturgia \u00e8 di <strong>Mattia Palma<\/strong>; l\u2019orchestra Gli Originali prosegue la sua esplorazione donizettiana sugli strumenti d\u2019epoca. A questo titolo saranno legate anche una serie di attivit\u00e0 per le scuole.<\/p>\n<p>&nbsp;<\/p>\n<p>Gli spettacoli nei giorni feriali avranno inizio alle ore 20 nei giorni feriali e alle ore 15.30 la domenica.<\/p>\n<p>&nbsp;<\/p>\n<h1>Biglietteria<\/h1>\n<p>Piazza Cavour, 15 \u2013 Bergamo \u2013 T. 035 4160601\/602\/603 \u2013 marted\u00ec-sabato, ore 13-20 <u>biglietteria@fondazioneteatrodonizetti.org<\/u><\/p>\n<p><u>gruppi@fondazioneteatrodonizetti.org<\/u><\/p>\n<p>&nbsp;<\/p>\n<p><strong>Costo dei biglietti<\/strong>:<\/p>\n<ul>\n<li>opere al Teatro Donizetti: da 110 euro a 15 euro<\/li>\n<li>opere al Teatro Sociale: da 90 euro a 15 euro<\/li>\n<\/ul>\n<p>&nbsp;<\/p>\n<h1>Carnet weekend<\/h1>\n<p>Tutti gli spettacoli di ciascun fine settimana con lo sconto del 25% <strong>Carnet sabato <\/strong><\/p>\n<p>I biglietti delle tre opere in tre sabati diversi con lo sconto del 25%<\/p>\n<p>&nbsp;<\/p>\n<p>&nbsp;<\/p>\n<p>Il festival Donizetti Opera, \u00e8 organizzato dalla Fondazione Teatro Donizetti e dal Comune di Bergamo con il sostegno di Ministero della Cultura, Fondazione Cariplo, Regione Lombardia, Camera di Commercio di Bergamo.<\/p>\n<p>Main partner Allianz. Con il contributo di Intesa Sanpaolo; sponsor Curnis\/Rolex, Uniacque, Automha. In collaborazione con il Conservatorio Gaetano Donizetti, la Fondazione Mia, Opera Europa, Fedora, Atb.<\/p>\n<p>Un ringraziamento speciale agli Ambasciatori di Donizetti e a tutti coloro che sostengono l\u2019attivit\u00e0 della Fondazione Teatro Donizetti con Art bonus.<\/p>\n<p>&nbsp;<\/p>\n<p>www.gaetanodonizetti.org \/ info@donizetti.org<\/p>\n<p>&nbsp;<\/p>\n<p><em>Uffici del festival Donizetti Opera <\/em>Piazza Matteotti 60- 24122 Bergamo<\/p>\n<p>tel. +39 0354160613 www.gaetanodonizetti.org \/ <u>info@fondazioneteatrodonizetti.org<\/u><\/p>\n<p>&nbsp;<\/p>\n<p><em>Ufficio stampa della Fondazione Teatro Donizetti di Bergamo \u2013 Festival Donizetti Opera <\/em><\/p>\n<p>Floriana Tessitore +39 3387339981 tessitore@fondazioneteatrodonizetti.org Walter Vitale <u>pressopera@fondazioneteatrodonizetti.org<\/u><\/p>\n<p>&nbsp;<\/p>\n<p><em>Bergamo, 4 ottobre 2022 (f.t.)<\/em><\/p>\n<p><a href=\"http:\/\/www.ecoitaliano.com.ar\/wp-content\/uploads\/2022\/10\/Alessandro-Corbelli.jpg\"><img decoding=\"async\" class=\"alignnone size-full wp-image-28213\" src=\"http:\/\/www.ecoitaliano.com.ar\/wp-content\/uploads\/2022\/10\/Alessandro-Corbelli.jpg\" alt=\"\" width=\"450\" height=\"678\" srcset=\"https:\/\/www.ecoitaliano.com.ar\/wp-content\/uploads\/2022\/10\/Alessandro-Corbelli.jpg 450w, https:\/\/www.ecoitaliano.com.ar\/wp-content\/uploads\/2022\/10\/Alessandro-Corbelli-199x300.jpg 199w, https:\/\/www.ecoitaliano.com.ar\/wp-content\/uploads\/2022\/10\/Alessandro-Corbelli-100x150.jpg 100w\" sizes=\"(max-width: 450px) 100vw, 450px\" \/><\/a> <a href=\"http:\/\/www.ecoitaliano.com.ar\/wp-content\/uploads\/2022\/10\/Alex-Esposito_foto-Victor-Santiago1_new-2019.jpg\"><img decoding=\"async\" class=\"alignnone size-full wp-image-28214\" src=\"http:\/\/www.ecoitaliano.com.ar\/wp-content\/uploads\/2022\/10\/Alex-Esposito_foto-Victor-Santiago1_new-2019.jpg\" alt=\"\" width=\"1134\" height=\"1701\" srcset=\"https:\/\/www.ecoitaliano.com.ar\/wp-content\/uploads\/2022\/10\/Alex-Esposito_foto-Victor-Santiago1_new-2019.jpg 1134w, https:\/\/www.ecoitaliano.com.ar\/wp-content\/uploads\/2022\/10\/Alex-Esposito_foto-Victor-Santiago1_new-2019-200x300.jpg 200w, https:\/\/www.ecoitaliano.com.ar\/wp-content\/uploads\/2022\/10\/Alex-Esposito_foto-Victor-Santiago1_new-2019-768x1152.jpg 768w, https:\/\/www.ecoitaliano.com.ar\/wp-content\/uploads\/2022\/10\/Alex-Esposito_foto-Victor-Santiago1_new-2019-683x1024.jpg 683w, https:\/\/www.ecoitaliano.com.ar\/wp-content\/uploads\/2022\/10\/Alex-Esposito_foto-Victor-Santiago1_new-2019-100x150.jpg 100w\" sizes=\"(max-width: 1134px) 100vw, 1134px\" \/><\/a><\/p>\n<figure id=\"attachment_28215\" aria-describedby=\"caption-attachment-28215\" style=\"width: 4000px\" class=\"wp-caption alignnone\"><a href=\"http:\/\/www.ecoitaliano.com.ar\/wp-content\/uploads\/2022\/10\/Falaschi-2-@Stefano-Guindani.jpg\"><img decoding=\"async\" class=\"size-full wp-image-28215\" src=\"http:\/\/www.ecoitaliano.com.ar\/wp-content\/uploads\/2022\/10\/Falaschi-2-@Stefano-Guindani.jpg\" alt=\"\" width=\"4000\" height=\"2665\" srcset=\"https:\/\/www.ecoitaliano.com.ar\/wp-content\/uploads\/2022\/10\/Falaschi-2-@Stefano-Guindani.jpg 4000w, https:\/\/www.ecoitaliano.com.ar\/wp-content\/uploads\/2022\/10\/Falaschi-2-@Stefano-Guindani-300x200.jpg 300w, https:\/\/www.ecoitaliano.com.ar\/wp-content\/uploads\/2022\/10\/Falaschi-2-@Stefano-Guindani-768x512.jpg 768w, https:\/\/www.ecoitaliano.com.ar\/wp-content\/uploads\/2022\/10\/Falaschi-2-@Stefano-Guindani-1024x682.jpg 1024w, https:\/\/www.ecoitaliano.com.ar\/wp-content\/uploads\/2022\/10\/Falaschi-2-@Stefano-Guindani-150x100.jpg 150w\" sizes=\"(max-width: 4000px) 100vw, 4000px\" \/><\/a><figcaption id=\"caption-attachment-28215\" class=\"wp-caption-text\">Gianluca Falaschi<\/figcaption><\/figure>\n<p><a href=\"http:\/\/www.ecoitaliano.com.ar\/wp-content\/uploads\/2022\/10\/Florian-Sempey_ph-Cyril-Cosson-Occurrence.jpg.png\"><img decoding=\"async\" class=\"alignnone size-full wp-image-28216\" src=\"http:\/\/www.ecoitaliano.com.ar\/wp-content\/uploads\/2022\/10\/Florian-Sempey_ph-Cyril-Cosson-Occurrence.jpg.png\" alt=\"\" width=\"1066\" height=\"1600\" srcset=\"https:\/\/www.ecoitaliano.com.ar\/wp-content\/uploads\/2022\/10\/Florian-Sempey_ph-Cyril-Cosson-Occurrence.jpg.png 1066w, https:\/\/www.ecoitaliano.com.ar\/wp-content\/uploads\/2022\/10\/Florian-Sempey_ph-Cyril-Cosson-Occurrence.jpg-200x300.png 200w, https:\/\/www.ecoitaliano.com.ar\/wp-content\/uploads\/2022\/10\/Florian-Sempey_ph-Cyril-Cosson-Occurrence.jpg-768x1153.png 768w, https:\/\/www.ecoitaliano.com.ar\/wp-content\/uploads\/2022\/10\/Florian-Sempey_ph-Cyril-Cosson-Occurrence.jpg-682x1024.png 682w, https:\/\/www.ecoitaliano.com.ar\/wp-content\/uploads\/2022\/10\/Florian-Sempey_ph-Cyril-Cosson-Occurrence.jpg-100x150.png 100w\" sizes=\"(max-width: 1066px) 100vw, 1066px\" \/><\/a> <a href=\"http:\/\/www.ecoitaliano.com.ar\/wp-content\/uploads\/2022\/10\/Francesco-Micheli-2019-foto-Rota_DSC7518.jpg\"><img decoding=\"async\" class=\"alignnone size-full wp-image-28217\" src=\"http:\/\/www.ecoitaliano.com.ar\/wp-content\/uploads\/2022\/10\/Francesco-Micheli-2019-foto-Rota_DSC7518.jpg\" alt=\"\" width=\"3000\" height=\"2000\" srcset=\"https:\/\/www.ecoitaliano.com.ar\/wp-content\/uploads\/2022\/10\/Francesco-Micheli-2019-foto-Rota_DSC7518.jpg 3000w, https:\/\/www.ecoitaliano.com.ar\/wp-content\/uploads\/2022\/10\/Francesco-Micheli-2019-foto-Rota_DSC7518-300x200.jpg 300w, https:\/\/www.ecoitaliano.com.ar\/wp-content\/uploads\/2022\/10\/Francesco-Micheli-2019-foto-Rota_DSC7518-768x512.jpg 768w, https:\/\/www.ecoitaliano.com.ar\/wp-content\/uploads\/2022\/10\/Francesco-Micheli-2019-foto-Rota_DSC7518-1024x683.jpg 1024w, https:\/\/www.ecoitaliano.com.ar\/wp-content\/uploads\/2022\/10\/Francesco-Micheli-2019-foto-Rota_DSC7518-150x100.jpg 150w\" sizes=\"(max-width: 3000px) 100vw, 3000px\" \/><\/a> <a href=\"http:\/\/www.ecoitaliano.com.ar\/wp-content\/uploads\/2022\/10\/Francesco-Micheli_GFR1102.jpg\"><img decoding=\"async\" class=\"alignnone size-full wp-image-28218\" src=\"http:\/\/www.ecoitaliano.com.ar\/wp-content\/uploads\/2022\/10\/Francesco-Micheli_GFR1102.jpg\" alt=\"\" width=\"3936\" height=\"2624\" srcset=\"https:\/\/www.ecoitaliano.com.ar\/wp-content\/uploads\/2022\/10\/Francesco-Micheli_GFR1102.jpg 3936w, https:\/\/www.ecoitaliano.com.ar\/wp-content\/uploads\/2022\/10\/Francesco-Micheli_GFR1102-300x200.jpg 300w, https:\/\/www.ecoitaliano.com.ar\/wp-content\/uploads\/2022\/10\/Francesco-Micheli_GFR1102-768x512.jpg 768w, https:\/\/www.ecoitaliano.com.ar\/wp-content\/uploads\/2022\/10\/Francesco-Micheli_GFR1102-1024x683.jpg 1024w, https:\/\/www.ecoitaliano.com.ar\/wp-content\/uploads\/2022\/10\/Francesco-Micheli_GFR1102-150x100.jpg 150w\" sizes=\"(max-width: 3936px) 100vw, 3936px\" \/><\/a> <a href=\"http:\/\/www.ecoitaliano.com.ar\/wp-content\/uploads\/2022\/10\/Francesco-Micheli_GFR6254.jpg\"><img decoding=\"async\" class=\"alignnone size-full wp-image-28219\" src=\"http:\/\/www.ecoitaliano.com.ar\/wp-content\/uploads\/2022\/10\/Francesco-Micheli_GFR6254.jpg\" alt=\"\" width=\"3000\" height=\"2000\" srcset=\"https:\/\/www.ecoitaliano.com.ar\/wp-content\/uploads\/2022\/10\/Francesco-Micheli_GFR6254.jpg 3000w, https:\/\/www.ecoitaliano.com.ar\/wp-content\/uploads\/2022\/10\/Francesco-Micheli_GFR6254-300x200.jpg 300w, https:\/\/www.ecoitaliano.com.ar\/wp-content\/uploads\/2022\/10\/Francesco-Micheli_GFR6254-768x512.jpg 768w, https:\/\/www.ecoitaliano.com.ar\/wp-content\/uploads\/2022\/10\/Francesco-Micheli_GFR6254-1024x683.jpg 1024w, https:\/\/www.ecoitaliano.com.ar\/wp-content\/uploads\/2022\/10\/Francesco-Micheli_GFR6254-150x100.jpg 150w\" sizes=\"(max-width: 3000px) 100vw, 3000px\" \/><\/a> <a href=\"http:\/\/www.ecoitaliano.com.ar\/wp-content\/uploads\/2022\/10\/Javier-Camarena-Gemma-Escribano-8.jpg\"><img decoding=\"async\" class=\"alignnone size-full wp-image-28220\" src=\"http:\/\/www.ecoitaliano.com.ar\/wp-content\/uploads\/2022\/10\/Javier-Camarena-Gemma-Escribano-8.jpg\" alt=\"\" width=\"1200\" height=\"1800\" srcset=\"https:\/\/www.ecoitaliano.com.ar\/wp-content\/uploads\/2022\/10\/Javier-Camarena-Gemma-Escribano-8.jpg 1200w, https:\/\/www.ecoitaliano.com.ar\/wp-content\/uploads\/2022\/10\/Javier-Camarena-Gemma-Escribano-8-200x300.jpg 200w, https:\/\/www.ecoitaliano.com.ar\/wp-content\/uploads\/2022\/10\/Javier-Camarena-Gemma-Escribano-8-768x1152.jpg 768w, https:\/\/www.ecoitaliano.com.ar\/wp-content\/uploads\/2022\/10\/Javier-Camarena-Gemma-Escribano-8-683x1024.jpg 683w, https:\/\/www.ecoitaliano.com.ar\/wp-content\/uploads\/2022\/10\/Javier-Camarena-Gemma-Escribano-8-100x150.jpg 100w\" sizes=\"(max-width: 1200px) 100vw, 1200px\" \/><\/a> <a href=\"http:\/\/www.ecoitaliano.com.ar\/wp-content\/uploads\/2022\/10\/Riccardo-Frizza-foto-\u00a9-Simone-Falcetta.jpg\"><img decoding=\"async\" class=\"alignnone size-full wp-image-28221\" src=\"http:\/\/www.ecoitaliano.com.ar\/wp-content\/uploads\/2022\/10\/Riccardo-Frizza-foto-\u00a9-Simone-Falcetta.jpg\" alt=\"\" width=\"932\" height=\"1252\" srcset=\"https:\/\/www.ecoitaliano.com.ar\/wp-content\/uploads\/2022\/10\/Riccardo-Frizza-foto-\u00a9-Simone-Falcetta.jpg 932w, https:\/\/www.ecoitaliano.com.ar\/wp-content\/uploads\/2022\/10\/Riccardo-Frizza-foto-\u00a9-Simone-Falcetta-223x300.jpg 223w, https:\/\/www.ecoitaliano.com.ar\/wp-content\/uploads\/2022\/10\/Riccardo-Frizza-foto-\u00a9-Simone-Falcetta-768x1032.jpg 768w, https:\/\/www.ecoitaliano.com.ar\/wp-content\/uploads\/2022\/10\/Riccardo-Frizza-foto-\u00a9-Simone-Falcetta-762x1024.jpg 762w, https:\/\/www.ecoitaliano.com.ar\/wp-content\/uploads\/2022\/10\/Riccardo-Frizza-foto-\u00a9-Simone-Falcetta-112x150.jpg 112w\" sizes=\"(max-width: 932px) 100vw, 932px\" \/><\/a> <a href=\"http:\/\/www.ecoitaliano.com.ar\/wp-content\/uploads\/2022\/10\/Riccardo-Frizza_portrait-by-\u00a9-Simone-Falcetta.jpg\"><img decoding=\"async\" class=\"alignnone size-full wp-image-28222\" src=\"http:\/\/www.ecoitaliano.com.ar\/wp-content\/uploads\/2022\/10\/Riccardo-Frizza_portrait-by-\u00a9-Simone-Falcetta.jpg\" alt=\"\" width=\"1092\" height=\"1636\" srcset=\"https:\/\/www.ecoitaliano.com.ar\/wp-content\/uploads\/2022\/10\/Riccardo-Frizza_portrait-by-\u00a9-Simone-Falcetta.jpg 1092w, https:\/\/www.ecoitaliano.com.ar\/wp-content\/uploads\/2022\/10\/Riccardo-Frizza_portrait-by-\u00a9-Simone-Falcetta-200x300.jpg 200w, https:\/\/www.ecoitaliano.com.ar\/wp-content\/uploads\/2022\/10\/Riccardo-Frizza_portrait-by-\u00a9-Simone-Falcetta-768x1151.jpg 768w, https:\/\/www.ecoitaliano.com.ar\/wp-content\/uploads\/2022\/10\/Riccardo-Frizza_portrait-by-\u00a9-Simone-Falcetta-684x1024.jpg 684w, https:\/\/www.ecoitaliano.com.ar\/wp-content\/uploads\/2022\/10\/Riccardo-Frizza_portrait-by-\u00a9-Simone-Falcetta-100x150.jpg 100w\" sizes=\"(max-width: 1092px) 100vw, 1092px\" \/><\/a> <a href=\"http:\/\/www.ecoitaliano.com.ar\/wp-content\/uploads\/2022\/10\/Sesto-Quatrini-ph-Fabrizio-Sansoni.jp_.jpg\"><img decoding=\"async\" class=\"alignnone size-full wp-image-28223\" src=\"http:\/\/www.ecoitaliano.com.ar\/wp-content\/uploads\/2022\/10\/Sesto-Quatrini-ph-Fabrizio-Sansoni.jp_.jpg\" alt=\"\" width=\"5379\" height=\"3586\" srcset=\"https:\/\/www.ecoitaliano.com.ar\/wp-content\/uploads\/2022\/10\/Sesto-Quatrini-ph-Fabrizio-Sansoni.jp_.jpg 5379w, https:\/\/www.ecoitaliano.com.ar\/wp-content\/uploads\/2022\/10\/Sesto-Quatrini-ph-Fabrizio-Sansoni.jp_-300x200.jpg 300w, https:\/\/www.ecoitaliano.com.ar\/wp-content\/uploads\/2022\/10\/Sesto-Quatrini-ph-Fabrizio-Sansoni.jp_-768x512.jpg 768w, https:\/\/www.ecoitaliano.com.ar\/wp-content\/uploads\/2022\/10\/Sesto-Quatrini-ph-Fabrizio-Sansoni.jp_-1024x683.jpg 1024w, https:\/\/www.ecoitaliano.com.ar\/wp-content\/uploads\/2022\/10\/Sesto-Quatrini-ph-Fabrizio-Sansoni.jp_-150x100.jpg 150w\" sizes=\"(max-width: 5379px) 100vw, 5379px\" \/><\/a><\/p>\n<figure id=\"attachment_28224\" aria-describedby=\"caption-attachment-28224\" style=\"width: 4041px\" class=\"wp-caption alignnone\"><a href=\"http:\/\/www.ecoitaliano.com.ar\/wp-content\/uploads\/2022\/10\/SPAGNOLI-colour-3.jpg\"><img decoding=\"async\" class=\"size-full wp-image-28224\" src=\"http:\/\/www.ecoitaliano.com.ar\/wp-content\/uploads\/2022\/10\/SPAGNOLI-colour-3.jpg\" alt=\"\" width=\"4041\" height=\"6061\" srcset=\"https:\/\/www.ecoitaliano.com.ar\/wp-content\/uploads\/2022\/10\/SPAGNOLI-colour-3.jpg 4041w, https:\/\/www.ecoitaliano.com.ar\/wp-content\/uploads\/2022\/10\/SPAGNOLI-colour-3-200x300.jpg 200w, https:\/\/www.ecoitaliano.com.ar\/wp-content\/uploads\/2022\/10\/SPAGNOLI-colour-3-768x1152.jpg 768w, https:\/\/www.ecoitaliano.com.ar\/wp-content\/uploads\/2022\/10\/SPAGNOLI-colour-3-683x1024.jpg 683w, https:\/\/www.ecoitaliano.com.ar\/wp-content\/uploads\/2022\/10\/SPAGNOLI-colour-3-100x150.jpg 100w\" sizes=\"(max-width: 4041px) 100vw, 4041px\" \/><\/a><figcaption id=\"caption-attachment-28224\" class=\"wp-caption-text\">Fotograf\u00eda realizada por la fot\u00f3grafa Maribel Server en Valencia. Sesi\u00f3n test para modelos y agencias.<br \/>M\u00e1s informaci\u00f3n en https:\/\/www.maribelserver.com<\/figcaption><\/figure>\n<p><a href=\"http:\/\/www.ecoitaliano.com.ar\/wp-content\/uploads\/2022\/10\/Stroppa-MG_1310-copiaqlr.jpg\"><img decoding=\"async\" class=\"alignnone size-full wp-image-28225\" src=\"http:\/\/www.ecoitaliano.com.ar\/wp-content\/uploads\/2022\/10\/Stroppa-MG_1310-copiaqlr.jpg\" alt=\"\" width=\"5616\" height=\"3744\" srcset=\"https:\/\/www.ecoitaliano.com.ar\/wp-content\/uploads\/2022\/10\/Stroppa-MG_1310-copiaqlr.jpg 5616w, https:\/\/www.ecoitaliano.com.ar\/wp-content\/uploads\/2022\/10\/Stroppa-MG_1310-copiaqlr-300x200.jpg 300w, https:\/\/www.ecoitaliano.com.ar\/wp-content\/uploads\/2022\/10\/Stroppa-MG_1310-copiaqlr-768x512.jpg 768w, https:\/\/www.ecoitaliano.com.ar\/wp-content\/uploads\/2022\/10\/Stroppa-MG_1310-copiaqlr-1024x683.jpg 1024w, https:\/\/www.ecoitaliano.com.ar\/wp-content\/uploads\/2022\/10\/Stroppa-MG_1310-copiaqlr-150x100.jpg 150w\" sizes=\"(max-width: 5616px) 100vw, 5616px\" \/><\/a> <a href=\"http:\/\/www.ecoitaliano.com.ar\/wp-content\/uploads\/2022\/10\/Valentina-Carrasco_2.jpg\"><img decoding=\"async\" class=\"alignnone size-full wp-image-28226\" src=\"http:\/\/www.ecoitaliano.com.ar\/wp-content\/uploads\/2022\/10\/Valentina-Carrasco_2.jpg\" alt=\"\" width=\"2912\" height=\"4368\" srcset=\"https:\/\/www.ecoitaliano.com.ar\/wp-content\/uploads\/2022\/10\/Valentina-Carrasco_2.jpg 2912w, https:\/\/www.ecoitaliano.com.ar\/wp-content\/uploads\/2022\/10\/Valentina-Carrasco_2-200x300.jpg 200w, https:\/\/www.ecoitaliano.com.ar\/wp-content\/uploads\/2022\/10\/Valentina-Carrasco_2-768x1152.jpg 768w, https:\/\/www.ecoitaliano.com.ar\/wp-content\/uploads\/2022\/10\/Valentina-Carrasco_2-683x1024.jpg 683w, https:\/\/www.ecoitaliano.com.ar\/wp-content\/uploads\/2022\/10\/Valentina-Carrasco_2-100x150.jpg 100w\" sizes=\"(max-width: 2912px) 100vw, 2912px\" \/><\/a> <a href=\"http:\/\/www.ecoitaliano.com.ar\/wp-content\/uploads\/2022\/10\/VincenzoMilletari_\u00a9MarcoBorrelli_01594_2.jpg\"><img decoding=\"async\" class=\"alignnone size-full wp-image-28227\" src=\"http:\/\/www.ecoitaliano.com.ar\/wp-content\/uploads\/2022\/10\/VincenzoMilletari_\u00a9MarcoBorrelli_01594_2.jpg\" alt=\"\" width=\"3902\" height=\"5307\" srcset=\"https:\/\/www.ecoitaliano.com.ar\/wp-content\/uploads\/2022\/10\/VincenzoMilletari_\u00a9MarcoBorrelli_01594_2.jpg 3902w, https:\/\/www.ecoitaliano.com.ar\/wp-content\/uploads\/2022\/10\/VincenzoMilletari_\u00a9MarcoBorrelli_01594_2-221x300.jpg 221w, https:\/\/www.ecoitaliano.com.ar\/wp-content\/uploads\/2022\/10\/VincenzoMilletari_\u00a9MarcoBorrelli_01594_2-768x1045.jpg 768w, https:\/\/www.ecoitaliano.com.ar\/wp-content\/uploads\/2022\/10\/VincenzoMilletari_\u00a9MarcoBorrelli_01594_2-753x1024.jpg 753w, https:\/\/www.ecoitaliano.com.ar\/wp-content\/uploads\/2022\/10\/VincenzoMilletari_\u00a9MarcoBorrelli_01594_2-110x150.jpg 110w\" sizes=\"(max-width: 3902px) 100vw, 3902px\" \/><\/a><\/p>\n<p><a href=\"http:\/\/www.ecoitaliano.com.ar\/wp-content\/uploads\/2022\/10\/ff5d490cf14543eae55e4fe376895874JCwFcM7LaylhSwzz-0.jpg\"><img decoding=\"async\" class=\"alignnone size-full wp-image-28228\" src=\"http:\/\/www.ecoitaliano.com.ar\/wp-content\/uploads\/2022\/10\/ff5d490cf14543eae55e4fe376895874JCwFcM7LaylhSwzz-0.jpg\" alt=\"\" width=\"1653\" height=\"2338\" srcset=\"https:\/\/www.ecoitaliano.com.ar\/wp-content\/uploads\/2022\/10\/ff5d490cf14543eae55e4fe376895874JCwFcM7LaylhSwzz-0.jpg 1653w, https:\/\/www.ecoitaliano.com.ar\/wp-content\/uploads\/2022\/10\/ff5d490cf14543eae55e4fe376895874JCwFcM7LaylhSwzz-0-212x300.jpg 212w, https:\/\/www.ecoitaliano.com.ar\/wp-content\/uploads\/2022\/10\/ff5d490cf14543eae55e4fe376895874JCwFcM7LaylhSwzz-0-768x1086.jpg 768w, https:\/\/www.ecoitaliano.com.ar\/wp-content\/uploads\/2022\/10\/ff5d490cf14543eae55e4fe376895874JCwFcM7LaylhSwzz-0-724x1024.jpg 724w, https:\/\/www.ecoitaliano.com.ar\/wp-content\/uploads\/2022\/10\/ff5d490cf14543eae55e4fe376895874JCwFcM7LaylhSwzz-0-106x150.jpg 106w\" sizes=\"(max-width: 1653px) 100vw, 1653px\" \/><\/a> <a href=\"http:\/\/www.ecoitaliano.com.ar\/wp-content\/uploads\/2022\/10\/ff5d490cf14543eae55e4fe376895874JCwFcM7LaylhSwzz-1.jpg\"><img decoding=\"async\" class=\"alignnone size-full wp-image-28229\" src=\"http:\/\/www.ecoitaliano.com.ar\/wp-content\/uploads\/2022\/10\/ff5d490cf14543eae55e4fe376895874JCwFcM7LaylhSwzz-1.jpg\" alt=\"\" width=\"1653\" height=\"2338\" srcset=\"https:\/\/www.ecoitaliano.com.ar\/wp-content\/uploads\/2022\/10\/ff5d490cf14543eae55e4fe376895874JCwFcM7LaylhSwzz-1.jpg 1653w, https:\/\/www.ecoitaliano.com.ar\/wp-content\/uploads\/2022\/10\/ff5d490cf14543eae55e4fe376895874JCwFcM7LaylhSwzz-1-212x300.jpg 212w, https:\/\/www.ecoitaliano.com.ar\/wp-content\/uploads\/2022\/10\/ff5d490cf14543eae55e4fe376895874JCwFcM7LaylhSwzz-1-768x1086.jpg 768w, https:\/\/www.ecoitaliano.com.ar\/wp-content\/uploads\/2022\/10\/ff5d490cf14543eae55e4fe376895874JCwFcM7LaylhSwzz-1-724x1024.jpg 724w, https:\/\/www.ecoitaliano.com.ar\/wp-content\/uploads\/2022\/10\/ff5d490cf14543eae55e4fe376895874JCwFcM7LaylhSwzz-1-106x150.jpg 106w\" sizes=\"(max-width: 1653px) 100vw, 1653px\" \/><\/a> <a href=\"http:\/\/www.ecoitaliano.com.ar\/wp-content\/uploads\/2022\/10\/ff5d490cf14543eae55e4fe376895874JCwFcM7LaylhSwzz-2.jpg\"><img decoding=\"async\" class=\"alignnone size-full wp-image-28230\" src=\"http:\/\/www.ecoitaliano.com.ar\/wp-content\/uploads\/2022\/10\/ff5d490cf14543eae55e4fe376895874JCwFcM7LaylhSwzz-2.jpg\" alt=\"\" width=\"1653\" height=\"2338\" srcset=\"https:\/\/www.ecoitaliano.com.ar\/wp-content\/uploads\/2022\/10\/ff5d490cf14543eae55e4fe376895874JCwFcM7LaylhSwzz-2.jpg 1653w, https:\/\/www.ecoitaliano.com.ar\/wp-content\/uploads\/2022\/10\/ff5d490cf14543eae55e4fe376895874JCwFcM7LaylhSwzz-2-212x300.jpg 212w, https:\/\/www.ecoitaliano.com.ar\/wp-content\/uploads\/2022\/10\/ff5d490cf14543eae55e4fe376895874JCwFcM7LaylhSwzz-2-768x1086.jpg 768w, https:\/\/www.ecoitaliano.com.ar\/wp-content\/uploads\/2022\/10\/ff5d490cf14543eae55e4fe376895874JCwFcM7LaylhSwzz-2-724x1024.jpg 724w, https:\/\/www.ecoitaliano.com.ar\/wp-content\/uploads\/2022\/10\/ff5d490cf14543eae55e4fe376895874JCwFcM7LaylhSwzz-2-106x150.jpg 106w\" sizes=\"(max-width: 1653px) 100vw, 1653px\" \/><\/a><\/p>\n<p><a href=\"http:\/\/www.ecoitaliano.com.ar\/wp-content\/uploads\/2022\/10\/03-DO2022-opere.jpg\"><img decoding=\"async\" class=\"alignnone size-full wp-image-28231\" src=\"http:\/\/www.ecoitaliano.com.ar\/wp-content\/uploads\/2022\/10\/03-DO2022-opere.jpg\" alt=\"\" width=\"1654\" height=\"2339\" srcset=\"https:\/\/www.ecoitaliano.com.ar\/wp-content\/uploads\/2022\/10\/03-DO2022-opere.jpg 1654w, https:\/\/www.ecoitaliano.com.ar\/wp-content\/uploads\/2022\/10\/03-DO2022-opere-212x300.jpg 212w, https:\/\/www.ecoitaliano.com.ar\/wp-content\/uploads\/2022\/10\/03-DO2022-opere-768x1086.jpg 768w, https:\/\/www.ecoitaliano.com.ar\/wp-content\/uploads\/2022\/10\/03-DO2022-opere-724x1024.jpg 724w, https:\/\/www.ecoitaliano.com.ar\/wp-content\/uploads\/2022\/10\/03-DO2022-opere-106x150.jpg 106w\" sizes=\"(max-width: 1654px) 100vw, 1654px\" \/><\/a><\/p>\n<p><a href=\"http:\/\/www.ecoitaliano.com.ar\/wp-content\/uploads\/2022\/10\/04-DO2022-direttori_pages-to-jpg-0001.jpg\"><img decoding=\"async\" class=\"alignnone size-full wp-image-28232\" src=\"http:\/\/www.ecoitaliano.com.ar\/wp-content\/uploads\/2022\/10\/04-DO2022-direttori_pages-to-jpg-0001.jpg\" alt=\"\" width=\"1241\" height=\"1755\" srcset=\"https:\/\/www.ecoitaliano.com.ar\/wp-content\/uploads\/2022\/10\/04-DO2022-direttori_pages-to-jpg-0001.jpg 1241w, https:\/\/www.ecoitaliano.com.ar\/wp-content\/uploads\/2022\/10\/04-DO2022-direttori_pages-to-jpg-0001-212x300.jpg 212w, https:\/\/www.ecoitaliano.com.ar\/wp-content\/uploads\/2022\/10\/04-DO2022-direttori_pages-to-jpg-0001-768x1086.jpg 768w, https:\/\/www.ecoitaliano.com.ar\/wp-content\/uploads\/2022\/10\/04-DO2022-direttori_pages-to-jpg-0001-724x1024.jpg 724w, https:\/\/www.ecoitaliano.com.ar\/wp-content\/uploads\/2022\/10\/04-DO2022-direttori_pages-to-jpg-0001-106x150.jpg 106w\" sizes=\"(max-width: 1241px) 100vw, 1241px\" \/><\/a><\/p>\n<p><a href=\"http:\/\/www.ecoitaliano.com.ar\/wp-content\/uploads\/2022\/10\/05-DO2022-registi_pages-to-jpg-0001.jpg\"><img decoding=\"async\" class=\"alignnone size-full wp-image-28233\" src=\"http:\/\/www.ecoitaliano.com.ar\/wp-content\/uploads\/2022\/10\/05-DO2022-registi_pages-to-jpg-0001.jpg\" alt=\"\" width=\"1241\" height=\"1755\" srcset=\"https:\/\/www.ecoitaliano.com.ar\/wp-content\/uploads\/2022\/10\/05-DO2022-registi_pages-to-jpg-0001.jpg 1241w, https:\/\/www.ecoitaliano.com.ar\/wp-content\/uploads\/2022\/10\/05-DO2022-registi_pages-to-jpg-0001-212x300.jpg 212w, https:\/\/www.ecoitaliano.com.ar\/wp-content\/uploads\/2022\/10\/05-DO2022-registi_pages-to-jpg-0001-768x1086.jpg 768w, https:\/\/www.ecoitaliano.com.ar\/wp-content\/uploads\/2022\/10\/05-DO2022-registi_pages-to-jpg-0001-724x1024.jpg 724w, https:\/\/www.ecoitaliano.com.ar\/wp-content\/uploads\/2022\/10\/05-DO2022-registi_pages-to-jpg-0001-106x150.jpg 106w\" sizes=\"(max-width: 1241px) 100vw, 1241px\" \/><\/a> <a href=\"http:\/\/www.ecoitaliano.com.ar\/wp-content\/uploads\/2022\/10\/05-DO2022-registi_pages-to-jpg-0002.jpg\"><img decoding=\"async\" class=\"alignnone size-full wp-image-28234\" src=\"http:\/\/www.ecoitaliano.com.ar\/wp-content\/uploads\/2022\/10\/05-DO2022-registi_pages-to-jpg-0002.jpg\" alt=\"\" width=\"1241\" height=\"1755\" srcset=\"https:\/\/www.ecoitaliano.com.ar\/wp-content\/uploads\/2022\/10\/05-DO2022-registi_pages-to-jpg-0002.jpg 1241w, https:\/\/www.ecoitaliano.com.ar\/wp-content\/uploads\/2022\/10\/05-DO2022-registi_pages-to-jpg-0002-212x300.jpg 212w, https:\/\/www.ecoitaliano.com.ar\/wp-content\/uploads\/2022\/10\/05-DO2022-registi_pages-to-jpg-0002-768x1086.jpg 768w, https:\/\/www.ecoitaliano.com.ar\/wp-content\/uploads\/2022\/10\/05-DO2022-registi_pages-to-jpg-0002-724x1024.jpg 724w, https:\/\/www.ecoitaliano.com.ar\/wp-content\/uploads\/2022\/10\/05-DO2022-registi_pages-to-jpg-0002-106x150.jpg 106w\" sizes=\"(max-width: 1241px) 100vw, 1241px\" \/><\/a><\/p>\n<p><a href=\"http:\/\/www.ecoitaliano.com.ar\/wp-content\/uploads\/2022\/10\/06-DO2022-illustrazioni_page-0001.jpg\"><img decoding=\"async\" class=\"alignnone size-full wp-image-28235\" src=\"http:\/\/www.ecoitaliano.com.ar\/wp-content\/uploads\/2022\/10\/06-DO2022-illustrazioni_page-0001.jpg\" alt=\"\" width=\"1241\" height=\"1755\" srcset=\"https:\/\/www.ecoitaliano.com.ar\/wp-content\/uploads\/2022\/10\/06-DO2022-illustrazioni_page-0001.jpg 1241w, https:\/\/www.ecoitaliano.com.ar\/wp-content\/uploads\/2022\/10\/06-DO2022-illustrazioni_page-0001-212x300.jpg 212w, https:\/\/www.ecoitaliano.com.ar\/wp-content\/uploads\/2022\/10\/06-DO2022-illustrazioni_page-0001-768x1086.jpg 768w, https:\/\/www.ecoitaliano.com.ar\/wp-content\/uploads\/2022\/10\/06-DO2022-illustrazioni_page-0001-724x1024.jpg 724w, https:\/\/www.ecoitaliano.com.ar\/wp-content\/uploads\/2022\/10\/06-DO2022-illustrazioni_page-0001-106x150.jpg 106w\" sizes=\"(max-width: 1241px) 100vw, 1241px\" \/><\/a><\/p>\n<p><a href=\"http:\/\/www.ecoitaliano.com.ar\/wp-content\/uploads\/2022\/10\/08-DO2022-Programma_page-0001.jpg\"><img decoding=\"async\" class=\"alignnone size-full wp-image-28236\" src=\"http:\/\/www.ecoitaliano.com.ar\/wp-content\/uploads\/2022\/10\/08-DO2022-Programma_page-0001.jpg\" alt=\"\" width=\"875\" height=\"1241\" srcset=\"https:\/\/www.ecoitaliano.com.ar\/wp-content\/uploads\/2022\/10\/08-DO2022-Programma_page-0001.jpg 875w, https:\/\/www.ecoitaliano.com.ar\/wp-content\/uploads\/2022\/10\/08-DO2022-Programma_page-0001-212x300.jpg 212w, https:\/\/www.ecoitaliano.com.ar\/wp-content\/uploads\/2022\/10\/08-DO2022-Programma_page-0001-768x1089.jpg 768w, https:\/\/www.ecoitaliano.com.ar\/wp-content\/uploads\/2022\/10\/08-DO2022-Programma_page-0001-722x1024.jpg 722w, https:\/\/www.ecoitaliano.com.ar\/wp-content\/uploads\/2022\/10\/08-DO2022-Programma_page-0001-106x150.jpg 106w\" sizes=\"(max-width: 875px) 100vw, 875px\" \/><\/a> <a href=\"http:\/\/www.ecoitaliano.com.ar\/wp-content\/uploads\/2022\/10\/08-DO2022-Programma_page-0002.jpg\"><img decoding=\"async\" class=\"alignnone size-full wp-image-28237\" src=\"http:\/\/www.ecoitaliano.com.ar\/wp-content\/uploads\/2022\/10\/08-DO2022-Programma_page-0002.jpg\" alt=\"\" width=\"875\" height=\"1241\" srcset=\"https:\/\/www.ecoitaliano.com.ar\/wp-content\/uploads\/2022\/10\/08-DO2022-Programma_page-0002.jpg 875w, https:\/\/www.ecoitaliano.com.ar\/wp-content\/uploads\/2022\/10\/08-DO2022-Programma_page-0002-212x300.jpg 212w, https:\/\/www.ecoitaliano.com.ar\/wp-content\/uploads\/2022\/10\/08-DO2022-Programma_page-0002-768x1089.jpg 768w, https:\/\/www.ecoitaliano.com.ar\/wp-content\/uploads\/2022\/10\/08-DO2022-Programma_page-0002-722x1024.jpg 722w, https:\/\/www.ecoitaliano.com.ar\/wp-content\/uploads\/2022\/10\/08-DO2022-Programma_page-0002-106x150.jpg 106w\" sizes=\"(max-width: 875px) 100vw, 875px\" \/><\/a> <a href=\"http:\/\/www.ecoitaliano.com.ar\/wp-content\/uploads\/2022\/10\/08-DO2022-Programma_page-0003.jpg\"><img decoding=\"async\" class=\"alignnone size-full wp-image-28238\" src=\"http:\/\/www.ecoitaliano.com.ar\/wp-content\/uploads\/2022\/10\/08-DO2022-Programma_page-0003.jpg\" alt=\"\" width=\"875\" height=\"1241\" srcset=\"https:\/\/www.ecoitaliano.com.ar\/wp-content\/uploads\/2022\/10\/08-DO2022-Programma_page-0003.jpg 875w, https:\/\/www.ecoitaliano.com.ar\/wp-content\/uploads\/2022\/10\/08-DO2022-Programma_page-0003-212x300.jpg 212w, https:\/\/www.ecoitaliano.com.ar\/wp-content\/uploads\/2022\/10\/08-DO2022-Programma_page-0003-768x1089.jpg 768w, https:\/\/www.ecoitaliano.com.ar\/wp-content\/uploads\/2022\/10\/08-DO2022-Programma_page-0003-722x1024.jpg 722w, https:\/\/www.ecoitaliano.com.ar\/wp-content\/uploads\/2022\/10\/08-DO2022-Programma_page-0003-106x150.jpg 106w\" sizes=\"(max-width: 875px) 100vw, 875px\" \/><\/a> <a href=\"http:\/\/www.ecoitaliano.com.ar\/wp-content\/uploads\/2022\/10\/08-DO2022-Programma_page-0004.jpg\"><img decoding=\"async\" class=\"alignnone size-full wp-image-28239\" src=\"http:\/\/www.ecoitaliano.com.ar\/wp-content\/uploads\/2022\/10\/08-DO2022-Programma_page-0004.jpg\" alt=\"\" width=\"875\" height=\"1241\" srcset=\"https:\/\/www.ecoitaliano.com.ar\/wp-content\/uploads\/2022\/10\/08-DO2022-Programma_page-0004.jpg 875w, https:\/\/www.ecoitaliano.com.ar\/wp-content\/uploads\/2022\/10\/08-DO2022-Programma_page-0004-212x300.jpg 212w, https:\/\/www.ecoitaliano.com.ar\/wp-content\/uploads\/2022\/10\/08-DO2022-Programma_page-0004-768x1089.jpg 768w, https:\/\/www.ecoitaliano.com.ar\/wp-content\/uploads\/2022\/10\/08-DO2022-Programma_page-0004-722x1024.jpg 722w, https:\/\/www.ecoitaliano.com.ar\/wp-content\/uploads\/2022\/10\/08-DO2022-Programma_page-0004-106x150.jpg 106w\" sizes=\"(max-width: 875px) 100vw, 875px\" \/><\/a><\/p>\n<p>&nbsp;<\/p>\n","protected":false},"excerpt":{"rendered":"<p>COMUNICATO STAMPA &nbsp; IL FESTIVAL 2022 DEDICATO AL RAPPORTO TRA GIOVANI E ADULTI: DUE TITOLI AL TEATRO DONIZETTI LA FAVORITE [&hellip;]<\/p>\n","protected":false},"author":1,"featured_media":0,"comment_status":"open","ping_status":"open","sticky":false,"template":"","format":"standard","meta":{"footnotes":""},"categories":[1],"tags":[],"class_list":["post-28210","post","type-post","status-publish","format-standard","hentry","category-sin-categoria"],"_links":{"self":[{"href":"https:\/\/www.ecoitaliano.com.ar\/index.php?rest_route=\/wp\/v2\/posts\/28210","targetHints":{"allow":["GET"]}}],"collection":[{"href":"https:\/\/www.ecoitaliano.com.ar\/index.php?rest_route=\/wp\/v2\/posts"}],"about":[{"href":"https:\/\/www.ecoitaliano.com.ar\/index.php?rest_route=\/wp\/v2\/types\/post"}],"author":[{"embeddable":true,"href":"https:\/\/www.ecoitaliano.com.ar\/index.php?rest_route=\/wp\/v2\/users\/1"}],"replies":[{"embeddable":true,"href":"https:\/\/www.ecoitaliano.com.ar\/index.php?rest_route=%2Fwp%2Fv2%2Fcomments&post=28210"}],"version-history":[{"count":0,"href":"https:\/\/www.ecoitaliano.com.ar\/index.php?rest_route=\/wp\/v2\/posts\/28210\/revisions"}],"wp:attachment":[{"href":"https:\/\/www.ecoitaliano.com.ar\/index.php?rest_route=%2Fwp%2Fv2%2Fmedia&parent=28210"}],"wp:term":[{"taxonomy":"category","embeddable":true,"href":"https:\/\/www.ecoitaliano.com.ar\/index.php?rest_route=%2Fwp%2Fv2%2Fcategories&post=28210"},{"taxonomy":"post_tag","embeddable":true,"href":"https:\/\/www.ecoitaliano.com.ar\/index.php?rest_route=%2Fwp%2Fv2%2Ftags&post=28210"}],"curies":[{"name":"wp","href":"https:\/\/api.w.org\/{rel}","templated":true}]}}