{"id":2923,"date":"2017-12-15T10:37:10","date_gmt":"2017-12-15T10:37:10","guid":{"rendered":"http:\/\/www.ecoitaliano.com.ar\/?p=2923"},"modified":"2017-12-15T10:37:10","modified_gmt":"2017-12-15T10:37:10","slug":"serena-conduce-operaclassica-eco-italiano-13","status":"publish","type":"post","link":"https:\/\/www.ecoitaliano.com.ar\/?p=2923","title":{"rendered":"Serena conduce operaclassica Eco Italiano"},"content":{"rendered":"<p>&nbsp;<\/p>\n<p><strong>Serena intervista il baritono Donato Di Gioia<\/strong><\/p>\n<p>&nbsp;<\/p>\n<p><iframe loading=\"lazy\" title=\"Serena interviews Donato Di Gioia, baritone San Carlo exclusive, Larkens\" width=\"500\" height=\"375\" src=\"https:\/\/www.youtube.com\/embed\/DjzD06m0Z5Y?feature=oembed\" frameborder=\"0\" allow=\"accelerometer; autoplay; clipboard-write; encrypted-media; gyroscope; picture-in-picture; web-share\" referrerpolicy=\"strict-origin-when-cross-origin\" allowfullscreen><\/iframe><\/p>\n<p>&nbsp;<\/p>\n<p><a href=\"http:\/\/www.ecoitaliano.com.ar\/wp-content\/uploads\/2017\/12\/25395196_1670933012953108_986206515_n.jpg\"><img decoding=\"async\" class=\"alignnone size-full wp-image-2924\" src=\"http:\/\/www.ecoitaliano.com.ar\/wp-content\/uploads\/2017\/12\/25395196_1670933012953108_986206515_n.jpg\" alt=\"\" width=\"630\" height=\"940\" srcset=\"https:\/\/www.ecoitaliano.com.ar\/wp-content\/uploads\/2017\/12\/25395196_1670933012953108_986206515_n.jpg 630w, https:\/\/www.ecoitaliano.com.ar\/wp-content\/uploads\/2017\/12\/25395196_1670933012953108_986206515_n-201x300.jpg 201w, https:\/\/www.ecoitaliano.com.ar\/wp-content\/uploads\/2017\/12\/25395196_1670933012953108_986206515_n-624x931.jpg 624w\" sizes=\"(max-width: 630px) 100vw, 630px\" \/><\/a><\/p>\n<p>&nbsp;<\/p>\n<p class=\"western\" lang=\"it-IT\"><span style=\"font-size: large;\"><b>Donato Di Gioia, baritono<\/b><\/span><\/p>\n<p class=\"western\" lang=\"it-IT\"><span style=\"font-size: large;\"><b>Biografia <\/b><\/span><\/p>\n<p class=\"western\" lang=\"it-IT\">Dal 1998 si esprime in un repertorio che spazia dall\u2019opera barocca al settecento buffo Paisielliano, passando per Rossini, Mozart, Donizetti, Verdi e Puccini, senza disdegnare produzioni veriste (Pagliacci\u00a0di Leoncavallo) o compositori dello scorso secolo, come Nino Rota (Notte di un nevrastenico) e Benjamin Britten (Billy Budd), solo per citarne alcuni.<\/p>\n<p class=\"western\" lang=\"it-IT\">Con all\u2019attivo pi\u00f9 di 40 personaggi, grazie alla sua duttilit\u00e0 vocale Donato Di Gioia ha calcato i palcoscenici delle maggiori Fondazioni liriche italiane, tra le quali il Teatro Regio di Torino, il Carlo Felice di Genova, l\u2019Arena di Verona, il Maggio Musicale Fiorentino, il Teatro Verdi di Trieste (che lo ha visto ospite fisso per cinque stagioni, premiandolo come miglior giovane cantante), l&#8217;Opera di Roma, il Puccini OperaFestival, il RavennaFestival, il Luglio Trapanese e i maggiori teatri di tradizione come l&#8217;Opera Giocosa di Savona, il Sociale di Como, il Grande di Brescia, il Donizetti di Bergamo, il Ponchielli di Cremona, il Comunale di Piacenza, il Comunale di Ferrara, il Verdi di Padova e molti altri.<\/p>\n<p class=\"western\" lang=\"it-IT\">\u00c8 stato ospite di prestigiose ribalte europee, come l\u2019Opera di Lubjana, il Teatro Real di Madrid, la Concertgebouw di Amsterdam, l&#8217;Opernhaus di Bayreuth, l&#8217;Opera di Cracovia (dove ha debuttato recentemente il ruolo del titolo nel\u00a0Don Giovanni\u00a0di Mozart), l&#8217;Opera Massy di Parigi, l&#8217;Opera di Varna in Bulgaria, in Giappone presso il Tokyo Bunkaikan, Nagasaky Opera, Osaka opera, in Canada presso la Place Des Arts di Montreal, Ottawa ed altri.<\/p>\n<p class=\"western\" lang=\"it-IT\">Ha cantato come solista al fianco del tenore Jose\u2019 Carreras in occasione della\u00a0Beatificazione per Padre Pio\u00a0di Sergio Rendine presso la sala Nervi di Citt\u00e0 del Vaticano in prima esecuzione mondiale al cospetto di Papa Wojtyla.<\/p>\n<p class=\"western\" lang=\"it-IT\">\u00c8 stato vincitore, tra gli altri, del Primo premio categoria maschile nel II\u00ba concorso internazionale intitolato a Gaspare Spontini.<\/p>\n<p class=\"western\" lang=\"it-IT\">Ha collaborato con prestigiosi direttori d\u2019orchestra, in importanti produzioni come:<\/p>\n<p class=\"western\" lang=\"it-IT\">P. Steinberg, con il quale nel febbraio 2014 ha inciso in DVD\u00a0Madama Butterfly\u00a0di Puccini, trasmessa da Rai5 e radio3 e in diretta streaming Mondiale nei migliori cinema e\u00a0Turandot, sempre trasmessa in diretta da Rai radio3 presso il Teatro Regio Di Torino);<\/p>\n<p class=\"western\" lang=\"it-IT\">Riccardo Muti\u00a0ne\u00a0I due Foscari\u00a0presso l&#8217;Opera di Roma, incisa in cd per l&#8217;etichetta Riccardo Muti Official nel marzo 2013;<\/p>\n<p class=\"western\" lang=\"it-IT\">Donato Renzetti\u00a0in\u00a0Assassinio nella Cattedrale\u00a0di Pizzetti presso il teatro Verdi di Trieste nel 2002 e\u00a0Traviata\u00a0trasmessa in diretta da Radio3 presso il Regio di Torino nell&#8217;ottobre 2013;<br \/>\nDaniel Oren, prendendo parte alla produzione del\u00a0Barbiere di Siviglia\u00a0di Rossini presso il Teatro Verdi di Salerno nel ruolo di Figaro nell&#8217;Aprile 2010;<\/p>\n<p class=\"western\" lang=\"it-IT\">Gianandrea Noseda\u00a0per la produzione del regio di Torino in Tourn\u00e9e a Tokyo della\u00a0Traviatacon Natalie Dessay, premiata come migliore esecuzione dell\u2019anno 2010 dalla critica Giapponese;<\/p>\n<p class=\"western\" lang=\"it-IT\">Lucas Borowicz\u00a0in Don Giovanni di W.A. Mozart in Polonia presso l&#8217;Opera di Cracovia nel febbraio 2009;<\/p>\n<p class=\"western\" lang=\"it-IT\">A. Barrese\u00a0in\u00a0Turandot\u00a0di Puccini presso Massy Opera de Paris Sud nel Gennaio 2009;<\/p>\n<p class=\"western\" lang=\"it-IT\">Bruno Campanella\u00a0in\u00a0Lucrezia Borgia\u00a0di Donizetti presso il teatro Regio di Torino nel marzo 2008;<\/p>\n<p class=\"western\" lang=\"it-IT\">Giampaolo Bisanti\u00a0in\u00a0Turandot\u00a0presso il Regio di Torino nel febbraio 2014,\u00a0Don Giovanni\u00a0dicembre 2007,\u00a0Boh\u00e8me\u00a0Agosto 2006,\u00a0PagliacciAgosto 2005 e\u00a0Barbiere di Siviglia\u00a0Novembre 2003 presso il BassanOperaFestival e il Sociale di Trento;<\/p>\n<p class=\"western\" lang=\"it-IT\">Jonathan Webb\u00a0in\u00a0Billy Budd\u00a0di Britten presso il Carlo Felice di Genova nel giugno 2005;<\/p>\n<p class=\"western\" lang=\"it-IT\">Julian Kovatchev\u00a0in\u00a0Carmen\u00a0di Bizet presso il Teatro Verdi di Trieste in giugno 2004;<\/p>\n<p class=\"western\" lang=\"it-IT\">Steve Mercurio\u00a0ne\u00a0la Fanciulla del West\u00a0di Puccini presso il Teatro Regio di Torino nel febbraio 2004;<\/p>\n<p class=\"western\" lang=\"it-IT\">Claudio Scimone, incidendo la\u00a0Turandot\u00a0presso il Puccini Festival di Torre del Lago nell&#8217;agosto 2002;<\/p>\n<p class=\"western\" lang=\"it-IT\">Fabrizio Maria Carminati\u00a0in\u00a0Madama Butterfly\u00a0di Puccini presso il Verdi di Trieste nell&#8217;aprile 2002 con Fiorenza Cedolins;<\/p>\n<p class=\"western\" lang=\"it-IT\">Stefano Ranzani\u00a0in\u00a0Madama Butterfly\u00a0con il Puccini Festival in Tourn\u00e9e in Giappone nell&#8217;agosto del 2001 al fianco di Daniela Dess\u00ed e Vincenzo La Scola;<\/p>\n<p class=\"western\" lang=\"it-IT\">Paolo Arrivabeni\u00a0in\u00a0La Notte di un Nevrastenico\u00a0di Nino Rota presso il Verdi di Trieste nel Gennaio 2001;<\/p>\n<p class=\"western\" lang=\"it-IT\">Giuliano Carella\u00a0nel\u00a0Barbiere di Siviglia\u00a0di Paisiello inciso in cd per Dynamic e VHS per Telepi\u00f9 presso il teatro Verdi di Trieste nell&#8217;aprile 2000 e nell&#8217;Oratorio\u00a0La Resurrezione di Cristo\u00a0di Perosi presso l&#8217;Arena di Verona nel 1999;<\/p>\n<p class=\"western\" lang=\"it-IT\">Roberto Rizzi Brignoli\u00a0in\u00a0Nozze di Figaro\u00a0di Mozart presso il Verdi Trieste nel marzo del 2000,<\/p>\n<p class=\"western\" lang=\"it-IT\">ma anche T. Severini M. De Bernart, G. Di Stefano, Eric Hull, Michelle Brousseau, Gian-Luc Taingaud, Christoph Campestrini, ecc.<\/p>\n<p class=\"western\" lang=\"it-IT\">\u00c8 stato diretto da registi del calibro di Werner Herzog, Hugo De Hana, Giancarlo Del Monaco, Federico Tiezzi, Emil Sagi, Serena Sinigaglia, Denis Krief, Laurent Pelly, Willy Decker, Damiano Michieletto, Giuliano Montaldo, Riccardo Canessa, Francesco Esposito, ecc.<\/p>\n<p class=\"western\" lang=\"it-IT\">Tra i recenti debutti protagonistici gli piace ricordare:<\/p>\n<p class=\"western\" lang=\"it-IT\">Uberto ne\u00a0La Serva Padrona\u00a0di G. Pergolesi presso il Maggio Fiorentino diretto da Massimiliano Caldi (novembre 2013);<\/p>\n<p class=\"western\" lang=\"it-IT\">il ruolo del \u00abtiempo\u00bb nella zarzuela\u00a0Los Elementos\u00a0di A. De Literes diretto da E. Mater con l&#8217;ensemble barocco Le Tendre Amour in una tourn\u00e9e che, partita dal Festival di Klagenfurt (Austria), \u00e8 approdata con un arco temporale di 2 anni presso i pi\u00f9 importanti festival barocchi Europei, ricevendo premi e menzioni, tra cui il premio Lukacic come miglior esecuzione dell&#8217;anno 2013 presso il Varadzine Baroque Festival (Croazia) da settembre 2011 a ottobre 2013;<\/p>\n<p class=\"western\" lang=\"it-IT\">Parmenione nell\u2019Occasione fa il Ladro\u00a0di Rossini per Opera In Canto con la direzione di Fabio Maestri presso i teatri Secci di Terni e Narni (PG) nell&#8217;ottobre 2011 e per l&#8217;Orchestra Barcelona Concertante diretto da A. Nese presso il teatro Sarri\u00e1 di Barcellona (maggio 2014);<\/p>\n<p class=\"western\" lang=\"it-IT\">Bruschino nel\u00a0Signor Bruschino\u00a0di Rossini per L&#8217;Orchestra Barcelona Concertante diretto da A. Nese presso il teatro Sarri\u00e1 di Barcellona (giugno 2013);<\/p>\n<p class=\"western\" lang=\"it-IT\">il\u00a0Don Giovanni\u00a0di Mozart nel ruolo del titolo presso L&#8217;Opera di Krakow (Polonia) diretto da Lucas Borowicz (febbraio 2009, febbraio 2013);<\/p>\n<p class=\"western\" lang=\"it-IT\">Albert in\u00a0Werther\u00a0di Massenet con regia scene e costumi di Artemio Cabassi e la direzione di Stefano Giaroli presso il Magnani di Fidenza (marzo 2013);<\/p>\n<p class=\"western\" lang=\"it-IT\">Germont Padre in\u00a0Traviata\u00a0di G. Verdi diretto da Pietro Mianiti presso il Teatro Rendano di Cosenza (maggio 2013);<\/p>\n<p class=\"western\" lang=\"it-IT\">Dulcamara in\u00a0Elisir d&#8217;amore\u00a0presso il Sebino Summer Festival (luglio 2012);<\/p>\n<p class=\"western\" lang=\"it-IT\">il Conte di Tolosa nello\u00a0Jerusalem\u00a0di G. Verdi diretto da M. Dallara presso il Teatro Magnani di Fidenza (novembre 2013);<\/p>\n<p class=\"western\" lang=\"it-IT\">Monforte in\u00a0Vespri Siciliani\u00a0di G. Verdi diretto da M. Beretta presso il comunale di Piacenza (novembre 2013);<\/p>\n<p class=\"western\" lang=\"it-IT\">Bartolo in\u00a0Mercedes\u00a0del Conte Pepoli eseguito in prima Mondiale con la direzione di Francesco Ledda presso l&#8217;Ente Luglio Trapanese inciso in DVD per la Bongiovanni (luglio 2013);<\/p>\n<p class=\"western\" lang=\"it-IT\">Schaunard in\u00a0Boh\u00e8me\u00a0di G. puccini eseguito in varie produzioni diretto da Stefano Romani, G. Bisanti, M. Balderi ecc. presso vari enti e teatri di tradizione Italiani (da ottobre 2011 a luglio 2013);<\/p>\n<p class=\"western\" lang=\"it-IT\">Ping in\u00a0Turandot\u00a0di G. Puccini con la pluripremiata regia di Giuliano Montaldo diretto da P. Steinberg presso il Teatro Regio di Torino (febbraio 2014);<\/p>\n<p class=\"western\" lang=\"it-IT\">il ruolo di Figaro ne\u00a0il Barbiere di Siviglia\u00a0di Rossini con l&#8217;orchestra Citt\u00e0 di Ferrara per la stagione del comunale di Ferrara presso il Castello Estense con la direzione del Maestro Mauro Perissinotto (luglio 2014);<\/p>\n<p class=\"western\" lang=\"it-IT\">Marcello in\u00a0Boh\u00e8me\u00a0di G. Puccini presso il Ravello Festival con la regia di Riccardo Canessa (settembre 2014).<\/p>\n<p class=\"western\" lang=\"it-IT\">Affianca alla carriera teatrale un&#8217;altrettanto intensa carriera concertistica che lo ha portato ad esibirsi presso le maggiori sale da concerto d&#8217;Europa e d&#8217;America sempre nel repertorio belcantistico (citiamo come esempi la Concertgebouw di Amsterdam per il Gala\u00a0Signor Bruschino\u00a0di Rossini ed il teatro Maisonneuve presso la Place Des Arts a Montreal per il Gala\u00a0Les grands Aires Italienne).<\/p>\n<p class=\"western\" lang=\"it-IT\">Formazione<\/p>\n<p class=\"western\" lang=\"it-IT\">Nato a Campobasso, citt\u00e0 che lo ha visto crescere culturalmente ed artisticamente, dopo aver completato gli studi magistrali e quelli di violino principale presso il conservatorio cittadino, acquisisce le prime nozioni di tecnica vocale sotto la guida dell\u2019affermato cantante Bruno Pratic\u00f2, proseguendo successivamente gli studi con il maestro Paride Venturi e con il baritono toscano Carlo Meliciani.<\/p>\n<p class=\"western\" lang=\"it-IT\">Vincitore di una borsa di studio presso l\u2019Accademia Internazionale del Teatro Citta\u2019 di Cagli (PS), ha perfezionato la corretta emissione attraverso i suggerimenti del maestro Mario Melani (insigne Maestro presso il Colon di Buenos Aires, fondatore dell\u2019accademia di Osimo e tra i maggiori fautori della renaissance Rossiniana a Pesaro).<\/p>\n<p class=\"western\" lang=\"it-IT\">Nel contempo approfondisce lo studio tecnico e il perfezionamento stilistico attraverso i consigli del famoso tenore Raul Gimenez del quale \u00e8 stato assistente in varie masterclass tenute tra Spagna ed Italia, nonch\u00e8 collega in vari gal\u00e0 della voce, tra i quali quello tenutosi presso il Teatro Alighieri di Ravenna con la partecipazione, tra gli altri, del tenore Andrea Bocelli.<\/p>\n<p class=\"western\" lang=\"it-IT\">Futuri impegni<\/p>\n<p class=\"western\" lang=\"it-IT\">Per la Stagione del Teatro Superga di Nichelino interpreter\u00e0 il prossimo dicembre il ruolo di Dandini in\u00a0Cenerentola\u00a0di G. Rossini e nel mese di Marzo 2015 il Conte nelle\u00a0Nozze di Figaro\u00a0di W.A. Mozart.<\/p>\n<p class=\"western\" lang=\"it-IT\">A maggio vestir\u00e0 invece i panni di Ford nel\u00a0Falstaff\u00a0di G. Verdi.<\/p>\n<p class=\"western\" lang=\"it-IT\">In Giugno canter\u00e0 Figaro presso la reggia di Stupinigi.<\/p>\n<p class=\"western\" lang=\"it-IT\">In novembre sar\u00e1 impegnato in un recital presso il Musashino Bunka Kaikan di Tokyo in Giappone.<\/p>\n<p class=\"western\" lang=\"it-IT\"><span style=\"font-size: large;\"><b>Donato Di Gioia, baritone<\/b><\/span><\/p>\n<p class=\"western\" lang=\"it-IT\"><span style=\"font-size: large;\"><b>Biography<\/b><\/span><\/p>\n<p class=\"western\" lang=\"it-IT\">It is expressed in a repertoire that ranges from baroque opera to the Paisiello eighteenth century, passing by Rossini, Mozart, Donizetti, Verdi and Puccini, without disdaining veristic productions how(Pagliacci of Leoncavallo), or of the last century composers like Nino Rota (night of a neurasthenic) and Benjamin Britten (billy budd) just to name a few.<br \/>\nInterpreting mainly Figaro in The Barber of Seville, Mozart&#8217;s Don Giovanni, father Germont in La Traviata and Dulcamara in L&#8217;Elisir d&#8217;amore, Marcello and Schaunard in La Boh\u00e8me, Ping in Turandot, etc., with assets of more &#8216;than 40 roles due to its ductility&#8217; voice, Donato Di Gioia has trod the stages of the major Italian opera foundations, including the Teatro Regio in Turin, the Carlo Felice in Genova, the Arena of Verona, the Maggio Musicale Fiorentino, The G. Verdi in Trieste (which saw him haunt for five seasons awarding it how best young singer), the Rome Operahouse, the Puccini OperaFestival, the RavennaFestival, the Ferrara OperaHouse and many other.<\/p>\n<p class=\"western\" lang=\"it-IT\">It &#8216;been a guest artist of prestigious European foreign flaps as the Ljubljana Opera, Teatro Real in Madrid, the Concertgebouw in Amsterdam, Bayreuth Opernhaus, Krakow Opera in Poland(where he recently debuted the title role in Mozart&#8217;s Don Giovanni) Massy Opera of Paris, Bulgarian Varna OperaHouse, in Japan at the Tokyo Bunkaikan, Nagasaki Opera, Osaka Opera, in Canada to the \u00abhall Maisonneuve\u00bb at Place Des Arts in Montreal, Ottawa and others.<\/p>\n<p class=\"western\" lang=\"it-IT\">He has performed as soloist with the tenor Jose &#8216;Carreras at the \u00abbeatification of Padre Pio\u00bb by Sergio Rendine in the Nervi hall of Citta&#8217; del Vaticano world premi\u00e8re at the Vatican before Pope Woitila.<\/p>\n<p class=\"western\" lang=\"it-IT\">It &#8216;was the winner, among others, the first prize in the men&#8217;s category of II \u00ba international singing competition of the composer Gaspare Spontini.<\/p>\n<p class=\"western\" lang=\"it-IT\">He has collaborated with renowned conductors, in major productions such as :<\/p>\n<p class=\"western\" lang=\"it-IT\">P. Steinberg (with whom he recorded respectively in February 2014 in DVD Madama Butterfly by G. Puccini transmitted by Rai5 and Radio3 and live streaming World in the best cinema movie ever and Turandot broadcast live on Rai Radio3 at the Teatro Regio of Turin),<\/p>\n<p class=\"western\" lang=\"it-IT\">Riccardo Muti ( in I due Foscari at the Opera of Rome engraved on CD for the label Riccardo Muti Official in March 2013),<\/p>\n<p class=\"western\" lang=\"it-IT\">Donato Renzetti ( in Murder in the Cathedral of Pizzetti at the Teatro Verdi in Trieste 2002, and broadcast live on Radio 3 Traviata at the Teatro Regio in Turin in October 2013 ) ,<\/p>\n<p class=\"western\" lang=\"it-IT\">Daniel Oren (taking part in the production of Rossini &#8216;s Barber of Seville at the Teatro Verdi in Salerno in the role of Figaro in April 2010 ) ,<\/p>\n<p class=\"western\" lang=\"it-IT\">Gianandrea Noseda ( for the production of the royal tour of Turin in &#8216; La Traviata in Tokyo , awarded the best performance of the year 2010 by Japanese critics , with Natalie Dessay ),<\/p>\n<p class=\"western\" lang=\"it-IT\">Lucas Borowicz ( in Don Giovanni by WA Mozart in Poland at the Krakow Opera in February 2009 ),<\/p>\n<p class=\"western\" lang=\"it-IT\">A. Barrese ( in Puccini&#8217;s Turandot at Opera de Paris Sud Massy in January 2009),<\/p>\n<p class=\"western\" lang=\"it-IT\">Bruno Campanella ( in Donizetti&#8217;s Lucrezia Borgia at the Teatro Regio in Turin in March 2008),<\/p>\n<p class=\"western\" lang=\"it-IT\">Giampaolo Bisanti ( in Turandot at the Teatro Regio in Turin in February 2014, Don Giovanni in December 2007 , August 2006 Boh\u00e8me , Pagliacci August 2005 and November 2003 Barber of Seville at the BassanOperaFestival and the Th\u00e9\u00e2tre of Trento),<\/p>\n<p class=\"western\" lang=\"it-IT\">Jonathan Webb ( in Britten&#8217;s Billy Budd at the Carlo Felice in Genoa in June 2005 ) ,<\/p>\n<p class=\"western\" lang=\"it-IT\">Julian Kovatchev ( in Bizet&#8217;s Carmen at the Teatro Verdi in Trieste in June 2004)<\/p>\n<p class=\"western\" lang=\"it-IT\">Steve Mercurio ( in la Fanciulla del West by Puccini at the Teatro Regio in Turin February 2004) ,<\/p>\n<p class=\"western\" lang=\"it-IT\">Claudio Scimone ( for the Turandot DVD at the Puccini Festival in Torre del Lago August 2002 )<\/p>\n<p class=\"western\" lang=\"it-IT\">Fabrizio Maria Carminati ( in Puccini&#8217;s Madama Butterfly at the Verdi of Trieste in April 2002 with Fiorenza Cedolinis )<\/p>\n<p class=\"western\" lang=\"it-IT\">Stefano Ranzani ( in Madama Butterfly with the Puccini Festival in Tour of Japan in August 2001 with Daniela Dess\u00ed and Vincenzo La Scola )<\/p>\n<p class=\"western\" lang=\"it-IT\">Paul Arrivabeni ( in The Night of a neurasthenic by Nino Rota at the Verdi of Trieste in January 2001) ,<\/p>\n<p class=\"western\" lang=\"it-IT\">Giuliano Carella ( in The Barber of Seville by Paisiello recorded in cd for Dynamic and VHS for Telepiu* at the Teatro Verdi in Trieste in April 2000 and the Oratory of the Resurrection of Christ Perosi at the Arena di Verona in 1999) ,<\/p>\n<p class=\"western\" lang=\"it-IT\">Roberto Rizzi Brignoli ( in The Marriage of Figaro by Mozart at the Verdi Trieste in March 2000 ) ,<\/p>\n<p class=\"western\" lang=\"it-IT\">but also under the baton of T. Severini M. De Bernart , G. di Stefano, Eric Hull, Michelle Brousseau , Gian -Luc Taingaud , Christoph Campestrini , etcetera .<\/p>\n<p class=\"western\" lang=\"it-IT\">It has been directed by directors such as the Golden Bear-winning director Werner Herzog, Giancarlo Del Monaco, Federico Tiezzi, Emil Sagi, Serena Sinigaglia, Denis Krief, Laurent Pelly, Willy Decker, Damiano Michieletto, Giuliano Montaldo and many other.<\/p>\n<p class=\"western\" lang=\"it-IT\">Among the debuts of recent years, like to remember Uberto in La Servant Mistress of G. Pergolesi at the Maggio Fiorentino directed by Massimiliano Caldi (nov 2013)<\/p>\n<p class=\"western\" lang=\"it-IT\">the role of tiempo in zarzuela Los Elementos A. De Literes directed by E. Mater with the baroque ensemble Le Tendre Amour in a tour that started from Klagenfurth Festival (Austria) has arrived , with a time span of two years at the most important European baroque festival , receiving awards and commendations for the performance of this repertoire , including the prize for best performance of 2013 Lukacic at Varadzine baroque Festival ( Croatia) ( from September 2011 to October 2013 )<br \/>\nParmenione for the occasion makes the thief to Rossini for Opera In Canto under the baton of Fabio Maestri at the theaters Secci of Terni and Narni ( pg) (Oct 2011) , and Barcelona Concertante for Orchestra conduct by A. Nese at the theater Sarria in Barcelona (mag 2014)<\/p>\n<p class=\"western\" lang=\"it-IT\">Bruschino in Mr Bruschino of G. Rossini with the Barcelona Concertante conduct by A. Nese at the theater Sarria in Barcelona (Jun 2013)<\/p>\n<p class=\"western\" lang=\"it-IT\">Mozart &#8216;s Don Giovanni in the title role in The Krakow OperaHouse ( Poland ) directed by Michael Znanieky and conduct by Lucas Borowicz (Feb 2009 Feb. 2013)<\/p>\n<p class=\"western\" lang=\"it-IT\">Albert in Massenet&#8217;s Werther with direction and costumes by Artemio Cabassi and conduct by Stefano Giaroli at Magnani theatre in Fidenza (Mar 2013)<\/p>\n<p class=\"western\" lang=\"it-IT\">Father Germont in La Traviata by G. Verdi , directed by Pietro Mianiti at the Rendano Theatre of Cosenza (mag 2013)<\/p>\n<p class=\"western\" lang=\"it-IT\">the Count of Toulouse in Jerusalem by G. Verdi , directed by M. Dallara at the Teatro Magnani in Fidenza (nov 2013)<\/p>\n<p class=\"western\" lang=\"it-IT\">Monforte in Verdi&#8217;s Sicilian Vespers at the city of Piacenza (nov 2013)<\/p>\n<p class=\"western\" lang=\"it-IT\">Bartolo in Mercedes of Conte Pepoli performed for the first time in the World with the direction of Francesco Ledda at the Ente Luglio Trapanese recorded on DVD for Bongiovanni (Jul 2013)<\/p>\n<p class=\"western\" lang=\"it-IT\">Schaunard in La Boh\u00e8me by Giacomo Puccini performed in several productions directed by Stefano Romani, G. Bisanti , M. Balderi etcetera , at various institutions and traditional theaters Italian ( from Oct. 2011 to July 2013 )<\/p>\n<p class=\"western\" lang=\"it-IT\">Ping in Turandot by Giacomo Puccini with the award-winning director Giuliano Montaldo and conduct by P. Steinberg at the Teatro Regio of Turin (Feb 2014)<\/p>\n<p class=\"western\" lang=\"it-IT\">the role of Figaro for the Barber of Seville of Rossini with the Orchestra Citt\u00e0 di Ferrara for the season of the Ferrara Operahouse with the direction of Mauro Perissinotto (Jul 2014)<\/p>\n<p class=\"western\" lang=\"it-IT\">Marcello in La Boh\u00e8me by Puccini at the Ravello Festival directed by Riccardo Canessa(set 2014)<\/p>\n<p class=\"western\" lang=\"it-IT\">Fiorello in The Barber of Seville at the Teatro Verdi di Padova directed I by Francesco Esposito and conduct by G. Marciano(set 2014)<\/p>\n<p class=\"western\" lang=\"it-IT\">future Commitments<\/p>\n<p class=\"western\" lang=\"it-IT\">For the Season of the Teatro Superga of Nichelino , respectively:<\/p>\n<p class=\"western\" lang=\"it-IT\">The next December, the role of Dandini in Rossini&#8217;s Cenerentola.<\/p>\n<p class=\"western\" lang=\"it-IT\">In the month of March 2015 will be the Count in The Marriage of Figaro by WA Mozart.<\/p>\n<p class=\"western\" lang=\"it-IT\">In May assume the role of Ford in Falstaff by G. Verdi.<\/p>\n<p class=\"western\" lang=\"it-IT\">In April, will be engaged in a recital in Tokyo in Japan.<\/p>\n<p class=\"western\" lang=\"it-IT\">Alongside the theatrical career as a busy concert career that led him to perform at major concert halls of Europe and America always in the bel canto repertoire .<\/p>\n<p class=\"western\" lang=\"it-IT\">At the same time deepens the study of technical and stylistic refinement through the advice of the famous tenor Raul Gimenez and which &#8216; was an assistant in various master classes by the same between Spain and Italy, as well as &#8216; collegue in various gala &#8216; of the voice, such as the one at the Teatro Alighieri in Ravenna with the participation , among others, the tenor Andrea Bocelli.<\/p>\n<p class=\"western\" lang=\"it-IT\">Born in Campobasso, city &#8216;that has seen him grow culturally and artistically , after magister study, principal violin and piano at the conservatory of music, acquires the basics of vocal technique under the guidance of the successful singer Bruno Pratico&#8217; , continuing later studies with the master Paride Venturi and with the Tuscan baritone Carlo Meliciani.<\/p>\n<p class=\"western\" lang=\"it-IT\">Winner of a scholarship from the International Academy of Theatre Citta &#8216;di Cagli (PS) , has perfected the correct emission through the suggestions of the master Mario Melani ( famous Master at the Colon in Buenos Aires, and founder of the Academy of Osimo among the leading proponents of the renaissance in Pesaro Rossini ) .<\/p>\n<p class=\"western\" lang=\"it-IT\">In recent years, in which the Italian bel canto is going almost disappearing, thanks to his singing skills, with her sweet and soft voice and and his charming interpretations has been appreciated not only in Italy but all over the world.<\/p>\n<p class=\"western\" lang=\"it-IT\">Fonte: sito ufficiale del maestro Donato Di Gioia, baritono www.donatodigioia.com<\/p>\n<p lang=\"it-IT\">\n<p><iframe loading=\"lazy\" title=\"donato di gioia - Donizetti -  Rita\" width=\"500\" height=\"375\" src=\"https:\/\/www.youtube.com\/embed\/TlJYiZ5Pj-k?feature=oembed\" frameborder=\"0\" allow=\"accelerometer; autoplay; clipboard-write; encrypted-media; gyroscope; picture-in-picture; web-share\" referrerpolicy=\"strict-origin-when-cross-origin\" allowfullscreen><\/iframe><\/p>\n","protected":false},"excerpt":{"rendered":"<p>&nbsp; Serena intervista il baritono Donato Di Gioia &nbsp; &nbsp; &nbsp; Donato Di Gioia, baritono Biografia Dal 1998 si esprime [&hellip;]<\/p>\n","protected":false},"author":1,"featured_media":0,"comment_status":"open","ping_status":"open","sticky":false,"template":"","format":"standard","meta":{"footnotes":""},"categories":[18,10,40],"tags":[],"class_list":["post-2923","post","type-post","status-publish","format-standard","hentry","category-english","category-italiano","category-serena-conduce-operaclassica"],"_links":{"self":[{"href":"https:\/\/www.ecoitaliano.com.ar\/index.php?rest_route=\/wp\/v2\/posts\/2923","targetHints":{"allow":["GET"]}}],"collection":[{"href":"https:\/\/www.ecoitaliano.com.ar\/index.php?rest_route=\/wp\/v2\/posts"}],"about":[{"href":"https:\/\/www.ecoitaliano.com.ar\/index.php?rest_route=\/wp\/v2\/types\/post"}],"author":[{"embeddable":true,"href":"https:\/\/www.ecoitaliano.com.ar\/index.php?rest_route=\/wp\/v2\/users\/1"}],"replies":[{"embeddable":true,"href":"https:\/\/www.ecoitaliano.com.ar\/index.php?rest_route=%2Fwp%2Fv2%2Fcomments&post=2923"}],"version-history":[{"count":0,"href":"https:\/\/www.ecoitaliano.com.ar\/index.php?rest_route=\/wp\/v2\/posts\/2923\/revisions"}],"wp:attachment":[{"href":"https:\/\/www.ecoitaliano.com.ar\/index.php?rest_route=%2Fwp%2Fv2%2Fmedia&parent=2923"}],"wp:term":[{"taxonomy":"category","embeddable":true,"href":"https:\/\/www.ecoitaliano.com.ar\/index.php?rest_route=%2Fwp%2Fv2%2Fcategories&post=2923"},{"taxonomy":"post_tag","embeddable":true,"href":"https:\/\/www.ecoitaliano.com.ar\/index.php?rest_route=%2Fwp%2Fv2%2Ftags&post=2923"}],"curies":[{"name":"wp","href":"https:\/\/api.w.org\/{rel}","templated":true}]}}