{"id":29357,"date":"2022-10-29T09:35:37","date_gmt":"2022-10-29T09:35:37","guid":{"rendered":"http:\/\/www.ecoitaliano.com.ar\/?p=29357"},"modified":"2022-10-29T09:35:37","modified_gmt":"2022-10-29T09:35:37","slug":"contratto-giornalistico-uspi-cisal-_richiesta-di-divulgazione","status":"publish","type":"post","link":"https:\/\/www.ecoitaliano.com.ar\/?p=29357","title":{"rendered":"Contratto giornalistico USPI-CISAL _richiesta di divulgazione"},"content":{"rendered":"<div id='gallery-1' class='gallery galleryid-29357 gallery-columns-3 gallery-size-thumbnail'><figure class='gallery-item'>\n\t\t\t<div class='gallery-icon portrait'>\n\t\t\t\t<a href='https:\/\/www.ecoitaliano.com.ar\/?attachment_id=29358'><img decoding=\"async\" width=\"150\" height=\"150\" src=\"https:\/\/www.ecoitaliano.com.ar\/wp-content\/uploads\/2022\/10\/Francesco-Saverio-Vetere-Segretario-generale-USPI-150x150.jpg\" class=\"attachment-thumbnail size-thumbnail\" alt=\"\" srcset=\"https:\/\/www.ecoitaliano.com.ar\/wp-content\/uploads\/2022\/10\/Francesco-Saverio-Vetere-Segretario-generale-USPI-150x150.jpg 150w, https:\/\/www.ecoitaliano.com.ar\/wp-content\/uploads\/2022\/10\/Francesco-Saverio-Vetere-Segretario-generale-USPI.jpg 298w\" sizes=\"(max-width: 150px) 100vw, 150px\" \/><\/a>\n\t\t\t<\/div><\/figure><figure class='gallery-item'>\n\t\t\t<div class='gallery-icon landscape'>\n\t\t\t\t<a href='https:\/\/www.ecoitaliano.com.ar\/?attachment_id=29359'><img decoding=\"async\" width=\"150\" height=\"150\" src=\"https:\/\/www.ecoitaliano.com.ar\/wp-content\/uploads\/2022\/10\/uspi-cisal-logo-150x150.jpg\" class=\"attachment-thumbnail size-thumbnail\" alt=\"\" srcset=\"https:\/\/www.ecoitaliano.com.ar\/wp-content\/uploads\/2022\/10\/uspi-cisal-logo-150x150.jpg 150w, https:\/\/www.ecoitaliano.com.ar\/wp-content\/uploads\/2022\/10\/uspi-cisal-logo.jpg 225w\" sizes=\"(max-width: 150px) 100vw, 150px\" \/><\/a>\n\t\t\t<\/div><\/figure><figure class='gallery-item'>\n\t\t\t<div class='gallery-icon landscape'>\n\t\t\t\t<a href='https:\/\/www.ecoitaliano.com.ar\/?attachment_id=29360'><img decoding=\"async\" width=\"150\" height=\"150\" src=\"https:\/\/www.ecoitaliano.com.ar\/wp-content\/uploads\/2022\/10\/Vetere-Cavallaro-sigla-contrato-Uspi-Cisal-150x150.jpg\" class=\"attachment-thumbnail size-thumbnail\" alt=\"\" \/><\/a>\n\t\t\t<\/div><\/figure>\n\t\t<\/div>\n\n<p>&nbsp;<\/p>\n<p><span style=\"color: #000000;\"><span style=\"font-family: Times New Roman, serif;\"><span style=\"font-size: xx-large;\"><b>Contratto USPI \u2013 CISAL: una svolta rivoluzionaria per la ripresa del mondo giornalistico- editoriale<\/b><\/span><\/span><\/span><\/p>\n<p><span style=\"color: #000000;\"><span style=\"font-family: Times New Roman, serif;\"><span style=\"font-size: large;\"><b>di Antonella La Mantia \u2013 Trieste <\/b><\/span><\/span><\/span><\/p>\n<p><span style=\"color: #000000;\"><span style=\"font-family: Arial, serif;\"><span style=\"font-size: medium;\">Roma, 19 ottobre 2022 \u2013 La stipula del contratto del 15 ottobre 2020 tra\u00a0<\/span><\/span><\/span><span style=\"font-family: inherit, serif;\"><span style=\"font-size: medium;\"><b><span style=\"color: #000000;\">l\u2019Unione Stampa Periodica Italiana<\/span><\/b><\/span><\/span><span style=\"color: #000000;\"><span style=\"font-family: Arial, serif;\"><span style=\"font-size: medium;\">\u00a0<\/span><\/span><\/span><span style=\"font-family: inherit, serif;\"><span style=\"font-size: medium;\"><b><span style=\"color: #000000;\">USPI<\/span><\/b><\/span><\/span><span style=\"color: #000000;\"><span style=\"font-family: Arial, serif;\"><span style=\"font-size: medium;\">\u00a0(organismo nazionale di maggiore rappresentativit\u00e0 del comparto Editoria) e la\u00a0<\/span><\/span><\/span><span style=\"font-family: inherit, serif;\"><span style=\"font-size: medium;\"><b><span style=\"color: #000000;\">Confederazione Italiana Sindacati Autonomi Lavoratori<\/span><\/b><\/span><\/span><span style=\"color: #000000;\"><span style=\"font-family: Arial, serif;\"><span style=\"font-size: medium;\">\u00a0<\/span><\/span><\/span><span style=\"font-family: inherit, serif;\"><span style=\"font-size: medium;\"><b><span style=\"color: #000000;\">CISAL<\/span><\/b><\/span><\/span><span style=\"color: #000000;\"><span style=\"font-family: Arial, serif;\"><span style=\"font-size: medium;\">, \u00e8 da considerarsi certamente una rivoluzione nel mondo della comunicazione. Un accordo che permette di lasciarci alle spalle un annoso declino settoriale privato di strumenti contrattuali che potessero soddisfare le esigenze dei giornalisti garantendo loro un livello occupazionale presente e un futuro lavorativo dignitoso.<\/span><\/span><\/span><\/p>\n<p><img decoding=\"async\" src=\"file:\/\/\/tmp\/lu804223mi2.tmp\/lu804223mid_tmp_b318465dd64c777b.jpg\" width=\"353\" height=\"217\" name=\"Immagine 4\" align=\"bottom\" border=\"0\" \/><\/p>\n<p><span style=\"color: #000000;\"><span style=\"font-family: Arial, serif;\"><span style=\"font-size: medium;\"><i>(Roma, 15 ottobre<br \/>\n2020)<br \/>\nSigla del contratto<\/i><\/span><\/span><\/span><span style=\"font-family: inherit, serif;\"><span style=\"font-size: medium;\"><i><span style=\"color: #000000;\">: Francesco Saverio Vetere Segretario generale Uspi e Francesco Cavallaro Segretario generale Cisal<\/span><\/i><\/span><\/span><\/p>\n<p><span style=\"color: #000000;\"><span style=\"font-family: Arial, serif;\"><span style=\"font-size: medium;\"><br \/>\nLe prospettive, dopo due anni\u00a0<\/span><\/span><\/span><span style=\"color: #005a8c;\"><span style=\"font-family: inherit, serif;\"><span style=\"font-size: medium;\"><u><b><a href=\"https:\/\/www.paeseitaliapress.it\/editoria-giornalismo\/2021\/02\/21\/editoria-uspi-cisal-contratto-in-crescita-vetere-stabilita-e-tutela-per-giornalisti-e-operatori-della-comunicazione\/\">dalla sigla del contratto\u00a0<\/a><\/b><\/u><\/span><\/span><\/span><a href=\"https:\/\/www.paeseitaliapress.it\/editoria-giornalismo\/2021\/02\/21\/editoria-uspi-cisal-contratto-in-crescita-vetere-stabilita-e-tutela-per-giornalisti-e-operatori-della-comunicazione\/\"><span style=\"color: #005a8c;\"><span style=\"font-family: inherit, serif;\"><span style=\"font-size: medium;\"><b>USPI-CISAL<\/b><\/span><\/span><\/span><span style=\"color: #005a8c;\"><span style=\"font-family: inherit, serif;\"><span style=\"font-size: medium;\"><u><b>,\u00a0<\/b><\/u><\/span><\/span><\/span><\/a><span style=\"color: #000000;\"><span style=\"font-family: Arial, serif;\"><span style=\"font-size: medium;\">sono estremamente promettenti. L\u2019avvocato\u00a0<\/span><\/span><\/span><span style=\"font-family: inherit, serif;\"><span style=\"font-size: medium;\"><b><span style=\"color: #000000;\">Francesco Saverio Vetere,\u00a0<\/span><\/b><\/span><\/span><span style=\"color: #000000;\"><span style=\"font-family: Arial, serif;\"><span style=\"font-size: medium;\">Segretario Generale di Unione Stampa Periodica Italiana, firmatario dell\u2019accordo, alla luce dei risultati raggiunti, lo ritiene uno straordinario successo per il comparto editoriale espressione delle testate online e cartacee.<\/span><\/span><\/span><\/p>\n<p><img decoding=\"async\" src=\"file:\/\/\/tmp\/lu804223mi2.tmp\/lu804223mid_tmp_6a205c14111985d8.jpg\" width=\"143\" height=\"107\" name=\"Immagine 3\" align=\"bottom\" border=\"0\" \/><\/p>\n<p><span style=\"color: #000000;\"><span style=\"font-family: Arial, serif;\"><span style=\"font-size: medium;\">A darne attuazione fin da subito al contratto, sono stati i\u00a0<\/span><\/span><\/span><span style=\"font-family: inherit, serif;\"><span style=\"font-size: medium;\"><b><span style=\"color: #000000;\">grandi editori associati USPI,<\/span><\/b><\/span><\/span><span style=\"color: #000000;\"><span style=\"font-family: Arial, serif;\"><span style=\"font-size: medium;\">\u00a0dando rilievo ad uno strumento contrattuale sostenibilmente adeguato alla contrazione dello stato di precariet\u00e0 di migliaia di giornalisti.<br \/>\nUnitamente alla grande editoria ad USPI-CISAL hanno rivolto particolare attenzione\u00a0<\/span><\/span><\/span><span style=\"font-family: inherit, serif;\"><span style=\"font-size: medium;\"><b><span style=\"color: #000000;\">i piccoli e medi editori<\/span><\/b><\/span><\/span><span style=\"color: #000000;\"><span style=\"font-family: Arial, serif;\"><span style=\"font-size: medium;\">, coinvolti massicciamente da due anni nell\u2019attuazione del contratto.<br \/>\n<\/span><\/span><\/span><span style=\"font-family: inherit, serif;\"><span style=\"font-size: medium;\"><b><span style=\"color: #000000;\">Francesco Saverio Vetere\u00a0<\/span><\/b><\/span><\/span><span style=\"color: #000000;\"><span style=\"font-family: Arial, serif;\"><span style=\"font-size: medium;\">nella funzione di\u00a0<\/span><\/span><\/span><span style=\"font-family: inherit, serif;\"><span style=\"font-size: medium;\"><b><span style=\"color: #000000;\">Segretario Generale di USPI,\u00a0<\/span><\/b><\/span><\/span><span style=\"color: #000000;\"><span style=\"font-family: Arial, serif;\"><span style=\"font-size: medium;\">impegnato in prima linea da oltre un ventennio sul fronte del settore Editoria-Giornalismo, periodo cruciale di trasformazioni endemiche del comparto, attraversato da dinamiche tecnologiche affiancate purtroppo da una recessione economica profondamente compromissoria della stabilit\u00e0 delle aziende, moltissime cancellate per sempre dal 2007 dal panorama editoriale , ha svolto un\u2019azione documentata e funzionalmente penetrante a garanzia della ripresa delle imprese editoriali italiane. Anni di assoluta incertezza occupazionale che ha prodotto miseria per un popolo intero di giornalisti e le loro famiglie. Una fase duramente acuta, durante la quale mentre la sigla sindacale formalmente rappresentativa dei giornalisti si muoveva disfunzionalmente creando un danno irreversibile per la categoria, l\u2019USPI rappresentata dall\u2019avvocato Vetere, negli stessi anni ha rappresentato e prosegue a sostenere con atti di sostanziale efficacia e rilevanza giuridica la ripresa economica dell\u2019intero settore editoriale e della informazione.<\/span><\/span><\/span><\/p>\n<p><a name=\"_GoBack\"><\/a> <span style=\"color: #000000;\"><span style=\"font-family: Arial, serif;\"><span style=\"font-size: medium;\"><br \/>\n<\/span><\/span><\/span><span style=\"font-family: inherit, serif;\"><span style=\"font-size: medium;\"><b><span style=\"color: #000000;\">Vista l\u2019essenzialit\u00e0 dell\u2019ambito trattato<\/span><\/b><\/span><\/span><span style=\"color: #000000;\"><span style=\"font-family: Arial, serif;\"><span style=\"font-size: medium;\">, per maggiori chiarimenti da fornire ai nostri lettori,\u00a0<\/span><\/span><\/span><span style=\"font-family: inherit, serif;\"><span style=\"font-size: medium;\"><b><span style=\"color: #000000;\">abbiamo ritenuto dover interpellare il\u00a0<\/span><\/b><\/span><\/span><span style=\"color: #000000;\"><span style=\"font-family: Arial, serif;\"><span style=\"font-size: medium;\">Segretario Generale USPI,\u00a0<\/span><\/span><\/span><span style=\"font-family: inherit, serif;\"><span style=\"font-size: medium;\"><b><span style=\"color: #000000;\">Francesco Saverio Vetere,<\/span><\/b><\/span><\/span><span style=\"color: #000000;\"><span style=\"font-family: Arial, serif;\"><span style=\"font-size: medium;\">\u00a0protagonista della epocale svolta contrattuale, per una spiegazione esauriente in ordine alla produttiva funzionalit\u00e0 dell\u2019azione di Unione Stampa Periodica Italiana, in questi lunghi anni di complesso disagio occupazionale del settore.<\/span><\/span><\/span><\/p>\n<p><span style=\"color: #000000;\"><span style=\"font-family: Arial, serif;\"><span style=\"font-size: medium;\"><br \/>\n<\/span><\/span><\/span><span style=\"font-family: inherit, serif;\"><span style=\"font-size: medium;\"><i><b><span style=\"color: #000000;\">Avvocato Vetere, quali processi hanno preceduto e condotto alla stipula del contratto tra Unione Stampa Periodica Italiana e la Confederazione Italiana Sindacati Autonomi Lavoratori?<\/span><\/b><\/i><\/span><\/span><span style=\"color: #000000;\"><span style=\"font-family: Arial, serif;\"><span style=\"font-size: medium;\"><br \/>\nVetere: \u201cIl sodalizio\u00a0<\/span><\/span><\/span><span style=\"font-family: inherit, serif;\"><span style=\"font-size: medium;\"><b><span style=\"color: #000000;\">USPI-CISAL<\/span><\/b><\/span><\/span><span style=\"color: #000000;\"><span style=\"font-family: Arial, serif;\"><span style=\"font-size: medium;\">\u00a0e la\u00a0<\/span><\/span><\/span><span style=\"color: #005a8c;\"><span style=\"font-family: inherit, serif;\"><span style=\"font-size: medium;\"><u><b><a href=\"https:\/\/www.paeseitaliapress.it\/editoria-giornalismo\/2022\/08\/02\/uspi-a-fianco-di-figec-il-nuovo-sindacato-dei-giornalisti\/\">conseguente nascita della\u00a0<\/a><\/b><\/u><\/span><\/span><\/span><a href=\"https:\/\/www.paeseitaliapress.it\/editoria-giornalismo\/2022\/08\/02\/uspi-a-fianco-di-figec-il-nuovo-sindacato-dei-giornalisti\/\"><span style=\"color: #005a8c;\"><span style=\"font-family: inherit, serif;\"><span style=\"font-size: medium;\"><b>FIGEC<\/b><\/span><\/span><\/span><span style=\"color: #005a8c;\"><span style=\"font-family: inherit, serif;\"><span style=\"font-size: medium;\"><u><b>\u00a0(<\/b><\/u><\/span><\/span><\/span><\/a><span style=\"color: #000000;\"><span style=\"font-family: Arial, serif;\"><span style=\"font-size: medium;\">Federazione Italiana Giornalismo Editoria e Comunicazione, aderente alla CISAL) sono decisamente attuali, risalgono infatti a quest\u2019anno.\u00a0<\/span><\/span><\/span><span style=\"font-family: inherit, serif;\"><span style=\"font-size: medium;\"><b><span style=\"color: #000000;\">In passato il sindacato era unico e\u00a0<\/span><\/b><\/span><\/span><span style=\"color: #000000;\"><span style=\"font-family: Arial, serif;\"><span style=\"font-size: medium;\">si<\/span><\/span><\/span><span style=\"font-family: inherit, serif;\"><span style=\"font-size: medium;\"><b><span style=\"color: #000000;\">\u00a0<\/span><\/b><\/span><\/span><span style=\"color: #000000;\"><span style=\"font-family: Arial, serif;\"><span style=\"font-size: medium;\">palesava completamente\u00a0<\/span><\/span><\/span><span style=\"font-family: inherit, serif;\"><span style=\"font-size: medium;\"><b><span style=\"color: #000000;\">inadatto per comprendere e regolamentare il settore giornalistico<\/span><\/b><\/span><\/span><span style=\"color: #000000;\"><span style=\"font-family: Arial, serif;\"><span style=\"font-size: medium;\">. Per anni si \u00e8 cercato di sviluppare la sua sensibilit\u00e0 riguardo le tematiche dell\u2019editoria trovando, purtroppo per\u00f2, sempre un muro. Indipendentemente dagli sforzi, un sindacato unico porta a un abuso di potere, ponendolo involontariamente in una posizione dominante.\u00a0<\/span><\/span><\/span><span style=\"font-family: inherit, serif;\"><span style=\"font-size: medium;\"><b><span style=\"color: #000000;\">Per tale motivo \u00e8 diventato fondamentale crearne almeno un altro,<\/span><\/b><\/span><\/span><span style=\"color: #000000;\"><span style=\"font-family: Arial, serif;\"><span style=\"font-size: medium;\">\u00a0obbligando tutti i soggetti coinvolti ad avere una visione generale del settore. Da qui l\u2019esigenza di creare qualcosa che aiutasse, guidasse e proteggesse chi faceva capolino nel mondo dell\u2019editoria e del giornalismo.<br \/>\nLa necessit\u00e0 che questo contratto esistesse era tanta: la stampa \u00e8, purtroppo, un settore poco tutelato che sta perdendo migliaia di posti di lavoro. Inoltre, i precedenti contratti collettivi nazionali della FNSI si sono poi rivelati anche inapplicabili in quanto estremisti: o troppo costosi, perch\u00e8 rivolti ai grandi editori o troppo esclusivi, perch\u00e9 dedicati a una nicchia estrema.<br \/>\n<\/span><\/span><\/span><span style=\"font-family: inherit, serif;\"><span style=\"font-size: medium;\"><b><span style=\"color: #000000;\">Il contratto CISAL, al contrario, \u00e8 tagliato su misura apposta per le dimensioni dell\u2019editoria attuale e questo ne spiega il successo<\/span><\/b><\/span><\/span><span style=\"color: #000000;\"><span style=\"font-family: Arial, serif;\"><span style=\"font-size: medium;\">. Non ha limitazioni: si applica a tutti i soggetti producenti informazione e comunicazione senza nessun tipo di discriminazione.\u00a0<\/span><\/span><\/span><span style=\"font-family: inherit, serif;\"><span style=\"font-size: medium;\"><b><span style=\"color: #000000;\">Condizioni non da poco, anzi pi\u00f9 che dignitose per i giornalisti\u00a0<\/span><\/b><\/span><\/span><span style=\"color: #000000;\"><span style=\"font-family: Arial, serif;\"><span style=\"font-size: medium;\">e decisamente sostenibili per le imprese editoriali, soprattutto\u00a0<\/span><\/span><\/span><span style=\"font-family: inherit, serif;\"><span style=\"font-size: medium;\"><b><span style=\"color: #000000;\">date le fake news diffuse\u00a0<\/span><\/b><\/span><\/span><span style=\"color: #000000;\"><span style=\"font-family: Arial, serif;\"><span style=\"font-size: medium;\">secondo cui le agevolazioni per le assunzioni dei giornalisti previste dal Fondo straordinario per l\u2019editoria siano applicabili solo ai giornalisti assunti con contratto storico FIEG-FNSI.<\/span><\/span><\/span><\/p>\n<p><img decoding=\"async\" src=\"file:\/\/\/tmp\/lu804223mi2.tmp\/lu804223mid_tmp_b3406565d8e0b412.jpg\" width=\"149\" height=\"149\" name=\"Immagine 1\" align=\"bottom\" border=\"0\" \/><\/p>\n<p><span style=\"color: #000000;\"><span style=\"font-family: Arial, serif;\"><span style=\"font-size: medium;\"><br \/>\n<\/span><\/span><\/span><span style=\"font-family: inherit, serif;\"><span style=\"font-size: medium;\"><b><span style=\"color: #000000;\">Lo scopo<\/span><\/b><\/span><\/span><span style=\"color: #000000;\"><span style=\"font-family: Arial, serif;\"><span style=\"font-size: medium;\">\u00a0pi\u00f9 importante di\u00a0<\/span><\/span><\/span><span style=\"font-family: inherit, serif;\"><span style=\"font-size: medium;\"><b><span style=\"color: #000000;\">questo contratto\u00a0<\/span><\/b><\/span><\/span><span style=\"color: #000000;\"><span style=\"font-family: Arial, serif;\"><span style=\"font-size: medium;\">giornalistico \u00e8\u00a0<\/span><\/span><\/span><span style=\"font-family: inherit, serif;\"><span style=\"font-size: medium;\"><b><span style=\"color: #000000;\">proteggere i giornalisti e i dipendenti,\u00a0<\/span><\/b><\/span><\/span><span style=\"color: #000000;\"><span style=\"font-family: Arial, serif;\"><span style=\"font-size: medium;\">dando loro tutte le garanzie previste dalle leggi. Un obbiettivo da non sottovalutare, soprattutto in un periodo storico in cui il giornalismo si sta fronteggiano con una grande crisi.<br \/>\nCome ogni cosa buona la stipulazione del contratto non \u00e8 stata facile. Non ha trovato sempre terreno fertile, in parte a causa delle lesioni subite dal mondo giornalistico che tendevano a preservare il dominio del sindacato unico. Fortunatamente ora, con il passaggio all\u2019INPS, tutto questo \u00e8 finito.<br \/>\nChi usa il contratto CISAL pu\u00f2 pagare la previdenza sui propri costi di contratto, rendendo le prospettive del contratto estremamente positive e promettenti. Nei prossimi mesi il contratto sar\u00e0 rinnovato, diventando la rappresentazione nazionale di un lavoro collettivo, compiendo cos\u00ec un ulteriore upgrade per gli editori e i giornalisti. Non \u00e8 pi\u00f9 sufficiente parlare di editori, di cartaceo o radio e televisioni. Bisogna rivolgersi a tutto il mondo della produzione di contenuti sia offline che online\u201d.<\/span><\/span><\/span><\/p>\n<p><span style=\"color: #000000;\"><span style=\"font-family: Arial, serif;\"><span style=\"font-size: medium;\"><br \/>\n<\/span><\/span><\/span><span style=\"font-family: inherit, serif;\"><span style=\"font-size: medium;\"><i><b><span style=\"color: #000000;\">Un\u2019altra domanda che mi \u00e8 venuta naturale porre all\u2019avvocato Vetere \u00e8 stata quali fossero i cambiamenti maggiormente impattanti avvenuti sia per i giornalisti che per il mondo della comunicazione.<\/span><\/b><\/i><\/span><\/span><span style=\"color: #000000;\"><span style=\"font-family: Arial, serif;\"><span style=\"font-size: medium;\"><br \/>\nVetere: \u201cIl giornalismo sta vivendo un periodo di completa evoluzione cambiando totalmente. Quello tradizionale faceva affidamento ad elementi specifici: la carta e la periodicit\u00e0 della testata. Di conseguenza l\u2019idea dello spazio, il numero delle battute e le tempistiche hanno costruito e caratterizzato la professione giornalistica negli ultimi 200 anni, soprattutto in Italia. Adesso\u00a0<\/span><\/span><\/span><span style=\"font-family: inherit, serif;\"><span style=\"font-size: medium;\"><b><span style=\"color: #000000;\">con l\u2019avvento di Internet tutto \u00e8 cambiato<\/span><\/b><\/span><\/span><span style=\"color: #000000;\"><span style=\"font-family: Arial, serif;\"><span style=\"font-size: medium;\">: il concetto di spazio \u00e8 diverso, cos\u00ec il modo di redigere gli articoli. Il giornalismo e i suoi attori si sono dovuti adeguare a un mondo pi\u00f9 veloce, utilizzando modi e stili di trasmissione delle notizie pi\u00f9 veloci e immediati. Non ci si deve per\u00f2 far ingannare dall\u2019apparente apertura di internet:\u00a0<\/span><\/span><\/span><span style=\"font-family: inherit, serif;\"><span style=\"font-size: medium;\"><b><span style=\"color: #000000;\">non si pu\u00f2 scrivere tutto ci\u00f2 che si vuole<\/span><\/b><\/span><\/span><span style=\"color: #000000;\"><span style=\"font-family: Arial, serif;\"><span style=\"font-size: medium;\">. Un articolo deve essere penetrante, una calamita per l\u2019attenzione che ispiri i lettori e li faccia dire \u201cvoglio sapere di pi\u00f9\u201d.<br \/>\nIl mondo del giornalismo sta formando un altro tipo di professionalit\u00e0, diversa da quella di 200 anni fa, il cui scopo \u00e8 rendere gli articoli pi\u00f9 penetranti nel mondo del web. Una concezione nuova e fresca, sulla quale l\u2019attenzione delle istituzioni del mondo giornalistico si \u00e8 sviluppata molto tardi rispetto ai Paesi occidentali.<br \/>\nPer riassumere, ci\u00f2 che \u00e8 fondamentale sapere \u00e8 che tutto \u00e8 cambiato e bisogna adeguarsi ai nuovi tempi per non solo restare al passo, ma anche per farsi notare avanzando e migliorando sempre pi\u00f9\u201d.<\/span><\/span><\/span><\/p>\n<p><span style=\"color: #000000;\"><span style=\"font-family: Arial, serif;\"><span style=\"font-size: medium;\">(Fonte paeseitaliapress.it)<\/span><\/span><\/span><\/p>\n<p>&nbsp;<\/p>\n<p>&nbsp;<\/p>\n","protected":false},"excerpt":{"rendered":"<p>&nbsp; Contratto USPI \u2013 CISAL: una svolta rivoluzionaria per la ripresa del mondo giornalistico- editoriale di Antonella La Mantia \u2013 [&hellip;]<\/p>\n","protected":false},"author":1,"featured_media":0,"comment_status":"open","ping_status":"open","sticky":false,"template":"","format":"standard","meta":{"footnotes":""},"categories":[2,10],"tags":[],"class_list":["post-29357","post","type-post","status-publish","format-standard","hentry","category-informacion","category-italiano"],"_links":{"self":[{"href":"https:\/\/www.ecoitaliano.com.ar\/index.php?rest_route=\/wp\/v2\/posts\/29357","targetHints":{"allow":["GET"]}}],"collection":[{"href":"https:\/\/www.ecoitaliano.com.ar\/index.php?rest_route=\/wp\/v2\/posts"}],"about":[{"href":"https:\/\/www.ecoitaliano.com.ar\/index.php?rest_route=\/wp\/v2\/types\/post"}],"author":[{"embeddable":true,"href":"https:\/\/www.ecoitaliano.com.ar\/index.php?rest_route=\/wp\/v2\/users\/1"}],"replies":[{"embeddable":true,"href":"https:\/\/www.ecoitaliano.com.ar\/index.php?rest_route=%2Fwp%2Fv2%2Fcomments&post=29357"}],"version-history":[{"count":0,"href":"https:\/\/www.ecoitaliano.com.ar\/index.php?rest_route=\/wp\/v2\/posts\/29357\/revisions"}],"wp:attachment":[{"href":"https:\/\/www.ecoitaliano.com.ar\/index.php?rest_route=%2Fwp%2Fv2%2Fmedia&parent=29357"}],"wp:term":[{"taxonomy":"category","embeddable":true,"href":"https:\/\/www.ecoitaliano.com.ar\/index.php?rest_route=%2Fwp%2Fv2%2Fcategories&post=29357"},{"taxonomy":"post_tag","embeddable":true,"href":"https:\/\/www.ecoitaliano.com.ar\/index.php?rest_route=%2Fwp%2Fv2%2Ftags&post=29357"}],"curies":[{"name":"wp","href":"https:\/\/api.w.org\/{rel}","templated":true}]}}