{"id":29542,"date":"2022-11-03T01:52:23","date_gmt":"2022-11-03T01:52:23","guid":{"rendered":"http:\/\/www.ecoitaliano.com.ar\/?p=29542"},"modified":"2022-11-03T01:52:23","modified_gmt":"2022-11-03T01:52:23","slug":"serena-conduce-operaclassica-eco-italiano-1862","status":"publish","type":"post","link":"https:\/\/www.ecoitaliano.com.ar\/?p=29542","title":{"rendered":"Serena conduce operaclassica eco italiano"},"content":{"rendered":"<p style=\"text-align: center;\"><a href=\"http:\/\/www.ecoitaliano.com.ar\/wp-content\/uploads\/2022\/11\/jhjfbf.jpg\"><img decoding=\"async\" class=\"alignnone size-full wp-image-29543\" src=\"http:\/\/www.ecoitaliano.com.ar\/wp-content\/uploads\/2022\/11\/jhjfbf.jpg\" alt=\"\" width=\"393\" height=\"122\" srcset=\"https:\/\/www.ecoitaliano.com.ar\/wp-content\/uploads\/2022\/11\/jhjfbf.jpg 393w, https:\/\/www.ecoitaliano.com.ar\/wp-content\/uploads\/2022\/11\/jhjfbf-300x93.jpg 300w, https:\/\/www.ecoitaliano.com.ar\/wp-content\/uploads\/2022\/11\/jhjfbf-150x47.jpg 150w\" sizes=\"(max-width: 393px) 100vw, 393px\" \/><\/a><\/p>\n<table class=\"templateContainer\" border=\"0\" width=\"100%\" cellspacing=\"0\" cellpadding=\"0\">\n<tbody>\n<tr>\n<td id=\"templateBody\" valign=\"top\">\n<table class=\"mcnTextBlock\" border=\"0\" width=\"100%\" cellspacing=\"0\" cellpadding=\"0\">\n<tbody class=\"mcnTextBlockOuter\">\n<tr>\n<td class=\"mcnTextBlockInner\" valign=\"top\">\n<table class=\"mcnTextContentContainer\" border=\"0\" width=\"100%\" cellspacing=\"0\" cellpadding=\"0\" align=\"left\">\n<tbody>\n<tr>\n<td class=\"mcnTextContent\" valign=\"top\">comunicato stampa<\/p>\n<p><strong>Macbeth di Giuseppe Verdi apre la stagione 2022\/23 della Fondazione Rete Lirica delle Marche<\/strong><br \/>\n<em>Una nuova produzione con il ritorno nelle Marche del grande maestro della regia italiana Pier Luigi Pizzi e sul podio l\u2019altro nascente della bacchetta Diego Ceretta\u00a0<\/em><br \/>\n<em>Progetti di inclusione e accessibilit\u00e0 e nuove attivit\u00e0 in classe per gli studenti\u00a0<\/em><br \/>\n<strong>Fermo, Teatro dell\u2019Aquila\u00a0<\/strong><br \/>\ngioved\u00ec 10 novembre, ore 17 (anteprima per gli studenti)<br \/>\nsabato 12 novembre, ore 21<\/p>\n<p><strong>Ascoli Piceno, Teatro Ventidio Basso\u00a0<\/strong><br \/>\ngioved\u00ec 17 novembre, ore 17 (anteprima per gli studenti)<br \/>\nsabato 19 novembre, ore 20.30<\/p>\n<p><strong>Fano, Teatro della Fortuna\u00a0<\/strong><br \/>\ngioved\u00ec 24 novembre, ore 17 (anteprima per gli studenti)<br \/>\nsabato 26 novembre, ore 20.30<\/p>\n<p><img decoding=\"async\" src=\"https:\/\/mcusercontent.com\/9aecf99759cc1d6c0a0ef9c1d\/images\/16355d87-efb9-ddbb-33bc-73d0e6ccb349.jpg\" width=\"600\" height=\"359\" data-file-id=\"5820508\" \/><\/p>\n<p>Si inaugura\u00a0<strong>sabato 12 novembre (ore 21) al Teatro dell\u2019Aquila<\/strong>\u00a0di Fermo la nuova stagione 2022\/23 della Fondazione Rete Lirica delle Marche, presieduta da Francesco Ciabattoni, la direzione generale di Luciano Messi e quella artistica di Alessio Vlad.<\/p>\n<p>Titolo inaugurale uno dei capolavori di Giuseppe Verdi,\u00a0<strong>Macbeth<\/strong>, affidato a un cast di interessanti interpreti: nel ruolo del titolo il baritono\u00a0<strong>Gezim Myshketa<\/strong>, mentre Lady Macbeth sar\u00e0 il soprano\u00a0<strong>Lidia Fridman<\/strong>\u00a0astro nascente sui palcoscenici italiano che debutta nel ruolo; Macduff, Banco e Malcolm saranno rispettivamente Matteo Roma, Gianluca Margheri (anche loro al debutto) e Giuseppe Settanni; come Dama di Lady Macbeth invece Melissa D\u2019Ottavi, scelta fra i candidati alle audizioni svolte negli ultimi anni che hanno portato all\u2019inserimento di nuove voci nelle locandine.<br \/>\nSul podio della FORM-Orchestra Filarmonica Marchigiana salir\u00e0\u00a0<strong>Diego Ceretta<\/strong>, giovanissima bacchetta, classe 1996, al debutto nei teatri della Rete. Regia, scene, costumi e luci sono firmate invece da\u00a0<strong>Pier Luigi Pizzi<\/strong>, maestro del teatro italiano e artista legatissimo alle Marche e al suo pubblico. Il Coro \u00e8 quello del Teatro Ventidio Basso di Ascoli Piceno diretto da Giovanni Farina.<\/p>\n<p>Il debutto di Fermo sar\u00e0 preceduto, gioved\u00ec 10 novembre (ore 17), dall\u2019anteprima giovani dedicata al pubblico degli under 30, ormai una tradizione che sottolinea l\u2019attenzione che da sempre la Rete Lirica ha rivolto alla formazione del nuovo pubblico. Lo spettacolo sar\u00e0 ad Ascoli il 19 novembre (anteprima giovani 17 novembre) e al Teatro della Fortuna di Fano il 26 novembre (anteprima giovani il 24 novembre).<\/p>\n<p>Gi\u00e0 questa prima nuova produzione della Fondazione Rete Lirica delle Marche sottolinea un elemento fondamentale che regge l\u2019intera progettualit\u00e0 dell\u2019istituzione e che \u00e8 stata molto apprezzata da pubblico, critica e istituzioni: il puntare sul rapporto grandi maestri e giovani interpreti, come in questo caso la presenza di Pier Luigi Pizzi e Ceretta e il cast. Un continuo scambio di insegnamenti e visioni, fra il magistero tradizionale teatrale e le spinte innovative dei giovani artisti.<\/p>\n<p>\u00abIl teatro mette talvolta insieme artisti con storie per et\u00e0 e formazione diverse tra loro &#8211; commenta Pizzi nell\u2019intervista di Mattia Palma sul programma di sala \u2013 e mi piace incontrare giovani che affrontano questi capolavori senza preconcetti e pregiudizi. Un esordiente, per il quale \u00e8 tutto nuovo, pu\u00f2 lasciarsi guidare verso prospettive a cui non aveva pensato, mentre, d\u2019altra parte, pu\u00f2 suggerirmi reazioni a cui non sono ancora arrivato\u00ab Ceretta peraltro ha gi\u00e0 le idee molto chiare: \u00abQuando si lavora su alcuni compositori \u2013 spiega sempre il direttore nello stesso testo \u2013 c\u2019\u00e8 sempre un misto di eccitazione e timore. Verdi \u00e8 particolarmente stimolante perch\u00e9 \u00e8 come se invitasse gli esecutori a scavare il pi\u00f9 possibile nella partitura. Ci sono alcune edizioni di riferimento che \u00e8 importante conoscere, personalmente adoro quelle di Claudio Abbado e di Riccardo Muti, entrambe realizzate alla Scala. Ma credo sia importante riuscire a costruirsi una propria visione della musica. Il che non vuol dire certo ripudiare il passato, ma cercare di leggere un\u2019opera con motivazioni personali, altrimenti l\u2019interpretazione rischia di bloccarsi e diventare routine\u00bb.<\/p>\n<p>Macbeth \u00e8 la prima opera di Verdi ispirata a un dramma di Shakespeare che lui considerava \u00abuna delle pi\u00f9 grandi creazioni umane\u00bb. Il\u00a0 debutto di questo lavoro \u2013 considerato il capolavoro dei giovanili \u201canni di galera\u201d \u2013 risale al 1847, al Teatro della Pergola di Firenze. Il compositore basa la struttura drammatica e i momenti chiave sulla traduzione in prosa della tragedia di Shakespeare firmata nel 1838 da Carlo Rusconi, usata poi da Francesco Maria Piave come punto di partenza per la stesura libretto. L\u2019opera fu rielaborata per debuttare a Parigi nel 1865 con interventi al libretto di Andrea Maffei. Per questa nuova produzione di uno dei capolavori pi\u00f9 oscuri e inquietanti del teatro verdiano, si user\u00e0 la versione del 1865, ma senza i ballabili e senza il coro \u201cOndine e Silfidi\u201d. L\u2019obiettivo \u00e8 cercare di realizzare un\u2019edizione il pi\u00f9 possibile compatta drammaturgicamente.<\/p>\n<p>Pietra angolare del catalogo operistico di Verdi, Macbeth contiene non pochi tratti del Verdi futuro, maturo, sperimentale. Dall\u2019epistolario con il librettista si scoprono i dettagli cui lavora, verso i quali convince Piave: la \u201cbrevit\u00e0\u201d, la \u201csublimit\u00e0\u201d del testo teatrale originale, l\u2019interesse per la \u201cparola scenica\u201d, l\u2019interesse assoluto affinch\u00e9 i cantanti recitino e non si fermino al canto.<\/p>\n<p>\u00abVerdi \u2013 sottolinea ancora Pizzi \u2013 era un regista, un drammaturgo, un compositore col senso indiscutibile della scena. Musicista geniale come ognuno sa e anche grande uomo di Teatro\u00bb.<\/p>\n<p>In questi giorni, nelle scuole secondarie, si sta realizzando un progetto di coinvolgimento degli studenti delle scuole secondarie di primo grado attraverso delle guide all\u2019ascolto dell\u2019opera teatralizzate, intitolate\u00a0<strong>Tre volte tre &#8211; caso Macbeth<\/strong>, regia e drammaturgia di Lisa Capaccioli e la supervisione musicale di Cesarina Compagnoni, con Francesco Dendi (attore), Gloriela Villalobos (soprano), Benedetta Castellani\/Claudia Rossetti (violino), Vincenzo Pergola (violoncello). La vicenda di Macbeth \u00e8 presentata come se fosse un&#8217;indagine poliziesca: gli studenti si troveranno cos\u00ec sulla scena di un crimine, dove si intrecciano la trama, alcune delle arie e temi musicali dell&#8217;opera lirica e azione scenica. Sono previsti alcuni momenti di teatro partecipato in modo da far interagire i giovani spettatori, scoprendo le prove ritrovate sul luogo dei delitti.<\/p>\n<p>Si rinnova anche quest\u2019anno il progetto di accessibilit\u00e0 grazie al team di\u00a0<strong>InclusivOpera<\/strong>, da oltre dieci anni attivo al Macerata Opera Festival. Formato dalla ideatrice e coordinatrice Elena Di Giovanni e da Francesca Raffi insieme con ALI-Accessibilit\u00e0, Lingue, Inclusione, InclusivOpera proporr\u00e0 diverse attivit\u00e0 destinate sia a sordi e ipoudenti che a ciechi e ipovedenti per le opere in programma: dai percorsi guidati in LIS (la Lingua dei Segni Italiana) ai percorsi tattili sino agli spettacoli con il servizio di audio descrizione che saranno disponibili nei giorni precedenti l\u2019opera in formato Mp3 sul sito della Fondazione. I dettagli per partecipare sono disponibili sul sito della Fondazione. Le attivit\u00e0 di accessibilit\u00e0 si realizzano nell\u2019ambito del progetto regionale \u201cMarche for All\u201d \u2013 IV Linea progettuale: Percorsi di arte e spettacolo. Per un turismo culturale dei disabili sensoriali, realizzato con il contributo della Presidenza del Consiglio dei Ministri \u2013 Ministro per le disabilit\u00e0 e con il co-finanziamento della Regione Marche. Capofila del progetto \u00e8 il Comune di Jesi e la rete Lirica della Marche \u00e8 partner insieme alla Fondazione Pergolesi Spontini e all\u2019Associazione Arena Sferisterio.<\/p>\n<p>I biglietti della Stagione 2022\/23 hanno un costo compreso fra 25 e i 50 euro.<br \/>\nI biglietti per le anteprime giovani fra i 5 e i 10 euro.<\/p>\n<p>Teatro Ventidio Basso di Ascoli Piceno<br \/>\n0736 298770\u00a0<a class=\"mailto-link\" href=\"mailto:ascoli.biglietteriateatro@email.it\" target=\"_blank\" rel=\"noopener\">ascoli.biglietteriateatro@email.it<\/a><\/p>\n<p>Teatro della Fortuna di Fano<br \/>\n0721 800750\u00a0<a class=\"mailto-link\" href=\"mailto:botteghino@teatrodellafortuna.itOggi\" target=\"_blank\" rel=\"noopener\">botteghino@teatrodellafortuna.it<\/a><\/p>\n<p>Teatro dell\u2019Aquila di Fermo<br \/>\n0734 284295\u00a0<a class=\"mailto-link\" href=\"mailto:biglietteriateatro@comune.fermo.it\" target=\"_blank\" rel=\"noopener\">biglietteriateatro@comune.fermo.it<\/a><br \/>\nLa\u00a0<strong>Fondazione Rete Lirica delle Marche<\/strong>, organismo nato nel 2018 di cui \u00e8 Presidente Francesco Ciabattoni, Direttore Luciano Messi e Direttore Artistico Alessio Vlad; \u00e8 stata costituita dai Comuni di Ascoli Piceno, Fermo e Macerata, dalla Fondazione Teatro della Fortuna (soci sostenitori), dall\u2019Associazione Arena Sferisterio, dalla Fondazione Orchestra Regionale delle Marche e dal Rossini Opera Festival (soci partecipanti). La Fondazione trae origine e rappresenta l\u2019evoluzione del percorso istituzionale avviato dagli stessi soggetti, sotto l\u2019egida della Regione Marche, con la sottoscrizione del \u201cProtocollo d\u2019intesa per la creazione di un sistema regionale a sostegno dei Teatri di Lirica Ordinaria\u201d. Hanno successivamente aderito, sempre in qualit\u00e0 di soci partecipanti, l\u2019Orchestra Sinfonica Rossini, l\u2019Accademia di Belle Arti di Macerata e il Conservatorio \u201cG. B Pergolesi\u201d di Fermo. La Fondazione Rete Lirica delle Marche ha ottenuto nel 2018 il prestigioso riconoscimento \u201cPremio Cultura di Gestione\u201d, conferito da FederCulture a Roma ai progetti pi\u00f9 innovativi nel campo della gestione culturale, in quanto eccellente esempio di governance pubblica in grado di fare sistema e di creare network intorno ad obiettivi condivisi e reali istanze del territorio di riferimento.<br \/>\n<strong>Fondazione Rete Lirica delle Marche<\/strong><br \/>\n<em>Ufficio stampa<\/em><br \/>\nFloriana Tessitore +39 3387339981<br \/>\nWalter Vitale +39 3335243419<br \/>\nEmail:\u00a0<a class=\"mailto-link\" href=\"mailto:stampa@fondazioneliricamarche.it\" target=\"_blank\" rel=\"noopener\">stampa@fondazioneliricamarche.it<\/a><br \/>\nAncona, 2 novembre 2022<\/p>\n<p><strong>Stagione Lirica 2022\/2023\u00a0<\/strong><\/p>\n<p><strong>Macbeth\u00a0<\/strong><br \/>\nMelodramma in quattro parti<br \/>\nMusica\u00a0<strong>Giuseppe Verdi<\/strong><br \/>\nLibretto\u00a0<strong>Francesco Maria Piave<\/strong>\u00a0dalla tragedia omonima di\u00a0<strong>William Shakespeare\u00a0<\/strong><br \/>\n<em>Prima rappresentazione<\/em>\u00a0Firenze, Teatro La Pergola, 14marzo 1847<br \/>\n<em>Seconda versione riveduta<\/em>\u00a0Parigi, Th\u00e9\u00e2treLyrique, 19 aprile 1865<\/p>\n<p><em>Direttore d\u2019orchestra<\/em>\u00a0Diego Ceretta<br \/>\n<em>Regia, scene, costumi e luci<\/em>\u00a0Pier Luigi Pizzi<\/p>\n<p><em>Macbeth<\/em>\u00a0Gezim Myshketa*<br \/>\n<em>Banco<\/em>\u00a0Gianluca Margheri<br \/>\n<em>Lady Macbeth<\/em>\u00a0Lidia Fridman<br \/>\n<em>Dama di Lady Macbeth<\/em>\u00a0Melissa D\u2019Ottavi<br \/>\n<em>Macduff\u00a0<\/em>Matteo Roma<br \/>\n<em>Malcolm\u00a0<\/em>Giuseppe Settanni<br \/>\n<em>Un domestico di Macbeth\/Il sicario\/L\u2019araldo \/ Il medico<\/em>\u00a0William Corr\u00f2<\/p>\n<p>FORM Orchestra Filarmonica Marchigiana<br \/>\nCoro del Teatro Ventidio Basso di Ascoli Piceno<br \/>\n<em>Maestro del coro<\/em>\u00a0Giovanni Farina<\/p>\n<p>Nuovo allestimento della Fondazione Rete Lirica delle Marche<\/p>\n<p><em>Fermo, Teatro dell\u2019Aquila\u00a0<\/em><br \/>\ngioved\u00ec 10 novembre 2022 (anteprima), ore 17<br \/>\nsabato 12 novembre 2022, ore 21<\/p>\n<p><em>Ascoli, Teatro Ventidio Basso\u00a0<\/em><br \/>\ngioved\u00ec 17 novembre2022 (anteprima), ore 17 (il personaggio di Macbeth verr\u00e0 interpretato da Elcin Adil)<br \/>\nsabato 19 novembre 2022, ore 20:30<\/p>\n<p><em>Fano, Teatro della Fortuna<\/em><br \/>\ngioved\u00ec 24 novembre 2022(anteprima), ore 17<br \/>\nsabato 26 novembre 2022, ore 20:30<\/td>\n<\/tr>\n<\/tbody>\n<\/table>\n<\/td>\n<\/tr>\n<\/tbody>\n<\/table>\n<\/td>\n<\/tr>\n<tr>\n<td id=\"templateFooter\" valign=\"top\">\n<table class=\"mcnDividerBlock\" border=\"0\" width=\"100%\" cellspacing=\"0\" cellpadding=\"0\">\n<tbody class=\"mcnDividerBlockOuter\">\n<tr>\n<td class=\"mcnDividerBlockInner\">\n<table class=\"mcnDividerContent\" border=\"0\" width=\"100%\" cellspacing=\"0\" cellpadding=\"0\">\n<tbody>\n<tr>\n<td><\/td>\n<\/tr>\n<\/tbody>\n<\/table>\n<\/td>\n<\/tr>\n<\/tbody>\n<\/table>\n<table class=\"mcnTextBlock\" border=\"0\" width=\"100%\" cellspacing=\"0\" cellpadding=\"0\">\n<tbody class=\"mcnTextBlockOuter\">\n<tr>\n<td class=\"mcnTextBlockInner\" valign=\"top\">\n<table class=\"mcnTextContentContainer\" border=\"0\" width=\"100%\" cellspacing=\"0\" cellpadding=\"0\" align=\"left\">\n<tbody>\n<tr>\n<td class=\"mcnTextContent\" valign=\"top\"><em>Copyright \u00a9 2022 Floriana Tessitore, All rights reserved.<\/em><\/td>\n<\/tr>\n<\/tbody>\n<\/table>\n<\/td>\n<\/tr>\n<\/tbody>\n<\/table>\n<\/td>\n<\/tr>\n<\/tbody>\n<\/table>\n<p><strong>Our mailing address is:<\/strong><\/p>\n<div class=\"vcard\"><span class=\"org fn\">Floriana Tessitore<\/span><\/p>\n<div class=\"adr\">\n<div class=\"street-address\">Palermo<\/div>\n<p><span class=\"locality\">Palermo<\/span>,\u00a0<span class=\"region\">Sicilia<\/span>\u00a0<span class=\"postal-code\">90100<\/span><\/p>\n<div class=\"country-name\">Italy<\/div>\n<\/div>\n<\/div>\n<div><\/div>\n<div><a href=\"http:\/\/www.ecoitaliano.com.ar\/wp-content\/uploads\/2022\/11\/Lidia-Fridman.jpg\"><img decoding=\"async\" class=\"alignnone size-full wp-image-29544\" src=\"http:\/\/www.ecoitaliano.com.ar\/wp-content\/uploads\/2022\/11\/Lidia-Fridman.jpg\" alt=\"\" width=\"2658\" height=\"3989\" srcset=\"https:\/\/www.ecoitaliano.com.ar\/wp-content\/uploads\/2022\/11\/Lidia-Fridman.jpg 2658w, https:\/\/www.ecoitaliano.com.ar\/wp-content\/uploads\/2022\/11\/Lidia-Fridman-200x300.jpg 200w, https:\/\/www.ecoitaliano.com.ar\/wp-content\/uploads\/2022\/11\/Lidia-Fridman-768x1153.jpg 768w, https:\/\/www.ecoitaliano.com.ar\/wp-content\/uploads\/2022\/11\/Lidia-Fridman-682x1024.jpg 682w, https:\/\/www.ecoitaliano.com.ar\/wp-content\/uploads\/2022\/11\/Lidia-Fridman-100x150.jpg 100w\" sizes=\"(max-width: 2658px) 100vw, 2658px\" \/><\/a> <a href=\"http:\/\/www.ecoitaliano.com.ar\/wp-content\/uploads\/2022\/11\/Pier-Luigi-Pizzi.png\"><img decoding=\"async\" class=\"alignnone size-full wp-image-29545\" src=\"http:\/\/www.ecoitaliano.com.ar\/wp-content\/uploads\/2022\/11\/Pier-Luigi-Pizzi.png\" alt=\"\" width=\"588\" height=\"883\" srcset=\"https:\/\/www.ecoitaliano.com.ar\/wp-content\/uploads\/2022\/11\/Pier-Luigi-Pizzi.png 588w, https:\/\/www.ecoitaliano.com.ar\/wp-content\/uploads\/2022\/11\/Pier-Luigi-Pizzi-200x300.png 200w, https:\/\/www.ecoitaliano.com.ar\/wp-content\/uploads\/2022\/11\/Pier-Luigi-Pizzi-100x150.png 100w\" sizes=\"(max-width: 588px) 100vw, 588px\" \/><\/a><\/div>\n","protected":false},"excerpt":{"rendered":"<p>comunicato stampa Macbeth di Giuseppe Verdi apre la stagione 2022\/23 della Fondazione Rete Lirica delle Marche Una nuova produzione con [&hellip;]<\/p>\n","protected":false},"author":1,"featured_media":0,"comment_status":"open","ping_status":"open","sticky":false,"template":"","format":"standard","meta":{"footnotes":""},"categories":[1],"tags":[],"class_list":["post-29542","post","type-post","status-publish","format-standard","hentry","category-sin-categoria"],"_links":{"self":[{"href":"https:\/\/www.ecoitaliano.com.ar\/index.php?rest_route=\/wp\/v2\/posts\/29542","targetHints":{"allow":["GET"]}}],"collection":[{"href":"https:\/\/www.ecoitaliano.com.ar\/index.php?rest_route=\/wp\/v2\/posts"}],"about":[{"href":"https:\/\/www.ecoitaliano.com.ar\/index.php?rest_route=\/wp\/v2\/types\/post"}],"author":[{"embeddable":true,"href":"https:\/\/www.ecoitaliano.com.ar\/index.php?rest_route=\/wp\/v2\/users\/1"}],"replies":[{"embeddable":true,"href":"https:\/\/www.ecoitaliano.com.ar\/index.php?rest_route=%2Fwp%2Fv2%2Fcomments&post=29542"}],"version-history":[{"count":0,"href":"https:\/\/www.ecoitaliano.com.ar\/index.php?rest_route=\/wp\/v2\/posts\/29542\/revisions"}],"wp:attachment":[{"href":"https:\/\/www.ecoitaliano.com.ar\/index.php?rest_route=%2Fwp%2Fv2%2Fmedia&parent=29542"}],"wp:term":[{"taxonomy":"category","embeddable":true,"href":"https:\/\/www.ecoitaliano.com.ar\/index.php?rest_route=%2Fwp%2Fv2%2Fcategories&post=29542"},{"taxonomy":"post_tag","embeddable":true,"href":"https:\/\/www.ecoitaliano.com.ar\/index.php?rest_route=%2Fwp%2Fv2%2Ftags&post=29542"}],"curies":[{"name":"wp","href":"https:\/\/api.w.org\/{rel}","templated":true}]}}