{"id":29558,"date":"2022-11-03T17:30:49","date_gmt":"2022-11-03T17:30:49","guid":{"rendered":"http:\/\/www.ecoitaliano.com.ar\/?p=29558"},"modified":"2022-11-03T17:30:49","modified_gmt":"2022-11-03T17:30:49","slug":"serena-conduce-operaclassica-eco-italiano-1863","status":"publish","type":"post","link":"https:\/\/www.ecoitaliano.com.ar\/?p=29558","title":{"rendered":"Serena conduce operaclassica eco italiano"},"content":{"rendered":"<p><a href=\"http:\/\/www.ecoitaliano.com.ar\/wp-content\/uploads\/2022\/11\/logo_teatro_lr.jpg\"><img decoding=\"async\" class=\"wp-image-29559 aligncenter\" src=\"http:\/\/www.ecoitaliano.com.ar\/wp-content\/uploads\/2022\/11\/logo_teatro_lr.jpg\" alt=\"\" width=\"265\" height=\"205\" srcset=\"https:\/\/www.ecoitaliano.com.ar\/wp-content\/uploads\/2022\/11\/logo_teatro_lr.jpg 666w, https:\/\/www.ecoitaliano.com.ar\/wp-content\/uploads\/2022\/11\/logo_teatro_lr-300x232.jpg 300w, https:\/\/www.ecoitaliano.com.ar\/wp-content\/uploads\/2022\/11\/logo_teatro_lr-150x116.jpg 150w, https:\/\/www.ecoitaliano.com.ar\/wp-content\/uploads\/2022\/11\/logo_teatro_lr-400x311.jpg 400w\" sizes=\"(max-width: 265px) 100vw, 265px\" \/><\/a><\/p>\n<p><strong>COMUNICATO STAMPA<br \/>\n<\/strong>Modena, 3 novembre 2022<\/p>\n<p><strong>\u00a0CONCERTI: I 75 ANNI DI SALVATORE SCIARRINO<br \/>\n<\/strong><em>Il Quartetto Prometeo a Modena per eseguire alcuni dei suoi brani pi\u00f9 celebri<\/em><\/p>\n<p>Il Teatro Comunale di Modena presenta sabato 5 novembre alle 20.30 un concerto speciale in occasione del 75\u00b0 compleanno di Salvatore Sciarrino, pietra miliare della musica colta, compositore fra i pi\u00f9 conosciuti ed eseguiti in tutto il mondo. Per l\u2019occasione, il Quartetto Prometeo, formazione composta da Giulio Rovighi, Aldo Campagnari, Danusha Waskiewicz e Francesco Dillon eseguir\u00e0 una serie di brani di Sciarrino derivati dalle antiche sonate di Domenico Scarlatti a fianco del celebre\u00a0<em>Quartetto in fa maggiore<\/em>\u00a0di Maurice Ravel.<\/p>\n<p>Vincitore della 50\u00b0 edizione del Prague Spring International Music Competition nel 1998, il Quartetto Prometeo \u00e8 stato insignito anche del Premio Speciale B\u00e4renreiter per la migliore esecuzione del Quartetto K590 di Mozart, del Premio Citt\u00e0 di Praga come migliore quartetto e del Premio Pro Harmonia Mundi. Nel 1998 \u00e8 stato eletto complesso residente della Britten Pears Academy di Aldeburgh e nel 1999 ha ricevuto il premio Thomas Infeld dalla Internationale Sommer Akademie Prag-Wien-Budapest per le \u2018straordinarie capacit\u00e0 interpretative\u2019. Nel 2000 \u00e8 stato nuovamente insignito del Premio Speciale B\u00e4renreiter al Concorso ARD di Monaco. Ha ricevuto il Leone d\u2019Argento 2012 alla Biennale Musica di Venezia. \u00c8 stato invitato, con grande successo da parte del pubblico e della critica, al Concertgebouw di Amsterdam, Musikverein, Wigmore Hall, Aldeburgh Festival, Prague Spring Festival, Mecklenburg Festival, Accademia di Santa Cecilia di Roma, Societ\u00e0 del Quartetto di Milano, Amici della Musica di Firenze. Dal 2013 \u00e8 \u2018quartetto in residence\u2019 all\u2019Accademia Chigiana di Siena in collaborazione con la classe di composizione di Salvatore Sciarrino.<\/p>\n<p>Attivo dal 1962, Salvatore Sciarrino ha composto per Teatro alla Scala, Accademia di Santa Cecilia, RAI, Maggio Musicale Fiorentino, Biennale di Venezia, Teatro La Fenice di Venezia, Teatro Carlo Felice di Genova, Arena di Verona, Op\u00e9ra National de Paris, Staatstheater Stuttgart, Oper Frankfurt, Nationaltheater Mannheim, Wuppertaler B\u00fchnen, Concertgebouw Amsterdam, London Symphony Orchestra, Suntory Hall Tokyo; per i festival di: Domain Musical di Parigi, Schwetzingen, Donaueschingen, Lucerna, Witten, Salisburgo, New York, Wien Modern, Wiener Festwochen, Ensemble Intercontemporain, Berliner Festspiele Musik Biennale, Holland Festival, Alborough, Festival d&#8217;Automne di Parigi, Ultima di Oslo, Beethovenfest di Bonn. Vastissima la sua discografia, che conta pi\u00f9 di 140 CD editi dalle migliori etichette in ambito internazionale, pi\u00f9 volte segnalati e premiati. Nel 2016 ha ricevuto il Leone d&#8217;oro alla carriera per la Musica dalla Biennale di Venezia.<\/p>\n<p>Biglietti, da 6 a 20\u20ac salvo riduzioni. Biglietti online, presso la biglietteria del Teatro, o telefonando allo 059 2033010. Info\u00a0<a href=\"http:\/\/www.teatrocomunalemodena.it\/\" target=\"_blank\" rel=\"noopener\">www.teatrocomunalemodena.it<\/a>.<\/p>\n<p>&nbsp;<\/p>\n<p>Alessandro Roveri<br \/>\nUfficio Stampa<br \/>\nFondazione Teatro Comunale di Modena<br \/>\n<a href=\"http:\/\/www.teatrocomunalemodena.it\/\" target=\"_blank\" rel=\"noopener\">www.teatrocomunalemodena.it<\/a><br \/>\nVia del Teatro 8, 41121 Modena<br \/>\n<a class=\"mailto-link\" href=\"mailto:aroveri@teatrocomunalemodena.it\" target=\"_blank\" rel=\"noopener\">aroveri@teatrocomunalemodena.it<\/a><\/p>\n<p><a href=\"http:\/\/www.ecoitaliano.com.ar\/wp-content\/uploads\/2022\/11\/Quartetto-Prometeo-2.jpg\"><img decoding=\"async\" class=\"alignnone size-full wp-image-29560\" src=\"http:\/\/www.ecoitaliano.com.ar\/wp-content\/uploads\/2022\/11\/Quartetto-Prometeo-2.jpg\" alt=\"\" width=\"3000\" height=\"2208\" srcset=\"https:\/\/www.ecoitaliano.com.ar\/wp-content\/uploads\/2022\/11\/Quartetto-Prometeo-2.jpg 3000w, https:\/\/www.ecoitaliano.com.ar\/wp-content\/uploads\/2022\/11\/Quartetto-Prometeo-2-300x221.jpg 300w, https:\/\/www.ecoitaliano.com.ar\/wp-content\/uploads\/2022\/11\/Quartetto-Prometeo-2-768x565.jpg 768w, https:\/\/www.ecoitaliano.com.ar\/wp-content\/uploads\/2022\/11\/Quartetto-Prometeo-2-1024x754.jpg 1024w, https:\/\/www.ecoitaliano.com.ar\/wp-content\/uploads\/2022\/11\/Quartetto-Prometeo-2-150x110.jpg 150w\" sizes=\"(max-width: 3000px) 100vw, 3000px\" \/><\/a> <a href=\"http:\/\/www.ecoitaliano.com.ar\/wp-content\/uploads\/2022\/11\/Sciarrino03-foto-Luca-Carr\u00e0-Rai-Trade.tif\"><img decoding=\"async\" class=\"alignnone size-full wp-image-29562\" src=\"http:\/\/www.ecoitaliano.com.ar\/wp-content\/uploads\/2022\/11\/Sciarrino03-foto-Luca-Carr\u00e0-Rai-Trade.tif\" alt=\"\" \/><\/a><a href=\"http:\/\/www.ecoitaliano.com.ar\/wp-content\/uploads\/2022\/11\/Sciarrino03-foto-Luca-Carr\u00e0-Rai-Trade.tif\"><img decoding=\"async\" class=\"alignnone size-full wp-image-29562\" src=\"http:\/\/www.ecoitaliano.com.ar\/wp-content\/uploads\/2022\/11\/Sciarrino03-foto-Luca-Carr\u00e0-Rai-Trade.tif\" alt=\"\" \/><\/a><\/p>\n<p><a href=\"http:\/\/www.ecoitaliano.com.ar\/wp-content\/uploads\/2022\/11\/Sciarrino03-foto-Luca-Carr\u00e0-Rai-Trade.tif\"><img decoding=\"async\" class=\"alignnone size-full wp-image-29562\" src=\"http:\/\/www.ecoitaliano.com.ar\/wp-content\/uploads\/2022\/11\/Sciarrino03-foto-Luca-Carr\u00e0-Rai-Trade.tif\" alt=\"\" \/><\/a><\/p>\n","protected":false},"excerpt":{"rendered":"<p>COMUNICATO STAMPA Modena, 3 novembre 2022 \u00a0CONCERTI: I 75 ANNI DI SALVATORE SCIARRINO Il Quartetto Prometeo a Modena per eseguire [&hellip;]<\/p>\n","protected":false},"author":1,"featured_media":0,"comment_status":"open","ping_status":"open","sticky":false,"template":"","format":"standard","meta":{"footnotes":""},"categories":[1],"tags":[],"class_list":["post-29558","post","type-post","status-publish","format-standard","hentry","category-sin-categoria"],"_links":{"self":[{"href":"https:\/\/www.ecoitaliano.com.ar\/index.php?rest_route=\/wp\/v2\/posts\/29558","targetHints":{"allow":["GET"]}}],"collection":[{"href":"https:\/\/www.ecoitaliano.com.ar\/index.php?rest_route=\/wp\/v2\/posts"}],"about":[{"href":"https:\/\/www.ecoitaliano.com.ar\/index.php?rest_route=\/wp\/v2\/types\/post"}],"author":[{"embeddable":true,"href":"https:\/\/www.ecoitaliano.com.ar\/index.php?rest_route=\/wp\/v2\/users\/1"}],"replies":[{"embeddable":true,"href":"https:\/\/www.ecoitaliano.com.ar\/index.php?rest_route=%2Fwp%2Fv2%2Fcomments&post=29558"}],"version-history":[{"count":0,"href":"https:\/\/www.ecoitaliano.com.ar\/index.php?rest_route=\/wp\/v2\/posts\/29558\/revisions"}],"wp:attachment":[{"href":"https:\/\/www.ecoitaliano.com.ar\/index.php?rest_route=%2Fwp%2Fv2%2Fmedia&parent=29558"}],"wp:term":[{"taxonomy":"category","embeddable":true,"href":"https:\/\/www.ecoitaliano.com.ar\/index.php?rest_route=%2Fwp%2Fv2%2Fcategories&post=29558"},{"taxonomy":"post_tag","embeddable":true,"href":"https:\/\/www.ecoitaliano.com.ar\/index.php?rest_route=%2Fwp%2Fv2%2Ftags&post=29558"}],"curies":[{"name":"wp","href":"https:\/\/api.w.org\/{rel}","templated":true}]}}