{"id":29566,"date":"2022-11-03T22:07:22","date_gmt":"2022-11-03T22:07:22","guid":{"rendered":"http:\/\/www.ecoitaliano.com.ar\/?p=29566"},"modified":"2022-11-03T22:07:22","modified_gmt":"2022-11-03T22:07:22","slug":"serena-conduce-operaclassica-eco-italiano-1864","status":"publish","type":"post","link":"https:\/\/www.ecoitaliano.com.ar\/?p=29566","title":{"rendered":"Serena conduce operaclassica eco italiano"},"content":{"rendered":"<p style=\"text-align: center;\"><a href=\"http:\/\/www.ecoitaliano.com.ar\/wp-content\/uploads\/2022\/10\/lkjhgfd.jpg\"><img decoding=\"async\" class=\"alignnone size-full wp-image-29382\" src=\"http:\/\/www.ecoitaliano.com.ar\/wp-content\/uploads\/2022\/10\/lkjhgfd.jpg\" alt=\"\" width=\"833\" height=\"178\" srcset=\"https:\/\/www.ecoitaliano.com.ar\/wp-content\/uploads\/2022\/10\/lkjhgfd.jpg 833w, https:\/\/www.ecoitaliano.com.ar\/wp-content\/uploads\/2022\/10\/lkjhgfd-300x64.jpg 300w, https:\/\/www.ecoitaliano.com.ar\/wp-content\/uploads\/2022\/10\/lkjhgfd-768x164.jpg 768w, https:\/\/www.ecoitaliano.com.ar\/wp-content\/uploads\/2022\/10\/lkjhgfd-150x32.jpg 150w\" sizes=\"(max-width: 833px) 100vw, 833px\" \/><\/a><\/p>\n<p>Comunicato stampa<\/p>\n<p>&nbsp;<\/p>\n<p><strong>L\u2019ATTESO\u00a0RITORNO DI EVGENY KISSIN A BOLOGNA<\/strong><\/p>\n<p>&nbsp;<\/p>\n<p><strong>Bologna Festival, Fondazione Musica Insieme e Teatro Comunale di Bologna per la prima volta uniti per un concerto straordinario con il grande pianista, che interpreta il KV 488 di Mozart per il suo debutto con l\u2019Orchestra del Comunale<\/strong><\/p>\n<p>&nbsp;<\/p>\n<p><em>Sabato 5 novembre alle 20.30 &#8211; Auditorium Manzoni, Bologna<\/em><\/p>\n<p>&nbsp;<\/p>\n<p>A dieci anni dal suo ultimo recital bolognese, il grande pianista\u00a0<strong>Evgeny\u00a0Kissin<\/strong>\u00a0torna protagonista nel capoluogo emiliano per un concerto straordinario in programma\u00a0<strong>sabato 5 novembre alle 20.30 all\u2019Auditorium Manzoni<\/strong>. A proporlo tre fra le pi\u00f9 importanti istituzioni musicali cittadine, unite per la prima volta:\u00a0<strong>Associazione Bologna Festival Onlus<\/strong>,\u00a0<strong>Fondazione Musica Insieme<\/strong>\u00a0e\u00a0<strong>Teatro Comunale di Bologna<\/strong>.<\/p>\n<p>&nbsp;<\/p>\n<p>L\u2019occasione vede il debutto di Kissin con l\u2019<strong>Orchestra del Comunale<\/strong>\u00a0interpretando uno dei concerti per pianoforte e orchestra pi\u00f9 celebri e amati dal pubblico di tutte le epoche: il n. 23 in la maggiore KV 488 di Wolfgang Amadeus Mozart, pagina che segn\u00f2 l\u2019ultima apparizione del Salisburghese al Burgtheater di Vienna come compositore e interprete delle proprie musiche. Scritto nel 1786 al termine di un biennio particolarmente fecondo per Mozart, che lo vide ultimare\u00a0<em>Le nozze di Figaro<\/em>\u00a0e firmare ben dodici concerti, il KV 488 lascia emergere in particolare il timbro dei clarinetti, recente scoperta dell\u2019autore, assumendo tratti sempre pi\u00f9 personali rispetto alle forme consuete e al tradizionale trattamento dell\u2019orchestra.<\/p>\n<p>\u00abQuando salgo sul palco per suonare il mio stato d\u2019animo \u00e8 lo stesso oggi di quando ero bambino\u00a0\u2013\u00a0commenta a Bologna il pianista\u00a0Evgeny\u00a0Kissin\u00a0\u2013.\u00a0Credo che la musica sia\u00a0uno dei doni pi\u00f9 meravigliosi che abbiamo su questa terra, ed \u00e8 questo che voglio condividere.\u00a0Da quando \u00e8 scoppiata la guerra in Ucraina\u00a0\u2013\u00a0prosegue\u00a0Kissin\u00a0\u2013\u00a0ad ogni mio recital eseguo come bis la\u00a0<em>Polonaise<\/em>\u00a0in la bemolle maggiore di Chopin, perch\u00e9 il\u00a0compositore la scrisse quando la Polonia si era liberata dall\u2019invasione russa. \u00c8 questo il mio modo di essere solidale con il popolo ucraino.\u00a0A causa di una tendinite, non potr\u00f2 eseguirla qui a Bologna, n\u00e9 come sapete eseguir\u00f2 il\u00a0\u201cRach3\u201d, ma dopo il Concerto di Mozart desidero offrire al pubblico un paio di brani fuori programma: il\u00a0Rond\u00f2 in re maggiore di Mozart e il Secondo Scherzo di Chopin\u00bb.<\/p>\n<p>Ex enfant-prodige di origini ucraine da parte di madre e bielorusse da parte di padre, nato a Mosca nell\u2019ottobre del 1971, Evgeny Kissin \u00e8 oggi un pianista di riferimento nel panorama internazionale: vincitore di due Grammy Awards nel 2006 e 2010,\u00a0vanta collaborazioni prestigiose come quelle con i Berliner Philharmoniker e Herbert von Karajan, con la London Symphony Orchestra e Valery Gergiev e con la New York Philharmonic e Zubin Mehta.<\/p>\n<p>&nbsp;<\/p>\n<p>Sul podio bolognese debutta in Italia il\u00a0rumeno\u00a0<strong>Radu\u00a0Paponiu<\/strong>, Direttore Associato della Naples Philharmonic Orchestra, Direttore Stabile della Naples Youth Philharmonic Orchestra e Direttore Stabile presso la Southwest Florida Symphony Orchestra, che propone anche\u00a0la\u00a0Sinfonia n. 8 in\u00a0sol maggiore\u00a0op. 88\u00a0di Anton\u00edn Dvo\u0159\u00e1k. Diretta dallo stesso compositore ceco a Praga nel 1890, con il suo penultimo lavoro sinfonico Dvo\u0159\u00e1k intendeva\u00a0\u00abscrivere un\u2019opera diversa da tutte le altre Sinfonie, con idee personali e lavorate in modo nuovo\u00bb per cercare di emanciparsi, con la sua\u00a0Ottava, dal modello tedesco.<\/p>\n<p>&nbsp;<\/p>\n<p>\u00c8\u00a0inoltre in programma una\u00a0<strong>prova aperta<\/strong>\u00a0<strong>dedicata alle scuole<\/strong>\u00a0<strong>venerd\u00ec 4 novembre alle ore 18 sempre all\u2019Auditorium Manzoni<\/strong>.<\/p>\n<p>&nbsp;<\/p>\n<p>\u00abCi voleva una particolare congiuntura perch\u00e9 tre importanti istituzioni musicali unissero le loro forze per creare finalmente una proposta condivisa per il pubblico della nostra citt\u00e0 \u2013 dice\u00a0<strong>Maddalena da Lisca<\/strong>, Sovrintendente e Direttore artistico di Bologna Festival \u2013. La riprogrammazione del concerto di Kissin al Bologna Festival, dopo che il Covid lo aveva spazzato via dal calendario di due anni fa, la disponibilit\u00e0 del maestro a presenziare questa volta in un concerto sinfonico e la sua consolidata relazione con gli amici di Musica Insieme sono alla base di questa collaborazione che ci vede uniti attorno ad uno dei pi\u00f9 acclamati pianisti viventi. A questo appuntamento, assai atteso, Kissin si presenter\u00e0 con il Concerto KV 488 di Mozart, tra i capolavori del repertorio pianistico per orchestra, e con qualche fuori programma di cui \u00e8 sempre generosissimo con il suo pubblico.\u00a0Sono felice che il pubblico delle tre diverse istituzioni coinvolte si ritrovi per questa occasione, riunito\u00a0nella sala del Manzoni sotto l\u2019egida di uno dei massimi artisti di oggi\u00bb.<\/p>\n<p>&nbsp;<\/p>\n<p>\u00abSono molto lieta che questa collaborazione con Bologna Festival e Teatro Comunale di Bologna consenta di accogliere nuovamente nella nostra citt\u00e0 Evgeny Kissin nell\u2019unica data italiana prevista per il 2022, a 10 anni esatti dalla sua ultima performance bolognese e per la prima volta insieme all\u2019Orchestra del nostro Teatro \u2013 commenta\u00a0<strong>Alessandra Scardovi<\/strong>, Presidente di Musica Insieme \u2013. Kissin \u00e8 stato ben otto volte ospite delle stagioni di Musica Insieme fin dal suo debutto\u00a0per il nostro cartellone\u00a0nel 1994, quando, proprio al Teatro Comunale, regal\u00f2 al pubblico la bellezza di sedici bis, interrotto solamente dal diktat dei Vigili del Fuoco\u2026 praticamente un secondo concerto! Il senso di condivisione noi di Musica Insieme lo abbiamo impresso nel nostro nome, e unirsi sinergicamente per offrire alla citt\u00e0 un artista di questo calibro mi fa desiderare di riassumere questo progetto prezioso in un\u2019unica parola: KISSINERGIA\u00bb.<\/p>\n<p>&nbsp;<\/p>\n<p>\u00abContribuiamo con piacere a un progetto che vede coinvolto un grande artista come Evgeny Kissin mettendo a disposizione l\u2019Orchestra del nostro Teatro, nell\u2019ottica di una sua ulteriore valorizzazione nel contesto cittadino \u2013 chiosa il Sovrintendente del Comunale\u00a0<strong>Fulvio Macciardi<\/strong>\u00a0\u2013. Concerti come questo arricchiscono l\u2019offerta musicale per il pubblico bolognese, gi\u00e0 ampia e di alto livello, confermando che le strategie condivise tra le istituzioni del territorio possono portare a ottimi risultati\u00bb.<\/p>\n<p>&nbsp;<\/p>\n<p>Il concerto \u00e8 realizzato grazie al sostegno di\u00a0<strong>Banca di Bologna\u00a0<\/strong>e con il contributo di\u00a0<strong>Alfasigma<\/strong>,\u00a0<strong>Confindustria Emilia Area Centro<\/strong>\u00a0e\u00a0<strong>Fondazione del Monte di Bologna e Ravenna<\/strong>.<\/p>\n<p>&nbsp;<\/p>\n<p>\u00abIl concerto di Kissin rappresenta per la citt\u00e0 un prestigioso appuntamento artistico\u00a0\u2013 dice\u00a0<strong>Alberto Ferrari<\/strong>,\u00a0Direttore Generale di Banca di Bologna \u2013\u00a0che nasce dalla collaborazione di tre istituzioni con cui la nostra realt\u00e0 collabora da tempo. Sostenere questa iniziativa\u00a0rappresenta per noi un\u2019ulteriore occasione per promuovere la cultura, la musica e lo spettacolo sul nostro territorio\u00bb.<\/p>\n<p>&nbsp;<\/p>\n<p>Ultimi biglietti disponibili acquistabili online su Vivaticket e nei punti vendita del circuito, incluso Bologna Welcome in Piazza Maggiore 1\/E nei seguenti orari: dal luned\u00ec al sabato ore 9-18. Tel. 051 6583111. Il giorno del concerto biglietti in vendita presso l\u2019Auditorium Manzoni\u00a0a partire dalle ore 18. Riduzioni per Under 35 e Abbonati Bologna Festival, Musica Insieme, Teatro Comunale di Bologna.<\/p>\n<p>&nbsp;<\/p>\n<p><u>Per informazioni<\/u><\/p>\n<p>Bologna Festival: 051 6493397 |\u00a0<a href=\"mailto:info@bolognafestival.it\">info@bolognafestival.it<\/a>\u00a0|\u00a0<a href=\"http:\/\/www.bolognafestival.it\/\">www.bolognafestival.it<\/a>;<\/p>\n<p>Musica Insieme: 051 271932 |\u00a0<a href=\"mailto:info@musicainsiemebologna.it\">info@musicainsiemebologna.it<\/a>\u00a0|\u00a0<a href=\"http:\/\/www.musicainsiemebologna.it\/\">www.musicainsiemebologna.it<\/a>;<\/p>\n<p>Teatro Comunale di Bologna:\u00a0<a href=\"http:\/\/www.tcbo.it\/\">www.tcbo.it<\/a>.<\/p>\n<p>&nbsp;<\/p>\n<p>03.11.2022<\/p>\n<p>&nbsp;<\/p>\n<p>&nbsp;<\/p>\n<p>&nbsp;<\/p>\n<p>Paola Soffi\u00e0<\/p>\n<p>Ufficio Stampa Bologna Festival<\/p>\n<p><a href=\"mailto:stampa@bolognafestival.it\">stampa@bolognafestival.it<\/a><\/p>\n<p>tel. +39 051 6493397 \u2013 cell. 3287076143<\/p>\n<p>Associazione Bologna Festival onlus<\/p>\n<p>Via delle Lame 58 \u2013 40122 Bologna<\/p>\n<p><a href=\"http:\/\/www.bolognafestival.it\/\">www.bolognafestival.it<\/a><\/p>\n<p>Melania Zizi<br \/>\nFondazione Musica Insieme<\/p>\n<p>Galleria Cavour 3<\/p>\n<p>40124 Bologna<\/p>\n<ol>\n<li>+39 051 271932<\/li>\n<\/ol>\n<p><u><a href=\"mailto:info@musicainsiemebologna.it\">info@musicainsiemebologna.it<\/a><\/u><\/p>\n<p><a href=\"http:\/\/www.musicainsiemebologna.it\/\">www.musicainsiemebologna.it<\/a><\/p>\n<p>Ufficio Stampa &#8211; Skill&amp;Music<\/p>\n<p>Irene Sala &#8211; Carla Monni<br \/>\nFondazione Teatro Comunale di Bologna<br \/>\nLargo Respighi, 1 &#8211; 40126 Bologna<br \/>\nT.\u00a0+39 051 529947<br \/>\n<u><a href=\"mailto:ufficiostampa@comunalebologna.it\">ufficiostampa@comunalebologna.it<\/a><\/u><u><br \/>\n<\/u><a href=\"http:\/\/www.tcbo.it\/\">www.tcbo.it<\/a><\/p>\n<p><br style=\"font-weight: 400;\" \/><\/p>\n<table>\n<tbody>\n<tr>\n<td><strong>Ufficio Stampa<\/strong><\/p>\n<p><strong>telefono: 051-529947<\/strong><\/td>\n<td><em>\u00a0 \u00a0 \u00a0 \u00a0 \u00a0 \u00a0 \u00a0 \u00a0<\/em><\/td>\n<td>Fondazione Teatro Comunale di Bologna<br \/>\nLargo Respighi, 1 &#8211; 40126 Bologna<br \/>\n<a href=\"http:\/\/www.tcbo.it\/\"><em>www.tcbo.it<\/em><\/a><\/td>\n<\/tr>\n<\/tbody>\n<\/table>\n<p><a href=\"http:\/\/www.ecoitaliano.com.ar\/wp-content\/uploads\/2022\/11\/Kissin_Evgeny_pc_FBroede_EMI_1_300.jpg\"><img decoding=\"async\" class=\"alignnone size-full wp-image-29567\" src=\"http:\/\/www.ecoitaliano.com.ar\/wp-content\/uploads\/2022\/11\/Kissin_Evgeny_pc_FBroede_EMI_1_300.jpg\" alt=\"\" width=\"2991\" height=\"2980\" srcset=\"https:\/\/www.ecoitaliano.com.ar\/wp-content\/uploads\/2022\/11\/Kissin_Evgeny_pc_FBroede_EMI_1_300.jpg 2991w, https:\/\/www.ecoitaliano.com.ar\/wp-content\/uploads\/2022\/11\/Kissin_Evgeny_pc_FBroede_EMI_1_300-150x150.jpg 150w, https:\/\/www.ecoitaliano.com.ar\/wp-content\/uploads\/2022\/11\/Kissin_Evgeny_pc_FBroede_EMI_1_300-300x300.jpg 300w, https:\/\/www.ecoitaliano.com.ar\/wp-content\/uploads\/2022\/11\/Kissin_Evgeny_pc_FBroede_EMI_1_300-768x765.jpg 768w, https:\/\/www.ecoitaliano.com.ar\/wp-content\/uploads\/2022\/11\/Kissin_Evgeny_pc_FBroede_EMI_1_300-1024x1020.jpg 1024w\" sizes=\"(max-width: 2991px) 100vw, 2991px\" \/><\/a> <a href=\"http:\/\/www.ecoitaliano.com.ar\/wp-content\/uploads\/2022\/11\/Orchestra-Teatro-Comunale-di-Bologna_@Rocco-Casaluci.jpg\"><img decoding=\"async\" class=\"alignnone size-full wp-image-29568\" src=\"http:\/\/www.ecoitaliano.com.ar\/wp-content\/uploads\/2022\/11\/Orchestra-Teatro-Comunale-di-Bologna_@Rocco-Casaluci.jpg\" alt=\"\" width=\"5472\" height=\"3648\" srcset=\"https:\/\/www.ecoitaliano.com.ar\/wp-content\/uploads\/2022\/11\/Orchestra-Teatro-Comunale-di-Bologna_@Rocco-Casaluci.jpg 5472w, https:\/\/www.ecoitaliano.com.ar\/wp-content\/uploads\/2022\/11\/Orchestra-Teatro-Comunale-di-Bologna_@Rocco-Casaluci-300x200.jpg 300w, https:\/\/www.ecoitaliano.com.ar\/wp-content\/uploads\/2022\/11\/Orchestra-Teatro-Comunale-di-Bologna_@Rocco-Casaluci-768x512.jpg 768w, https:\/\/www.ecoitaliano.com.ar\/wp-content\/uploads\/2022\/11\/Orchestra-Teatro-Comunale-di-Bologna_@Rocco-Casaluci-1024x683.jpg 1024w, https:\/\/www.ecoitaliano.com.ar\/wp-content\/uploads\/2022\/11\/Orchestra-Teatro-Comunale-di-Bologna_@Rocco-Casaluci-150x100.jpg 150w\" sizes=\"(max-width: 5472px) 100vw, 5472px\" \/><\/a> <a href=\"http:\/\/www.ecoitaliano.com.ar\/wp-content\/uploads\/2022\/11\/Radu-Paponiu_5Diana.jpg\"><img decoding=\"async\" class=\"alignnone size-full wp-image-29569\" src=\"http:\/\/www.ecoitaliano.com.ar\/wp-content\/uploads\/2022\/11\/Radu-Paponiu_5Diana.jpg\" alt=\"\" width=\"2500\" height=\"1667\" srcset=\"https:\/\/www.ecoitaliano.com.ar\/wp-content\/uploads\/2022\/11\/Radu-Paponiu_5Diana.jpg 2500w, https:\/\/www.ecoitaliano.com.ar\/wp-content\/uploads\/2022\/11\/Radu-Paponiu_5Diana-300x200.jpg 300w, https:\/\/www.ecoitaliano.com.ar\/wp-content\/uploads\/2022\/11\/Radu-Paponiu_5Diana-768x512.jpg 768w, https:\/\/www.ecoitaliano.com.ar\/wp-content\/uploads\/2022\/11\/Radu-Paponiu_5Diana-1024x683.jpg 1024w, https:\/\/www.ecoitaliano.com.ar\/wp-content\/uploads\/2022\/11\/Radu-Paponiu_5Diana-150x100.jpg 150w\" sizes=\"(max-width: 2500px) 100vw, 2500px\" \/><\/a><\/p>\n","protected":false},"excerpt":{"rendered":"<p>Comunicato stampa &nbsp; L\u2019ATTESO\u00a0RITORNO DI EVGENY KISSIN A BOLOGNA &nbsp; Bologna Festival, Fondazione Musica Insieme e Teatro Comunale di Bologna [&hellip;]<\/p>\n","protected":false},"author":1,"featured_media":0,"comment_status":"open","ping_status":"open","sticky":false,"template":"","format":"standard","meta":{"footnotes":""},"categories":[1],"tags":[],"class_list":["post-29566","post","type-post","status-publish","format-standard","hentry","category-sin-categoria"],"_links":{"self":[{"href":"https:\/\/www.ecoitaliano.com.ar\/index.php?rest_route=\/wp\/v2\/posts\/29566","targetHints":{"allow":["GET"]}}],"collection":[{"href":"https:\/\/www.ecoitaliano.com.ar\/index.php?rest_route=\/wp\/v2\/posts"}],"about":[{"href":"https:\/\/www.ecoitaliano.com.ar\/index.php?rest_route=\/wp\/v2\/types\/post"}],"author":[{"embeddable":true,"href":"https:\/\/www.ecoitaliano.com.ar\/index.php?rest_route=\/wp\/v2\/users\/1"}],"replies":[{"embeddable":true,"href":"https:\/\/www.ecoitaliano.com.ar\/index.php?rest_route=%2Fwp%2Fv2%2Fcomments&post=29566"}],"version-history":[{"count":0,"href":"https:\/\/www.ecoitaliano.com.ar\/index.php?rest_route=\/wp\/v2\/posts\/29566\/revisions"}],"wp:attachment":[{"href":"https:\/\/www.ecoitaliano.com.ar\/index.php?rest_route=%2Fwp%2Fv2%2Fmedia&parent=29566"}],"wp:term":[{"taxonomy":"category","embeddable":true,"href":"https:\/\/www.ecoitaliano.com.ar\/index.php?rest_route=%2Fwp%2Fv2%2Fcategories&post=29566"},{"taxonomy":"post_tag","embeddable":true,"href":"https:\/\/www.ecoitaliano.com.ar\/index.php?rest_route=%2Fwp%2Fv2%2Ftags&post=29566"}],"curies":[{"name":"wp","href":"https:\/\/api.w.org\/{rel}","templated":true}]}}