{"id":29578,"date":"2022-11-04T18:54:23","date_gmt":"2022-11-04T18:54:23","guid":{"rendered":"http:\/\/www.ecoitaliano.com.ar\/?p=29578"},"modified":"2022-11-04T18:54:23","modified_gmt":"2022-11-04T18:54:23","slug":"serena-conduce-operaclassica-eco-italiano-1866","status":"publish","type":"post","link":"https:\/\/www.ecoitaliano.com.ar\/?p=29578","title":{"rendered":"Serena conduce operaclassica eco italiano"},"content":{"rendered":"<p style=\"text-align: center;\"><a href=\"http:\/\/www.ecoitaliano.com.ar\/wp-content\/uploads\/2022\/11\/image004.jpg\"><img decoding=\"async\" class=\"alignnone size-full wp-image-29580\" src=\"http:\/\/www.ecoitaliano.com.ar\/wp-content\/uploads\/2022\/11\/image004.jpg\" alt=\"\" width=\"198\" height=\"200\" \/><\/a><\/p>\n<table>\n<tbody>\n<tr>\n<td>COMUNICATO STAMPA<\/td>\n<\/tr>\n<tr>\n<td>&nbsp;<\/td>\n<\/tr>\n<\/tbody>\n<\/table>\n<p style=\"font-weight: 400;\">\n<p style=\"font-weight: 400;\">\u201cL\u2019UCCELLO DI FUOCO\u201d, FIABA PER MUSICA, OMBRE E DANZA<\/p>\n<p style=\"font-weight: 400;\">SABATO 12 NOVEMBRE AL TEATRO MUNICIPALE<\/p>\n<p style=\"font-weight: 400;\">IN UNA NUOVA COLLABORAZIONE PRODUTTIVA<\/p>\n<p style=\"font-weight: 400;\">TRA FONDAZIONE TEATRI DI PIACENZA\u00a0 E TEATRO GIOCO VITA<\/p>\n<p style=\"font-weight: 400;\">CON L\u2019ORCHESTRA CORELLI DIRETTA DA JACOPO RIVANI<\/p>\n<p style=\"font-weight: 400;\"><a href=\"http:\/\/www.ecoitaliano.com.ar\/wp-content\/uploads\/2022\/11\/La-Corelli_Rivani.jpg\"><img decoding=\"async\" class=\"alignnone size-full wp-image-29581\" src=\"http:\/\/www.ecoitaliano.com.ar\/wp-content\/uploads\/2022\/11\/La-Corelli_Rivani.jpg\" alt=\"\" width=\"1500\" height=\"1001\" srcset=\"https:\/\/www.ecoitaliano.com.ar\/wp-content\/uploads\/2022\/11\/La-Corelli_Rivani.jpg 1500w, https:\/\/www.ecoitaliano.com.ar\/wp-content\/uploads\/2022\/11\/La-Corelli_Rivani-300x200.jpg 300w, https:\/\/www.ecoitaliano.com.ar\/wp-content\/uploads\/2022\/11\/La-Corelli_Rivani-768x513.jpg 768w, https:\/\/www.ecoitaliano.com.ar\/wp-content\/uploads\/2022\/11\/La-Corelli_Rivani-1024x683.jpg 1024w, https:\/\/www.ecoitaliano.com.ar\/wp-content\/uploads\/2022\/11\/La-Corelli_Rivani-150x100.jpg 150w\" sizes=\"(max-width: 1500px) 100vw, 1500px\" \/><\/a><\/p>\n<p style=\"font-weight: 400;\"><strong>\u201cL\u2019uccello di fuoco\u201d<\/strong>, spettacolo storico di\u00a0<strong>Teatro Gioco Vita<\/strong>, uno dei pi\u00f9 importanti e di successo della compagnia di teatro d\u2019ombre, va in scena al Teatro Municipale di Piacenza\u00a0<strong>sabato 12 novembre<\/strong>, ore 20.30, in una nuova versione con la\u00a0<strong>musica eseguita dal vivo<\/strong>\u00a0dall\u2019<strong>Orchestra Arcangelo Corelli\u00a0<\/strong>diretta da\u00a0<strong>Jacopo Rivani<\/strong>. Musica, ombre e danza dialogano sulla scena grazie alla collaborazione produttiva tra\u00a0<strong>Fondazione Teatri di Piacenza\u00a0<\/strong>e<strong>\u00a0Teatro Gioco Vita<\/strong>: il progetto segna l\u2019avvio di un percorso che unisce le specificit\u00e0 delle due istituzioni culturali all\u2019insegna della multidisciplinariet\u00e0 e del fare sistema.<\/p>\n<p style=\"font-weight: 400;\">\n<p style=\"font-weight: 400;\">Lo spettacolo, tratto da \u201cL\u2019oiseau de feu\u201d di\u00a0<strong>Igor Stravinskij<\/strong>\u00a0e le figure di\u00a0<strong>Enrico Baj<\/strong>\u00a0con la regia e le scene di\u00a0<strong>Fabrizio Montecchi<\/strong>, presentato pi\u00f9 volte da Teatro Gioco Vita in tutto il mondo, \u00e8 interamente costruito sul \u201cracconto coreografico\u201d che Igor Stravinskij ha composto nel 1909 per i Balletti Russi.\u00a0 La definizione di \u201cracconto coreografico\u201d non \u00e8 impropria perch\u00e9 L\u2019uccello di fuoco \u00e8 una fiaba raccontata attraverso la musica, che Stravinskij pone in diretto rapporto con la storia, seguendone gli episodi e, in funzione di essi, plasmando la forma sonora: cos\u00ec anche lo spettacolo, grazie a un sistema di segni scenici fortemente narrativi, fluisce come il racconto di una storia. Ma \u201cL\u2019uccello di fuoco\u201d non \u00e8 solo questo, perch\u00e9 Stravinskij ha creato una musica che non si lascia mai imbrigliare dal narrativo dimostrando una totale libert\u00e0 espressiva. La sua forza consiste nel miracoloso equilibrio tra il funzionale e l\u2019autonomo, tra il figurativo e l\u2019astratto. Sulla scena danza e ombre ricercano anch\u2019esse questo equilibrio. E lo fanno senza mai rinunciare alla propria natura espressiva e nel costante dialogo con la musica.<\/p>\n<p style=\"font-weight: 400;\">Ad eseguire la partitura di Stravinskij sar\u00e0 l\u2019<strong>Orchestra Arcangelo Corelli<\/strong>, che spazia dal repertorio sinfonico a quello lirico, dal teatro musicale alle performance sperimentali, dando continuamente prova della sua creativit\u00e0, qualit\u00e0 e versatilit\u00e0 e riservando uno spazio speciale ai giovani. Nel corso degli anni l&#8217;Orchestra stringe collaborazioni con prestigiose istituzioni concertistiche e Teatri, oltre che con artisti di chiara fama. Direttore artistico e musicale dell\u2019Orchestra Corelli dal 2010, anno della sua fondazione, \u00e8 il maestro\u00a0<strong>Jacopo Rivani<\/strong>,<strong>\u00a0<\/strong>che nonostante la giovane et\u00e0,<strong>\u00a0<\/strong>ha gi\u00e0 diretto pi\u00f9 di 150 recite d\u2019opera e oltre 50 concerti sinfonici\u00a0riscuotendo un grande successo di pubblico e critica.<\/p>\n<p style=\"font-weight: 400;\">Uno spettacolo nel quale Teatro Gioco Vita fa esplodere il grande potenziale spettacolare del\u00a0<strong>teatro d\u2019ombre<\/strong>. E nel farlo sceglie come interlocutore la danza, un linguaggio che dona corpo all\u2019incorporeit\u00e0 dell\u2019ombra e, per natura, capace di porsi come medium scenico tra le ombre e la musica. Sulla scena infatti sono i due attori-animatori e una danzatrice-animatrice a dare vita all\u2019universo di figure tratte dall\u2019opera di Enrico Baj e animano le ombre di grande impatto visivo di Teatro Gioco Vita.<\/p>\n<p style=\"font-weight: 400;\">In scena al Teatro Municipale vedremo\u00a0<strong>Deniz Azhar Azari<\/strong>,\u00a0<strong>Gloria Dorliguzzo<\/strong>\u00a0e\u00a0<strong>Tiziano Ferrari<\/strong>, le sagome sono di\u00a0<strong>Nicoletta Garioni<\/strong>\u00a0tratte dai disegni di\u00a0<strong>Enrico Baj<\/strong>, i movimenti coreografici di\u00a0<strong>Gloria Dorliguzzo<\/strong>, i costumi di\u00a0<strong>Giulia Bonaldi<\/strong>,\u00a0<strong>Anusc Castiglioni<\/strong>\u00a0<strong>e Corinne Lejeune<\/strong>.<\/p>\n<p style=\"font-weight: 400;\">La parte tecnica dello spettacolo fa capo a\u00a0<strong>Davide Rigodanza<\/strong>\u00a0(luci) e\u00a0<strong>Giovanni Mutti<\/strong>\u00a0(macchinista).<\/p>\n<p style=\"font-weight: 400;\">\n<p style=\"font-weight: 400;\"><strong>L\u2019impianto narrativo del balletto originale<\/strong><\/p>\n<p style=\"font-weight: 400;\">Lo Zarevic Ivan, aggirandosi nel giardino incantato del mago Kachtchei vede uno splendido uccello di fuoco. Lo cattura, ma l\u2019uccello per riottenere la libert\u00e0 gli dona una delle sue penne d\u2019oro e gli dice che, in caso di pericolo, verr\u00e0 in suo aiuto. Ivan lo lascia libero. All\u2019alba lo Zarevic si trova nei pressi di un castello dal quale provengono dei lamenti. \u00c8 la principessa amata da Ivan, prigioniera del mago, che lo scongiura di fuggire per non essere tramutato in pietra. Ivan cerca di liberare la Principessa dal sortilegio che la tiene prigioniera ma viene catturato dai demoni al servizio del Kachtchei. Lo Zarevic viene portato al cospetto del Mago, ma si salva agitando la penna d\u2019oro. Appare allora l\u2019uccello di fuoco che trascina i demoni in una danza che prima li sfinisce e poi, con una ninnananna, li addormenta. Kachtchei muore e la sua anima malefica si dissolve portando con s\u00e9 le tenebre. I sortilegi svaniscono e la Principessa torna libera. L\u2019uccello di fuoco unisce lo Zarevic e la principessa e vola via.<\/p>\n<p style=\"font-weight: 400;\"><strong>\u00a0<\/strong><\/p>\n<p style=\"font-weight: 400;\"><strong>Info e biglietti<\/strong><\/p>\n<p style=\"font-weight: 400;\">I biglietti sono in vendita online sul sito internet\u00a0<a href=\"http:\/\/www.teatripiacenza.it\/\">www.teatripiacenza.it<\/a>\u00a0e presso la Biglietteria del Teatro Municipale.<\/p>\n<p style=\"font-weight: 400;\">Per informazioni: tel. 0523.385720 \u2013 385721, e-mail:\u00a0<a href=\"mailto:biglietteria@teatripiacenza.it\">biglietteria@teatripiacenza.it<\/a><\/p>\n<p style=\"font-weight: 400;\">\n<p style=\"font-weight: 400;\">\n<p style=\"font-weight: 400;\">\n<p style=\"font-weight: 400;\"><strong>Francesca Benazzi<\/strong><\/p>\n<p style=\"font-weight: 400;\"><em>Ufficio Stampa e Segreteria di Direzione<\/em><\/p>\n<p style=\"font-weight: 400;\">\n<table>\n<tbody>\n<tr>\n<td><strong>FONDAZIONE TEATRI DI PIACENZA<\/strong><\/td>\n<\/tr>\n<\/tbody>\n<\/table>\n<p style=\"font-weight: 400;\">Via Verdi, 41 \u2013 29121 Piacenza<\/p>\n<p style=\"font-weight: 400;\">Tel. +39\u00a00523 385716<\/p>\n<p style=\"font-weight: 400;\"><a href=\"mailto:francesca.benazzi@teatripiacenza.it\">francesca.benazzi@teatripiacenza.it<\/a><\/p>\n<p style=\"font-weight: 400;\"><a href=\"http:\/\/www.teatripiacenza.it\/\">www.teatripiacenza.it<\/a><\/p>\n<p>&nbsp;<\/p>\n","protected":false},"excerpt":{"rendered":"<p>COMUNICATO STAMPA &nbsp; \u201cL\u2019UCCELLO DI FUOCO\u201d, FIABA PER MUSICA, OMBRE E DANZA SABATO 12 NOVEMBRE AL TEATRO MUNICIPALE IN UNA [&hellip;]<\/p>\n","protected":false},"author":1,"featured_media":0,"comment_status":"open","ping_status":"open","sticky":false,"template":"","format":"standard","meta":{"footnotes":""},"categories":[1],"tags":[],"class_list":["post-29578","post","type-post","status-publish","format-standard","hentry","category-sin-categoria"],"_links":{"self":[{"href":"https:\/\/www.ecoitaliano.com.ar\/index.php?rest_route=\/wp\/v2\/posts\/29578","targetHints":{"allow":["GET"]}}],"collection":[{"href":"https:\/\/www.ecoitaliano.com.ar\/index.php?rest_route=\/wp\/v2\/posts"}],"about":[{"href":"https:\/\/www.ecoitaliano.com.ar\/index.php?rest_route=\/wp\/v2\/types\/post"}],"author":[{"embeddable":true,"href":"https:\/\/www.ecoitaliano.com.ar\/index.php?rest_route=\/wp\/v2\/users\/1"}],"replies":[{"embeddable":true,"href":"https:\/\/www.ecoitaliano.com.ar\/index.php?rest_route=%2Fwp%2Fv2%2Fcomments&post=29578"}],"version-history":[{"count":0,"href":"https:\/\/www.ecoitaliano.com.ar\/index.php?rest_route=\/wp\/v2\/posts\/29578\/revisions"}],"wp:attachment":[{"href":"https:\/\/www.ecoitaliano.com.ar\/index.php?rest_route=%2Fwp%2Fv2%2Fmedia&parent=29578"}],"wp:term":[{"taxonomy":"category","embeddable":true,"href":"https:\/\/www.ecoitaliano.com.ar\/index.php?rest_route=%2Fwp%2Fv2%2Fcategories&post=29578"},{"taxonomy":"post_tag","embeddable":true,"href":"https:\/\/www.ecoitaliano.com.ar\/index.php?rest_route=%2Fwp%2Fv2%2Ftags&post=29578"}],"curies":[{"name":"wp","href":"https:\/\/api.w.org\/{rel}","templated":true}]}}