{"id":29823,"date":"2022-11-14T13:11:49","date_gmt":"2022-11-14T13:11:49","guid":{"rendered":"http:\/\/www.ecoitaliano.com.ar\/?p=29823"},"modified":"2022-11-14T13:11:49","modified_gmt":"2022-11-14T13:11:49","slug":"in-memoria-degli-internati-militari-italiani-il-premio-nazionale-giovanni-grillo-riservato-agli-studenti-delle-scuole-secondarie-con-ministero-dellistruzione-rai","status":"publish","type":"post","link":"https:\/\/www.ecoitaliano.com.ar\/?p=29823","title":{"rendered":"IN MEMORIA DEGLI INTERNATI MILITARI ITALIANI IL PREMIO NAZIONALE \u201cGIOVANNI GRILLO\u201d \u2013 Riservato agli studenti delle scuole secondarie, con Ministero dell\u2019Istruzione, Rai Storia e Rai Cultura"},"content":{"rendered":"<p><a href=\"http:\/\/www.ecoitaliano.com.ar\/wp-content\/uploads\/2022\/11\/premio-grillo.jpg\"><img decoding=\"async\" class=\"alignnone size-full wp-image-29824\" src=\"http:\/\/www.ecoitaliano.com.ar\/wp-content\/uploads\/2022\/11\/premio-grillo.jpg\" alt=\"\" width=\"700\" height=\"380\" srcset=\"https:\/\/www.ecoitaliano.com.ar\/wp-content\/uploads\/2022\/11\/premio-grillo.jpg 700w, https:\/\/www.ecoitaliano.com.ar\/wp-content\/uploads\/2022\/11\/premio-grillo-300x163.jpg 300w, https:\/\/www.ecoitaliano.com.ar\/wp-content\/uploads\/2022\/11\/premio-grillo-150x81.jpg 150w\" sizes=\"(max-width: 700px) 100vw, 700px\" \/><\/a><\/p>\n<div id='gallery-1' class='gallery galleryid-29823 gallery-columns-3 gallery-size-thumbnail'><figure class='gallery-item'>\n\t\t\t<div class='gallery-icon landscape'>\n\t\t\t\t<a href='https:\/\/www.ecoitaliano.com.ar\/?attachment_id=29825'><img decoding=\"async\" width=\"150\" height=\"150\" src=\"https:\/\/www.ecoitaliano.com.ar\/wp-content\/uploads\/2022\/11\/Unedizione-del-Premio-ante-Covid-150x150.png\" class=\"attachment-thumbnail size-thumbnail\" alt=\"\" \/><\/a>\n\t\t\t<\/div><\/figure><figure class='gallery-item'>\n\t\t\t<div class='gallery-icon landscape'>\n\t\t\t\t<a href='https:\/\/www.ecoitaliano.com.ar\/?attachment_id=29826'><img decoding=\"async\" width=\"150\" height=\"150\" src=\"https:\/\/www.ecoitaliano.com.ar\/wp-content\/uploads\/2022\/11\/Premio-Grillo-2020-150x150.png\" class=\"attachment-thumbnail size-thumbnail\" alt=\"\" \/><\/a>\n\t\t\t<\/div><\/figure>\n\t\t<\/div>\n\n<p>&nbsp;<\/p>\n<p>&nbsp;<\/p>\n<p align=\"justify\"><span style=\"font-family: Garamond, serif;\"><span style=\"font-size: small;\">14 novembre 2022<\/span><\/span><\/p>\n<p align=\"center\"><span style=\"font-family: Garamond, serif;\"><span style=\"font-size: small;\"><b>IN MEMORIA DEGLI INTERNATI MILITARI ITALIANI<\/b><\/span><\/span><\/p>\n<p align=\"center\"><span style=\"font-family: Garamond, serif;\"><span style=\"font-size: small;\"><b>IL PREMIO NAZIONALE \u201cGIOVANNI GRILLO\u201d \u2013 VIII EDIZIONE<\/b><\/span><\/span><\/p>\n<p align=\"center\"><span style=\"font-family: Garamond, serif;\"><span style=\"font-size: small;\"><b>E\u2019 riservato agli studenti delle scuole secondarie, con Ministero dell\u2019Istruzione, Rai Storia e Rai Cultura<\/b><\/span><\/span><\/p>\n<p align=\"center\"><span style=\"font-family: Garamond, serif;\"><span style=\"font-size: small;\">di<\/span><\/span><span style=\"font-family: Garamond, serif;\"><span style=\"font-size: small;\"><b> Goffredo Palmerini<\/b><\/span><\/span><\/p>\n<p align=\"justify\">\n<p align=\"justify\"><span style=\"font-family: Garamond, serif;\"><span style=\"font-size: small;\">L\u2019AQUILA \u2013 <\/span><\/span><span style=\"font-family: Garamond, serif;\"><span style=\"font-size: small;\"><b>Internati Militari Italiani<\/b><\/span><\/span><span style=\"font-family: Garamond, serif;\"><span style=\"font-size: small;\">\u00a0(IMI) furono classificati dalla Germania di Hitler i soldati italiani fatti prigionieri, catturati e rastrellati (<\/span><\/span><span style=\"font-family: Garamond, serif;\"><span style=\"font-size: small;\">sul territorio italiano, in Slovenia, Croazia, Albania, Grecia, Isole Egee e Ionie, Provenza e Corsica)<\/span><\/span><span style=\"font-family: Garamond, serif;\"><span style=\"font-size: small;\"> dopo l\u20198 settembre 1943 e deportati nei campi di prigionia del\u00a0Terzo Reich. <\/span><\/span><span style=\"font-family: Garamond, serif;\"><span style=\"font-size: small;\">E\u2019 la storia di oltre 600mila <\/span><\/span><span style=\"font-family: Garamond, serif;\"><span style=\"font-size: small;\"><b>militari italiani<\/b><\/span><\/span><span style=\"font-family: Garamond, serif;\"><span style=\"font-size: small;\"> negli <\/span><\/span><span style=\"font-family: Garamond, serif;\"><span style=\"font-size: small;\"><b>Stalag<\/b><\/span><\/span><span style=\"font-family: Garamond, serif;\"><span style=\"font-size: small;\"> della Germania nazista: i nostri soldati, sottufficiali e ufficiali che operarono \u201cresistenza\u201d opponendo il rifiuto alla collaborazione con i nazisti, al costo di indicibili privazioni e sofferenze. In diverse migliaia di casi \u2013 oltre 25 mila \u2013 andarono incontro alla morte per fame, stenti e malattie. Oltre cento questi campi di prigionia (<\/span><\/span><span style=\"font-family: Garamond, serif;\"><span style=\"font-size: small;\"><i>stammlager<\/i><\/span><\/span><span style=\"font-family: Garamond, serif;\"><span style=\"font-size: small;\">), la gran parte situati in <\/span><\/span><span style=\"font-family: Garamond, serif;\"><span style=\"font-size: small;\"><b>Germania<\/b><\/span><\/span><span style=\"font-family: Garamond, serif;\"><span style=\"font-size: small;\"> e <\/span><\/span><span style=\"font-family: Garamond, serif;\"><span style=\"font-size: small;\"><b>Polonia<\/b><\/span><\/span><span style=\"font-family: Garamond, serif;\"><span style=\"font-size: small;\">, ma anche in <\/span><\/span><span style=\"font-family: Garamond, serif;\"><span style=\"font-size: small;\"><b>Austria, Russia, Ucraina, Bielorussia, Rep. Ceca, Francia <\/b><\/span><\/span><span style=\"font-family: Garamond, serif;\"><span style=\"font-size: small;\">e<\/span><\/span><span style=\"font-family: Garamond, serif;\"><span style=\"font-size: small;\"><b> Slovenia<\/b><\/span><\/span><span style=\"font-family: Garamond, serif;\"><span style=\"font-size: small;\">. I nazisti usarono ogni mezzo di persuasione verso i prigionieri italiani perch\u00e9 scegliessero l\u2019esercito tedesco o i repubblichini di Sal\u00f2 per continuare la guerra, offrendo ogni vantaggio rispetto alla durezza della detenzione nei lager. Agli \u201cinternati militari italiani\u201d, a differenza dei prigionieri di guerra, <\/span><\/span><span style=\"font-family: Garamond, serif;\"><span style=\"font-size: small;\">non venivano riconosciute le garanzie e le tutele previste nella <\/span><\/span><span style=\"font-family: Garamond, serif;\"><span style=\"font-size: small;\"><b>Convenzione di Ginevra <\/b><\/span><\/span><span style=\"font-family: Garamond, serif;\"><span style=\"font-size: small;\">del 1929. <\/span><\/span><\/p>\n<p class=\"western\" align=\"justify\"><span style=\"font-family: Garamond, serif;\"><span style=\"font-size: small;\">Di questi \u201cresistenti\u201d l\u2019Italia democratica e repubblicana, nata dalla <\/span><\/span><span style=\"font-family: Garamond, serif;\"><span style=\"font-size: small;\"><b>Resistenza<\/b><\/span><\/span><span style=\"font-family: Garamond, serif;\"><span style=\"font-size: small;\"> e sancita nella nostra <\/span><\/span><span style=\"font-family: Garamond, serif;\"><span style=\"font-size: small;\"><b>Costituzione<\/b><\/span><\/span><span style=\"font-family: Garamond, serif;\"><span style=\"font-size: small;\">, non ha mostrato un grande interesse, sia dal punto di vista storico e culturale, sia sul piano politico e morale. E se \u00e8 vero per un verso che la <\/span><\/span><span style=\"font-family: Garamond, serif;\"><span style=\"font-size: small;\"><b>Repubblica nata dalla lotta di Liberazione<\/b><\/span><\/span><span style=\"font-family: Garamond, serif;\"><span style=\"font-size: small;\"> ha dato giustamente il doveroso riconoscimento ai <\/span><\/span><span style=\"font-family: Garamond, serif;\"><span style=\"font-size: small;\"><b>Partigiani<\/b><\/span><\/span><span style=\"font-family: Garamond, serif;\"><span style=\"font-size: small;\"> combattenti in armi, dall\u2019altro non \u00e8 stata altrettanto attenta con gli altri \u201cpatrioti\u201d della Resistenza, in modo particolare verso gli <\/span><\/span><span style=\"font-family: Garamond, serif;\"><span style=\"font-size: small;\"><b>internati militari italiani<\/b><\/span><\/span><span style=\"font-family: Garamond, serif;\"><span style=\"font-size: small;\"> deportati dai tedeschi nei lager nazisti che per quasi due anni \u2013 con dignit\u00e0 e senso del dovere \u2013 diedero prova di amor patrio subendone le durissime conseguenze e, moltissimi, finanche la morte. Fatto sta che tale ingente fenomeno resistenziale al nazifascismo, realizzatosi nei campi di prigionia della Germania nazista e che interess\u00f2 oltre 600 mila internati militari italiani, \u00e8 rimasto marginale, poco indagato e chiaramente trascurato, sia dal punto di vista storiografico che istituzionale, per oltre mezzo secolo. La questione \u00e8 rimasta viva attraverso le testimonianze dei reduci dai campi di prigionia e le iniziative delle associazioni degli <\/span><\/span><span style=\"font-family: Garamond, serif;\"><span style=\"font-size: small;\"><b>ex-Internati Militari Italiani<\/b><\/span><\/span><span style=\"font-family: Garamond, serif;\"><span style=\"font-size: small;\">.<\/span><\/span><\/p>\n<p class=\"western\" align=\"justify\"><span style=\"font-family: Garamond, serif;\"><span style=\"font-size: small;\">Solo gradualmente, e tardivamente, le dolorose vicende degli internati militari sono entrate nella memoria collettiva del Paese, come una forma di <\/span><\/span><span style=\"font-family: Garamond, serif;\"><span style=\"font-size: small;\"><b>Resistenza<\/b><\/span><\/span><span style=\"font-family: Garamond, serif;\"><span style=\"font-size: small;\"> al nazifascismo. Fu soltanto a partire dagli anni \u201880 che in <\/span><\/span><span style=\"font-family: Garamond, serif;\"><span style=\"font-size: small;\"><b>Italia<\/b><\/span><\/span><span style=\"font-family: Garamond, serif;\"><span style=\"font-size: small;\"> e in <\/span><\/span><span style=\"font-family: Garamond, serif;\"><span style=\"font-size: small;\"><b>Germania<\/b><\/span><\/span><span style=\"font-family: Garamond, serif;\"><span style=\"font-size: small;\"> la storiografia cominci\u00f2 ad occuparsi di questo problema, fino ad allora rimasto negletto, tanto che la scarsissima conoscenza delle vicende sofferte degli ex <\/span><\/span><span style=\"font-family: Garamond, serif;\"><span style=\"font-size: small;\"><b>IMI<\/b><\/span><\/span><span style=\"font-family: Garamond, serif;\"><span style=\"font-size: small;\"> \u00e8 giunta fin quasi ai nostri giorni. E\u2019 stata finalmente illuminata nel 2012 dal Rapporto della Commissione italo-tedesca, insediata dai Ministeri degli Esteri di Italia e Germania nel 2009. Fino ad allora la questione degli IMI era stata presente soltanto attraverso testimonianze e ricordi dei reduci dagli <\/span><\/span><span style=\"font-family: Garamond, serif;\"><span style=\"font-size: small;\"><b>Stalag nazisti<\/b><\/span><\/span><span style=\"font-family: Garamond, serif;\"><span style=\"font-size: small;\">. <\/span><\/span><\/p>\n<p class=\"western\" align=\"justify\"><a name=\"_GoBack\"><\/a> <span style=\"font-family: Garamond, serif;\"><span style=\"font-size: small;\">Proprio la vicenda di uno dei 600mila internati, il calabrese <\/span><\/span><span style=\"font-family: Garamond, serif;\"><span style=\"font-size: small;\"><b>Giovanni Grillo<\/b><\/span><\/span><span style=\"font-family: Garamond, serif;\"><span style=\"font-size: small;\">, ha dato vita ad una delle iniziative pi\u00f9 importanti e significative per la conoscenza storica e per tramandare la memoria degli <\/span><\/span><span style=\"font-family: Garamond, serif;\"><span style=\"font-size: small;\"><b>IMI<\/b><\/span><\/span><span style=\"font-family: Garamond, serif;\"><span style=\"font-size: small;\">, ad opera della fondazione a lui intitolata, costituita da <\/span><\/span><span style=\"font-family: Garamond, serif;\"><span style=\"font-size: small;\"><b>Michelina Grillo<\/b><\/span><\/span><span style=\"font-family: Garamond, serif;\"><span style=\"font-size: small;\"> figlia dell\u2019ex internato Giovanni. Il 12 luglio 2016, infatti, \u00e8 nata a Crotone la <\/span><\/span><span style=\"font-family: Garamond, serif;\"><span style=\"font-size: small;\"><b>Fondazione Premio Giovanni Grillo<\/b><\/span><\/span> <span style=\"font-family: Garamond, serif;\"><span style=\"font-size: small;\">con lo scopo di ricordare e stimolare una riflessione profonda circa gli eventi storici e le persecuzioni nazifasciste e difendere i valori universali della libert\u00e0 e della pace. La finalit\u00e0 della fondazione \u00e8 quella di avvicinare al tema le nuove generazioni, promuovendo e attuando iniziative di utilit\u00e0 sociale in collaborazione con gli organi preposti all\u2019istruzione, alla formazione, alla tutela dei diritti civili e in generale con enti e istituzioni italiane. Non c\u2019\u00e8 futuro senza la memoria del passato, non c\u2019\u00e8 scelta democratica che non abbia come valore la libert\u00e0.<\/span><\/span><\/p>\n<p class=\"western\" align=\"justify\"><span style=\"font-family: Garamond, serif;\"><span style=\"font-size: small;\">Sulla vita e le terribili vicende di prigionia dell\u2019ex internato calabrese il giornalista Rai e scrittore <\/span><\/span><span style=\"font-family: Garamond, serif;\"><span style=\"font-size: small;\"><b>Gennaro Cosentino<\/b><\/span><\/span><span style=\"font-family: Garamond, serif;\"><span style=\"font-size: small;\"> nel 2014 aveva pubblicato il volume <\/span><\/span><span style=\"font-size: small;\"><i><span style=\"font-family: Garamond, serif;\">\u201c<\/span><\/i><\/span><span style=\"font-size: small;\"><i><b><span style=\"font-family: Garamond, serif;\">Giovanni Grillo, da Melissa al Lager. La vicenda di un deportato calabrese<\/span><\/b><\/i><\/span><span style=\"font-size: small;\"><i><span style=\"font-family: Garamond, serif;\">\u201d <\/span><\/i><\/span><span style=\"font-size: small;\"><span style=\"font-family: Garamond, serif;\">(Publisfera editore). Scriveva tra l\u2019altro l\u2019Autore: \u201c<\/span><\/span><span style=\"font-size: small;\"><i><span style=\"font-family: Garamond, serif;\">Attraverso una testimonianza cos\u00ec vicina \u2013 riconosciuta dallo Stato con una Medaglia e una Croce al Merito di Guerra attribuita alla memoria di Giovanni Grillo \u2013 i giovani e coloro che ne siano interessati, potranno essere informati sulla storia pi\u00f9 grande, quella con la \u201cS\u201d maiuscola che sembra cos\u00ec lontana e, invece, \u00e8 intrisa di vicende personali anche molto vicine a noi. L\u2019ignominia dei campi di concentramento, la negazione umana dei lager e dello sterminio deciso dai nazisti con prove di azioni compiaciute ed emulative del regime fascista, deve essere condannata e allontanata dalle giovani coscienze grazie alla conoscenza, mai troppa, che storia, filmografia, espressioni d\u2019arte e racconti, contribuiscono a diffondere per poter riaffermare quello che lo scrittore italo-argentino Ernesto Sabato scrisse, dopo la caduta del regime militare nel paese latinoamericano, a proposito dei desaparecidos: nunca m\u00e1s, mai pi\u00f9!\u201d.<\/span><\/i><\/span><\/p>\n<p class=\"western\" align=\"justify\"><span style=\"font-family: Garamond, serif;\"><span style=\"font-size: small;\">Come si diceva, la pi\u00f9 rilevante delle iniziative messe in campo dalla Fondazione \u00e8 il <\/span><\/span><span style=\"font-family: Garamond, serif;\"><span style=\"font-size: small;\"><b>Premio Nazionale \u201cGiovanni Grillo\u201d<\/b><\/span><\/span><span style=\"font-family: Garamond, serif;\"><span style=\"font-size: small;\">, riservato agli studenti delle scuole secondarie di primo e secondo grado. Di grande prestigio le collaborazioni che hanno accompagnato le sette edizioni precedenti del Premio e che conferiscono anche in questa <\/span><\/span><span style=\"font-family: Garamond, serif;\"><span style=\"font-size: small;\"><b>VIII edizione del Premio<\/b><\/span><\/span><span style=\"font-family: Garamond, serif;\"><span style=\"font-size: small;\"> il loro partenariato, quale il <\/span><\/span><span style=\"font-family: Garamond, serif;\"><span style=\"font-size: small;\"><b>Ministero dell\u2019Istruzione<\/b><\/span><\/span><span style=\"font-family: Garamond, serif;\"><span style=\"font-size: small;\"> e <\/span><\/span><span style=\"font-family: Garamond, serif;\"><span style=\"font-size: small;\"><b>Rai Cultura<\/b><\/span><\/span><span style=\"font-family: Garamond, serif;\"><span style=\"font-size: small;\"> e <\/span><\/span><span style=\"font-family: Garamond, serif;\"><span style=\"font-size: small;\"><b>Rai Scuola<\/b><\/span><\/span><span style=\"font-family: Garamond, serif;\"><span style=\"font-size: small;\"> come Media Partner. Inoltre con il patrocinio di <\/span><\/span><span style=\"font-family: Garamond, serif;\"><span style=\"font-size: small;\"><b>Aeronautica Militare<\/b><\/span><\/span><span style=\"font-family: Garamond, serif;\"><span style=\"font-size: small;\">, <\/span><\/span><span style=\"font-family: Garamond, serif;\"><span style=\"font-size: small;\"><b>Ministero della Cultura<\/b><\/span><\/span><span style=\"font-family: Garamond, serif;\"><span style=\"font-size: small;\">, <\/span><\/span><span style=\"font-family: Garamond, serif;\"><span style=\"font-size: small;\"><b>Istituto Nazionale \u201cFerruccio Parri\u201d<\/b><\/span><\/span><span style=\"font-family: Garamond, serif;\"><span style=\"font-size: small;\"> e <\/span><\/span><span style=\"font-family: Garamond, serif;\"><span style=\"font-size: small;\"><b>Rai per la Sostenibilit\u00e0<\/b><\/span><\/span><span style=\"font-family: Garamond, serif;\"><span style=\"font-size: small;\">. La scadenza per la presentazione degli elaborati da parte delle scuole \u00e8 fissata al <\/span><\/span><span style=\"font-family: Garamond, serif;\"><span style=\"font-size: small;\"><b>16 dicembre 2022<\/b><\/span><\/span><span style=\"font-family: Garamond, serif;\"><span style=\"font-size: small;\">, come stabilisce il bando del Premio diramato nel settembre scorso con il titolo <\/span><\/span><span style=\"font-family: Garamond, serif;\"><span style=\"font-size: small;\">\u201c<\/span><\/span><span style=\"font-family: Garamond, serif;\"><span style=\"font-size: small;\"><i><b>La MEMORIA contro la sopraffazione: la conoscenza genera rispetto<\/b><\/i><\/span><\/span><span style=\"font-family: Garamond, serif;\"><span style=\"font-size: small;\">\u201d<\/span><\/span><span style=\"font-family: Garamond, serif;\"><span style=\"font-size: small;\"> per l\u2019anno scolastico 2022\/2023. La cerimonia di premiazione degli studenti e delle scuole avverr\u00e0 nel corso del convegno che si svolger\u00e0 il <\/span><\/span><span style=\"font-family: Garamond, serif;\"><span style=\"font-size: small;\"><b>27 gennaio 2023<\/b><\/span><\/span><span style=\"font-family: Garamond, serif;\"><span style=\"font-size: small;\">, <\/span><\/span><span style=\"font-family: Garamond, serif;\"><span style=\"font-size: small;\"><b>Giornata della Memoria<\/b><\/span><\/span><span style=\"font-family: Garamond, serif;\"><span style=\"font-size: small;\">, in una citt\u00e0 che sar\u00e0 resa nota appena possibile. I premi, per le scuole secondarie di primo e secondo grado che si aggiudicheranno il concorso, consistono in materiale didattico del valore di 1.000 Euro per ciascun vincitore.<\/span><\/span><\/p>\n<p class=\"western\" align=\"justify\"><span style=\"font-family: Garamond, serif;\"><span style=\"font-size: small;\">Il Premio intitolato a <\/span><\/span><span style=\"font-family: Garamond, serif;\"><span style=\"font-size: small;\"><b>Giovanni Grillo<\/b><\/span><\/span><span style=\"font-family: Garamond, serif;\"><span style=\"font-size: small;\"> \u00e8 dedicato a quelle centinaia di migliaia d\u2019<\/span><\/span><span style=\"font-family: Garamond, serif;\"><span style=\"font-size: small;\"><b>Internati Militari Italiani<\/b><\/span><\/span><span style=\"font-family: Garamond, serif;\"><span style=\"font-size: small;\">\u00a0che vissero le persecuzioni nazifasciste perpetrate durante l\u2019ultimo conflitto mondiale. \u201c<\/span><\/span><span style=\"font-family: Garamond, serif;\"><span style=\"font-size: small;\"><i>Tutte le guerre &#8211;<\/i><\/span><\/span><span style=\"font-family: Garamond, serif;\"><span style=\"font-size: small;\"> afferma <\/span><\/span><span style=\"font-family: Garamond, serif;\"><span style=\"font-size: small;\"><b>Michelina Grillo<\/b><\/span><\/span><span style=\"font-family: Garamond, serif;\"><span style=\"font-size: small;\">, presidente dell\u2019omonima Fondazione &#8211;\u00a0<\/span><\/span><span style=\"font-family: Garamond, serif;\"><span style=\"font-size: small;\"><i>sono scoppiate a causa della sopraffazione di un popolo o di uno Stato sull\u2019altro, ma, soprattutto, la Seconda guerra mondiale ha mostrato il lato pi\u00f9 feroce dell\u2019uomo con genocidi e barbare violenze generate anche dalla mancata conoscenza e dallo scarso rispetto dell\u2019altro. Nessun valore era dato alla vita degli uomini, la sopraffazione era la norma nei rapporti umani, cos\u00ec come dimostrato dalle vicende degli\u00a0<\/i><\/span><\/span><span style=\"font-family: Garamond, serif;\"><span style=\"font-size: small;\"><i><b>Internati Militari Italiani\u00a0<\/b><\/i><\/span><\/span><span style=\"font-family: Garamond, serif;\"><span style=\"font-size: small;\"><i>che, rifiutandosi di appoggiare il nazifascismo, vennero rastrellati, catturati e deportati. <\/i><\/span><\/span><span style=\"font-family: Garamond, serif;\"><span style=\"font-size: small;\"><i>Scopo dell\u2019Ottava edizione 2022\/2023 \u00e8 far riflettere gli studenti delle scuole secondarie di primo e secondo grado dell\u2019intero territorio nazionale sul concetto di sopraffazione e violenza non solo in ambito bellico, ma anche nei rapporti interpersonali, per individuare strategie operative al loro superamento<\/i><\/span><\/span><span style=\"font-family: Garamond, serif;\"><span style=\"font-size: small;\"><i>,\u00a0<\/i><\/span><\/span><span style=\"font-family: Garamond, serif;\"><span style=\"font-size: small;\"><i>perch\u00e9, come ci ricorda l\u2019articolo 3 della nostra Costituzione, uno dei compiti della Repubblica \u00e8 \u201crimuovere\u00a0gli ostacoli di ordine economico e sociale, che, limitando di fatto la libert\u00e0 e l\u2019eguaglianza dei cittadini, impediscono il pieno sviluppo della persona umana\u201d. <\/i><\/span><\/span><span style=\"font-family: Garamond, serif;\"><span style=\"font-size: small;\"><i>Auspico che anche il tema di quest\u2019anno \u2013 <\/i><\/span><\/span><span style=\"font-family: Garamond, serif;\"><span style=\"font-size: small;\">conclude la presidente <\/span><\/span><span style=\"font-family: Garamond, serif;\"><span style=\"font-size: small;\"><b>Michelina Grillo<\/b><\/span><\/span><span style=\"font-family: Garamond, serif;\"><span style=\"font-size: small;\"><i> \u2013, nelle differenti forme proposte (video, video clip, racconti fotografici, canzoni e testi teatrali) venga entusiasticamente raccolto dai giovani, con una ricerca sempre pi\u00f9 incessante del dialogo, del confronto e dell\u2019ascolto delle ragioni altrui, sempre nella convinzione di non indietreggiare dal difendere, anche con un NO, i valori della libert\u00e0 e della democrazia.\u201d<\/i><\/span><\/span><\/p>\n<p class=\"western\" align=\"justify\"><span style=\"font-family: Garamond, serif;\"><span style=\"font-size: small;\">Anche questa Ottava edizione certamente riscuoter\u00e0 l\u2019attenzione che l\u2019iniziativa della <\/span><\/span><span style=\"font-family: Garamond, serif;\"><span style=\"font-size: small;\"><b>Fondazione Giovanni Grillo<\/b><\/span><\/span><span style=\"font-family: Garamond, serif;\"><span style=\"font-size: small;\"> merita, continuando quel trend crescente d\u2019interesse rilevato in tutte le edizioni precedenti del Premio, grazie alla speciale sua formula vincente del concorso che coinvolge il mondo della scuola secondaria e le giovani generazioni. C\u2019\u00e8 da auspicare che il <\/span><\/span><span style=\"font-family: Garamond, serif;\"><span style=\"font-size: small;\"><b>Premio Nazionale \u201cGiovanni Grillo\u201d<\/b><\/span><\/span><span style=\"font-family: Garamond, serif;\"><span style=\"font-size: small;\">, oltre alle rilevanti collaborazioni e ai Patrocini prestigiosi di cui gode, possa quanto prima ricevere l\u2019attenzione e l\u2019adesione delle associazioni degli ex IMI<\/span><\/span><b> <\/b><span style=\"font-family: Garamond, serif;\"><span style=\"font-size: small;\">(per esempio<\/span><\/span><b> <\/b><span style=\"font-family: Garamond, serif;\"><span style=\"font-size: small;\">l\u2019ANEI), per attivare tutte le sinergie utili a promuovere al meglio la conoscenza storica del fenomeno degli <\/span><\/span><span style=\"font-family: Garamond, serif;\"><span style=\"font-size: small;\"><b>internati militari italiani<\/b><\/span><\/span><span style=\"font-family: Garamond, serif;\"><span style=\"font-size: small;\"> e preservarne la Memoria presso le attuali e future generazioni. <\/span><\/span><\/p>\n<p class=\"western\"><span style=\"font-family: Garamond, serif;\"><span style=\"font-size: small;\">INFO<\/span><\/span><\/p>\n<p class=\"western\"><a href=\"https:\/\/www.miur.gov.it\/web\/guest\/-\/bando-di-concorso-premio-giovanni-grillo-la-memoria-contro-la-sopraffazione-la-conoscenza-genera-rispetto-a-s-2022-2023-ottava-edizione-1\" target=\"_blank\" rel=\"noopener\"><span style=\"font-family: Garamond, serif;\"><span style=\"font-size: small;\"><b>Ministero dell\u2019Istruzione<\/b><\/span><\/span><\/a><\/p>\n<p class=\"western\"><a href=\"https:\/\/www.raiscuola.rai.it\/storia\/articoli\/2022\/09\/Concorso-Nazionale-Premio-Giovanni-Grillo-def31af6-6e7d-4582-a42b-613e82776b0c.html\" target=\"_blank\" rel=\"noopener\"><span style=\"font-family: Garamond, serif;\"><span style=\"font-size: small;\"><b>Rai Scuola<\/b><\/span><\/span><\/a><\/p>\n<p class=\"western\"><a href=\"http:\/\/www.fondazionepremiogrillo.it\/\" target=\"_blank\" rel=\"noopener\"><span style=\"font-family: Garamond, serif;\"><span style=\"font-size: small;\"><b>Fondazione Premio Giovanni Grillo<\/b><\/span><\/span><span style=\"font-family: Garamond, serif;\"><span style=\"font-size: small;\">\u00a0<\/span><\/span><\/a><\/p>\n<p class=\"western\"><a href=\"https:\/\/www.facebook.com\/fondazionepremiogiovannigrillo\"><span style=\"font-family: Garamond, serif;\"><span style=\"font-size: small;\">https:\/\/www.facebook.com\/fondazionepremiogiovannigrillo<\/span><\/span><\/a><\/p>\n<p class=\"western\"><a href=\"https:\/\/www.instagram.com\/fondazione_premio_grillo\/\"><span style=\"font-family: Garamond, serif;\"><span style=\"font-size: small;\">https:\/\/www.instagram.com\/fondazione_premio_grillo\/<\/span><\/span><\/a><\/p>\n<p class=\"western\"><a href=\"https:\/\/twitter.com\/PremioGrillo\"><span style=\"font-family: Garamond, serif;\"><span style=\"font-size: small;\">https:\/\/twitter.com\/PremioGrillo<\/span><\/span><\/a><\/p>\n<p class=\"western\"><a href=\"https:\/\/www.tiktok.com\/@premiogrillo\"><span style=\"font-family: Garamond, serif;\"><span style=\"font-size: small;\">https:\/\/www.tiktok.com\/@premiogrillo<\/span><\/span><\/a><\/p>\n<p class=\"western\"><span style=\"font-family: Garamond, serif;\"><span style=\"font-size: small;\"><u>https:\/\/www.fondazionepremiogrillo.it\/<\/u><\/span><\/span><\/p>\n","protected":false},"excerpt":{"rendered":"<p>&nbsp; &nbsp; 14 novembre 2022 IN MEMORIA DEGLI INTERNATI MILITARI ITALIANI IL PREMIO NAZIONALE \u201cGIOVANNI GRILLO\u201d \u2013 VIII EDIZIONE E\u2019 [&hellip;]<\/p>\n","protected":false},"author":1,"featured_media":0,"comment_status":"open","ping_status":"open","sticky":false,"template":"","format":"standard","meta":{"footnotes":""},"categories":[4,10],"tags":[],"class_list":["post-29823","post","type-post","status-publish","format-standard","hentry","category-cultura","category-italiano"],"_links":{"self":[{"href":"https:\/\/www.ecoitaliano.com.ar\/index.php?rest_route=\/wp\/v2\/posts\/29823","targetHints":{"allow":["GET"]}}],"collection":[{"href":"https:\/\/www.ecoitaliano.com.ar\/index.php?rest_route=\/wp\/v2\/posts"}],"about":[{"href":"https:\/\/www.ecoitaliano.com.ar\/index.php?rest_route=\/wp\/v2\/types\/post"}],"author":[{"embeddable":true,"href":"https:\/\/www.ecoitaliano.com.ar\/index.php?rest_route=\/wp\/v2\/users\/1"}],"replies":[{"embeddable":true,"href":"https:\/\/www.ecoitaliano.com.ar\/index.php?rest_route=%2Fwp%2Fv2%2Fcomments&post=29823"}],"version-history":[{"count":0,"href":"https:\/\/www.ecoitaliano.com.ar\/index.php?rest_route=\/wp\/v2\/posts\/29823\/revisions"}],"wp:attachment":[{"href":"https:\/\/www.ecoitaliano.com.ar\/index.php?rest_route=%2Fwp%2Fv2%2Fmedia&parent=29823"}],"wp:term":[{"taxonomy":"category","embeddable":true,"href":"https:\/\/www.ecoitaliano.com.ar\/index.php?rest_route=%2Fwp%2Fv2%2Fcategories&post=29823"},{"taxonomy":"post_tag","embeddable":true,"href":"https:\/\/www.ecoitaliano.com.ar\/index.php?rest_route=%2Fwp%2Fv2%2Ftags&post=29823"}],"curies":[{"name":"wp","href":"https:\/\/api.w.org\/{rel}","templated":true}]}}