{"id":29828,"date":"2022-11-14T15:11:28","date_gmt":"2022-11-14T15:11:28","guid":{"rendered":"http:\/\/www.ecoitaliano.com.ar\/?p=29828"},"modified":"2022-11-14T15:11:28","modified_gmt":"2022-11-14T15:11:28","slug":"segnalazione-mostra-women-in-love-a-venezia-2-23-12-2022-2","status":"publish","type":"post","link":"https:\/\/www.ecoitaliano.com.ar\/?p=29828","title":{"rendered":"Segnalazione mostra \u00abWomen in Love\u00bb a Venezia, 2-23.12.2022"},"content":{"rendered":"<p><a href=\"http:\/\/www.ecoitaliano.com.ar\/wp-content\/uploads\/2022\/11\/Asia-Argento-e-Benedetta-Paravia.jpeg\"><img decoding=\"async\" class=\"alignnone size-full wp-image-29829\" src=\"http:\/\/www.ecoitaliano.com.ar\/wp-content\/uploads\/2022\/11\/Asia-Argento-e-Benedetta-Paravia.jpeg\" alt=\"\" width=\"1600\" height=\"1065\" srcset=\"https:\/\/www.ecoitaliano.com.ar\/wp-content\/uploads\/2022\/11\/Asia-Argento-e-Benedetta-Paravia.jpeg 1600w, https:\/\/www.ecoitaliano.com.ar\/wp-content\/uploads\/2022\/11\/Asia-Argento-e-Benedetta-Paravia-300x200.jpeg 300w, https:\/\/www.ecoitaliano.com.ar\/wp-content\/uploads\/2022\/11\/Asia-Argento-e-Benedetta-Paravia-768x511.jpeg 768w, https:\/\/www.ecoitaliano.com.ar\/wp-content\/uploads\/2022\/11\/Asia-Argento-e-Benedetta-Paravia-1024x682.jpeg 1024w, https:\/\/www.ecoitaliano.com.ar\/wp-content\/uploads\/2022\/11\/Asia-Argento-e-Benedetta-Paravia-150x100.jpeg 150w\" sizes=\"(max-width: 1600px) 100vw, 1600px\" \/><\/a><\/p>\n<div id='gallery-1' class='gallery galleryid-29828 gallery-columns-3 gallery-size-thumbnail'><figure class='gallery-item'>\n\t\t\t<div class='gallery-icon portrait'>\n\t\t\t\t<a href='https:\/\/www.ecoitaliano.com.ar\/?attachment_id=29830'><img decoding=\"async\" width=\"150\" height=\"150\" src=\"https:\/\/www.ecoitaliano.com.ar\/wp-content\/uploads\/2022\/11\/Benedetta-Paravia-150x150.jpg\" class=\"attachment-thumbnail size-thumbnail\" alt=\"\" \/><\/a>\n\t\t\t<\/div><\/figure><figure class='gallery-item'>\n\t\t\t<div class='gallery-icon portrait'>\n\t\t\t\t<a href='https:\/\/www.ecoitaliano.com.ar\/?attachment_id=29831'><img decoding=\"async\" width=\"150\" height=\"150\" src=\"https:\/\/www.ecoitaliano.com.ar\/wp-content\/uploads\/2022\/11\/Benedetta-Paravia-e-Mattarella-150x150.jpeg\" class=\"attachment-thumbnail size-thumbnail\" alt=\"\" \/><\/a>\n\t\t\t<\/div><\/figure>\n\t\t<\/div>\n\n<p>&nbsp;<\/p>\n<p align=\"center\"><span style=\"color: #000000;\"><span style=\"font-family: Verdana, serif;\"><u>COMUNICATO STAMPA 3<\/u><\/span><\/span><\/p>\n<p align=\"center\"><span style=\"font-family: Calibri, serif;\"><span style=\"font-size: large;\"><b>La potenza naturale del piacere femminile per denunciare le mutilazioni genitali femminili.<\/b><\/span><\/span><\/p>\n<ul>\n<li>\n<h1 class=\"western\"><span style=\"color: #000000;\"><span style=\"font-family: Calibri, serif;\"><span style=\"font-size: large;\">Il 2 Dicembre a Venezia sar\u00e0 inaugurata la Mostra ad alto contenuto sociale e solidaristico <\/span><\/span><\/span><span style=\"color: #000000;\"><span style=\"font-family: Calibri, serif;\"><span style=\"font-size: large;\"><i>Women in love<\/i><\/span><\/span><\/span><span style=\"color: #000000;\"><span style=\"font-family: Calibri, serif;\"><span style=\"font-size: large;\"> di <\/span><\/span><\/span><span style=\"color: #202020;\"><span style=\"font-family: Calibri, serif;\"><span style=\"font-size: large;\">Benedetta Paravia;<\/span><\/span><\/span><\/h1>\n<\/li>\n<\/ul>\n<ul>\n<li><span style=\"font-family: Calibri, serif;\"><span style=\"font-size: small;\"><span style=\"color: #000000;\"><span style=\"font-size: large;\">Lo scopo centrale di questo evento artistico \u00e8 quello di sensibilizzare l\u2019opinione pubblica sul tema delle Mutilazioni Genitali Femminili (clitoridectomia, escissione ed infibulazione) al fine di contribuire a porre fine a questa terribile violenza perpetrata su bambine e giovani donne;<\/span><\/span><\/span><\/span><\/li>\n<\/ul>\n<ul>\n<li><span style=\"font-family: Calibri, serif;\"><span style=\"font-size: small;\"><span style=\"color: #000000;\"><span style=\"font-size: large;\">In esposizione 7 video NFT\u00a0realizzati dall\u2019artista che ritraggono ognuno\u00a07 donne volontarie di nazionalit\u00e0 diverse. Le immagini suscitano impatto emotivo attraverso la rappresentazione di un\u00a0vero orgasmo, ossia la forza della natura femminile in contrapposizione alla violenza del crimine delle MGF;<\/span><\/span><\/span><\/span><\/li>\n<\/ul>\n<p>&nbsp;<\/p>\n<p align=\"justify\"><span style=\"color: #000000;\"><span style=\"font-family: Calibri, serif;\"><span style=\"font-size: large;\"><b>Il 2 Dicembre, alle ore 17 per i media e dalle 18 alle 22 per gli ospiti, presso Palazzo Bembo, affacciato sul Canal Grande all\u2019altezza del Ponte di Rialto, a Venezia sar\u00e0 inaugurata la mostra ad alto contenuto sociale e solidaristico <\/b><\/span><\/span><\/span><span style=\"color: #000000;\"><span style=\"font-family: Calibri, serif;\"><span style=\"font-size: large;\"><i><b>Women in love<\/b><\/i><\/span><\/span><\/span><span style=\"color: #000000;\"><span style=\"font-family: Calibri, serif;\"><span style=\"font-size: large;\"><b> di <\/b><\/span><\/span><\/span><span style=\"color: #202020;\"><span style=\"font-family: Calibri, serif;\"><span style=\"font-size: large;\"><b>Benedetta Paravia, alias Princess Bee, in collaborazione con la Galleria internazionale<\/b><\/span><\/span><\/span><b> <\/b><b><span style=\"color: #202020;\"><span style=\"font-family: Calibri, serif;\"><span style=\"font-size: large;\">ITSLIQUID GROUP<\/span><\/span><\/span><\/b><span style=\"color: #202020;\"><span style=\"font-family: Calibri, serif;\"><span style=\"font-size: large;\">.<\/span><\/span><\/span><span style=\"color: #202020;\"><span style=\"font-family: Calibri, serif;\"><span style=\"font-size: large;\"><b>\u00a0<\/b><\/span><\/span><\/span><\/p>\n<p align=\"justify\"><span style=\"color: #202020;\"><span style=\"font-family: Calibri, serif;\"><span style=\"font-size: medium;\"><b>Benedetta Paravia, il cui progetto artistico beneficia gi\u00e0 del Patrocinio<\/b><\/span><\/span><\/span> <span style=\"color: #000000;\"><span style=\"font-family: Calibri, serif;\"><span style=\"font-size: medium;\"><b>del Ministero per i Beni e le Attivit\u00e0 Culturali, lo scorso<\/b><\/span><\/span><\/span><span style=\"color: #202020;\"><span style=\"font-family: Calibri, serif;\"><span style=\"font-size: medium;\"><b> 28 Ottobre presso la Camera dei<\/b><\/span><\/span><\/span><em><span style=\"color: #202020;\"><span style=\"font-family: Calibri, serif;\"><span style=\"font-size: medium;\"><b> Lords<\/b><\/span><\/span><\/span><\/em><span style=\"color: #202020;\"><span style=\"font-family: Calibri, serif;\"><span style=\"font-size: medium;\"><b> a Londra \u00e8 stata premiata<\/b><\/span><\/span><\/span><span style=\"color: #202020;\"><span style=\"font-family: Calibri, serif;\"><span style=\"font-size: medium;\">, con decreto precedentemente firmato dalla Regina, con la motivazione \u201c<\/span><\/span><\/span><em><span style=\"color: #202020;\"><span style=\"font-family: Calibri, serif;\"><span style=\"font-size: medium;\"><b>best project 2022 for women empowerment<\/b><\/span><\/span><\/span><\/em><b><span style=\"color: #202020;\"><span style=\"font-family: Calibri, serif;\"><span style=\"font-size: medium;\">\u201d.<\/span><\/span><\/span><\/b><span style=\"color: #202020;\"><span style=\"font-family: Calibri, serif;\"><span style=\"font-size: medium;\"> Si tratta del premio per le donne <\/span><\/span><\/span><em><span style=\"color: #202020;\"><span style=\"font-family: Calibri, serif;\"><span style=\"font-size: medium;\">leaders<\/span><\/span><\/span><\/em><span style=\"color: #202020;\"><span style=\"font-family: Calibri, serif;\"><span style=\"font-size: medium;\"> che \u00e8 stato dedicato alla Regina stessa dopo la sua scomparsa.<\/span><\/span><\/span><\/p>\n<p align=\"justify\"><span style=\"color: #000000;\"><span style=\"font-family: Calibri, serif;\"><span style=\"font-size: medium;\">Lo scopo principale della Mostra \u00e8 sensibilizzare l\u2019opinione pubblica sul tema delle Mutilazioni Genitali Femminili (clitoridectomia, escissione ed infibulazione) al fine di contribuire a porre fine a questa terribile violenza perpetrata su bambine e giovani donne, una violazione dei Diritti Umani (WHO 2008).\u00a0<\/span><\/span><\/span><span style=\"color: #000000;\"><span style=\"font-family: Calibri, serif;\"><span style=\"font-size: medium;\"><b>Sono 125 milioni le donne nel mondo che convivono con una delle mutilazioni genitali esistenti, mentre sono 4 milioni le bambine che, ogni anno, rischiano di subirne una.<\/b><\/span><\/span><\/span><\/p>\n<p align=\"justify\"><span style=\"color: #000000;\"><span style=\"font-family: Calibri, serif;\"><span style=\"font-size: medium;\">Saranno esposti <\/span><\/span><\/span><span style=\"color: #000000;\"><span style=\"font-family: Calibri, serif;\"><span style=\"font-size: medium;\"><b>7 video NFT<\/b><\/span><\/span><\/span><span style=\"color: #000000;\"><span style=\"font-family: Calibri, serif;\"><span style=\"font-size: medium;\">\u00a0che ritraggono ognuno\u00a0<\/span><\/span><\/span><span style=\"color: #000000;\"><span style=\"font-family: Calibri, serif;\"><span style=\"font-size: medium;\"><b>7 donne volontarie di nazionalit\u00e0 diverse<\/b><\/span><\/span><\/span><span style=\"color: #000000;\"><span style=\"font-family: Calibri, serif;\"><span style=\"font-size: medium;\">, con la\u00a0direzione fotografica di Daniele Pedone<\/span><\/span><\/span><span style=\"color: #000000;\"><span style=\"font-family: Calibri, serif;\"><span style=\"font-size: medium;\"><b>.<\/b><\/span><\/span><\/span><span style=\"color: #000000;\"><span style=\"font-family: Calibri, serif;\"><span style=\"font-size: medium;\"> Le immagini suscitano impatto emotivo attraverso la rappresentazione di un\u00a0<\/span><\/span><\/span><span style=\"color: #000000;\"><span style=\"font-family: Calibri, serif;\"><span style=\"font-size: medium;\"><b>vero orgasmo, ossia la forza della natura femminile in contrapposizione alla violenza del crimine delle MGF.<\/b><\/span><\/span><\/span><span style=\"color: #000000;\"><span style=\"font-family: Calibri, serif;\"><span style=\"font-size: medium;\">\u00a0Lo spettatore \u00e8 indotto di conseguenza alla riflessione ed alla presa di coscienza delle profonde lesioni fisiche e psichiche inflitte alla donna ed alla propria femminilit\u00e0 che le viene negata dopo aver subito queste pratiche. La \u00abnaturalit\u00e0\u00bb come leva virtuosa per scardinare usanze drammaticamente oscurantiste e violenze di genere contemporanee \u00e8 sottolineata nei video da elementi come acqua, sabbia, ecc.\u00a0<\/span><\/span><\/span><\/p>\n<p align=\"justify\"><span style=\"color: #000000;\"><span style=\"font-family: Calibri, serif;\"><span style=\"font-size: medium;\">Le mobilitazioni internazionali contro questo fenomeno hanno ridotto l\u2019incidenza nelle nuove generazioni ma il problema \u00e8 ancora gravemente diffuso. Le MGF sono divenute target del quinto obiettivo di Sviluppo Sostenibile: la parit\u00e0 di genere. Infatti, sebbene la pratica sia gestita dalle donne, \u00e8 per\u00f2 sorretta da un sistema di valori e norme che esercitano una funzione culturale ed identitaria: l\u2019attenuazione del desiderio femminile, l\u2019aumento del piacere maschile ma soprattutto la sicurezza della fedelt\u00e0 matrimoniale e la preservazione della verginit\u00e0 sono tra le motivazioni dominanti di natura sessuale. Le MGF, quindi, non hanno alcuna base religiosa e sono praticate in molti paesi dell\u2019Africa, del Sud della penisola araba, del Sud Est asiatico e, appunto, anche in Italia. Con la Legge n.7 del 9 Gennaio 2006 il Parlamento italiano ha provveduto a tutelare la donna dalle pratiche di mutilazione genitale femminile in attuazione degli articoli 2, 3 e 32 della Costituzione Italiana e di quanto sancito dalla Dichiarazione e dal Programma di azione adottati a Pechino il 15 Settembre 1995 nella quarta Conferenza Mondiale delle Nazioni Unite sulle donne. Il 6 Febbraio infine \u00e8 stata proclamata la Giornata Mondiale Contro le Mutilazioni Genitali Femminili.<\/span><\/span><\/span><\/p>\n<p align=\"justify\"><span style=\"font-family: Calibri, serif;\"><span style=\"font-size: medium;\">L\u2019arte si fa portatrice di istanze sociali attraverso delle immagini che possano innescare una reazione o una riflessione nel visitatore e cercando di attivare un volano solidaristico il pi\u00f9 concreto possibile. <\/span><\/span><span style=\"color: #000000;\"><span style=\"font-family: Calibri, serif;\"><span style=\"font-size: medium;\">Il catalogo della mostra, realizzato in doppia lingua italiana ed inglese, conterr\u00e0 alcune delle testimonianze pi\u00f9 significative di donne impegnate da oltre trent\u2019anni nella lotta contro le MGF, sia che siano state vittima, sia che siano scampate alla violenza. Al termine della mostra, i 7 NFT verranno battuti durante un\u2019<\/span><\/span><\/span><span style=\"color: #000000;\"><span style=\"font-family: Calibri, serif;\"><span style=\"font-size: medium;\"><b>asta benefica<\/b><\/span><\/span><\/span><span style=\"color: #000000;\"><span style=\"font-family: Calibri, serif;\"><span style=\"font-size: medium;\">\u00a0di cui parte del ricavato andr\u00e0 a sostenere la NGO The Girdle per l\u2019empowerment delle donne in Africa ed il resto verr\u00e0 impiegato per una campagna mirata di educazione alla consapevolezza per le fanciulle tramite i social media Tiktok ed Istagram, con una serie di conferenze itineranti sul tema MGF e <\/span><\/span><\/span><span style=\"color: #000000;\"><span style=\"font-family: Calibri, serif;\"><span style=\"font-size: medium;\"><b>per la deinfibulazione e clitoridoplastica gratuite per le vittime mutilate.\u00a0<\/b><\/span><\/span><\/span><\/p>\n<p align=\"justify\"><span style=\"color: #000000;\"><span style=\"font-family: Verdana, serif;\"><span style=\"font-size: small;\">Artista poliedrica e creative producer\u00a0<\/span><\/span><\/span><span style=\"color: #000000;\"><span style=\"font-family: Verdana, serif;\"><span style=\"font-size: small;\"><b>Benedetta Paravia aka Princess Bee<\/b><\/span><\/span><\/span><span style=\"color: #000000;\"><span style=\"font-family: Verdana, serif;\"><span style=\"font-size: small;\">\u00a0\u00e8 tornata in Italia dagli Emirati Arabi Uniti, dove lavora creando un ponte tra Medio Oriente ed Europa attraverso la cultura, la formazione universitaria, le canzoni (di cui una per la pace, \u201cAngels\u201d, patrocinata dall\u2019UNESCO), i libri, i programmi televisivi e cross mediali al femminile, le sfilate, le mostre d\u2019arte e la solidariet\u00e0. \u00c8 l\u2019italiana pi\u00f9 famosa nel mondo arabo, unica personalit\u00e0 ad oggi autorizzata &#8211; all\u2019interno del Museo del Cairo &#8211; per un servizio fotografico ed icona della sua amata citt\u00e0 d\u2019adozione: Dubai. \u00c8 <\/span><\/span><\/span><span style=\"font-family: Arial, serif;\"><span style=\"font-size: small;\">Vice Presidente ed Ambasciatore di<\/span><\/span><span style=\"font-family: Arial, serif;\"><span style=\"font-size: small;\"><b> A.N.G.E.L.S. \u2013 Associazione Nazionale Giovani Energie Latrici di Solidariet\u00e0 \u2013 ONLUS.<\/b><\/span><\/span><\/p>\n<p align=\"justify\"><span style=\"color: #000000;\"><span style=\"font-family: Verdana, serif;\"><span style=\"font-size: small;\">\u00c8 anche l\u2019orgoglio di Google con il 100% di notizie positive a lei dedicate. Collabora con La Repubblica e RepTV.<\/span><\/span><\/span><\/p>\n<p align=\"justify\"><span style=\"color: #000000;\"><span style=\"font-family: Verdana, serif;\"><span style=\"font-size: small;\">Wikipedia: https:\/\/en.m.wikipedia.org\/wiki\/Princess_Bee<\/span><\/span><\/span><\/p>\n<p align=\"justify\"><span style=\"color: #000000;\"><span style=\"font-family: Verdana, serif;\"><span style=\"font-size: small;\"><span lang=\"en-US\">Instagram: @benedettaparavia @princessbeemusic<\/span><\/span><\/span><\/span><\/p>\n<p align=\"justify\"><span style=\"color: #000000;\"><span style=\"font-family: Verdana, serif;\"><span style=\"font-size: small;\"><span lang=\"en-US\">Website:\u00a0<\/span><\/span><\/span><\/span><a href=\"http:\/\/www.benedettaparavia.com\/\"><span style=\"color: #0000ff;\"><span style=\"font-family: Verdana, serif;\"><span style=\"font-size: small;\"><span lang=\"en-US\"><u>www.benedettaparavia.com<\/u><\/span><\/span><\/span><\/span><\/a><\/p>\n<p align=\"justify\"><span style=\"color: #000000;\"><span style=\"font-family: Verdana, serif;\"><span style=\"font-size: small;\"><b>Daniele Pedone<\/b><\/span><\/span><\/span><span style=\"color: #000000;\"><span style=\"font-family: Verdana, serif;\"><span style=\"font-size: small;\">\u00a0fotografo e per questa Mostra si \u00e8 affiancato all\u2019Artista Benedetta Paravia in qualit\u00e0 di direttore della fotografia, ha collaborato con importanti personalit\u00e0 nel campo delle arti visive quali Peter Lindbergh, Bruce Weber, Mario Testino ed altri. Ha vissuto a New York, Londra e alle Isole Canarie. Di ritorno in Italia ha abbracciato il progetto artistico-culturale umanitario Women in Love.<\/span><\/span><\/span><\/p>\n","protected":false},"excerpt":{"rendered":"<p>&nbsp; COMUNICATO STAMPA 3 La potenza naturale del piacere femminile per denunciare le mutilazioni genitali femminili. Il 2 Dicembre a [&hellip;]<\/p>\n","protected":false},"author":1,"featured_media":0,"comment_status":"open","ping_status":"open","sticky":false,"template":"","format":"standard","meta":{"footnotes":""},"categories":[2,10],"tags":[],"class_list":["post-29828","post","type-post","status-publish","format-standard","hentry","category-informacion","category-italiano"],"_links":{"self":[{"href":"https:\/\/www.ecoitaliano.com.ar\/index.php?rest_route=\/wp\/v2\/posts\/29828","targetHints":{"allow":["GET"]}}],"collection":[{"href":"https:\/\/www.ecoitaliano.com.ar\/index.php?rest_route=\/wp\/v2\/posts"}],"about":[{"href":"https:\/\/www.ecoitaliano.com.ar\/index.php?rest_route=\/wp\/v2\/types\/post"}],"author":[{"embeddable":true,"href":"https:\/\/www.ecoitaliano.com.ar\/index.php?rest_route=\/wp\/v2\/users\/1"}],"replies":[{"embeddable":true,"href":"https:\/\/www.ecoitaliano.com.ar\/index.php?rest_route=%2Fwp%2Fv2%2Fcomments&post=29828"}],"version-history":[{"count":0,"href":"https:\/\/www.ecoitaliano.com.ar\/index.php?rest_route=\/wp\/v2\/posts\/29828\/revisions"}],"wp:attachment":[{"href":"https:\/\/www.ecoitaliano.com.ar\/index.php?rest_route=%2Fwp%2Fv2%2Fmedia&parent=29828"}],"wp:term":[{"taxonomy":"category","embeddable":true,"href":"https:\/\/www.ecoitaliano.com.ar\/index.php?rest_route=%2Fwp%2Fv2%2Fcategories&post=29828"},{"taxonomy":"post_tag","embeddable":true,"href":"https:\/\/www.ecoitaliano.com.ar\/index.php?rest_route=%2Fwp%2Fv2%2Ftags&post=29828"}],"curies":[{"name":"wp","href":"https:\/\/api.w.org\/{rel}","templated":true}]}}