{"id":29833,"date":"2022-11-14T19:32:13","date_gmt":"2022-11-14T19:32:13","guid":{"rendered":"http:\/\/www.ecoitaliano.com.ar\/?p=29833"},"modified":"2022-11-14T19:32:13","modified_gmt":"2022-11-14T19:32:13","slug":"serena-conduce-operaclassica-eco-italiano-1880","status":"publish","type":"post","link":"https:\/\/www.ecoitaliano.com.ar\/?p=29833","title":{"rendered":"Serena conduce operaclassica eco italiano"},"content":{"rendered":"<p style=\"text-align: center;\"><a href=\"http:\/\/www.ecoitaliano.com.ar\/wp-content\/uploads\/2022\/10\/image004.png\"><img decoding=\"async\" class=\"alignnone size-full wp-image-28871\" src=\"http:\/\/www.ecoitaliano.com.ar\/wp-content\/uploads\/2022\/10\/image004.png\" alt=\"\" width=\"143\" height=\"89\" \/><\/a><a href=\"http:\/\/www.ecoitaliano.com.ar\/wp-content\/uploads\/2022\/11\/image002.png\"><img decoding=\"async\" class=\"alignnone size-full wp-image-29834\" src=\"http:\/\/www.ecoitaliano.com.ar\/wp-content\/uploads\/2022\/11\/image002.png\" alt=\"\" width=\"309\" height=\"77\" srcset=\"https:\/\/www.ecoitaliano.com.ar\/wp-content\/uploads\/2022\/11\/image002.png 309w, https:\/\/www.ecoitaliano.com.ar\/wp-content\/uploads\/2022\/11\/image002-300x75.png 300w, https:\/\/www.ecoitaliano.com.ar\/wp-content\/uploads\/2022\/11\/image002-150x37.png 150w\" sizes=\"(max-width: 309px) 100vw, 309px\" \/><\/a><\/p>\n<p><strong>Concorso pianistico Citt\u00e0 di Verona, 10\u00b0 compleanno con l\u2019Orchestra di Fondazione Arena<\/strong><\/p>\n<p><em>Doppia finale al Filarmonico per la competizione che richiama a Verona decine di talenti della tastiera<br \/>\n<strong>Pegoraro<\/strong>: \u00abGiovani pianisti da tutto il mondo da qui prendono il volo verso una carriera di successo\u00bb<\/em><\/p>\n<p><strong><em>Cecilia Gasdia<\/em><\/strong><em>: \u00abSiamo orgogliosi di sostenere i primi passi dei giovani talenti, che saranno<\/em><\/p>\n<p><em>i grandi artisti di domani\u00bb<\/p>\n<p><\/em><\/p>\n<p>&nbsp;<\/p>\n<p><strong>Verona, 11 novembre 2022. <\/strong>Sar\u00e0 una finalissima nella prestigiosa cornice del Teatro Filarmonico, con la partecipazione dell\u2019orchestra della Fondazione Arena di Verona, a suggellare i dieci anni del Verona International Piano Competition (VIPC), il Concorso pianistico Citt\u00e0 di Verona, organizzato dalla Associazione Musicale Liszt 2011 e ormai punto di riferimento nel panorama dei premi pianistici internazionali per i giovani talenti della tastiera.<\/p>\n<p>Una collaborazione all\u2019insegna dell\u2019amore per l\u2019arte, che conferma la vocazione di Verona come citt\u00e0 della Musica e si propone di offrire ai finalisti del Concorso la grande opportunit\u00e0 di esibirsi davanti al pubblico veronese insieme ad un\u2019orchestra di professionisti: un primo assaggio di quella che, come avvenuto con i vincitori delle scorse edizioni del Vipc, potr\u00e0 essere la loro carriera concertistica.<\/p>\n<p>&nbsp;<\/p>\n<p><strong><u>IL VIPC. <\/u><\/strong>Manca ormai una manciata di giorni all\u2019inizio dell\u2019intensa settimana del Concorso, che inizier\u00e0 con le prove eliminatorie, in programma all\u2019Auditorium della Gran Guardia domenica 13 e luned\u00ec 14 novembre: sono 43, in crescita rispetto ai 35 dello scorso anno, i candidati ammessi alle esibizioni in presenza dopo che la giuria, da inizio agosto, ha ascoltato online l\u2019esibizione di tutti i 93 candidati iscritti.<\/p>\n<p>Il calendario della manifestazione prosegue marted\u00ec 15 novembre con la <strong>semifinale<\/strong>, sempre alla Gran Guardia, quando dalle 10 alle 20 la giuria, composta dai pianisti Roberto Pegoraro (direttore artistico del Citt\u00e0 di Verona), Jin Ju, Jean-Marc Luisada, Edoardo Strabbioli, Franz Schottky e Vittorio Bresciani, ascolteranno i migliori dieci pianisti, decretando i cinque finalisti.<\/p>\n<p>Il giorno successivo, mercoled\u00ec 16 novembre, alle 18, sar\u00e0 la volta della <strong>finale solistica<\/strong>, ospitata al Teatro Filarmonico, in cui i finalisti si sfideranno con un programma di 35 minuti l\u2019uno. Sempre il Filarmonico ospiter\u00e0, sabato 19 novembre alle 17, anche l\u2019ulteriore prova finale in cui i tre pianisti giudicati i migliori saranno impegnati nell&#8217;esecuzione di un Concerto per pianoforte accompagnati <strong>dall&#8217;Orchestra della Fondazione Arena di Verona<\/strong> diretta da Paolo Spadaro Munitto.<\/p>\n<p>\u00abUna soddisfazione, per noi, consentire ai giovani protagonisti del concorso, di mettersi alla prova e confrontarsi con una grande orchestra di professionisti, dato che l\u2019obiettivo del Verona International Piano Competition \u00e8 lanciare questi talenti del pianoforte nei pi\u00f9 importanti circuiti concertistici internazionali\u00bb, spiega <strong>Roberto Pegoraro, direttore artistico del concorso<\/strong>. \u00abDel resto \u00e8 gi\u00e0 accaduto ai premiati in questi dieci anni, che da Verona hanno preso il volo per una carriera di successo\u00bb.<\/p>\n<p>\u00abLa <em>Fondazione Arena di Verona \u00e8 orgogliosa di partecipare a questo concorso di crescente prestigio internazionale \u2013 <\/em><strong>dichiara Cecilia Gasdia, Sovrintendente e Direttore Artistico di Fondazione Arena<\/strong><em> \u2013 e partecipiamo come abbiamo fatto nelle stagioni al Filarmonico e negli ultimi anni del Festival areniano, prossimo alla sua 100^ edizione: cio\u00e8 sostenendo i primi passi dei giovani talenti, accanto ai grandi artisti affermati. Quegli stessi talenti che potranno diventare i grandi artisti di domani. Molti dei musicisti in gara probabilmente affronteranno per la prima volta l\u2019esperienza di un concerto con orchestra: la nostra Orchestra sar\u00e0 lieta di accogliere i finalisti e accompagnarli nella prova pi\u00f9 impegnativa ma anche pi\u00f9 spettacolare. in bocca al lupo a tutti loro!<\/em>\u00bb.<\/p>\n<p>Nell\u2019albo d\u2019oro del Verona International Piano Competition, tornato in scena nel 2021 dopo un anno di pausa forzata a causa delle limitazioni imposte dal Covid, si annoverano come vincitori Elizaveta Ivanova &#8211; Russia (2012), Mamikon Nakhapetov &#8211; Georgia (2013), Yoonhee Yang &#8211; Corea del Sud (2014), Evgeny Brakhman &#8211; Russia (2015), Jin-Hyeon Lee &#8211; Corea del Sud (2016), Florian Mitrea &#8211; Romania (2016), Vasyl Kotys &#8211; Ucraina (2017) e Xiaolu Zang &#8211; Cina (2019).<\/p>\n<p>\u00abQuest\u2019anno\u00bb, prosegue Pegoraro, \u00abi partecipanti al Concorso hanno un\u2019et\u00e0 media di 26 anni e provengono <strong>da 21 nazioni<\/strong>. Giappone, Corea del Sud, Italia e Russia sono, come da tradizione, le pi\u00f9 rappresentate, con alcune new entry come Portogallo, Armenia, Taiwan, Macedonia, Kazakistan e Svezia. Siamo orgogliosi di testimoniare come questi giovani \u2013 pi\u00f9 di duemila, di oltre trentacinque nazioni diverse quelli che ad oggi hanno scelto Verona come tappa del loro percorso artistico &#8211; in riva all\u2019Adige, grazie al Concorso, trovino anche reali opportunit\u00e0 di confronto, comunicazione, solidariet\u00e0 e amicizia\u00bb.<\/p>\n<p><strong><u>L\u2019ORCHESTRA DELLA FONDAZIONE ARENA DI VERONA<\/u><\/strong>. Ad esibirsi con i tre finalisti sar\u00e0 l\u2019Orchestra della Fondazione Arena di Verona, una realt\u00e0 che nei quasi <strong>110 anni storia<\/strong> ha visto alternarsi sul podio compositori come Pietro Mascagni e Riccardo Zandonai, direttori del calibro di Daniel Oren, Riccardo Muti, Lorin Maazel, Zubin Mehta, e che si fa ambasciatrice, durante le sue tourn\u00e9e, dell\u2019eccellenza italiana nel mondo.<\/p>\n<p><strong><u>LA PREMIAZIONE<\/u><\/strong>. Al vincitore del Concorso Pianistico Citt\u00e0 di Verona andranno 5mila euro in denaro e un contratto discografico del valore di 3mila euro con l\u2019etichetta Fluente Records per la registrazione, pubblicazione e distribuzione di un disco in formato digitale.<\/p>\n<p><strong>I biglietti<\/strong> per assistere alla prova finale del concorso con la partecipazione <strong>dell\u2019Orchestra della Fondazione Arena di Verona<\/strong>, in programma sabato 19 novembre alle 17 al Teatro Filarmonico, sono acquistabili, al costo di 10 euro, alle biglietterie della Fondazione Arena, tramite call center ufficiale al numero 045. 8005151 o su\u00a0<a href=\"http:\/\/www.arena.it\/buy\">www.arena.it\/buy<\/a>.<\/p>\n<p>&nbsp;<\/p>\n<p>Tutte le prove del concorso sono aperte al pubblico.<\/p>\n<p>L\u2019ingresso per le prove eliminatorie, semifinale e finale solistica sono ad ingresso libero.<\/p>\n<p>&nbsp;<\/p>\n<p>La\u00a0storia\u00a0dell\u2019<strong>Orchestra dell\u2019Arena di Verona<\/strong> e dei suoi direttori\u00a0comincia\u00a0il\u00a010 agosto 1913, quando Tullio Serafin, con una storica <em>Aida<\/em>, inaugura il Festival lirico.<\/p>\n<p>Sul podio del pi\u00f9 suggestivo teatro all\u2019aperto del mondo si sono avvicendati musicisti diversi per formazione, cultura e stile. Tra di essi anche tre direttori-compositori:\u00a0Pietro Mascagni\u00a0che nel 1921 dirige<em> Il Piccolo Marat<\/em>,\u00a0Riccardo Zandonai\u00a0che nel 1939 dirige <em>Giulietta e Romeo<\/em>,\u00a0Mikis Theodorakis\u00a0che nel 1988 dirige <em>Zorba il greco<\/em>.<\/p>\n<p>Tra gli altri direttori che hanno guidato l\u2019Orchestra dell\u2019Arena ricordiamo Sergio Failoni, Antonino Votto, Gino Marinuzzi, Vittorio Gui, Franco Capuana, Francesco Molinari Pradelli, Rudolf Kempe, Argeo Quadri, Gianandrea Gavazzeni, Lovro von Matacic, Elihau Inbal, Nello Santi, Peter Maag, Giuseppe Patan\u00e8, Michel Plasson, Anton Guadagno, Yuri Ahronovitch, Donato Renzetti, Andrea Battistoni, Gustav Kuhn, Daniel Oren, Riccardo Muti, Lorin Maazel, Zubin Mehta, Georges Pr\u00eatre.<\/p>\n<p>Dal 1975, con l\u2019apertura del Teatro Filarmonico di Verona, l\u2019Orchestra areniana d\u00e0 ottima prova di s\u00e9 anche in un teatro al chiuso con un repertorio che spazia dal barocco al romantico e al contemporaneo. Intensa \u00e8 anche l\u2019attivit\u00e0 dei complessi artistici in ambito regionale.<\/p>\n<p>Importanti sono le tourn\u00e9e all\u2019estero: negli anni Ottanta a Luxor in Egitto con <em>Aida<\/em>, a Vienna e Tokyo con <em>Aida<\/em> e <em>Turandot<\/em>; negli anni Novanta con <em>Nabucco<\/em> a Francoforte, Vienna, Zurigo e Berlino, con <em>La Boh\u00e8me<\/em> ancora a Francoforte e con <em>Aida<\/em> a Dortmund.<\/p>\n<p>Nel 2000 l\u2019Orchestra \u00e8 a Pechino con <em>Tosca<\/em>; nel 2010 alla Tokyo International Forum Hall per <em>Aida<\/em> e per uno spettacolare Gala con Pl\u00e1cido Domingo. Nel 2011 partecipa alla Biennale Musica di Zagabria e al prestigioso The Masada-Dead Sea and Jerusalem Opera Festival con un Gala operistico a Gerusalemme e l\u2019esecuzione della<em> Messa da Requiem<\/em> di Verdi a Masada; nello stesso anno \u00e8 protagonista di una grandiosa <em>Turandot<\/em> firmata da Franco Zeffirelli per l\u2019inaugurazione della Royal Opera House Muscat, dove torna con grande successo nel 2014 con <em>I Capuleti e i Montecchi<\/em> e nel 2015 nuovamente con <em>Turandot<\/em>. A luglio 2017 l\u2019Orchestra esegue un memorabile concerto al Brunnenhof der Residenz di Monaco riscuotendo oltre 15 minuti di applausi.<\/p>\n<p>Nel 2018 l\u2019Orchestra dell\u2019Arena di Verona ritorna in Oman per la Stagione operistica della Royal Opera House Muscat con <em>La Sonnambula<\/em> regia, scene e costumi di Hugo de Ana nel mese di gennaio e nel mese di settembre \u00e8 chiamata per il Gala <em>Pl\u00e1cido Domingo &#8211; Antolog\u00eda de la Zarzuela<\/em>, evento di successo del Festival lirico 2017, con in programma le arie pi\u00f9 emozionanti della tradizione popolare spagnola.<\/p>\n<p>Nel settembre 2018 \u00e8 anche protagonista della maratona benefica<em> La notte di Andrea Bocelli<\/em>, spettacolo ospitato all\u2019Arena di Verona e in onda su RAI 1, RAI PLAY e RADIO 2.<\/p>\n<p>A maggio 2019 l\u2019Orchestra, ospite a Monaco, torna a riscuotere successo con il concerto <em>Amore &amp; Amicizia<\/em> nella Herkulessaal della Residenza bavarese.<\/p>\n<p>Nel 2020 segnato dalla pandemia, l\u2019Orchestra riprende le attivit\u00e0 con il Festival d\u2019estate all\u2019Arena di Verona nell\u2019inedito assetto a palco centrale ed \u00e8 protagonista di undici concerti che portano nell\u2019Anfiteatro veronese nuovi repertori: il barocco veneziano, Mozart, Rossini, Wagner. Dopo altri tre concerti nelle principali piazze di Verona, segue una stagione artistica invernale trasmessa in streaming dal Teatro Filarmonico, fino al Festival areniano 2021, inaugurato dall\u2019esecuzione di <em>Aida<\/em> in forma di concerto sotto la direzione di Riccardo Muti.<\/p>\n<p>Nel gennaio del 2022 torna ad aprire la stagione della Royal Opera House Muscat per il suo decennale con la nuova produzione di <em>Rigoletto <\/em>secondo Zeffirelli, trasmessa anche da Rai Cultura.<\/p>\n<p><a href=\"http:\/\/www.ecoitaliano.com.ar\/wp-content\/uploads\/2022\/11\/presentazione-Vipc1-min.jpg\"><img decoding=\"async\" class=\"alignnone size-full wp-image-29835\" src=\"http:\/\/www.ecoitaliano.com.ar\/wp-content\/uploads\/2022\/11\/presentazione-Vipc1-min.jpg\" alt=\"\" width=\"4032\" height=\"3024\" srcset=\"https:\/\/www.ecoitaliano.com.ar\/wp-content\/uploads\/2022\/11\/presentazione-Vipc1-min.jpg 4032w, https:\/\/www.ecoitaliano.com.ar\/wp-content\/uploads\/2022\/11\/presentazione-Vipc1-min-300x225.jpg 300w, https:\/\/www.ecoitaliano.com.ar\/wp-content\/uploads\/2022\/11\/presentazione-Vipc1-min-768x576.jpg 768w, https:\/\/www.ecoitaliano.com.ar\/wp-content\/uploads\/2022\/11\/presentazione-Vipc1-min-1024x768.jpg 1024w, https:\/\/www.ecoitaliano.com.ar\/wp-content\/uploads\/2022\/11\/presentazione-Vipc1-min-150x113.jpg 150w\" sizes=\"(max-width: 4032px) 100vw, 4032px\" \/><\/a><\/p>\n<p><a href=\"http:\/\/www.ecoitaliano.com.ar\/wp-content\/uploads\/2022\/11\/Vipc-vincitore2021.png\"><img decoding=\"async\" class=\"alignnone size-full wp-image-29838\" src=\"http:\/\/www.ecoitaliano.com.ar\/wp-content\/uploads\/2022\/11\/Vipc-vincitore2021.png\" alt=\"\" width=\"990\" height=\"582\" srcset=\"https:\/\/www.ecoitaliano.com.ar\/wp-content\/uploads\/2022\/11\/Vipc-vincitore2021.png 990w, https:\/\/www.ecoitaliano.com.ar\/wp-content\/uploads\/2022\/11\/Vipc-vincitore2021-300x176.png 300w, https:\/\/www.ecoitaliano.com.ar\/wp-content\/uploads\/2022\/11\/Vipc-vincitore2021-768x451.png 768w, https:\/\/www.ecoitaliano.com.ar\/wp-content\/uploads\/2022\/11\/Vipc-vincitore2021-150x88.png 150w\" sizes=\"(max-width: 990px) 100vw, 990px\" \/><\/a><\/p>\n<p><a href=\"http:\/\/www.ecoitaliano.com.ar\/wp-content\/uploads\/2022\/11\/presentrazione-Vipc2-min.jpg\"><img decoding=\"async\" class=\"alignnone size-full wp-image-29836\" src=\"http:\/\/www.ecoitaliano.com.ar\/wp-content\/uploads\/2022\/11\/presentrazione-Vipc2-min.jpg\" alt=\"\" width=\"4032\" height=\"3024\" srcset=\"https:\/\/www.ecoitaliano.com.ar\/wp-content\/uploads\/2022\/11\/presentrazione-Vipc2-min.jpg 4032w, https:\/\/www.ecoitaliano.com.ar\/wp-content\/uploads\/2022\/11\/presentrazione-Vipc2-min-300x225.jpg 300w, https:\/\/www.ecoitaliano.com.ar\/wp-content\/uploads\/2022\/11\/presentrazione-Vipc2-min-768x576.jpg 768w, https:\/\/www.ecoitaliano.com.ar\/wp-content\/uploads\/2022\/11\/presentrazione-Vipc2-min-1024x768.jpg 1024w, https:\/\/www.ecoitaliano.com.ar\/wp-content\/uploads\/2022\/11\/presentrazione-Vipc2-min-150x113.jpg 150w\" sizes=\"(max-width: 4032px) 100vw, 4032px\" \/><\/a><\/p>\n<p><a href=\"http:\/\/www.ecoitaliano.com.ar\/wp-content\/uploads\/2022\/11\/Vipc-vincitore2019.jpg\"><img decoding=\"async\" class=\"alignnone size-full wp-image-29837\" src=\"http:\/\/www.ecoitaliano.com.ar\/wp-content\/uploads\/2022\/11\/Vipc-vincitore2019.jpg\" alt=\"\" width=\"1920\" height=\"1281\" srcset=\"https:\/\/www.ecoitaliano.com.ar\/wp-content\/uploads\/2022\/11\/Vipc-vincitore2019.jpg 1920w, https:\/\/www.ecoitaliano.com.ar\/wp-content\/uploads\/2022\/11\/Vipc-vincitore2019-300x200.jpg 300w, https:\/\/www.ecoitaliano.com.ar\/wp-content\/uploads\/2022\/11\/Vipc-vincitore2019-768x512.jpg 768w, https:\/\/www.ecoitaliano.com.ar\/wp-content\/uploads\/2022\/11\/Vipc-vincitore2019-1024x683.jpg 1024w, https:\/\/www.ecoitaliano.com.ar\/wp-content\/uploads\/2022\/11\/Vipc-vincitore2019-150x100.jpg 150w\" sizes=\"(max-width: 1920px) 100vw, 1920px\" \/><\/a><\/p>\n<p>&nbsp;<\/p>\n","protected":false},"excerpt":{"rendered":"<p>Concorso pianistico Citt\u00e0 di Verona, 10\u00b0 compleanno con l\u2019Orchestra di Fondazione Arena Doppia finale al Filarmonico per la competizione che [&hellip;]<\/p>\n","protected":false},"author":1,"featured_media":0,"comment_status":"open","ping_status":"open","sticky":false,"template":"","format":"standard","meta":{"footnotes":""},"categories":[1],"tags":[],"class_list":["post-29833","post","type-post","status-publish","format-standard","hentry","category-sin-categoria"],"_links":{"self":[{"href":"https:\/\/www.ecoitaliano.com.ar\/index.php?rest_route=\/wp\/v2\/posts\/29833","targetHints":{"allow":["GET"]}}],"collection":[{"href":"https:\/\/www.ecoitaliano.com.ar\/index.php?rest_route=\/wp\/v2\/posts"}],"about":[{"href":"https:\/\/www.ecoitaliano.com.ar\/index.php?rest_route=\/wp\/v2\/types\/post"}],"author":[{"embeddable":true,"href":"https:\/\/www.ecoitaliano.com.ar\/index.php?rest_route=\/wp\/v2\/users\/1"}],"replies":[{"embeddable":true,"href":"https:\/\/www.ecoitaliano.com.ar\/index.php?rest_route=%2Fwp%2Fv2%2Fcomments&post=29833"}],"version-history":[{"count":0,"href":"https:\/\/www.ecoitaliano.com.ar\/index.php?rest_route=\/wp\/v2\/posts\/29833\/revisions"}],"wp:attachment":[{"href":"https:\/\/www.ecoitaliano.com.ar\/index.php?rest_route=%2Fwp%2Fv2%2Fmedia&parent=29833"}],"wp:term":[{"taxonomy":"category","embeddable":true,"href":"https:\/\/www.ecoitaliano.com.ar\/index.php?rest_route=%2Fwp%2Fv2%2Fcategories&post=29833"},{"taxonomy":"post_tag","embeddable":true,"href":"https:\/\/www.ecoitaliano.com.ar\/index.php?rest_route=%2Fwp%2Fv2%2Ftags&post=29833"}],"curies":[{"name":"wp","href":"https:\/\/api.w.org\/{rel}","templated":true}]}}