{"id":29849,"date":"2022-11-15T03:01:01","date_gmt":"2022-11-15T03:01:01","guid":{"rendered":"http:\/\/www.ecoitaliano.com.ar\/?p=29849"},"modified":"2022-11-15T03:01:01","modified_gmt":"2022-11-15T03:01:01","slug":"serena-conduce-operaclassica-eco-italiano-1882","status":"publish","type":"post","link":"https:\/\/www.ecoitaliano.com.ar\/?p=29849","title":{"rendered":"Serena conduce operaclassica eco italiano"},"content":{"rendered":"<p style=\"text-align: center;\"><a href=\"http:\/\/www.ecoitaliano.com.ar\/wp-content\/uploads\/2022\/10\/Part_6.gif\"><img decoding=\"async\" class=\"alignnone size-full wp-image-29230\" src=\"http:\/\/www.ecoitaliano.com.ar\/wp-content\/uploads\/2022\/10\/Part_6.gif\" alt=\"\" width=\"116\" height=\"71\" \/><\/a><\/p>\n<p>Comunicato stampa<\/p>\n<p>&nbsp;<\/p>\n<p><strong>TCBO: UN NUOVO\u00a0<em>LOHENGRIN<\/em>\u00a0PER SALUTARE LA SALA BIBIENA<\/strong><\/p>\n<p>&nbsp;<\/p>\n<p><em>Il capolavoro wagneriano, diretto da Asher Fisch e con la regia di Luigi De Angelis, \u00e8 l\u2019ultima opera in Largo Respighi prima della chiusura per la riqualificazione del Teatro<\/em><\/p>\n<p><em>\u00a0<\/em><\/p>\n<p><em>Dal\u00a013 novembre alle 18.00, con trasmissione in diretta su Rai Radio3; repliche fino\u00a0al 20 novembre<\/em><\/p>\n<p>&nbsp;<\/p>\n<p>\u00c8 stata la prima opera di Richard Wagner ad essere rappresentata in Italia, proprio al Comunale di Bologna, il 1\u00b0 novembre del 1871, e sar\u00e0 l\u2019ultima in scena in Largo Respighi prima della chiusura del Teatro per i lavori di riqualificazione. \u00c8\u00a0<em>Lohengrin<\/em>,\u00a0che\u00a0dal 13 al 20 novembre\u00a0torna in Sala Bibiena in un nuovo allestimento in prima assoluta firmato da Luigi De Angelis, del collettivo di artisti Fanny &amp; Alexander, e diretto da Asher Fisch. La \u201cPrima\u201d dello spettacolo, in programma\u00a0domenica 13 novembre alle ore 18.00, \u00e8 trasmessa anche in diretta su Rai Radio3.<\/p>\n<p>&nbsp;<\/p>\n<p>Il titolo, inizialmente previsto nel 2021 per celebrare i 150 anni dal debutto di un\u2019opera di Wagner nel nostro Paese e poi slittato a causa della pandemia, fa parte del progetto per rappresentare le cinque opere del compositore tedesco che ebbero la loro prima nazionale al TCBO, avviato dal Sovrintendente Fulvio Macciardi nel 2020 con il\u00a0<em>Tristan und Isolde<\/em>\u00a0e che \u2013 dopo\u00a0<em>Lohengrin<\/em>\u00a0\u2013 proseguir\u00e0 con\u00a0<em>Der fliegende Holl\u00e4nder\u00a0<\/em>(L\u2019olandese volante) per l&#8217;inaugurazione della Stagione 2023.<\/p>\n<p>&nbsp;<\/p>\n<p>La nuova produzione di\u00a0<em>Lohengrin<\/em>\u00a0vede il teatro felsineo alla sua seconda collaborazione con la compagnia\u00a0Fanny &amp; Alexander, che nel 2015 aveva debuttato nella regia lirica con\u00a0<em>Il flauto magico<\/em>\u00a0di Mozart in 3D\u00a0in Sala Bibiena e che quest\u2019anno festeggia trent\u2019anni di attivit\u00e0. Luigi De Angelis cura regia, scene, luci e video e sceglie di rafforzare il forte legame tra Bologna e il compositore\u00a0\u00abportando in scena l\u2019uomo Wagner, demiurgo e testimone di una vicenda collettiva mescolata a quella della fiaba antica\u00bb. A impersonare Richard Wagner sul palco sar\u00e0 Andrea Argentieri, Premio Ubu 2019 come miglior attore under 35. Lo spettacolo \u00e8 ambientato dal regista belga-italiano in un tribunale ai tempi d&#8217;oggi e intreccia\u00a0\u00abil piano della realt\u00e0 recente a quello mitologico del sogno\u00bb. Secondo De Angelis, che si \u00e8 ispirato anche al volume intitolato \u00abIl processo in musica nel Lohengrin di Richard Wagner\u00bb di Alberto Tedoldi,\u00a0\u00abIl tema del giudizio \u00e8 ossessivo in quest\u2019opera. Il primo atto si apre con un vero e proprio processo, che ricalca la ritualit\u00e0 dell\u2019antico processo germanico. E il processo \u00e8 sempre un labirinto, perch\u00e9 nello spazio del labirinto si conosce l\u2019entrata ma non si conosce mai l\u2019uscita\u00bb. Drammaturgia e costumi sono di Chiara Lagani.<\/p>\n<p>&nbsp;<\/p>\n<p>Sul podio torna Asher Fisch,\u00a0Direttore principale\u00a0della West Australian Symphony Orchestra di Perth e Direttore principale ospite dell\u2019Opera di Seattle,\u00a0al suo secondo impegno in stagione dopo l\u2019<em>Otello\u00a0<\/em>di Verdi, alla guida di un cast vocale che vede protagonisti\u00a0Vincent Wolfsteiner nel ruolo del titolo, Martina Welschenbach come Elsa di Brabante,\u00a0Lucio Gallo nei panni di Telramund e Ricarda Merbeth in quelli di Ortrud, in alternanza rispettivamente con Daniel Kirch, Anna-Louise Cole, \u00d3lafur Sigurdarson e Anna Maria Chiuri. Completano il cast Albert Dohmen (Enrico l\u2019uccellatore), Lukas Zeman (Un araldo), Manuel Pierattelli (Primo cavaliere), Pietro Picone (Secondo cavaliere), Simon Schnorr (Terzo cavaliere), Viktor Shevchenko (Quarto cavaliere), Francesca Micarelli (Primo paggio), Maria Cristina Bellantuono (Secondo paggio), Eleonora Filipponi (Terzo paggio) e Alena Sautier (Quarto paggio). L\u2019Orchestra e il Coro, preparato da Gea Garatti Ansini, e il Coro di Voci Bianche, istruito da Alhambra Superchi, sono quelli del Teatro Comunale di Bologna.\u00a0Affianca il coro felsineo in questa produzione\u00a0\u2013\u00a0dato l\u2019ampio organico corale richiesto dalla partitura wagneriana\u00a0\u2013\u00a0il Coro del Teatro Accademico Nazionale dell\u2019Opera e balletto ucraino \u201cTaras Shevchenko\u201d di Kiev, guidato da Bogdan Plish.<\/p>\n<p>&nbsp;<\/p>\n<p>Wagner ebbe l\u2019ispirazione per la sua sesta opera in ordine cronologico nel 1845 in Boemia e la scrisse tra il 1846 e il 1848. Due anni dopo\u00a0<em>Lohengrin<\/em>\u00a0venne presentato al pubblico a Weimar sotto la bacchetta di Franz Liszt. Favola, storia e mito si intersecano in questo dramma, nel quale l\u2019autore costruisce alcuni dei suoi personaggi basandosi su fonti storiche e letterarie o ancora rifacendosi alla mitologia greca. Il protagonista \u00e8 ispirato al poema epico medievale\u00a0<em>Parzival<\/em>\u00a0di Wolfram von Eschenbach: Lohengrin, il cavaliere del cigno, \u00e8 figlio di Parsifal, cavaliere della Tavola rotonda, e custode del Santo Graal. A seguito del successo della prima rappresentazione italiana dell\u2019opera al Teatro Comunale nel\u00a01871, che vide\u00a0anche Giuseppe Verdi assistere a una replica dello spettacolo, Wagner fu proclamato nel 1872 cittadino onorario di Bologna.<\/p>\n<p>&nbsp;<\/p>\n<p>Presenting partner dello spettacolo \u00e8 Gruppo Hera.\u00a0\u00abSostenere il Comunale di Bologna \u2013 afferma Giuseppe Gagliano, direttore centrale relazioni esterne della multiutility \u2013 significa essere accanto ad uno dei soggetti culturali pi\u00f9 significativi in citt\u00e0 e ribadire il nostro impegno nel supporto alle arti, un asset immateriale di cui avere cura perch\u00e9 ci fornisce chiavi di lettura per interpretare la realt\u00e0 che ci circonda, aprendo per noi nuovi sguardi sul mondo. Questa opera significa molto per Bologna e chiude un ciclo per il Teatro stesso e quindi con ancora maggiore convinzione l\u2019abbiamo scelta contribuendo con il nostro sostegno alla sua realizzazione\u00bb.<\/p>\n<p>&nbsp;<\/p>\n<p>Le recite saranno precedute \u2013 circa 45 minuti prima dell\u2019inizio \u2013 da una breve presentazione dell\u2019opera nel Foyer Rossini del Teatro Comunale.<\/p>\n<p>&nbsp;<\/p>\n<p>I biglietti\u00a0\u2013 da 10 a 125 euro\u00a0\u2013\u00a0sono in vendita online tramite Vivaticket e presso la biglietteria del Teatro Comunale, aperta\u00a0dal marted\u00ec al venerd\u00ec\u00a0dalle 12 alle 18, il\u00a0sabato dalle 11 alle 15\u00a0(Ingresso Piazza Verdi), nei giorni feriali di spettacolo da due ore prima e fino a 15 minuti dopo l\u2019inizio e in quelli festivi da un\u2019ora e mezza prima e fino a 15 minuti dopo l\u2019inizio (Largo Respighi, 1).<\/p>\n<p>&nbsp;<\/p>\n<p>11.11.2022<\/p>\n<p>&nbsp;<\/p>\n<p>&nbsp;<\/p>\n<p>Ufficio Stampa &#8211; Skill&amp;Music<\/p>\n<p>Irene Sala &#8211; Carla Monni<br \/>\nFondazione Teatro Comunale di Bologna<br \/>\nLargo Respighi, 1 &#8211; 40126 Bologna<br \/>\nT.\u00a0+39 051 529947<br \/>\nE-mail:\u00a0<a href=\"mailto:ufficiostampa@comunalebologna.it\">ufficiostampa@comunalebologna.it<\/a><u><br \/>\n<\/u><a href=\"http:\/\/www.tcbo.it\/\">www.tcbo.it<\/a><\/p>\n<p>&nbsp;<\/p>\n<p><strong><em>LOHENGRIN<\/em><\/strong><br \/>\nOpera romantica in tre atti<\/p>\n<p>Poema e musica di Richard Wagner<\/p>\n<p>&nbsp;<\/p>\n<p><em>Direttore<\/em>\u00a0Asher Fisch<br \/>\n<em>Regia, scene, luci, video<\/em>\u00a0Luigi De Angelis (Fanny &amp; Alexander)<br \/>\n<em>Maestro del Coro<\/em>\u00a0Gea Garatti Ansini<\/p>\n<p><em>Drammaturgia e costumi<\/em>\u00a0Chiara Lagani<br \/>\n<em>Aiuto regia<\/em>\u00a0Andrea Argentieri<br \/>\n<em>Assistente alla regia<\/em>\u00a0Gabriele Galleggiante<br \/>\n<em>Preparazione musicale<\/em>\u00a0<em>alla regia<\/em>\u00a0Greta Benini<br \/>\n<em>Assistente alle scene<\/em>\u00a0Giulia Rienzi<br \/>\n<em>Assistente alle scene e luci<\/em>\u00a0Mirto Baliani<br \/>\n<em>Assistente ai costumi\u00a0<\/em>Sofia Vannini<br \/>\n<em>Maestro del Coro del Teatro Accademico Nazionale dell\u2019Opera e balletto ucraino \u201cTaras Shevchenko\u201d<\/em>\u00a0Bogdan Plish<\/p>\n<p>&nbsp;<\/p>\n<p><strong>Personaggi e interpreti<\/strong><\/p>\n<p><em>Enrico l\u2019Uccellatore<\/em>\u00a0Albert Dohmen<br \/>\n<em>Lohengrin<\/em>\u00a0Vincent Wolfsteiner (13, 16, 20) \/ Daniel Kirch (15, 17, 19)<br \/>\n<em>Elsa di Brabante<\/em>\u00a0Martina Welschenbach (13, 16, 20) \/ Anna-Louise Cole (15, 17, 19)<br \/>\n<em>Telramund<\/em>\u00a0Lucio Gallo (13, 15, 17, 20) \/ \u00d3lafur Sigurdarson (16, 19)<br \/>\n<em>Ortrud\u00a0<\/em>Ricarda Merbeth (13, 16, 20) \/ Anna Maria Chiuri (15, 17, 19)<br \/>\n<em>Araldo\u00a0<\/em>Lukas Zeman<br \/>\n<em>Primo cavaliere\u00a0<\/em>Manuel Pierattelli<br \/>\n<em>Secondo cavaliere<\/em>\u00a0Pietro Picone<br \/>\n<em>Terzo cavaliere<\/em>\u00a0Simon Schnorr<br \/>\n<em>Quarto cavaliere\u00a0<\/em>Victor Shevchenko<br \/>\n<em>Primo paggio<\/em>\u00a0Francesca Micarelli<br \/>\n<em>Secondo paggio<\/em>\u00a0Maria Cristina Bellantuono<br \/>\n<em>Terzo paggio\u00a0<\/em>Eleonora Filipponi<br \/>\n<em>Quarto paggio\u00a0<\/em>Alena Sautier<br \/>\n<em>Nel ruolo di Richard Wagner<\/em>\u00a0Andrea Argentieri<br \/>\n<em>Nel ruolo di Gottfried\u00a0<\/em>Federico Simone Cetera \/ Alessandro Antonino<\/p>\n<p>Orchestra, Coro e Tecnici del Teatro Comunale di Bologna<br \/>\nNuova produzione del Teatro Comunale di Bologna<\/p>\n<p>&nbsp;<\/p>\n<p><strong>Date<\/strong><br \/>\nDomenica 13 novembre ore 18, Turno Prime, Opera yoU30<br \/>\nMarted\u00ec 15\u00a0novembre ore 18, Turno Pomeriggi all\u2019Opera 1<\/p>\n<p>Mercoled\u00ec 16\u00a0novembre ore 18, Turno Passione Opera<\/p>\n<p>Gioved\u00ec 17\u00a0novembre ore 18, Turno Serate all\u2019Opera<\/p>\n<p>Sabato 19\u00a0novembre ore 18, Turno Pomeriggi all\u2019Opera 2<\/p>\n<p>Domenica 20\u00a0novembre ore 16, Turno Domeniche all\u2019Opera<\/p>\n<p><br style=\"font-weight: 400;\" \/><\/p>\n<table>\n<tbody>\n<tr>\n<td><strong>Ufficio Stampa<\/strong><\/p>\n<p><strong>telefono: 051-529947<\/strong><\/td>\n<td><em>\u00a0 \u00a0 \u00a0 \u00a0 \u00a0 \u00a0 \u00a0 \u00a0<\/em><\/td>\n<td>Fondazione Teatro Comunale di Bologna<br \/>\nLargo Respighi, 1 &#8211; 40126 Bologna<br \/>\n<a href=\"http:\/\/www.tcbo.it\/\"><em>www.tcbo.it<\/em><\/a><\/td>\n<\/tr>\n<\/tbody>\n<\/table>\n<h5><strong>Foto Lohengrin I cast &#8211; Teatro Comunale di Bologna 2022@Andrea Ranzi<\/strong><\/h5>\n<p><a href=\"http:\/\/www.ecoitaliano.com.ar\/wp-content\/uploads\/2022\/11\/TCBO_Lohengrin_Albert-Dohmen-Enrico-l\u2019Uccellatore_D4_0063_\u00a9Andrea-Ranzi.jpg\"><img decoding=\"async\" class=\"alignnone size-full wp-image-29850\" src=\"http:\/\/www.ecoitaliano.com.ar\/wp-content\/uploads\/2022\/11\/TCBO_Lohengrin_Albert-Dohmen-Enrico-l\u2019Uccellatore_D4_0063_\u00a9Andrea-Ranzi.jpg\" alt=\"\" width=\"3543\" height=\"2362\" srcset=\"https:\/\/www.ecoitaliano.com.ar\/wp-content\/uploads\/2022\/11\/TCBO_Lohengrin_Albert-Dohmen-Enrico-l\u2019Uccellatore_D4_0063_\u00a9Andrea-Ranzi.jpg 3543w, https:\/\/www.ecoitaliano.com.ar\/wp-content\/uploads\/2022\/11\/TCBO_Lohengrin_Albert-Dohmen-Enrico-l\u2019Uccellatore_D4_0063_\u00a9Andrea-Ranzi-300x200.jpg 300w, https:\/\/www.ecoitaliano.com.ar\/wp-content\/uploads\/2022\/11\/TCBO_Lohengrin_Albert-Dohmen-Enrico-l\u2019Uccellatore_D4_0063_\u00a9Andrea-Ranzi-768x512.jpg 768w, https:\/\/www.ecoitaliano.com.ar\/wp-content\/uploads\/2022\/11\/TCBO_Lohengrin_Albert-Dohmen-Enrico-l\u2019Uccellatore_D4_0063_\u00a9Andrea-Ranzi-1024x683.jpg 1024w, https:\/\/www.ecoitaliano.com.ar\/wp-content\/uploads\/2022\/11\/TCBO_Lohengrin_Albert-Dohmen-Enrico-l\u2019Uccellatore_D4_0063_\u00a9Andrea-Ranzi-150x100.jpg 150w\" sizes=\"(max-width: 3543px) 100vw, 3543px\" \/><\/a> <a href=\"http:\/\/www.ecoitaliano.com.ar\/wp-content\/uploads\/2022\/11\/TCBO_Lohengrin_Albert-Dohmen-Enrico-l\u2019Uccellatore_D4_5644_\u00a9Andrea-Ranzi.jpg\"><img decoding=\"async\" class=\"alignnone size-full wp-image-29851\" src=\"http:\/\/www.ecoitaliano.com.ar\/wp-content\/uploads\/2022\/11\/TCBO_Lohengrin_Albert-Dohmen-Enrico-l\u2019Uccellatore_D4_5644_\u00a9Andrea-Ranzi.jpg\" alt=\"\" width=\"2362\" height=\"3543\" srcset=\"https:\/\/www.ecoitaliano.com.ar\/wp-content\/uploads\/2022\/11\/TCBO_Lohengrin_Albert-Dohmen-Enrico-l\u2019Uccellatore_D4_5644_\u00a9Andrea-Ranzi.jpg 2362w, https:\/\/www.ecoitaliano.com.ar\/wp-content\/uploads\/2022\/11\/TCBO_Lohengrin_Albert-Dohmen-Enrico-l\u2019Uccellatore_D4_5644_\u00a9Andrea-Ranzi-200x300.jpg 200w, https:\/\/www.ecoitaliano.com.ar\/wp-content\/uploads\/2022\/11\/TCBO_Lohengrin_Albert-Dohmen-Enrico-l\u2019Uccellatore_D4_5644_\u00a9Andrea-Ranzi-768x1152.jpg 768w, https:\/\/www.ecoitaliano.com.ar\/wp-content\/uploads\/2022\/11\/TCBO_Lohengrin_Albert-Dohmen-Enrico-l\u2019Uccellatore_D4_5644_\u00a9Andrea-Ranzi-683x1024.jpg 683w, https:\/\/www.ecoitaliano.com.ar\/wp-content\/uploads\/2022\/11\/TCBO_Lohengrin_Albert-Dohmen-Enrico-l\u2019Uccellatore_D4_5644_\u00a9Andrea-Ranzi-100x150.jpg 100w\" sizes=\"(max-width: 2362px) 100vw, 2362px\" \/><\/a> <a href=\"http:\/\/www.ecoitaliano.com.ar\/wp-content\/uploads\/2022\/11\/TCBO_Lohengrin_Albert-Dohmen-Enrico-l\u2019Uccellatore_Martina-Welschenbach-Elsa-di-Brabante_D4_5329_\u00a9Andrea-Ranzi.jpg\"><img decoding=\"async\" class=\"alignnone size-full wp-image-29852\" src=\"http:\/\/www.ecoitaliano.com.ar\/wp-content\/uploads\/2022\/11\/TCBO_Lohengrin_Albert-Dohmen-Enrico-l\u2019Uccellatore_Martina-Welschenbach-Elsa-di-Brabante_D4_5329_\u00a9Andrea-Ranzi.jpg\" alt=\"\" width=\"3543\" height=\"2362\" srcset=\"https:\/\/www.ecoitaliano.com.ar\/wp-content\/uploads\/2022\/11\/TCBO_Lohengrin_Albert-Dohmen-Enrico-l\u2019Uccellatore_Martina-Welschenbach-Elsa-di-Brabante_D4_5329_\u00a9Andrea-Ranzi.jpg 3543w, https:\/\/www.ecoitaliano.com.ar\/wp-content\/uploads\/2022\/11\/TCBO_Lohengrin_Albert-Dohmen-Enrico-l\u2019Uccellatore_Martina-Welschenbach-Elsa-di-Brabante_D4_5329_\u00a9Andrea-Ranzi-300x200.jpg 300w, https:\/\/www.ecoitaliano.com.ar\/wp-content\/uploads\/2022\/11\/TCBO_Lohengrin_Albert-Dohmen-Enrico-l\u2019Uccellatore_Martina-Welschenbach-Elsa-di-Brabante_D4_5329_\u00a9Andrea-Ranzi-768x512.jpg 768w, https:\/\/www.ecoitaliano.com.ar\/wp-content\/uploads\/2022\/11\/TCBO_Lohengrin_Albert-Dohmen-Enrico-l\u2019Uccellatore_Martina-Welschenbach-Elsa-di-Brabante_D4_5329_\u00a9Andrea-Ranzi-1024x683.jpg 1024w, https:\/\/www.ecoitaliano.com.ar\/wp-content\/uploads\/2022\/11\/TCBO_Lohengrin_Albert-Dohmen-Enrico-l\u2019Uccellatore_Martina-Welschenbach-Elsa-di-Brabante_D4_5329_\u00a9Andrea-Ranzi-150x100.jpg 150w\" sizes=\"(max-width: 3543px) 100vw, 3543px\" \/><\/a> <a href=\"http:\/\/www.ecoitaliano.com.ar\/wp-content\/uploads\/2022\/11\/TCBO_Lohengrin_Albert-Dohmen-Enrico-l\u2019Uccellatore_Ricarda-Merbeth-Ortrud_Lohengrin_D4_5655_\u00a9Andrea-Ranzi.jpg\"><img decoding=\"async\" class=\"alignnone size-full wp-image-29853\" src=\"http:\/\/www.ecoitaliano.com.ar\/wp-content\/uploads\/2022\/11\/TCBO_Lohengrin_Albert-Dohmen-Enrico-l\u2019Uccellatore_Ricarda-Merbeth-Ortrud_Lohengrin_D4_5655_\u00a9Andrea-Ranzi.jpg\" alt=\"\" width=\"3543\" height=\"2362\" srcset=\"https:\/\/www.ecoitaliano.com.ar\/wp-content\/uploads\/2022\/11\/TCBO_Lohengrin_Albert-Dohmen-Enrico-l\u2019Uccellatore_Ricarda-Merbeth-Ortrud_Lohengrin_D4_5655_\u00a9Andrea-Ranzi.jpg 3543w, https:\/\/www.ecoitaliano.com.ar\/wp-content\/uploads\/2022\/11\/TCBO_Lohengrin_Albert-Dohmen-Enrico-l\u2019Uccellatore_Ricarda-Merbeth-Ortrud_Lohengrin_D4_5655_\u00a9Andrea-Ranzi-300x200.jpg 300w, https:\/\/www.ecoitaliano.com.ar\/wp-content\/uploads\/2022\/11\/TCBO_Lohengrin_Albert-Dohmen-Enrico-l\u2019Uccellatore_Ricarda-Merbeth-Ortrud_Lohengrin_D4_5655_\u00a9Andrea-Ranzi-768x512.jpg 768w, https:\/\/www.ecoitaliano.com.ar\/wp-content\/uploads\/2022\/11\/TCBO_Lohengrin_Albert-Dohmen-Enrico-l\u2019Uccellatore_Ricarda-Merbeth-Ortrud_Lohengrin_D4_5655_\u00a9Andrea-Ranzi-1024x683.jpg 1024w, https:\/\/www.ecoitaliano.com.ar\/wp-content\/uploads\/2022\/11\/TCBO_Lohengrin_Albert-Dohmen-Enrico-l\u2019Uccellatore_Ricarda-Merbeth-Ortrud_Lohengrin_D4_5655_\u00a9Andrea-Ranzi-150x100.jpg 150w\" sizes=\"(max-width: 3543px) 100vw, 3543px\" \/><\/a> <a href=\"http:\/\/www.ecoitaliano.com.ar\/wp-content\/uploads\/2022\/11\/TCBO_Lohengrin_Lucio-Gallo-Telramund_D4_5420_\u00a9Andrea-Ranzi.jpg\"><img decoding=\"async\" class=\"alignnone size-full wp-image-29854\" src=\"http:\/\/www.ecoitaliano.com.ar\/wp-content\/uploads\/2022\/11\/TCBO_Lohengrin_Lucio-Gallo-Telramund_D4_5420_\u00a9Andrea-Ranzi.jpg\" alt=\"\" width=\"2362\" height=\"3543\" srcset=\"https:\/\/www.ecoitaliano.com.ar\/wp-content\/uploads\/2022\/11\/TCBO_Lohengrin_Lucio-Gallo-Telramund_D4_5420_\u00a9Andrea-Ranzi.jpg 2362w, https:\/\/www.ecoitaliano.com.ar\/wp-content\/uploads\/2022\/11\/TCBO_Lohengrin_Lucio-Gallo-Telramund_D4_5420_\u00a9Andrea-Ranzi-200x300.jpg 200w, https:\/\/www.ecoitaliano.com.ar\/wp-content\/uploads\/2022\/11\/TCBO_Lohengrin_Lucio-Gallo-Telramund_D4_5420_\u00a9Andrea-Ranzi-768x1152.jpg 768w, https:\/\/www.ecoitaliano.com.ar\/wp-content\/uploads\/2022\/11\/TCBO_Lohengrin_Lucio-Gallo-Telramund_D4_5420_\u00a9Andrea-Ranzi-683x1024.jpg 683w, https:\/\/www.ecoitaliano.com.ar\/wp-content\/uploads\/2022\/11\/TCBO_Lohengrin_Lucio-Gallo-Telramund_D4_5420_\u00a9Andrea-Ranzi-100x150.jpg 100w\" sizes=\"(max-width: 2362px) 100vw, 2362px\" \/><\/a> <a href=\"http:\/\/www.ecoitaliano.com.ar\/wp-content\/uploads\/2022\/11\/TCBO_Lohengrin_Lucio-Gallo-Telramund_D4_5497_\u00a9Andrea-Ranzi.jpg\"><img decoding=\"async\" class=\"alignnone size-full wp-image-29855\" src=\"http:\/\/www.ecoitaliano.com.ar\/wp-content\/uploads\/2022\/11\/TCBO_Lohengrin_Lucio-Gallo-Telramund_D4_5497_\u00a9Andrea-Ranzi.jpg\" alt=\"\" width=\"3543\" height=\"2362\" srcset=\"https:\/\/www.ecoitaliano.com.ar\/wp-content\/uploads\/2022\/11\/TCBO_Lohengrin_Lucio-Gallo-Telramund_D4_5497_\u00a9Andrea-Ranzi.jpg 3543w, https:\/\/www.ecoitaliano.com.ar\/wp-content\/uploads\/2022\/11\/TCBO_Lohengrin_Lucio-Gallo-Telramund_D4_5497_\u00a9Andrea-Ranzi-300x200.jpg 300w, https:\/\/www.ecoitaliano.com.ar\/wp-content\/uploads\/2022\/11\/TCBO_Lohengrin_Lucio-Gallo-Telramund_D4_5497_\u00a9Andrea-Ranzi-768x512.jpg 768w, https:\/\/www.ecoitaliano.com.ar\/wp-content\/uploads\/2022\/11\/TCBO_Lohengrin_Lucio-Gallo-Telramund_D4_5497_\u00a9Andrea-Ranzi-1024x683.jpg 1024w, https:\/\/www.ecoitaliano.com.ar\/wp-content\/uploads\/2022\/11\/TCBO_Lohengrin_Lucio-Gallo-Telramund_D4_5497_\u00a9Andrea-Ranzi-150x100.jpg 150w\" sizes=\"(max-width: 3543px) 100vw, 3543px\" \/><\/a> <a href=\"http:\/\/www.ecoitaliano.com.ar\/wp-content\/uploads\/2022\/11\/TCBO_Lohengrin_Lucio-Gallo-Telramund_Ricarda-Merbeth-Ortrud_D4_5358_\u00a9Andrea-Ranzi.jpg\"><img decoding=\"async\" class=\"alignnone size-full wp-image-29856\" src=\"http:\/\/www.ecoitaliano.com.ar\/wp-content\/uploads\/2022\/11\/TCBO_Lohengrin_Lucio-Gallo-Telramund_Ricarda-Merbeth-Ortrud_D4_5358_\u00a9Andrea-Ranzi.jpg\" alt=\"\" width=\"3543\" height=\"2362\" srcset=\"https:\/\/www.ecoitaliano.com.ar\/wp-content\/uploads\/2022\/11\/TCBO_Lohengrin_Lucio-Gallo-Telramund_Ricarda-Merbeth-Ortrud_D4_5358_\u00a9Andrea-Ranzi.jpg 3543w, https:\/\/www.ecoitaliano.com.ar\/wp-content\/uploads\/2022\/11\/TCBO_Lohengrin_Lucio-Gallo-Telramund_Ricarda-Merbeth-Ortrud_D4_5358_\u00a9Andrea-Ranzi-300x200.jpg 300w, https:\/\/www.ecoitaliano.com.ar\/wp-content\/uploads\/2022\/11\/TCBO_Lohengrin_Lucio-Gallo-Telramund_Ricarda-Merbeth-Ortrud_D4_5358_\u00a9Andrea-Ranzi-768x512.jpg 768w, https:\/\/www.ecoitaliano.com.ar\/wp-content\/uploads\/2022\/11\/TCBO_Lohengrin_Lucio-Gallo-Telramund_Ricarda-Merbeth-Ortrud_D4_5358_\u00a9Andrea-Ranzi-1024x683.jpg 1024w, https:\/\/www.ecoitaliano.com.ar\/wp-content\/uploads\/2022\/11\/TCBO_Lohengrin_Lucio-Gallo-Telramund_Ricarda-Merbeth-Ortrud_D4_5358_\u00a9Andrea-Ranzi-150x100.jpg 150w\" sizes=\"(max-width: 3543px) 100vw, 3543px\" \/><\/a> <a href=\"http:\/\/www.ecoitaliano.com.ar\/wp-content\/uploads\/2022\/11\/TCBO_Lohengrin_Martina-Welschenbach-Elsa-di-Brabante_D4_0457_\u00a9Andrea-Ranzi.jpg\"><img decoding=\"async\" class=\"alignnone size-full wp-image-29857\" src=\"http:\/\/www.ecoitaliano.com.ar\/wp-content\/uploads\/2022\/11\/TCBO_Lohengrin_Martina-Welschenbach-Elsa-di-Brabante_D4_0457_\u00a9Andrea-Ranzi.jpg\" alt=\"\" width=\"3543\" height=\"1993\" srcset=\"https:\/\/www.ecoitaliano.com.ar\/wp-content\/uploads\/2022\/11\/TCBO_Lohengrin_Martina-Welschenbach-Elsa-di-Brabante_D4_0457_\u00a9Andrea-Ranzi.jpg 3543w, https:\/\/www.ecoitaliano.com.ar\/wp-content\/uploads\/2022\/11\/TCBO_Lohengrin_Martina-Welschenbach-Elsa-di-Brabante_D4_0457_\u00a9Andrea-Ranzi-300x169.jpg 300w, https:\/\/www.ecoitaliano.com.ar\/wp-content\/uploads\/2022\/11\/TCBO_Lohengrin_Martina-Welschenbach-Elsa-di-Brabante_D4_0457_\u00a9Andrea-Ranzi-768x432.jpg 768w, https:\/\/www.ecoitaliano.com.ar\/wp-content\/uploads\/2022\/11\/TCBO_Lohengrin_Martina-Welschenbach-Elsa-di-Brabante_D4_0457_\u00a9Andrea-Ranzi-1024x576.jpg 1024w, https:\/\/www.ecoitaliano.com.ar\/wp-content\/uploads\/2022\/11\/TCBO_Lohengrin_Martina-Welschenbach-Elsa-di-Brabante_D4_0457_\u00a9Andrea-Ranzi-150x84.jpg 150w\" sizes=\"(max-width: 3543px) 100vw, 3543px\" \/><\/a> <a href=\"http:\/\/www.ecoitaliano.com.ar\/wp-content\/uploads\/2022\/11\/TCBO_Lohengrin_Martina-Welschenbach-Elsa-di-Brabante_D4_5717_\u00a9Andrea-Ranzi.jpg\"><img decoding=\"async\" class=\"alignnone size-full wp-image-29858\" src=\"http:\/\/www.ecoitaliano.com.ar\/wp-content\/uploads\/2022\/11\/TCBO_Lohengrin_Martina-Welschenbach-Elsa-di-Brabante_D4_5717_\u00a9Andrea-Ranzi.jpg\" alt=\"\" width=\"3543\" height=\"1993\" srcset=\"https:\/\/www.ecoitaliano.com.ar\/wp-content\/uploads\/2022\/11\/TCBO_Lohengrin_Martina-Welschenbach-Elsa-di-Brabante_D4_5717_\u00a9Andrea-Ranzi.jpg 3543w, https:\/\/www.ecoitaliano.com.ar\/wp-content\/uploads\/2022\/11\/TCBO_Lohengrin_Martina-Welschenbach-Elsa-di-Brabante_D4_5717_\u00a9Andrea-Ranzi-300x169.jpg 300w, https:\/\/www.ecoitaliano.com.ar\/wp-content\/uploads\/2022\/11\/TCBO_Lohengrin_Martina-Welschenbach-Elsa-di-Brabante_D4_5717_\u00a9Andrea-Ranzi-768x432.jpg 768w, https:\/\/www.ecoitaliano.com.ar\/wp-content\/uploads\/2022\/11\/TCBO_Lohengrin_Martina-Welschenbach-Elsa-di-Brabante_D4_5717_\u00a9Andrea-Ranzi-1024x576.jpg 1024w, https:\/\/www.ecoitaliano.com.ar\/wp-content\/uploads\/2022\/11\/TCBO_Lohengrin_Martina-Welschenbach-Elsa-di-Brabante_D4_5717_\u00a9Andrea-Ranzi-150x84.jpg 150w\" sizes=\"(max-width: 3543px) 100vw, 3543px\" \/><\/a> <a href=\"http:\/\/www.ecoitaliano.com.ar\/wp-content\/uploads\/2022\/11\/TCBO_Lohengrin_Martina-Welschenbach-Elsa-di-Brabante_D4_5731_\u00a9Andrea-Ranzi.jpg\"><img decoding=\"async\" class=\"alignnone size-full wp-image-29859\" src=\"http:\/\/www.ecoitaliano.com.ar\/wp-content\/uploads\/2022\/11\/TCBO_Lohengrin_Martina-Welschenbach-Elsa-di-Brabante_D4_5731_\u00a9Andrea-Ranzi.jpg\" alt=\"\" width=\"3543\" height=\"2362\" srcset=\"https:\/\/www.ecoitaliano.com.ar\/wp-content\/uploads\/2022\/11\/TCBO_Lohengrin_Martina-Welschenbach-Elsa-di-Brabante_D4_5731_\u00a9Andrea-Ranzi.jpg 3543w, https:\/\/www.ecoitaliano.com.ar\/wp-content\/uploads\/2022\/11\/TCBO_Lohengrin_Martina-Welschenbach-Elsa-di-Brabante_D4_5731_\u00a9Andrea-Ranzi-300x200.jpg 300w, https:\/\/www.ecoitaliano.com.ar\/wp-content\/uploads\/2022\/11\/TCBO_Lohengrin_Martina-Welschenbach-Elsa-di-Brabante_D4_5731_\u00a9Andrea-Ranzi-768x512.jpg 768w, https:\/\/www.ecoitaliano.com.ar\/wp-content\/uploads\/2022\/11\/TCBO_Lohengrin_Martina-Welschenbach-Elsa-di-Brabante_D4_5731_\u00a9Andrea-Ranzi-1024x683.jpg 1024w, https:\/\/www.ecoitaliano.com.ar\/wp-content\/uploads\/2022\/11\/TCBO_Lohengrin_Martina-Welschenbach-Elsa-di-Brabante_D4_5731_\u00a9Andrea-Ranzi-150x100.jpg 150w\" sizes=\"(max-width: 3543px) 100vw, 3543px\" \/><\/a> <a href=\"http:\/\/www.ecoitaliano.com.ar\/wp-content\/uploads\/2022\/11\/TCBO_Lohengrin_Martina-Welschenbach-Elsa-di-Brabante_D4_5757_\u00a9Andrea-Ranzi.jpg\"><img decoding=\"async\" class=\"alignnone size-full wp-image-29860\" src=\"http:\/\/www.ecoitaliano.com.ar\/wp-content\/uploads\/2022\/11\/TCBO_Lohengrin_Martina-Welschenbach-Elsa-di-Brabante_D4_5757_\u00a9Andrea-Ranzi.jpg\" alt=\"\" width=\"3543\" height=\"1993\" srcset=\"https:\/\/www.ecoitaliano.com.ar\/wp-content\/uploads\/2022\/11\/TCBO_Lohengrin_Martina-Welschenbach-Elsa-di-Brabante_D4_5757_\u00a9Andrea-Ranzi.jpg 3543w, https:\/\/www.ecoitaliano.com.ar\/wp-content\/uploads\/2022\/11\/TCBO_Lohengrin_Martina-Welschenbach-Elsa-di-Brabante_D4_5757_\u00a9Andrea-Ranzi-300x169.jpg 300w, https:\/\/www.ecoitaliano.com.ar\/wp-content\/uploads\/2022\/11\/TCBO_Lohengrin_Martina-Welschenbach-Elsa-di-Brabante_D4_5757_\u00a9Andrea-Ranzi-768x432.jpg 768w, https:\/\/www.ecoitaliano.com.ar\/wp-content\/uploads\/2022\/11\/TCBO_Lohengrin_Martina-Welschenbach-Elsa-di-Brabante_D4_5757_\u00a9Andrea-Ranzi-1024x576.jpg 1024w, https:\/\/www.ecoitaliano.com.ar\/wp-content\/uploads\/2022\/11\/TCBO_Lohengrin_Martina-Welschenbach-Elsa-di-Brabante_D4_5757_\u00a9Andrea-Ranzi-150x84.jpg 150w\" sizes=\"(max-width: 3543px) 100vw, 3543px\" \/><\/a> <a href=\"http:\/\/www.ecoitaliano.com.ar\/wp-content\/uploads\/2022\/11\/TCbo_Lohengrin_Martina-Welschenbach-Elsa-di-Brabante_Lukas-Zeman-Araldo_D4_5345_\u00a9Andrea-Ranzi.jpg\"><img decoding=\"async\" class=\"alignnone size-full wp-image-29861\" src=\"http:\/\/www.ecoitaliano.com.ar\/wp-content\/uploads\/2022\/11\/TCbo_Lohengrin_Martina-Welschenbach-Elsa-di-Brabante_Lukas-Zeman-Araldo_D4_5345_\u00a9Andrea-Ranzi.jpg\" alt=\"\" width=\"2362\" height=\"3543\" srcset=\"https:\/\/www.ecoitaliano.com.ar\/wp-content\/uploads\/2022\/11\/TCbo_Lohengrin_Martina-Welschenbach-Elsa-di-Brabante_Lukas-Zeman-Araldo_D4_5345_\u00a9Andrea-Ranzi.jpg 2362w, https:\/\/www.ecoitaliano.com.ar\/wp-content\/uploads\/2022\/11\/TCbo_Lohengrin_Martina-Welschenbach-Elsa-di-Brabante_Lukas-Zeman-Araldo_D4_5345_\u00a9Andrea-Ranzi-200x300.jpg 200w, https:\/\/www.ecoitaliano.com.ar\/wp-content\/uploads\/2022\/11\/TCbo_Lohengrin_Martina-Welschenbach-Elsa-di-Brabante_Lukas-Zeman-Araldo_D4_5345_\u00a9Andrea-Ranzi-768x1152.jpg 768w, https:\/\/www.ecoitaliano.com.ar\/wp-content\/uploads\/2022\/11\/TCbo_Lohengrin_Martina-Welschenbach-Elsa-di-Brabante_Lukas-Zeman-Araldo_D4_5345_\u00a9Andrea-Ranzi-683x1024.jpg 683w, https:\/\/www.ecoitaliano.com.ar\/wp-content\/uploads\/2022\/11\/TCbo_Lohengrin_Martina-Welschenbach-Elsa-di-Brabante_Lukas-Zeman-Araldo_D4_5345_\u00a9Andrea-Ranzi-100x150.jpg 100w\" sizes=\"(max-width: 2362px) 100vw, 2362px\" \/><\/a> <a href=\"http:\/\/www.ecoitaliano.com.ar\/wp-content\/uploads\/2022\/11\/TCBO_Lohengrin_Martina-Welschenbach-Elsa-di-Brabante_Ricarda-Merbeth-Ortrud_D4_5534_\u00a9Andrea-Ranzi.jpg\"><img decoding=\"async\" class=\"alignnone size-full wp-image-29862\" src=\"http:\/\/www.ecoitaliano.com.ar\/wp-content\/uploads\/2022\/11\/TCBO_Lohengrin_Martina-Welschenbach-Elsa-di-Brabante_Ricarda-Merbeth-Ortrud_D4_5534_\u00a9Andrea-Ranzi.jpg\" alt=\"\" width=\"3543\" height=\"2362\" srcset=\"https:\/\/www.ecoitaliano.com.ar\/wp-content\/uploads\/2022\/11\/TCBO_Lohengrin_Martina-Welschenbach-Elsa-di-Brabante_Ricarda-Merbeth-Ortrud_D4_5534_\u00a9Andrea-Ranzi.jpg 3543w, https:\/\/www.ecoitaliano.com.ar\/wp-content\/uploads\/2022\/11\/TCBO_Lohengrin_Martina-Welschenbach-Elsa-di-Brabante_Ricarda-Merbeth-Ortrud_D4_5534_\u00a9Andrea-Ranzi-300x200.jpg 300w, https:\/\/www.ecoitaliano.com.ar\/wp-content\/uploads\/2022\/11\/TCBO_Lohengrin_Martina-Welschenbach-Elsa-di-Brabante_Ricarda-Merbeth-Ortrud_D4_5534_\u00a9Andrea-Ranzi-768x512.jpg 768w, https:\/\/www.ecoitaliano.com.ar\/wp-content\/uploads\/2022\/11\/TCBO_Lohengrin_Martina-Welschenbach-Elsa-di-Brabante_Ricarda-Merbeth-Ortrud_D4_5534_\u00a9Andrea-Ranzi-1024x683.jpg 1024w, https:\/\/www.ecoitaliano.com.ar\/wp-content\/uploads\/2022\/11\/TCBO_Lohengrin_Martina-Welschenbach-Elsa-di-Brabante_Ricarda-Merbeth-Ortrud_D4_5534_\u00a9Andrea-Ranzi-150x100.jpg 150w\" sizes=\"(max-width: 3543px) 100vw, 3543px\" \/><\/a> <a href=\"http:\/\/www.ecoitaliano.com.ar\/wp-content\/uploads\/2022\/11\/TCBO_Lohengrin_Martina-Welschenbach-Elsa-di-Brabante_Ricarda-Merbeth-Ortrud_D4_5613_\u00a9Andrea-Ranzi.jpg\"><img decoding=\"async\" class=\"alignnone size-full wp-image-29863\" src=\"http:\/\/www.ecoitaliano.com.ar\/wp-content\/uploads\/2022\/11\/TCBO_Lohengrin_Martina-Welschenbach-Elsa-di-Brabante_Ricarda-Merbeth-Ortrud_D4_5613_\u00a9Andrea-Ranzi.jpg\" alt=\"\" width=\"3543\" height=\"1993\" srcset=\"https:\/\/www.ecoitaliano.com.ar\/wp-content\/uploads\/2022\/11\/TCBO_Lohengrin_Martina-Welschenbach-Elsa-di-Brabante_Ricarda-Merbeth-Ortrud_D4_5613_\u00a9Andrea-Ranzi.jpg 3543w, https:\/\/www.ecoitaliano.com.ar\/wp-content\/uploads\/2022\/11\/TCBO_Lohengrin_Martina-Welschenbach-Elsa-di-Brabante_Ricarda-Merbeth-Ortrud_D4_5613_\u00a9Andrea-Ranzi-300x169.jpg 300w, https:\/\/www.ecoitaliano.com.ar\/wp-content\/uploads\/2022\/11\/TCBO_Lohengrin_Martina-Welschenbach-Elsa-di-Brabante_Ricarda-Merbeth-Ortrud_D4_5613_\u00a9Andrea-Ranzi-768x432.jpg 768w, https:\/\/www.ecoitaliano.com.ar\/wp-content\/uploads\/2022\/11\/TCBO_Lohengrin_Martina-Welschenbach-Elsa-di-Brabante_Ricarda-Merbeth-Ortrud_D4_5613_\u00a9Andrea-Ranzi-1024x576.jpg 1024w, https:\/\/www.ecoitaliano.com.ar\/wp-content\/uploads\/2022\/11\/TCBO_Lohengrin_Martina-Welschenbach-Elsa-di-Brabante_Ricarda-Merbeth-Ortrud_D4_5613_\u00a9Andrea-Ranzi-150x84.jpg 150w\" sizes=\"(max-width: 3543px) 100vw, 3543px\" \/><\/a> <a href=\"http:\/\/www.ecoitaliano.com.ar\/wp-content\/uploads\/2022\/11\/TCBO_Lohengrin_Martina-Welschenbach-Elsa-di-Brabante_Vincent-Wolfsteiner-Lohengrin_Albert-Dohmen-Enrico-l\u2019Uccellatore_Lucio-Gallo-Telramund_Ricarda-Merbeth-Ortrud__D4_5431_\u00a9Andrea-Ranzi.jpg\"><img decoding=\"async\" class=\"alignnone size-full wp-image-29864\" src=\"http:\/\/www.ecoitaliano.com.ar\/wp-content\/uploads\/2022\/11\/TCBO_Lohengrin_Martina-Welschenbach-Elsa-di-Brabante_Vincent-Wolfsteiner-Lohengrin_Albert-Dohmen-Enrico-l\u2019Uccellatore_Lucio-Gallo-Telramund_Ricarda-Merbeth-Ortrud__D4_5431_\u00a9Andrea-Ranzi.jpg\" alt=\"\" width=\"3543\" height=\"1993\" srcset=\"https:\/\/www.ecoitaliano.com.ar\/wp-content\/uploads\/2022\/11\/TCBO_Lohengrin_Martina-Welschenbach-Elsa-di-Brabante_Vincent-Wolfsteiner-Lohengrin_Albert-Dohmen-Enrico-l\u2019Uccellatore_Lucio-Gallo-Telramund_Ricarda-Merbeth-Ortrud__D4_5431_\u00a9Andrea-Ranzi.jpg 3543w, https:\/\/www.ecoitaliano.com.ar\/wp-content\/uploads\/2022\/11\/TCBO_Lohengrin_Martina-Welschenbach-Elsa-di-Brabante_Vincent-Wolfsteiner-Lohengrin_Albert-Dohmen-Enrico-l\u2019Uccellatore_Lucio-Gallo-Telramund_Ricarda-Merbeth-Ortrud__D4_5431_\u00a9Andrea-Ranzi-300x169.jpg 300w, https:\/\/www.ecoitaliano.com.ar\/wp-content\/uploads\/2022\/11\/TCBO_Lohengrin_Martina-Welschenbach-Elsa-di-Brabante_Vincent-Wolfsteiner-Lohengrin_Albert-Dohmen-Enrico-l\u2019Uccellatore_Lucio-Gallo-Telramund_Ricarda-Merbeth-Ortrud__D4_5431_\u00a9Andrea-Ranzi-768x432.jpg 768w, https:\/\/www.ecoitaliano.com.ar\/wp-content\/uploads\/2022\/11\/TCBO_Lohengrin_Martina-Welschenbach-Elsa-di-Brabante_Vincent-Wolfsteiner-Lohengrin_Albert-Dohmen-Enrico-l\u2019Uccellatore_Lucio-Gallo-Telramund_Ricarda-Merbeth-Ortrud__D4_5431_\u00a9Andrea-Ranzi-1024x576.jpg 1024w, https:\/\/www.ecoitaliano.com.ar\/wp-content\/uploads\/2022\/11\/TCBO_Lohengrin_Martina-Welschenbach-Elsa-di-Brabante_Vincent-Wolfsteiner-Lohengrin_Albert-Dohmen-Enrico-l\u2019Uccellatore_Lucio-Gallo-Telramund_Ricarda-Merbeth-Ortrud__D4_5431_\u00a9Andrea-Ranzi-150x84.jpg 150w\" sizes=\"(max-width: 3543px) 100vw, 3543px\" \/><\/a> <a href=\"http:\/\/www.ecoitaliano.com.ar\/wp-content\/uploads\/2022\/11\/TCBO_Lohengrin_Martina-Welschenbach-Elsa-di-Brabante_Vincent-Wolfsteiner-Lohengrin_D4_5401_\u00a9Andrea-Ranzi.jpg\"><img decoding=\"async\" class=\"alignnone size-full wp-image-29865\" src=\"http:\/\/www.ecoitaliano.com.ar\/wp-content\/uploads\/2022\/11\/TCBO_Lohengrin_Martina-Welschenbach-Elsa-di-Brabante_Vincent-Wolfsteiner-Lohengrin_D4_5401_\u00a9Andrea-Ranzi.jpg\" alt=\"\" width=\"3543\" height=\"2362\" srcset=\"https:\/\/www.ecoitaliano.com.ar\/wp-content\/uploads\/2022\/11\/TCBO_Lohengrin_Martina-Welschenbach-Elsa-di-Brabante_Vincent-Wolfsteiner-Lohengrin_D4_5401_\u00a9Andrea-Ranzi.jpg 3543w, https:\/\/www.ecoitaliano.com.ar\/wp-content\/uploads\/2022\/11\/TCBO_Lohengrin_Martina-Welschenbach-Elsa-di-Brabante_Vincent-Wolfsteiner-Lohengrin_D4_5401_\u00a9Andrea-Ranzi-300x200.jpg 300w, https:\/\/www.ecoitaliano.com.ar\/wp-content\/uploads\/2022\/11\/TCBO_Lohengrin_Martina-Welschenbach-Elsa-di-Brabante_Vincent-Wolfsteiner-Lohengrin_D4_5401_\u00a9Andrea-Ranzi-768x512.jpg 768w, https:\/\/www.ecoitaliano.com.ar\/wp-content\/uploads\/2022\/11\/TCBO_Lohengrin_Martina-Welschenbach-Elsa-di-Brabante_Vincent-Wolfsteiner-Lohengrin_D4_5401_\u00a9Andrea-Ranzi-1024x683.jpg 1024w, https:\/\/www.ecoitaliano.com.ar\/wp-content\/uploads\/2022\/11\/TCBO_Lohengrin_Martina-Welschenbach-Elsa-di-Brabante_Vincent-Wolfsteiner-Lohengrin_D4_5401_\u00a9Andrea-Ranzi-150x100.jpg 150w\" sizes=\"(max-width: 3543px) 100vw, 3543px\" \/><\/a> <a href=\"http:\/\/www.ecoitaliano.com.ar\/wp-content\/uploads\/2022\/11\/TCBO_Lohengrin_Martina-Welschenbach-Elsa-di-Brabante_Vincent-Wolfsteiner-Lohengrin_D4_5692_\u00a9Andrea-Ranzi.jpg\"><img decoding=\"async\" class=\"alignnone size-full wp-image-29866\" src=\"http:\/\/www.ecoitaliano.com.ar\/wp-content\/uploads\/2022\/11\/TCBO_Lohengrin_Martina-Welschenbach-Elsa-di-Brabante_Vincent-Wolfsteiner-Lohengrin_D4_5692_\u00a9Andrea-Ranzi.jpg\" alt=\"\" width=\"3543\" height=\"2362\" srcset=\"https:\/\/www.ecoitaliano.com.ar\/wp-content\/uploads\/2022\/11\/TCBO_Lohengrin_Martina-Welschenbach-Elsa-di-Brabante_Vincent-Wolfsteiner-Lohengrin_D4_5692_\u00a9Andrea-Ranzi.jpg 3543w, https:\/\/www.ecoitaliano.com.ar\/wp-content\/uploads\/2022\/11\/TCBO_Lohengrin_Martina-Welschenbach-Elsa-di-Brabante_Vincent-Wolfsteiner-Lohengrin_D4_5692_\u00a9Andrea-Ranzi-300x200.jpg 300w, https:\/\/www.ecoitaliano.com.ar\/wp-content\/uploads\/2022\/11\/TCBO_Lohengrin_Martina-Welschenbach-Elsa-di-Brabante_Vincent-Wolfsteiner-Lohengrin_D4_5692_\u00a9Andrea-Ranzi-768x512.jpg 768w, https:\/\/www.ecoitaliano.com.ar\/wp-content\/uploads\/2022\/11\/TCBO_Lohengrin_Martina-Welschenbach-Elsa-di-Brabante_Vincent-Wolfsteiner-Lohengrin_D4_5692_\u00a9Andrea-Ranzi-1024x683.jpg 1024w, https:\/\/www.ecoitaliano.com.ar\/wp-content\/uploads\/2022\/11\/TCBO_Lohengrin_Martina-Welschenbach-Elsa-di-Brabante_Vincent-Wolfsteiner-Lohengrin_D4_5692_\u00a9Andrea-Ranzi-150x100.jpg 150w\" sizes=\"(max-width: 3543px) 100vw, 3543px\" \/><\/a> <a href=\"http:\/\/www.ecoitaliano.com.ar\/wp-content\/uploads\/2022\/11\/TCBO_Lohengrin_Martina-Welschenbach-Elsa-di-Brabante_Vincent-Wolfsteiner-Lohengrin_Lucio-Gallo-Telramund_Albert-Dohmen-Enrico-l\u2019Uccellatore_Ricarda-Merbeth-Ortrud__D4_5458_\u00a9Andrea-Ranzi.jpg\"><img decoding=\"async\" class=\"alignnone size-full wp-image-29867\" src=\"http:\/\/www.ecoitaliano.com.ar\/wp-content\/uploads\/2022\/11\/TCBO_Lohengrin_Martina-Welschenbach-Elsa-di-Brabante_Vincent-Wolfsteiner-Lohengrin_Lucio-Gallo-Telramund_Albert-Dohmen-Enrico-l\u2019Uccellatore_Ricarda-Merbeth-Ortrud__D4_5458_\u00a9Andrea-Ranzi.jpg\" alt=\"\" width=\"3543\" height=\"1993\" srcset=\"https:\/\/www.ecoitaliano.com.ar\/wp-content\/uploads\/2022\/11\/TCBO_Lohengrin_Martina-Welschenbach-Elsa-di-Brabante_Vincent-Wolfsteiner-Lohengrin_Lucio-Gallo-Telramund_Albert-Dohmen-Enrico-l\u2019Uccellatore_Ricarda-Merbeth-Ortrud__D4_5458_\u00a9Andrea-Ranzi.jpg 3543w, https:\/\/www.ecoitaliano.com.ar\/wp-content\/uploads\/2022\/11\/TCBO_Lohengrin_Martina-Welschenbach-Elsa-di-Brabante_Vincent-Wolfsteiner-Lohengrin_Lucio-Gallo-Telramund_Albert-Dohmen-Enrico-l\u2019Uccellatore_Ricarda-Merbeth-Ortrud__D4_5458_\u00a9Andrea-Ranzi-300x169.jpg 300w, https:\/\/www.ecoitaliano.com.ar\/wp-content\/uploads\/2022\/11\/TCBO_Lohengrin_Martina-Welschenbach-Elsa-di-Brabante_Vincent-Wolfsteiner-Lohengrin_Lucio-Gallo-Telramund_Albert-Dohmen-Enrico-l\u2019Uccellatore_Ricarda-Merbeth-Ortrud__D4_5458_\u00a9Andrea-Ranzi-768x432.jpg 768w, https:\/\/www.ecoitaliano.com.ar\/wp-content\/uploads\/2022\/11\/TCBO_Lohengrin_Martina-Welschenbach-Elsa-di-Brabante_Vincent-Wolfsteiner-Lohengrin_Lucio-Gallo-Telramund_Albert-Dohmen-Enrico-l\u2019Uccellatore_Ricarda-Merbeth-Ortrud__D4_5458_\u00a9Andrea-Ranzi-1024x576.jpg 1024w, https:\/\/www.ecoitaliano.com.ar\/wp-content\/uploads\/2022\/11\/TCBO_Lohengrin_Martina-Welschenbach-Elsa-di-Brabante_Vincent-Wolfsteiner-Lohengrin_Lucio-Gallo-Telramund_Albert-Dohmen-Enrico-l\u2019Uccellatore_Ricarda-Merbeth-Ortrud__D4_5458_\u00a9Andrea-Ranzi-150x84.jpg 150w\" sizes=\"(max-width: 3543px) 100vw, 3543px\" \/><\/a> <a href=\"http:\/\/www.ecoitaliano.com.ar\/wp-content\/uploads\/2022\/11\/TCBO_Lohengrin_Ricarda-Merbeth-Ortrud_D4_0274_\u00a9Andrea-Ranzi.jpg\"><img decoding=\"async\" class=\"alignnone size-full wp-image-29868\" src=\"http:\/\/www.ecoitaliano.com.ar\/wp-content\/uploads\/2022\/11\/TCBO_Lohengrin_Ricarda-Merbeth-Ortrud_D4_0274_\u00a9Andrea-Ranzi.jpg\" alt=\"\" width=\"2362\" height=\"3543\" srcset=\"https:\/\/www.ecoitaliano.com.ar\/wp-content\/uploads\/2022\/11\/TCBO_Lohengrin_Ricarda-Merbeth-Ortrud_D4_0274_\u00a9Andrea-Ranzi.jpg 2362w, https:\/\/www.ecoitaliano.com.ar\/wp-content\/uploads\/2022\/11\/TCBO_Lohengrin_Ricarda-Merbeth-Ortrud_D4_0274_\u00a9Andrea-Ranzi-200x300.jpg 200w, https:\/\/www.ecoitaliano.com.ar\/wp-content\/uploads\/2022\/11\/TCBO_Lohengrin_Ricarda-Merbeth-Ortrud_D4_0274_\u00a9Andrea-Ranzi-768x1152.jpg 768w, https:\/\/www.ecoitaliano.com.ar\/wp-content\/uploads\/2022\/11\/TCBO_Lohengrin_Ricarda-Merbeth-Ortrud_D4_0274_\u00a9Andrea-Ranzi-683x1024.jpg 683w, https:\/\/www.ecoitaliano.com.ar\/wp-content\/uploads\/2022\/11\/TCBO_Lohengrin_Ricarda-Merbeth-Ortrud_D4_0274_\u00a9Andrea-Ranzi-100x150.jpg 100w\" sizes=\"(max-width: 2362px) 100vw, 2362px\" \/><\/a> <a href=\"http:\/\/www.ecoitaliano.com.ar\/wp-content\/uploads\/2022\/11\/TCBO_Lohengrin_Ricarda-Merbeth-Ortrud_Lucio-Gallo-Telramund_D4_0284_\u00a9Andrea-Ranzi.jpg\"><img decoding=\"async\" class=\"alignnone size-full wp-image-29869\" src=\"http:\/\/www.ecoitaliano.com.ar\/wp-content\/uploads\/2022\/11\/TCBO_Lohengrin_Ricarda-Merbeth-Ortrud_Lucio-Gallo-Telramund_D4_0284_\u00a9Andrea-Ranzi.jpg\" alt=\"\" width=\"3543\" height=\"1993\" srcset=\"https:\/\/www.ecoitaliano.com.ar\/wp-content\/uploads\/2022\/11\/TCBO_Lohengrin_Ricarda-Merbeth-Ortrud_Lucio-Gallo-Telramund_D4_0284_\u00a9Andrea-Ranzi.jpg 3543w, https:\/\/www.ecoitaliano.com.ar\/wp-content\/uploads\/2022\/11\/TCBO_Lohengrin_Ricarda-Merbeth-Ortrud_Lucio-Gallo-Telramund_D4_0284_\u00a9Andrea-Ranzi-300x169.jpg 300w, https:\/\/www.ecoitaliano.com.ar\/wp-content\/uploads\/2022\/11\/TCBO_Lohengrin_Ricarda-Merbeth-Ortrud_Lucio-Gallo-Telramund_D4_0284_\u00a9Andrea-Ranzi-768x432.jpg 768w, https:\/\/www.ecoitaliano.com.ar\/wp-content\/uploads\/2022\/11\/TCBO_Lohengrin_Ricarda-Merbeth-Ortrud_Lucio-Gallo-Telramund_D4_0284_\u00a9Andrea-Ranzi-1024x576.jpg 1024w, https:\/\/www.ecoitaliano.com.ar\/wp-content\/uploads\/2022\/11\/TCBO_Lohengrin_Ricarda-Merbeth-Ortrud_Lucio-Gallo-Telramund_D4_0284_\u00a9Andrea-Ranzi-150x84.jpg 150w\" sizes=\"(max-width: 3543px) 100vw, 3543px\" \/><\/a> <a href=\"http:\/\/www.ecoitaliano.com.ar\/wp-content\/uploads\/2022\/11\/TCBO_Lohengrin_Ricarda-Merbeth-Ortrud_Lucio-Gallo-Telramund_D4_5466_\u00a9Andrea-Ranzi.jpg\"><img decoding=\"async\" class=\"alignnone size-full wp-image-29870\" src=\"http:\/\/www.ecoitaliano.com.ar\/wp-content\/uploads\/2022\/11\/TCBO_Lohengrin_Ricarda-Merbeth-Ortrud_Lucio-Gallo-Telramund_D4_5466_\u00a9Andrea-Ranzi.jpg\" alt=\"\" width=\"3543\" height=\"1993\" srcset=\"https:\/\/www.ecoitaliano.com.ar\/wp-content\/uploads\/2022\/11\/TCBO_Lohengrin_Ricarda-Merbeth-Ortrud_Lucio-Gallo-Telramund_D4_5466_\u00a9Andrea-Ranzi.jpg 3543w, https:\/\/www.ecoitaliano.com.ar\/wp-content\/uploads\/2022\/11\/TCBO_Lohengrin_Ricarda-Merbeth-Ortrud_Lucio-Gallo-Telramund_D4_5466_\u00a9Andrea-Ranzi-300x169.jpg 300w, https:\/\/www.ecoitaliano.com.ar\/wp-content\/uploads\/2022\/11\/TCBO_Lohengrin_Ricarda-Merbeth-Ortrud_Lucio-Gallo-Telramund_D4_5466_\u00a9Andrea-Ranzi-768x432.jpg 768w, https:\/\/www.ecoitaliano.com.ar\/wp-content\/uploads\/2022\/11\/TCBO_Lohengrin_Ricarda-Merbeth-Ortrud_Lucio-Gallo-Telramund_D4_5466_\u00a9Andrea-Ranzi-1024x576.jpg 1024w, https:\/\/www.ecoitaliano.com.ar\/wp-content\/uploads\/2022\/11\/TCBO_Lohengrin_Ricarda-Merbeth-Ortrud_Lucio-Gallo-Telramund_D4_5466_\u00a9Andrea-Ranzi-150x84.jpg 150w\" sizes=\"(max-width: 3543px) 100vw, 3543px\" \/><\/a> <a href=\"http:\/\/www.ecoitaliano.com.ar\/wp-content\/uploads\/2022\/11\/TCBO_Lohengrin_Ricarda-Merbeth-Ortrud_Martina-Welschenbach-Elsa-di-Brabante_D4_5519_\u00a9Andrea-Ranzi.jpg\"><img decoding=\"async\" class=\"alignnone size-full wp-image-29871\" src=\"http:\/\/www.ecoitaliano.com.ar\/wp-content\/uploads\/2022\/11\/TCBO_Lohengrin_Ricarda-Merbeth-Ortrud_Martina-Welschenbach-Elsa-di-Brabante_D4_5519_\u00a9Andrea-Ranzi.jpg\" alt=\"\" width=\"3543\" height=\"1993\" srcset=\"https:\/\/www.ecoitaliano.com.ar\/wp-content\/uploads\/2022\/11\/TCBO_Lohengrin_Ricarda-Merbeth-Ortrud_Martina-Welschenbach-Elsa-di-Brabante_D4_5519_\u00a9Andrea-Ranzi.jpg 3543w, https:\/\/www.ecoitaliano.com.ar\/wp-content\/uploads\/2022\/11\/TCBO_Lohengrin_Ricarda-Merbeth-Ortrud_Martina-Welschenbach-Elsa-di-Brabante_D4_5519_\u00a9Andrea-Ranzi-300x169.jpg 300w, https:\/\/www.ecoitaliano.com.ar\/wp-content\/uploads\/2022\/11\/TCBO_Lohengrin_Ricarda-Merbeth-Ortrud_Martina-Welschenbach-Elsa-di-Brabante_D4_5519_\u00a9Andrea-Ranzi-768x432.jpg 768w, https:\/\/www.ecoitaliano.com.ar\/wp-content\/uploads\/2022\/11\/TCBO_Lohengrin_Ricarda-Merbeth-Ortrud_Martina-Welschenbach-Elsa-di-Brabante_D4_5519_\u00a9Andrea-Ranzi-1024x576.jpg 1024w, https:\/\/www.ecoitaliano.com.ar\/wp-content\/uploads\/2022\/11\/TCBO_Lohengrin_Ricarda-Merbeth-Ortrud_Martina-Welschenbach-Elsa-di-Brabante_D4_5519_\u00a9Andrea-Ranzi-150x84.jpg 150w\" sizes=\"(max-width: 3543px) 100vw, 3543px\" \/><\/a> <a href=\"http:\/\/www.ecoitaliano.com.ar\/wp-content\/uploads\/2022\/11\/TCBO_Lohengrin_Richard-Wagner-Andrea-Argentieri_D4_0040_\u00a9Andrea-Ranzi.jpg\"><img decoding=\"async\" class=\"alignnone size-full wp-image-29872\" src=\"http:\/\/www.ecoitaliano.com.ar\/wp-content\/uploads\/2022\/11\/TCBO_Lohengrin_Richard-Wagner-Andrea-Argentieri_D4_0040_\u00a9Andrea-Ranzi.jpg\" alt=\"\" width=\"3543\" height=\"2362\" srcset=\"https:\/\/www.ecoitaliano.com.ar\/wp-content\/uploads\/2022\/11\/TCBO_Lohengrin_Richard-Wagner-Andrea-Argentieri_D4_0040_\u00a9Andrea-Ranzi.jpg 3543w, https:\/\/www.ecoitaliano.com.ar\/wp-content\/uploads\/2022\/11\/TCBO_Lohengrin_Richard-Wagner-Andrea-Argentieri_D4_0040_\u00a9Andrea-Ranzi-300x200.jpg 300w, https:\/\/www.ecoitaliano.com.ar\/wp-content\/uploads\/2022\/11\/TCBO_Lohengrin_Richard-Wagner-Andrea-Argentieri_D4_0040_\u00a9Andrea-Ranzi-768x512.jpg 768w, https:\/\/www.ecoitaliano.com.ar\/wp-content\/uploads\/2022\/11\/TCBO_Lohengrin_Richard-Wagner-Andrea-Argentieri_D4_0040_\u00a9Andrea-Ranzi-1024x683.jpg 1024w, https:\/\/www.ecoitaliano.com.ar\/wp-content\/uploads\/2022\/11\/TCBO_Lohengrin_Richard-Wagner-Andrea-Argentieri_D4_0040_\u00a9Andrea-Ranzi-150x100.jpg 150w\" sizes=\"(max-width: 3543px) 100vw, 3543px\" \/><\/a> <a href=\"http:\/\/www.ecoitaliano.com.ar\/wp-content\/uploads\/2022\/11\/TCBO_Lohengrin_Richard-Wagner-Andrea-Argentieri_D4_0404_\u00a9Andrea-Ranzi.jpg\"><img decoding=\"async\" class=\"alignnone size-full wp-image-29873\" src=\"http:\/\/www.ecoitaliano.com.ar\/wp-content\/uploads\/2022\/11\/TCBO_Lohengrin_Richard-Wagner-Andrea-Argentieri_D4_0404_\u00a9Andrea-Ranzi.jpg\" alt=\"\" width=\"2362\" height=\"3543\" srcset=\"https:\/\/www.ecoitaliano.com.ar\/wp-content\/uploads\/2022\/11\/TCBO_Lohengrin_Richard-Wagner-Andrea-Argentieri_D4_0404_\u00a9Andrea-Ranzi.jpg 2362w, https:\/\/www.ecoitaliano.com.ar\/wp-content\/uploads\/2022\/11\/TCBO_Lohengrin_Richard-Wagner-Andrea-Argentieri_D4_0404_\u00a9Andrea-Ranzi-200x300.jpg 200w, https:\/\/www.ecoitaliano.com.ar\/wp-content\/uploads\/2022\/11\/TCBO_Lohengrin_Richard-Wagner-Andrea-Argentieri_D4_0404_\u00a9Andrea-Ranzi-768x1152.jpg 768w, https:\/\/www.ecoitaliano.com.ar\/wp-content\/uploads\/2022\/11\/TCBO_Lohengrin_Richard-Wagner-Andrea-Argentieri_D4_0404_\u00a9Andrea-Ranzi-683x1024.jpg 683w, https:\/\/www.ecoitaliano.com.ar\/wp-content\/uploads\/2022\/11\/TCBO_Lohengrin_Richard-Wagner-Andrea-Argentieri_D4_0404_\u00a9Andrea-Ranzi-100x150.jpg 100w\" sizes=\"(max-width: 2362px) 100vw, 2362px\" \/><\/a> <a href=\"http:\/\/www.ecoitaliano.com.ar\/wp-content\/uploads\/2022\/11\/TCBO_Lohengrin_Richard-Wagner-Andrea-Argentieri_D4_0947_\u00a9Andrea-Ranzi.jpg\"><img decoding=\"async\" class=\"alignnone size-full wp-image-29874\" src=\"http:\/\/www.ecoitaliano.com.ar\/wp-content\/uploads\/2022\/11\/TCBO_Lohengrin_Richard-Wagner-Andrea-Argentieri_D4_0947_\u00a9Andrea-Ranzi.jpg\" alt=\"\" width=\"3543\" height=\"2362\" srcset=\"https:\/\/www.ecoitaliano.com.ar\/wp-content\/uploads\/2022\/11\/TCBO_Lohengrin_Richard-Wagner-Andrea-Argentieri_D4_0947_\u00a9Andrea-Ranzi.jpg 3543w, https:\/\/www.ecoitaliano.com.ar\/wp-content\/uploads\/2022\/11\/TCBO_Lohengrin_Richard-Wagner-Andrea-Argentieri_D4_0947_\u00a9Andrea-Ranzi-300x200.jpg 300w, https:\/\/www.ecoitaliano.com.ar\/wp-content\/uploads\/2022\/11\/TCBO_Lohengrin_Richard-Wagner-Andrea-Argentieri_D4_0947_\u00a9Andrea-Ranzi-768x512.jpg 768w, https:\/\/www.ecoitaliano.com.ar\/wp-content\/uploads\/2022\/11\/TCBO_Lohengrin_Richard-Wagner-Andrea-Argentieri_D4_0947_\u00a9Andrea-Ranzi-1024x683.jpg 1024w, https:\/\/www.ecoitaliano.com.ar\/wp-content\/uploads\/2022\/11\/TCBO_Lohengrin_Richard-Wagner-Andrea-Argentieri_D4_0947_\u00a9Andrea-Ranzi-150x100.jpg 150w\" sizes=\"(max-width: 3543px) 100vw, 3543px\" \/><\/a> <a href=\"http:\/\/www.ecoitaliano.com.ar\/wp-content\/uploads\/2022\/11\/TCBO_Lohengrin_Richard-Wagner-Andrea-Argentieri_D4_0964_\u00a9Andrea-Ranzi.jpg\"><img decoding=\"async\" class=\"alignnone size-full wp-image-29875\" src=\"http:\/\/www.ecoitaliano.com.ar\/wp-content\/uploads\/2022\/11\/TCBO_Lohengrin_Richard-Wagner-Andrea-Argentieri_D4_0964_\u00a9Andrea-Ranzi.jpg\" alt=\"\" width=\"3543\" height=\"1993\" srcset=\"https:\/\/www.ecoitaliano.com.ar\/wp-content\/uploads\/2022\/11\/TCBO_Lohengrin_Richard-Wagner-Andrea-Argentieri_D4_0964_\u00a9Andrea-Ranzi.jpg 3543w, https:\/\/www.ecoitaliano.com.ar\/wp-content\/uploads\/2022\/11\/TCBO_Lohengrin_Richard-Wagner-Andrea-Argentieri_D4_0964_\u00a9Andrea-Ranzi-300x169.jpg 300w, https:\/\/www.ecoitaliano.com.ar\/wp-content\/uploads\/2022\/11\/TCBO_Lohengrin_Richard-Wagner-Andrea-Argentieri_D4_0964_\u00a9Andrea-Ranzi-768x432.jpg 768w, https:\/\/www.ecoitaliano.com.ar\/wp-content\/uploads\/2022\/11\/TCBO_Lohengrin_Richard-Wagner-Andrea-Argentieri_D4_0964_\u00a9Andrea-Ranzi-1024x576.jpg 1024w, https:\/\/www.ecoitaliano.com.ar\/wp-content\/uploads\/2022\/11\/TCBO_Lohengrin_Richard-Wagner-Andrea-Argentieri_D4_0964_\u00a9Andrea-Ranzi-150x84.jpg 150w\" sizes=\"(max-width: 3543px) 100vw, 3543px\" \/><\/a> <a href=\"http:\/\/www.ecoitaliano.com.ar\/wp-content\/uploads\/2022\/11\/TCBO_Lohengrin_Richard-Wagner-Andrea-Argentieri_D4_1466_\u00a9Andrea-Ranzi.jpg\"><img decoding=\"async\" class=\"alignnone size-full wp-image-29876\" src=\"http:\/\/www.ecoitaliano.com.ar\/wp-content\/uploads\/2022\/11\/TCBO_Lohengrin_Richard-Wagner-Andrea-Argentieri_D4_1466_\u00a9Andrea-Ranzi.jpg\" alt=\"\" width=\"3543\" height=\"2362\" srcset=\"https:\/\/www.ecoitaliano.com.ar\/wp-content\/uploads\/2022\/11\/TCBO_Lohengrin_Richard-Wagner-Andrea-Argentieri_D4_1466_\u00a9Andrea-Ranzi.jpg 3543w, https:\/\/www.ecoitaliano.com.ar\/wp-content\/uploads\/2022\/11\/TCBO_Lohengrin_Richard-Wagner-Andrea-Argentieri_D4_1466_\u00a9Andrea-Ranzi-300x200.jpg 300w, https:\/\/www.ecoitaliano.com.ar\/wp-content\/uploads\/2022\/11\/TCBO_Lohengrin_Richard-Wagner-Andrea-Argentieri_D4_1466_\u00a9Andrea-Ranzi-768x512.jpg 768w, https:\/\/www.ecoitaliano.com.ar\/wp-content\/uploads\/2022\/11\/TCBO_Lohengrin_Richard-Wagner-Andrea-Argentieri_D4_1466_\u00a9Andrea-Ranzi-1024x683.jpg 1024w, https:\/\/www.ecoitaliano.com.ar\/wp-content\/uploads\/2022\/11\/TCBO_Lohengrin_Richard-Wagner-Andrea-Argentieri_D4_1466_\u00a9Andrea-Ranzi-150x100.jpg 150w\" sizes=\"(max-width: 3543px) 100vw, 3543px\" \/><\/a> <a href=\"http:\/\/www.ecoitaliano.com.ar\/wp-content\/uploads\/2022\/11\/TCBO_Lohengrin_Scena_D4_0098_\u00a9Andrea-Ranzi.jpg\"><img decoding=\"async\" class=\"alignnone size-full wp-image-29877\" src=\"http:\/\/www.ecoitaliano.com.ar\/wp-content\/uploads\/2022\/11\/TCBO_Lohengrin_Scena_D4_0098_\u00a9Andrea-Ranzi.jpg\" alt=\"\" width=\"3543\" height=\"1993\" srcset=\"https:\/\/www.ecoitaliano.com.ar\/wp-content\/uploads\/2022\/11\/TCBO_Lohengrin_Scena_D4_0098_\u00a9Andrea-Ranzi.jpg 3543w, https:\/\/www.ecoitaliano.com.ar\/wp-content\/uploads\/2022\/11\/TCBO_Lohengrin_Scena_D4_0098_\u00a9Andrea-Ranzi-300x169.jpg 300w, https:\/\/www.ecoitaliano.com.ar\/wp-content\/uploads\/2022\/11\/TCBO_Lohengrin_Scena_D4_0098_\u00a9Andrea-Ranzi-768x432.jpg 768w, https:\/\/www.ecoitaliano.com.ar\/wp-content\/uploads\/2022\/11\/TCBO_Lohengrin_Scena_D4_0098_\u00a9Andrea-Ranzi-1024x576.jpg 1024w, https:\/\/www.ecoitaliano.com.ar\/wp-content\/uploads\/2022\/11\/TCBO_Lohengrin_Scena_D4_0098_\u00a9Andrea-Ranzi-150x84.jpg 150w\" sizes=\"(max-width: 3543px) 100vw, 3543px\" \/><\/a> <a href=\"http:\/\/www.ecoitaliano.com.ar\/wp-content\/uploads\/2022\/11\/TCBO_Lohengrin_Scena_D4_0603_\u00a9Andrea-Ranzi.jpg\"><img decoding=\"async\" class=\"alignnone size-full wp-image-29878\" src=\"http:\/\/www.ecoitaliano.com.ar\/wp-content\/uploads\/2022\/11\/TCBO_Lohengrin_Scena_D4_0603_\u00a9Andrea-Ranzi.jpg\" alt=\"\" width=\"3543\" height=\"1993\" srcset=\"https:\/\/www.ecoitaliano.com.ar\/wp-content\/uploads\/2022\/11\/TCBO_Lohengrin_Scena_D4_0603_\u00a9Andrea-Ranzi.jpg 3543w, https:\/\/www.ecoitaliano.com.ar\/wp-content\/uploads\/2022\/11\/TCBO_Lohengrin_Scena_D4_0603_\u00a9Andrea-Ranzi-300x169.jpg 300w, https:\/\/www.ecoitaliano.com.ar\/wp-content\/uploads\/2022\/11\/TCBO_Lohengrin_Scena_D4_0603_\u00a9Andrea-Ranzi-768x432.jpg 768w, https:\/\/www.ecoitaliano.com.ar\/wp-content\/uploads\/2022\/11\/TCBO_Lohengrin_Scena_D4_0603_\u00a9Andrea-Ranzi-1024x576.jpg 1024w, https:\/\/www.ecoitaliano.com.ar\/wp-content\/uploads\/2022\/11\/TCBO_Lohengrin_Scena_D4_0603_\u00a9Andrea-Ranzi-150x84.jpg 150w\" sizes=\"(max-width: 3543px) 100vw, 3543px\" \/><\/a> <a href=\"http:\/\/www.ecoitaliano.com.ar\/wp-content\/uploads\/2022\/11\/TCBO_Lohengrin_Scena_D4_0607_\u00a9Andrea-Ranzi.jpg\"><img decoding=\"async\" class=\"alignnone size-full wp-image-29879\" src=\"http:\/\/www.ecoitaliano.com.ar\/wp-content\/uploads\/2022\/11\/TCBO_Lohengrin_Scena_D4_0607_\u00a9Andrea-Ranzi.jpg\" alt=\"\" width=\"3543\" height=\"2362\" srcset=\"https:\/\/www.ecoitaliano.com.ar\/wp-content\/uploads\/2022\/11\/TCBO_Lohengrin_Scena_D4_0607_\u00a9Andrea-Ranzi.jpg 3543w, https:\/\/www.ecoitaliano.com.ar\/wp-content\/uploads\/2022\/11\/TCBO_Lohengrin_Scena_D4_0607_\u00a9Andrea-Ranzi-300x200.jpg 300w, https:\/\/www.ecoitaliano.com.ar\/wp-content\/uploads\/2022\/11\/TCBO_Lohengrin_Scena_D4_0607_\u00a9Andrea-Ranzi-768x512.jpg 768w, https:\/\/www.ecoitaliano.com.ar\/wp-content\/uploads\/2022\/11\/TCBO_Lohengrin_Scena_D4_0607_\u00a9Andrea-Ranzi-1024x683.jpg 1024w, https:\/\/www.ecoitaliano.com.ar\/wp-content\/uploads\/2022\/11\/TCBO_Lohengrin_Scena_D4_0607_\u00a9Andrea-Ranzi-150x100.jpg 150w\" sizes=\"(max-width: 3543px) 100vw, 3543px\" \/><\/a> <a href=\"http:\/\/www.ecoitaliano.com.ar\/wp-content\/uploads\/2022\/11\/TCBO_Lohengrin_Scena_D4_0656_\u00a9Andrea-Ranzi.jpg\"><img decoding=\"async\" class=\"alignnone size-full wp-image-29880\" src=\"http:\/\/www.ecoitaliano.com.ar\/wp-content\/uploads\/2022\/11\/TCBO_Lohengrin_Scena_D4_0656_\u00a9Andrea-Ranzi.jpg\" alt=\"\" width=\"3543\" height=\"2362\" srcset=\"https:\/\/www.ecoitaliano.com.ar\/wp-content\/uploads\/2022\/11\/TCBO_Lohengrin_Scena_D4_0656_\u00a9Andrea-Ranzi.jpg 3543w, https:\/\/www.ecoitaliano.com.ar\/wp-content\/uploads\/2022\/11\/TCBO_Lohengrin_Scena_D4_0656_\u00a9Andrea-Ranzi-300x200.jpg 300w, https:\/\/www.ecoitaliano.com.ar\/wp-content\/uploads\/2022\/11\/TCBO_Lohengrin_Scena_D4_0656_\u00a9Andrea-Ranzi-768x512.jpg 768w, https:\/\/www.ecoitaliano.com.ar\/wp-content\/uploads\/2022\/11\/TCBO_Lohengrin_Scena_D4_0656_\u00a9Andrea-Ranzi-1024x683.jpg 1024w, https:\/\/www.ecoitaliano.com.ar\/wp-content\/uploads\/2022\/11\/TCBO_Lohengrin_Scena_D4_0656_\u00a9Andrea-Ranzi-150x100.jpg 150w\" sizes=\"(max-width: 3543px) 100vw, 3543px\" \/><\/a> <a href=\"http:\/\/www.ecoitaliano.com.ar\/wp-content\/uploads\/2022\/11\/TCBO_Lohengrin_Scena_D4_0748_\u00a9Andrea-Ranzi.jpg\"><img decoding=\"async\" class=\"alignnone size-full wp-image-29881\" src=\"http:\/\/www.ecoitaliano.com.ar\/wp-content\/uploads\/2022\/11\/TCBO_Lohengrin_Scena_D4_0748_\u00a9Andrea-Ranzi.jpg\" alt=\"\" width=\"3543\" height=\"1993\" srcset=\"https:\/\/www.ecoitaliano.com.ar\/wp-content\/uploads\/2022\/11\/TCBO_Lohengrin_Scena_D4_0748_\u00a9Andrea-Ranzi.jpg 3543w, https:\/\/www.ecoitaliano.com.ar\/wp-content\/uploads\/2022\/11\/TCBO_Lohengrin_Scena_D4_0748_\u00a9Andrea-Ranzi-300x169.jpg 300w, https:\/\/www.ecoitaliano.com.ar\/wp-content\/uploads\/2022\/11\/TCBO_Lohengrin_Scena_D4_0748_\u00a9Andrea-Ranzi-768x432.jpg 768w, https:\/\/www.ecoitaliano.com.ar\/wp-content\/uploads\/2022\/11\/TCBO_Lohengrin_Scena_D4_0748_\u00a9Andrea-Ranzi-1024x576.jpg 1024w, https:\/\/www.ecoitaliano.com.ar\/wp-content\/uploads\/2022\/11\/TCBO_Lohengrin_Scena_D4_0748_\u00a9Andrea-Ranzi-150x84.jpg 150w\" sizes=\"(max-width: 3543px) 100vw, 3543px\" \/><\/a> <a href=\"http:\/\/www.ecoitaliano.com.ar\/wp-content\/uploads\/2022\/11\/TCBO_Lohengrin_Scena_D4_0776_\u00a9Andrea-Ranzi.jpg\"><img decoding=\"async\" class=\"alignnone size-full wp-image-29882\" src=\"http:\/\/www.ecoitaliano.com.ar\/wp-content\/uploads\/2022\/11\/TCBO_Lohengrin_Scena_D4_0776_\u00a9Andrea-Ranzi.jpg\" alt=\"\" width=\"3543\" height=\"1993\" srcset=\"https:\/\/www.ecoitaliano.com.ar\/wp-content\/uploads\/2022\/11\/TCBO_Lohengrin_Scena_D4_0776_\u00a9Andrea-Ranzi.jpg 3543w, https:\/\/www.ecoitaliano.com.ar\/wp-content\/uploads\/2022\/11\/TCBO_Lohengrin_Scena_D4_0776_\u00a9Andrea-Ranzi-300x169.jpg 300w, https:\/\/www.ecoitaliano.com.ar\/wp-content\/uploads\/2022\/11\/TCBO_Lohengrin_Scena_D4_0776_\u00a9Andrea-Ranzi-768x432.jpg 768w, https:\/\/www.ecoitaliano.com.ar\/wp-content\/uploads\/2022\/11\/TCBO_Lohengrin_Scena_D4_0776_\u00a9Andrea-Ranzi-1024x576.jpg 1024w, https:\/\/www.ecoitaliano.com.ar\/wp-content\/uploads\/2022\/11\/TCBO_Lohengrin_Scena_D4_0776_\u00a9Andrea-Ranzi-150x84.jpg 150w\" sizes=\"(max-width: 3543px) 100vw, 3543px\" \/><\/a> <a href=\"http:\/\/www.ecoitaliano.com.ar\/wp-content\/uploads\/2022\/11\/TCBO_Lohengrin_Scena_D4_5596_\u00a9Andrea-Ranzi.jpg\"><img decoding=\"async\" class=\"alignnone size-full wp-image-29883\" src=\"http:\/\/www.ecoitaliano.com.ar\/wp-content\/uploads\/2022\/11\/TCBO_Lohengrin_Scena_D4_5596_\u00a9Andrea-Ranzi.jpg\" alt=\"\" width=\"3543\" height=\"1993\" srcset=\"https:\/\/www.ecoitaliano.com.ar\/wp-content\/uploads\/2022\/11\/TCBO_Lohengrin_Scena_D4_5596_\u00a9Andrea-Ranzi.jpg 3543w, https:\/\/www.ecoitaliano.com.ar\/wp-content\/uploads\/2022\/11\/TCBO_Lohengrin_Scena_D4_5596_\u00a9Andrea-Ranzi-300x169.jpg 300w, https:\/\/www.ecoitaliano.com.ar\/wp-content\/uploads\/2022\/11\/TCBO_Lohengrin_Scena_D4_5596_\u00a9Andrea-Ranzi-768x432.jpg 768w, https:\/\/www.ecoitaliano.com.ar\/wp-content\/uploads\/2022\/11\/TCBO_Lohengrin_Scena_D4_5596_\u00a9Andrea-Ranzi-1024x576.jpg 1024w, https:\/\/www.ecoitaliano.com.ar\/wp-content\/uploads\/2022\/11\/TCBO_Lohengrin_Scena_D4_5596_\u00a9Andrea-Ranzi-150x84.jpg 150w\" sizes=\"(max-width: 3543px) 100vw, 3543px\" \/><\/a> <a href=\"http:\/\/www.ecoitaliano.com.ar\/wp-content\/uploads\/2022\/11\/TCBO_Lohengrin_Vincent-Wolfsteiner-Lohengrin_D4_5417_\u00a9Andrea-Ranzi.jpg\"><img decoding=\"async\" class=\"alignnone size-full wp-image-29884\" src=\"http:\/\/www.ecoitaliano.com.ar\/wp-content\/uploads\/2022\/11\/TCBO_Lohengrin_Vincent-Wolfsteiner-Lohengrin_D4_5417_\u00a9Andrea-Ranzi.jpg\" alt=\"\" width=\"2362\" height=\"3543\" srcset=\"https:\/\/www.ecoitaliano.com.ar\/wp-content\/uploads\/2022\/11\/TCBO_Lohengrin_Vincent-Wolfsteiner-Lohengrin_D4_5417_\u00a9Andrea-Ranzi.jpg 2362w, https:\/\/www.ecoitaliano.com.ar\/wp-content\/uploads\/2022\/11\/TCBO_Lohengrin_Vincent-Wolfsteiner-Lohengrin_D4_5417_\u00a9Andrea-Ranzi-200x300.jpg 200w, https:\/\/www.ecoitaliano.com.ar\/wp-content\/uploads\/2022\/11\/TCBO_Lohengrin_Vincent-Wolfsteiner-Lohengrin_D4_5417_\u00a9Andrea-Ranzi-768x1152.jpg 768w, https:\/\/www.ecoitaliano.com.ar\/wp-content\/uploads\/2022\/11\/TCBO_Lohengrin_Vincent-Wolfsteiner-Lohengrin_D4_5417_\u00a9Andrea-Ranzi-683x1024.jpg 683w, https:\/\/www.ecoitaliano.com.ar\/wp-content\/uploads\/2022\/11\/TCBO_Lohengrin_Vincent-Wolfsteiner-Lohengrin_D4_5417_\u00a9Andrea-Ranzi-100x150.jpg 100w\" sizes=\"(max-width: 2362px) 100vw, 2362px\" \/><\/a> <a href=\"http:\/\/www.ecoitaliano.com.ar\/wp-content\/uploads\/2022\/11\/TCBO_Lohengrin_Vincent-Wolfsteiner-Lohengrin_Lucio-Gallo-Telramund_D4_0177_\u00a9Andrea-Ranzi.jpg\"><img decoding=\"async\" class=\"alignnone size-full wp-image-29885\" src=\"http:\/\/www.ecoitaliano.com.ar\/wp-content\/uploads\/2022\/11\/TCBO_Lohengrin_Vincent-Wolfsteiner-Lohengrin_Lucio-Gallo-Telramund_D4_0177_\u00a9Andrea-Ranzi.jpg\" alt=\"\" width=\"3543\" height=\"1993\" srcset=\"https:\/\/www.ecoitaliano.com.ar\/wp-content\/uploads\/2022\/11\/TCBO_Lohengrin_Vincent-Wolfsteiner-Lohengrin_Lucio-Gallo-Telramund_D4_0177_\u00a9Andrea-Ranzi.jpg 3543w, https:\/\/www.ecoitaliano.com.ar\/wp-content\/uploads\/2022\/11\/TCBO_Lohengrin_Vincent-Wolfsteiner-Lohengrin_Lucio-Gallo-Telramund_D4_0177_\u00a9Andrea-Ranzi-300x169.jpg 300w, https:\/\/www.ecoitaliano.com.ar\/wp-content\/uploads\/2022\/11\/TCBO_Lohengrin_Vincent-Wolfsteiner-Lohengrin_Lucio-Gallo-Telramund_D4_0177_\u00a9Andrea-Ranzi-768x432.jpg 768w, https:\/\/www.ecoitaliano.com.ar\/wp-content\/uploads\/2022\/11\/TCBO_Lohengrin_Vincent-Wolfsteiner-Lohengrin_Lucio-Gallo-Telramund_D4_0177_\u00a9Andrea-Ranzi-1024x576.jpg 1024w, https:\/\/www.ecoitaliano.com.ar\/wp-content\/uploads\/2022\/11\/TCBO_Lohengrin_Vincent-Wolfsteiner-Lohengrin_Lucio-Gallo-Telramund_D4_0177_\u00a9Andrea-Ranzi-150x84.jpg 150w\" sizes=\"(max-width: 3543px) 100vw, 3543px\" \/><\/a> <a href=\"http:\/\/www.ecoitaliano.com.ar\/wp-content\/uploads\/2022\/11\/TCBO_Lohengrin_Vincent-Wolfsteiner-Lohengrin_Martina-Welschenbach-Elsa-di-Brabante_D4_0629_\u00a9Andrea-Ranzi.jpg\"><img decoding=\"async\" class=\"alignnone size-full wp-image-29886\" src=\"http:\/\/www.ecoitaliano.com.ar\/wp-content\/uploads\/2022\/11\/TCBO_Lohengrin_Vincent-Wolfsteiner-Lohengrin_Martina-Welschenbach-Elsa-di-Brabante_D4_0629_\u00a9Andrea-Ranzi.jpg\" alt=\"\" width=\"3543\" height=\"2362\" srcset=\"https:\/\/www.ecoitaliano.com.ar\/wp-content\/uploads\/2022\/11\/TCBO_Lohengrin_Vincent-Wolfsteiner-Lohengrin_Martina-Welschenbach-Elsa-di-Brabante_D4_0629_\u00a9Andrea-Ranzi.jpg 3543w, https:\/\/www.ecoitaliano.com.ar\/wp-content\/uploads\/2022\/11\/TCBO_Lohengrin_Vincent-Wolfsteiner-Lohengrin_Martina-Welschenbach-Elsa-di-Brabante_D4_0629_\u00a9Andrea-Ranzi-300x200.jpg 300w, https:\/\/www.ecoitaliano.com.ar\/wp-content\/uploads\/2022\/11\/TCBO_Lohengrin_Vincent-Wolfsteiner-Lohengrin_Martina-Welschenbach-Elsa-di-Brabante_D4_0629_\u00a9Andrea-Ranzi-768x512.jpg 768w, https:\/\/www.ecoitaliano.com.ar\/wp-content\/uploads\/2022\/11\/TCBO_Lohengrin_Vincent-Wolfsteiner-Lohengrin_Martina-Welschenbach-Elsa-di-Brabante_D4_0629_\u00a9Andrea-Ranzi-1024x683.jpg 1024w, https:\/\/www.ecoitaliano.com.ar\/wp-content\/uploads\/2022\/11\/TCBO_Lohengrin_Vincent-Wolfsteiner-Lohengrin_Martina-Welschenbach-Elsa-di-Brabante_D4_0629_\u00a9Andrea-Ranzi-150x100.jpg 150w\" sizes=\"(max-width: 3543px) 100vw, 3543px\" \/><\/a> <a href=\"http:\/\/www.ecoitaliano.com.ar\/wp-content\/uploads\/2022\/11\/TCBO_Lohengrin_Vincent-Wolfsteiner-Lohengrin_Martina-Welschenbach-Elsa-di-Brabante_D4_0641_\u00a9Andrea-Ranzi.jpg\"><img decoding=\"async\" class=\"alignnone size-full wp-image-29887\" src=\"http:\/\/www.ecoitaliano.com.ar\/wp-content\/uploads\/2022\/11\/TCBO_Lohengrin_Vincent-Wolfsteiner-Lohengrin_Martina-Welschenbach-Elsa-di-Brabante_D4_0641_\u00a9Andrea-Ranzi.jpg\" alt=\"\" width=\"3543\" height=\"1993\" srcset=\"https:\/\/www.ecoitaliano.com.ar\/wp-content\/uploads\/2022\/11\/TCBO_Lohengrin_Vincent-Wolfsteiner-Lohengrin_Martina-Welschenbach-Elsa-di-Brabante_D4_0641_\u00a9Andrea-Ranzi.jpg 3543w, https:\/\/www.ecoitaliano.com.ar\/wp-content\/uploads\/2022\/11\/TCBO_Lohengrin_Vincent-Wolfsteiner-Lohengrin_Martina-Welschenbach-Elsa-di-Brabante_D4_0641_\u00a9Andrea-Ranzi-300x169.jpg 300w, https:\/\/www.ecoitaliano.com.ar\/wp-content\/uploads\/2022\/11\/TCBO_Lohengrin_Vincent-Wolfsteiner-Lohengrin_Martina-Welschenbach-Elsa-di-Brabante_D4_0641_\u00a9Andrea-Ranzi-768x432.jpg 768w, https:\/\/www.ecoitaliano.com.ar\/wp-content\/uploads\/2022\/11\/TCBO_Lohengrin_Vincent-Wolfsteiner-Lohengrin_Martina-Welschenbach-Elsa-di-Brabante_D4_0641_\u00a9Andrea-Ranzi-1024x576.jpg 1024w, https:\/\/www.ecoitaliano.com.ar\/wp-content\/uploads\/2022\/11\/TCBO_Lohengrin_Vincent-Wolfsteiner-Lohengrin_Martina-Welschenbach-Elsa-di-Brabante_D4_0641_\u00a9Andrea-Ranzi-150x84.jpg 150w\" sizes=\"(max-width: 3543px) 100vw, 3543px\" \/><\/a> <a href=\"http:\/\/www.ecoitaliano.com.ar\/wp-content\/uploads\/2022\/11\/TCBO_Lohengrin_Vincent-Wolfsteiner-Lohengrin_Martina-Welschenbach-Elsa-di-Brabante_D4_5720_\u00a9Andrea-Ranzi.jpg\"><img decoding=\"async\" class=\"alignnone size-full wp-image-29888\" src=\"http:\/\/www.ecoitaliano.com.ar\/wp-content\/uploads\/2022\/11\/TCBO_Lohengrin_Vincent-Wolfsteiner-Lohengrin_Martina-Welschenbach-Elsa-di-Brabante_D4_5720_\u00a9Andrea-Ranzi.jpg\" alt=\"\" width=\"3543\" height=\"1993\" srcset=\"https:\/\/www.ecoitaliano.com.ar\/wp-content\/uploads\/2022\/11\/TCBO_Lohengrin_Vincent-Wolfsteiner-Lohengrin_Martina-Welschenbach-Elsa-di-Brabante_D4_5720_\u00a9Andrea-Ranzi.jpg 3543w, https:\/\/www.ecoitaliano.com.ar\/wp-content\/uploads\/2022\/11\/TCBO_Lohengrin_Vincent-Wolfsteiner-Lohengrin_Martina-Welschenbach-Elsa-di-Brabante_D4_5720_\u00a9Andrea-Ranzi-300x169.jpg 300w, https:\/\/www.ecoitaliano.com.ar\/wp-content\/uploads\/2022\/11\/TCBO_Lohengrin_Vincent-Wolfsteiner-Lohengrin_Martina-Welschenbach-Elsa-di-Brabante_D4_5720_\u00a9Andrea-Ranzi-768x432.jpg 768w, https:\/\/www.ecoitaliano.com.ar\/wp-content\/uploads\/2022\/11\/TCBO_Lohengrin_Vincent-Wolfsteiner-Lohengrin_Martina-Welschenbach-Elsa-di-Brabante_D4_5720_\u00a9Andrea-Ranzi-1024x576.jpg 1024w, https:\/\/www.ecoitaliano.com.ar\/wp-content\/uploads\/2022\/11\/TCBO_Lohengrin_Vincent-Wolfsteiner-Lohengrin_Martina-Welschenbach-Elsa-di-Brabante_D4_5720_\u00a9Andrea-Ranzi-150x84.jpg 150w\" sizes=\"(max-width: 3543px) 100vw, 3543px\" \/><\/a> <a href=\"http:\/\/www.ecoitaliano.com.ar\/wp-content\/uploads\/2022\/11\/TCBO_Lohengrin_Vincent-Wolfsteiner-Lohengrin_Martina-Welschenbach-Elsa-di-Brabante_D4_5747_\u00a9Andrea-Ranzi.jpg\"><img decoding=\"async\" class=\"alignnone size-full wp-image-29889\" src=\"http:\/\/www.ecoitaliano.com.ar\/wp-content\/uploads\/2022\/11\/TCBO_Lohengrin_Vincent-Wolfsteiner-Lohengrin_Martina-Welschenbach-Elsa-di-Brabante_D4_5747_\u00a9Andrea-Ranzi.jpg\" alt=\"\" width=\"3543\" height=\"2362\" srcset=\"https:\/\/www.ecoitaliano.com.ar\/wp-content\/uploads\/2022\/11\/TCBO_Lohengrin_Vincent-Wolfsteiner-Lohengrin_Martina-Welschenbach-Elsa-di-Brabante_D4_5747_\u00a9Andrea-Ranzi.jpg 3543w, https:\/\/www.ecoitaliano.com.ar\/wp-content\/uploads\/2022\/11\/TCBO_Lohengrin_Vincent-Wolfsteiner-Lohengrin_Martina-Welschenbach-Elsa-di-Brabante_D4_5747_\u00a9Andrea-Ranzi-300x200.jpg 300w, https:\/\/www.ecoitaliano.com.ar\/wp-content\/uploads\/2022\/11\/TCBO_Lohengrin_Vincent-Wolfsteiner-Lohengrin_Martina-Welschenbach-Elsa-di-Brabante_D4_5747_\u00a9Andrea-Ranzi-768x512.jpg 768w, https:\/\/www.ecoitaliano.com.ar\/wp-content\/uploads\/2022\/11\/TCBO_Lohengrin_Vincent-Wolfsteiner-Lohengrin_Martina-Welschenbach-Elsa-di-Brabante_D4_5747_\u00a9Andrea-Ranzi-1024x683.jpg 1024w, https:\/\/www.ecoitaliano.com.ar\/wp-content\/uploads\/2022\/11\/TCBO_Lohengrin_Vincent-Wolfsteiner-Lohengrin_Martina-Welschenbach-Elsa-di-Brabante_D4_5747_\u00a9Andrea-Ranzi-150x100.jpg 150w\" sizes=\"(max-width: 3543px) 100vw, 3543px\" \/><\/a><\/p>\n","protected":false},"excerpt":{"rendered":"<p>Comunicato stampa &nbsp; TCBO: UN NUOVO\u00a0LOHENGRIN\u00a0PER SALUTARE LA SALA BIBIENA &nbsp; Il capolavoro wagneriano, diretto da Asher Fisch e con [&hellip;]<\/p>\n","protected":false},"author":1,"featured_media":0,"comment_status":"open","ping_status":"open","sticky":false,"template":"","format":"standard","meta":{"footnotes":""},"categories":[1],"tags":[],"class_list":["post-29849","post","type-post","status-publish","format-standard","hentry","category-sin-categoria"],"_links":{"self":[{"href":"https:\/\/www.ecoitaliano.com.ar\/index.php?rest_route=\/wp\/v2\/posts\/29849","targetHints":{"allow":["GET"]}}],"collection":[{"href":"https:\/\/www.ecoitaliano.com.ar\/index.php?rest_route=\/wp\/v2\/posts"}],"about":[{"href":"https:\/\/www.ecoitaliano.com.ar\/index.php?rest_route=\/wp\/v2\/types\/post"}],"author":[{"embeddable":true,"href":"https:\/\/www.ecoitaliano.com.ar\/index.php?rest_route=\/wp\/v2\/users\/1"}],"replies":[{"embeddable":true,"href":"https:\/\/www.ecoitaliano.com.ar\/index.php?rest_route=%2Fwp%2Fv2%2Fcomments&post=29849"}],"version-history":[{"count":0,"href":"https:\/\/www.ecoitaliano.com.ar\/index.php?rest_route=\/wp\/v2\/posts\/29849\/revisions"}],"wp:attachment":[{"href":"https:\/\/www.ecoitaliano.com.ar\/index.php?rest_route=%2Fwp%2Fv2%2Fmedia&parent=29849"}],"wp:term":[{"taxonomy":"category","embeddable":true,"href":"https:\/\/www.ecoitaliano.com.ar\/index.php?rest_route=%2Fwp%2Fv2%2Fcategories&post=29849"},{"taxonomy":"post_tag","embeddable":true,"href":"https:\/\/www.ecoitaliano.com.ar\/index.php?rest_route=%2Fwp%2Fv2%2Ftags&post=29849"}],"curies":[{"name":"wp","href":"https:\/\/api.w.org\/{rel}","templated":true}]}}