{"id":29893,"date":"2022-11-15T03:09:22","date_gmt":"2022-11-15T03:09:22","guid":{"rendered":"http:\/\/www.ecoitaliano.com.ar\/?p=29893"},"modified":"2022-11-15T03:09:22","modified_gmt":"2022-11-15T03:09:22","slug":"serena-conduce-operaclassica-eco-italiano-1884","status":"publish","type":"post","link":"https:\/\/www.ecoitaliano.com.ar\/?p=29893","title":{"rendered":"Serena conduce operaclassica eco italiano"},"content":{"rendered":"<p><a href=\"http:\/\/www.ecoitaliano.com.ar\/wp-content\/uploads\/2022\/10\/fghjk.jpg\"><img decoding=\"async\" class=\"alignnone size-full wp-image-29333\" src=\"http:\/\/www.ecoitaliano.com.ar\/wp-content\/uploads\/2022\/10\/fghjk.jpg\" alt=\"\" width=\"493\" height=\"103\" srcset=\"https:\/\/www.ecoitaliano.com.ar\/wp-content\/uploads\/2022\/10\/fghjk.jpg 493w, https:\/\/www.ecoitaliano.com.ar\/wp-content\/uploads\/2022\/10\/fghjk-300x63.jpg 300w, https:\/\/www.ecoitaliano.com.ar\/wp-content\/uploads\/2022\/10\/fghjk-150x31.jpg 150w\" sizes=\"(max-width: 493px) 100vw, 493px\" \/><\/a><\/p>\n<p>COMUNICATO STAMPA<\/p>\n<p>&nbsp;<\/p>\n<p><strong>In attesa di guidare le compagini scaligere nella nuova produzione di Les Contes D\u2019Hoffmann, il celebrato direttore francese Fr\u00e9d\u00e9ric Chaslin giunger\u00e0 a Trieste il 19 novembre per il penultimo concerto della stagione sinfonica, portando la sua solidissima esperienza sui migliori palchi del globo a sostegno del giovanissimo ma pluripremiato talento del violoncellista romano Ettore Pagano, a soli 19 anni star del concertismo conteso dalle pi\u00f9 togate istituzioni musicali europee.<\/strong><\/p>\n<p><strong>\u00a0<\/strong><\/p>\n<p><strong>Sabato 19 novembre 2022 Ore 18<\/strong><\/p>\n<p><strong>\u00a0<\/strong><\/p>\n<p><em><strong>Violoncello\u00a0\u00a0\u00a0\u00a0 ETTORE PAGANO<\/strong><\/em><\/p>\n<p><strong>Direttore \u00a0\u00a0\u00a0\u00a0\u00a0\u00a0 <\/strong><strong>FR\u00c9D\u00c9RIC\u00a0<em>CHASLIN<\/em><\/strong><\/p>\n<p><strong>Orchestra della Fondazione Teatro Lirico Giuseppe Verdi di Trieste<\/strong><\/p>\n<p><strong>Dmitrij Dmitrevi\u010d \u0160ostakovi\u010d<\/strong><\/p>\n<p>Concerto per violoncello e orchestra n. 1 in mi bemolle maggiore op. 107<\/p>\n<p><strong>C\u00e9sar Franck<\/strong><\/p>\n<p>Sinfonia in re minore<\/p>\n<p><strong>\u00a0<\/strong><\/p>\n<p>Compositore, pianista, saggista, romanziere e di certo non da ultimo direttore d\u2019orchestra di solida fama, tanto da aver diretto oltre 250 produzioni solo alla Wiener Staatsoper, ma soprattutto bacchetta all\u2019opera nei migliori palchi del mondo, il parigino Chaslin presenter\u00e0 a Trieste un impaginato di grande fascino. La prima parte presenta il concerto per violoncello e orchestra n. 1 di \u0160ostakovi\u010d, composto in soli 40 giorni nel \u201959, dedicato a Rostropovich che insieme a Mravinskij lo esegu\u00ec per la prima volta: echi folklorici russi di sicura presa, ritmi turbinosi, difficolt\u00e0 virtuosistiche estremamente ardite fanno di questo concerto un caposaldo del Novecento, ma anche una vera sfida per le mani del giovanissimo violoncellista romano Ettore Pagano, forte di oltre 40 Primi premi assoluti in concorsi internazionali, di debutti fondamentali come quello alla Carnegie Hall di New York, ma pur sempre diciannovenne. Una sfida condivisa dalla direzione artistica del Verdi che conferma la sua volont\u00e0 di abbinare, in un\u2019ottica squisitamente abbadiana, musicisti di provata esperienza a giovani talenti in crescita, consolidando l\u2019identit\u00e0 del teatro come fucina del futuro concertismo mondiale. La seconda parte del programma sar\u00e0 dedicata all\u2019unica sinfonia composta da Franck, opera mal recepita dai suoi contemporanei, di grande fortuna nella prima met\u00e0 del Novecento, oggi assai poco frequentata; quindi, una rara occasione per ascoltarla dal vivo essendo peraltro anche raramente rappresentata in discografia, mentre ritorna spesso nei programmi di Chaslin, che ne \u00e8 un buon conoscitore ed estimatore.<\/p>\n<p>&nbsp;<\/p>\n<p>Biglietti disponibili presso la biglietteria del Teatro Verdi aperta con orario 9-16 e nel giorno del concerto 9-18. <strong>Biglietti a partire da \u20ac 11.00 &#8211; ulteriori vantaggi per il pubblico pi\u00f9 giovane (fino a 34 anni).<\/strong><\/p>\n<p>Info: <a href=\"mailto:boxoffice@teatroverdi-trieste.com\">boxoffice@teatroverdi-trieste.com<\/a><\/p>\n<ol>\n<li>verde (gratuito) 800898868<\/li>\n<\/ol>\n<p>&nbsp;<\/p>\n<p><a href=\"mailto:ufficiostampa@teatroverdi-trieste.com\">ufficiostampa@teatroverdi-trieste.com<\/a><\/p>\n<p><a href=\"http:\/\/www.ecoitaliano.com.ar\/wp-content\/uploads\/2022\/11\/Ettore-Pagano-2.jpg\"><img decoding=\"async\" class=\"alignnone size-full wp-image-29894\" src=\"http:\/\/www.ecoitaliano.com.ar\/wp-content\/uploads\/2022\/11\/Ettore-Pagano-2.jpg\" alt=\"\" width=\"854\" height=\"1280\" srcset=\"https:\/\/www.ecoitaliano.com.ar\/wp-content\/uploads\/2022\/11\/Ettore-Pagano-2.jpg 854w, https:\/\/www.ecoitaliano.com.ar\/wp-content\/uploads\/2022\/11\/Ettore-Pagano-2-200x300.jpg 200w, https:\/\/www.ecoitaliano.com.ar\/wp-content\/uploads\/2022\/11\/Ettore-Pagano-2-768x1151.jpg 768w, https:\/\/www.ecoitaliano.com.ar\/wp-content\/uploads\/2022\/11\/Ettore-Pagano-2-683x1024.jpg 683w, https:\/\/www.ecoitaliano.com.ar\/wp-content\/uploads\/2022\/11\/Ettore-Pagano-2-100x150.jpg 100w\" sizes=\"(max-width: 854px) 100vw, 854px\" \/><\/a> <a href=\"http:\/\/www.ecoitaliano.com.ar\/wp-content\/uploads\/2022\/11\/Chaslin-HR.jpg\"><img decoding=\"async\" class=\"alignnone size-full wp-image-29895\" src=\"http:\/\/www.ecoitaliano.com.ar\/wp-content\/uploads\/2022\/11\/Chaslin-HR.jpg\" alt=\"\" width=\"8358\" height=\"5575\" srcset=\"https:\/\/www.ecoitaliano.com.ar\/wp-content\/uploads\/2022\/11\/Chaslin-HR.jpg 8358w, https:\/\/www.ecoitaliano.com.ar\/wp-content\/uploads\/2022\/11\/Chaslin-HR-300x200.jpg 300w, https:\/\/www.ecoitaliano.com.ar\/wp-content\/uploads\/2022\/11\/Chaslin-HR-768x512.jpg 768w, https:\/\/www.ecoitaliano.com.ar\/wp-content\/uploads\/2022\/11\/Chaslin-HR-1024x683.jpg 1024w, https:\/\/www.ecoitaliano.com.ar\/wp-content\/uploads\/2022\/11\/Chaslin-HR-150x100.jpg 150w\" sizes=\"(max-width: 8358px) 100vw, 8358px\" \/><\/a><\/p>\n","protected":false},"excerpt":{"rendered":"<p>COMUNICATO STAMPA &nbsp; In attesa di guidare le compagini scaligere nella nuova produzione di Les Contes D\u2019Hoffmann, il celebrato direttore [&hellip;]<\/p>\n","protected":false},"author":1,"featured_media":0,"comment_status":"open","ping_status":"open","sticky":false,"template":"","format":"standard","meta":{"footnotes":""},"categories":[1],"tags":[],"class_list":["post-29893","post","type-post","status-publish","format-standard","hentry","category-sin-categoria"],"_links":{"self":[{"href":"https:\/\/www.ecoitaliano.com.ar\/index.php?rest_route=\/wp\/v2\/posts\/29893","targetHints":{"allow":["GET"]}}],"collection":[{"href":"https:\/\/www.ecoitaliano.com.ar\/index.php?rest_route=\/wp\/v2\/posts"}],"about":[{"href":"https:\/\/www.ecoitaliano.com.ar\/index.php?rest_route=\/wp\/v2\/types\/post"}],"author":[{"embeddable":true,"href":"https:\/\/www.ecoitaliano.com.ar\/index.php?rest_route=\/wp\/v2\/users\/1"}],"replies":[{"embeddable":true,"href":"https:\/\/www.ecoitaliano.com.ar\/index.php?rest_route=%2Fwp%2Fv2%2Fcomments&post=29893"}],"version-history":[{"count":0,"href":"https:\/\/www.ecoitaliano.com.ar\/index.php?rest_route=\/wp\/v2\/posts\/29893\/revisions"}],"wp:attachment":[{"href":"https:\/\/www.ecoitaliano.com.ar\/index.php?rest_route=%2Fwp%2Fv2%2Fmedia&parent=29893"}],"wp:term":[{"taxonomy":"category","embeddable":true,"href":"https:\/\/www.ecoitaliano.com.ar\/index.php?rest_route=%2Fwp%2Fv2%2Fcategories&post=29893"},{"taxonomy":"post_tag","embeddable":true,"href":"https:\/\/www.ecoitaliano.com.ar\/index.php?rest_route=%2Fwp%2Fv2%2Ftags&post=29893"}],"curies":[{"name":"wp","href":"https:\/\/api.w.org\/{rel}","templated":true}]}}