{"id":29974,"date":"2022-11-15T13:09:15","date_gmt":"2022-11-15T13:09:15","guid":{"rendered":"http:\/\/www.ecoitaliano.com.ar\/?p=29974"},"modified":"2022-11-15T13:09:15","modified_gmt":"2022-11-15T13:09:15","slug":"politicamente-scorretto-il-programma-di-mercoledi-16-novembre-2022-casalecchio-di-reno-bo","status":"publish","type":"post","link":"https:\/\/www.ecoitaliano.com.ar\/?p=29974","title":{"rendered":"Politicamente Scorretto: il programma di mercoled\u00ec 16 novembre 2022 &#8211; Casalecchio di Reno (BO)"},"content":{"rendered":"<p><a href=\"https:\/\/culturaliart.musvc2.net\/e\/r?q=J3%3dFCJ4Q_Aqgx_L1_6ylp_FD_Aqgx_K6wYvTp.Kt9zS93zGxD8.A8C_6ylp_FDy_He1i_RtP7B.oQ9N_6ylp_FD_Aqgx_L62Bx_He1i_SrPG_He1i_RtUG_-2rE_Aqgx_L45Wy4M_Pjsd_awN9_Pjsd_ZyNK9K2_6ylp_G9_Aqgx_L4Kdt2sa.SY_6ylp_FdG_He1i_SrNE_He1i_RJ0_Aqgx_KVB_Pjsd_awF4_Pjsd_ZOJB.-a_Aqgx_L1-Lau1C0M6_6ylp_GB0EEOGnQtf%263%3dMYLTF%26B%3d6K7TvR.2CC%2697%3dYJXHg%265%3d1o9tQ%262%3dfPW%263%3dZSWNg%26C%3dQJdRTEYQYE&amp;mupckp=mupAtu4m8OiX0wt\" target=\"_blank\" rel=\"noopener\" name=\"m_338570483828159350_showInBrowser\" data-saferedirecturl=\"https:\/\/www.google.com\/url?q=https:\/\/culturaliart.musvc2.net\/e\/r?q%3DJ3%253dFCJ4Q_Aqgx_L1_6ylp_FD_Aqgx_K6wYvTp.Kt9zS93zGxD8.A8C_6ylp_FDy_He1i_RtP7B.oQ9N_6ylp_FD_Aqgx_L62Bx_He1i_SrPG_He1i_RtUG_-2rE_Aqgx_L45Wy4M_Pjsd_awN9_Pjsd_ZyNK9K2_6ylp_G9_Aqgx_L4Kdt2sa.SY_6ylp_FdG_He1i_SrNE_He1i_RJ0_Aqgx_KVB_Pjsd_awF4_Pjsd_ZOJB.-a_Aqgx_L1-Lau1C0M6_6ylp_GB0EEOGnQtf%25263%253dMYLTF%2526B%253d6K7TvR.2CC%252697%253dYJXHg%25265%253d1o9tQ%25262%253dfPW%25263%253dZSWNg%2526C%253dQJdRTEYQYE%26mupckp%3DmupAtu4m8OiX0wt&amp;source=gmail&amp;ust=1668603753234000&amp;usg=AOvVaw1pcSUHd1ca-8njnIsjWivd\"><\/a><\/p>\n<table role=\"presentation\" border=\"0\" width=\"100%\" cellspacing=\"0\" cellpadding=\"0\">\n<tbody>\n<tr>\n<td>\n<table role=\"presentation\" border=\"0\" width=\"100%\" cellspacing=\"0\" cellpadding=\"0\" align=\"center\">\n<tbody>\n<tr>\n<td>\n<table class=\"m_338570483828159350row-content m_338570483828159350stack\" role=\"presentation\" border=\"0\" width=\"600\" cellspacing=\"0\" cellpadding=\"0\" align=\"center\">\n<tbody>\n<tr>\n<td class=\"m_338570483828159350column\" width=\"100%\">\n<table class=\"m_338570483828159350image_block\" role=\"presentation\" border=\"0\" width=\"100%\" cellspacing=\"0\" cellpadding=\"0\">\n<tbody>\n<tr>\n<td>\n<div align=\"center\"><img decoding=\"async\" class=\"m_338570483828159350big CToWUd a6T\" tabindex=\"0\" src=\"https:\/\/ci5.googleusercontent.com\/proxy\/u7nLnS0AuqD79X5MroZoz1ZE0tYLy1zryAnjMGTERx1YwF5ChTfeGbEwykkLyJQqBpFe3pG1KkkGG_WewdRdEKQfBhy-AuoUgWRN25wqWnvZdn6yJA4YN-MthhH5OCbFsO-LjlR9ljU=s0-d-e1-ft#https:\/\/culturaliart.img.musvc2.net\/static\/91342\/images\/1\/header_websitePS2022(0).jpg\" width=\"600\" data-bit=\"iit\" \/><\/div>\n<\/td>\n<\/tr>\n<\/tbody>\n<\/table>\n<\/td>\n<\/tr>\n<\/tbody>\n<\/table>\n<\/td>\n<\/tr>\n<\/tbody>\n<\/table>\n<\/td>\n<\/tr>\n<\/tbody>\n<\/table>\n<table role=\"presentation\" border=\"0\" width=\"100%\" cellspacing=\"0\" cellpadding=\"10\">\n<tbody>\n<tr>\n<td>\n<div>\n<div>\n<p><u><strong>COMUNICATO STAMPA<\/strong><\/u><\/p>\n<\/div>\n<\/div>\n<\/td>\n<\/tr>\n<\/tbody>\n<\/table>\n<table role=\"presentation\" border=\"0\" width=\"100%\" cellspacing=\"0\" cellpadding=\"10\">\n<tbody>\n<tr>\n<td>\n<div>\n<div>\n<p><strong>Politicamente Scorretto 2022: <\/strong><\/p>\n<p><strong>Verit\u00e0, unica Ragione di Stato<\/strong><\/p>\n<p>&nbsp;<\/p>\n<p><strong>Gli eventi di mercoled\u00ec 16 novembre 2022<\/strong><\/p>\n<p>&nbsp;<\/p>\n<p><em>La rassegna curata da Carlo Lucarelli torna a Casalecchio di Reno (BO) <\/em><\/p>\n<p><em>con una XVII edizione ricca di novit\u00e0<\/em><\/p>\n<\/div>\n<\/div>\n<\/td>\n<\/tr>\n<\/tbody>\n<\/table>\n<table class=\"m_338570483828159350image_block\" role=\"presentation\" border=\"0\" width=\"100%\" cellspacing=\"0\" cellpadding=\"5\">\n<tbody>\n<tr>\n<td>\n<div align=\"center\"><img decoding=\"async\" class=\"m_338570483828159350big CToWUd a6T\" tabindex=\"0\" src=\"https:\/\/ci3.googleusercontent.com\/proxy\/3lUQbnUOGvKOBo4yCuiaAhqQKCMPCiOSB_mi2KG6JOxUmVWbXP10jTiPpNldaj2BcN_tm4qMDQupTTBSYyGkt5ynNYYgT3FVmjkeRwe-8kpiTCJQwAeiFgYNjbRIZY79jwH6SYMl-gyf1Q=s0-d-e1-ft#https:\/\/culturaliart.img.musvc2.net\/static\/91342\/images\/1\/PS2022_banner1080x1080(0).jpg\" width=\"590\" data-bit=\"iit\" \/><\/div>\n<\/td>\n<\/tr>\n<\/tbody>\n<\/table>\n<table role=\"presentation\" border=\"0\" width=\"100%\" cellspacing=\"0\" cellpadding=\"0\" align=\"center\">\n<tbody>\n<tr>\n<td>\n<table class=\"m_338570483828159350row-content m_338570483828159350stack\" role=\"presentation\" border=\"0\" width=\"600\" cellspacing=\"0\" cellpadding=\"0\" align=\"center\">\n<tbody>\n<tr>\n<td class=\"m_338570483828159350column\" width=\"100%\">\n<table role=\"presentation\" border=\"0\" width=\"100%\" cellspacing=\"0\" cellpadding=\"10\">\n<tbody>\n<tr>\n<td>\n<div align=\"center\">\n<table role=\"presentation\" border=\"0\" width=\"100%\" cellspacing=\"0\" cellpadding=\"0\">\n<tbody>\n<tr>\n<td><\/td>\n<\/tr>\n<\/tbody>\n<\/table>\n<\/div>\n<\/td>\n<\/tr>\n<\/tbody>\n<\/table>\n<table role=\"presentation\" border=\"0\" width=\"100%\" cellspacing=\"0\" cellpadding=\"10\">\n<tbody>\n<tr>\n<td>\n<div>\n<div>\n<p><strong>Dal 15 al 20 novembre 2022<\/strong><\/p>\n<p><strong>Casalecchio di Reno (BO)<\/strong><\/p>\n<p><strong>\u00a0<\/strong><\/p>\n<p>Al via la rassegna <strong>Politicamente Scorretto<\/strong>, promossa dal Comune di Casalecchio di Reno e ideata dal servizio <strong>Casalecchio delle Culture<\/strong> in collaborazione con <strong>Carlo Lucarelli<\/strong>, che proseguir\u00e0 <strong>fino al 20 novembre 2022<\/strong> con una<strong> programmazione ricca di eventi, <\/strong>in cui la cultura la fa da protagonista come unica arma degna di una societ\u00e0 civile per affermare <strong>valori di giustizia, solidariet\u00e0 e legalit\u00e0<\/strong>.<\/p>\n<p><strong>\u00a0<\/strong><\/p>\n<p><strong>IL PROGRAMMA DI MERCOLED\u00ec 16 NOVEMBRE 2022<br \/>\n<\/strong><\/p>\n<p>&nbsp;<\/p>\n<p>Politicamente Scorretto vi invita <strong>mercoled\u00ec 16 novembre 2022<\/strong> a partecipare a una serie d\u2019incontri e discussioni in cui si affronteranno i temi dell\u2019educazione alla legalit\u00e0 per i pi\u00f9 giovani e il <strong>sostegno alle vittime<\/strong>.<\/p>\n<p>&nbsp;<\/p>\n<p>Alle 18.00 inizier\u00e0 l\u2019evento \u201c<strong><em>Scuole e impegno<\/em><\/strong>\u201d presso la Casa della Conoscenza, in cui insegnanti e studenti di Casalecchio di Reno e del territorio rifletteranno sul <strong>valore dell\u2019impegno civile a scuola<\/strong> tra educazione alla legalit\u00e0, contrasto alla criminalit\u00e0 organizzata e all\u2019usura. Intervengono <strong>Gianpaolo Meligrana<\/strong>, docente IIS \u201cG. Bruno\u201d di Budrio, e <strong>Chiara Montelpare<\/strong>, docente ITCS \u201cG. Salvemini\u201d, in occasione della presentazione del loro libro \u201c<em>Mafie &amp; Usura. Educare alla cittadinanza<\/em>\u201d (il miolibro self publishing, 2021). Inoltre <strong>Giacomo Ciacci<\/strong>, docente del Liceo \u201cL. Da Vinci\u201d insieme con i suoi studenti e ai rappresentanti del <strong>CCRR \u2013 Consiglio Comunale dei Ragazzi e delle Ragazze<\/strong> racconteranno l\u2019esperienza della \u201cpanchina bianca della legalit\u00e0\u201d. Introduce <strong>Concetta Bevacqua<\/strong>, assessore Risorse, Infanzia e Scuola, Pari Opportunit\u00e0 del Comune di Casalecchio di Reno.<\/p>\n<p>L\u2019evento sar\u00e0 trasmesso in diretta sulla pagina sulla <a href=\"https:\/\/culturaliart.musvc2.net\/e\/t?q=8%3dUXBYN%26I%3d0%26I%3dTdF%26J%3dNgFeU%26R%3dqOFM2_MmzY_Xw_OZxl_Yo_MmzY_W2T6R.28l0xLxF.yLv_MmzY_W2MxG5Qr8wJnIFB28AO10FQx.JDD_1vow_BAGQv_NAR181_OZxl_ZmI1T2G1Q30D_OZxl_YEPFJ_v0zF4H_Dxbu_OAnHwFu_MmzY_WRR3H_y8vKwFpI_Dxbu_OAv65I4K%26z%3dJ4NH0A.I6w8j1Q%26rN%3dMXGYU&amp;mupckp=mupAtu4m8OiX0wt\" target=\"_blank\" rel=\"noopener\" data-saferedirecturl=\"https:\/\/www.google.com\/url?q=https:\/\/culturaliart.musvc2.net\/e\/t?q%3D8%253dUXBYN%2526I%253d0%2526I%253dTdF%2526J%253dNgFeU%2526R%253dqOFM2_MmzY_Xw_OZxl_Yo_MmzY_W2T6R.28l0xLxF.yLv_MmzY_W2MxG5Qr8wJnIFB28AO10FQx.JDD_1vow_BAGQv_NAR181_OZxl_ZmI1T2G1Q30D_OZxl_YEPFJ_v0zF4H_Dxbu_OAnHwFu_MmzY_WRR3H_y8vKwFpI_Dxbu_OAv65I4K%2526z%253dJ4NH0A.I6w8j1Q%2526rN%253dMXGYU%26mupckp%3DmupAtu4m8OiX0wt&amp;source=gmail&amp;ust=1668603753234000&amp;usg=AOvVaw32DPw6JC_7-C4gZ4YS59in\">pagina Facebook<\/a> e il <a href=\"https:\/\/culturaliart.musvc2.net\/e\/t?q=3%3dPTPTI%26E%3dN%26D%3dOZT%26E%3dIcTZP%26N%3d5JAIF_Hhvm_Sr_Knsg_U3_Hhvm_RwPJM.FHHJB52.36F_Eqjs_O67H9ItHEHvMGE_9tpp_J9HJ4_LBK962_Hhvm_S1r4xuG2M0E2JA8E_Hhvm_RMNGC_4819BF_Eqjs_P4vFx93_Knsg_USKAF_z14Ix9xG_Eqjs_P4446BBI%261%3dCBLI3I.G2J%26zL%3dNQOWV&amp;mupckp=mupAtu4m8OiX0wt\" target=\"_blank\" rel=\"noopener\" data-saferedirecturl=\"https:\/\/www.google.com\/url?q=https:\/\/culturaliart.musvc2.net\/e\/t?q%3D3%253dPTPTI%2526E%253dN%2526D%253dOZT%2526E%253dIcTZP%2526N%253d5JAIF_Hhvm_Sr_Knsg_U3_Hhvm_RwPJM.FHHJB52.36F_Eqjs_O67H9ItHEHvMGE_9tpp_J9HJ4_LBK962_Hhvm_S1r4xuG2M0E2JA8E_Hhvm_RMNGC_4819BF_Eqjs_P4vFx93_Knsg_USKAF_z14Ix9xG_Eqjs_P4446BBI%25261%253dCBLI3I.G2J%2526zL%253dNQOWV%26mupckp%3DmupAtu4m8OiX0wt&amp;source=gmail&amp;ust=1668603753234000&amp;usg=AOvVaw3IhpQPueoYQqE7q_5L9cqf\">canale Youtube<\/a> di Politicamente Scorretto.<\/p>\n<\/div>\n<\/div>\n<\/td>\n<\/tr>\n<\/tbody>\n<\/table>\n<\/td>\n<\/tr>\n<\/tbody>\n<\/table>\n<\/td>\n<\/tr>\n<\/tbody>\n<\/table>\n<table role=\"presentation\" border=\"0\" width=\"100%\" cellspacing=\"0\" cellpadding=\"0\" align=\"center\">\n<tbody>\n<tr>\n<td>\n<table class=\"m_338570483828159350row-content m_338570483828159350stack\" role=\"presentation\" border=\"0\" width=\"600\" cellspacing=\"0\" cellpadding=\"0\" align=\"center\">\n<tbody>\n<tr>\n<td class=\"m_338570483828159350column\" width=\"66.66666666666667%\">\n<table role=\"presentation\" border=\"0\" width=\"100%\" cellspacing=\"0\" cellpadding=\"0\">\n<tbody>\n<tr>\n<td>\n<div>\n<div>\n<p>Alle ore 21.00 presso la Casa della Conoscenza <strong>Carlo Lucarelli<\/strong> condurr\u00e0 il panel \u00ab<strong><em>Il senso della vittima&#8230; tra cultura, servizi e riforme<\/em><\/strong>\u201d, realizzato in collaborazione con la <strong>Fondazione emiliano-romagnola per le vittime dei reati, l\u2019Associazione Familiari Vittime del Salvemini e Rete Dafne<\/strong>. Durante il talk si approfondir\u00e0 il quadro nazionale e regionale delle esperienze esistenti e dei nuovi servizi attivati a supporto delle vittime e sar\u00e0 presentato il progetto di Sportello per le vittime di reati finanziato con il contributo del Dipartimento per gli Affari di Giustizia (DAG), erogato da Regione Emilia-Romagna all\u2019Unione Reno Lavino Samoggia.<\/p>\n<\/div>\n<\/div>\n<\/td>\n<\/tr>\n<\/tbody>\n<\/table>\n<\/td>\n<td class=\"m_338570483828159350column\" width=\"33.333333333333336%\">\n<table class=\"m_338570483828159350image_block\" role=\"presentation\" border=\"0\" width=\"100%\" cellspacing=\"0\" cellpadding=\"0\">\n<tbody>\n<tr>\n<td>\n<div align=\"center\"><img decoding=\"async\" class=\"CToWUd a6T\" tabindex=\"0\" src=\"https:\/\/ci5.googleusercontent.com\/proxy\/a1KE0uRLMP6bk6_LYJ6-XjwWZ0I8tqDO_xwe4stepnAHLH2brY8L61gOOMIdDlkoKfSlShnYsRchxCVirjaHfHJXSEuD-Sfrly2tmUqPAigZ6EawvJWe3t9wPR4QyXbWA04Z=s0-d-e1-ft#https:\/\/culturaliart.img.musvc2.net\/static\/91342\/images\/1\/Carlo-Lucarelli(1).jpg\" width=\"195\" data-bit=\"iit\" \/><\/div>\n<\/td>\n<\/tr>\n<\/tbody>\n<\/table>\n<\/td>\n<\/tr>\n<\/tbody>\n<\/table>\n<\/td>\n<\/tr>\n<\/tbody>\n<\/table>\n<table role=\"presentation\" border=\"0\" width=\"100%\" cellspacing=\"0\" cellpadding=\"0\" align=\"center\">\n<tbody>\n<tr>\n<td>\n<table class=\"m_338570483828159350row-content m_338570483828159350stack\" role=\"presentation\" border=\"0\" width=\"600\" cellspacing=\"0\" cellpadding=\"0\" align=\"center\">\n<tbody>\n<tr>\n<td class=\"m_338570483828159350column\" width=\"100%\">\n<table role=\"presentation\" border=\"0\" width=\"100%\" cellspacing=\"0\" cellpadding=\"10\">\n<tbody>\n<tr>\n<td>\n<div>\n<div>\n<p>Numerosi sono gli ospiti della serata: <strong>Gian Guido Nobili<\/strong> (Responsabile Area Sicurezza Urbana e Legalit\u00e0 Regione Emilia-Romagna, anche coordinatore Conferenza Stato Regioni sul tema in oggetto) interviene sul quadro nazionale e regionale di quanto si sta facendo sul tema vittime e sulla creazione di una rete di servizi a supporto; <strong>Antonietta De Luca<\/strong> (responsabile dell\u2019Ufficio politiche per la legalit\u00e0 e le sicurezze del Comune di Modena) e <strong>Gianni Devani<\/strong> (coordinatore del Centro per le Vittime di Reato e Calamit\u00e0 di Casalecchio di Reno) intervengono sul quadro regionale delle esperienze esistenti e dei nuovi servizi attivati grazie all\u2019accordo quadro con la Regione ed i fondi del Ministero; <strong>Marco Bouchard<\/strong> (coordinatore della Rete Dafne Italia) dar\u00e0 uno sguardo al futuro delle vittime e alle loro necessit\u00e0. L\u2019evento sar\u00e0 trasmesso in diretta sulla pagina sulla <a href=\"https:\/\/culturaliart.musvc2.net\/e\/t?q=4%3d0THU3%26E%3dF%26E%3d9ZL%26F%3d3cLa0%26N%3dwKuI8_IRve_Tb_KftQ_Uu_IRve_SgPBN.g4r6cH4B.dH2_IRve_SgI4CjMx4bFtEu884pK76uM4.Fs0_7rTs_H7vM2_JpN74f_KftQ_VsEfP8CfM96s_KftQ_UKLuF_26eB0D_sthq_47tDbB1_IRve_S7N9D_d42GbBvE_sthq_4722jE0G%26e%3dF0Jw6G.E2b4pfM%26xJ%3d2TMU0&amp;mupckp=mupAtu4m8OiX0wt\" target=\"_blank\" rel=\"noopener\" data-saferedirecturl=\"https:\/\/www.google.com\/url?q=https:\/\/culturaliart.musvc2.net\/e\/t?q%3D4%253d0THU3%2526E%253dF%2526E%253d9ZL%2526F%253d3cLa0%2526N%253dwKuI8_IRve_Tb_KftQ_Uu_IRve_SgPBN.g4r6cH4B.dH2_IRve_SgI4CjMx4bFtEu884pK76uM4.Fs0_7rTs_H7vM2_JpN74f_KftQ_VsEfP8CfM96s_KftQ_UKLuF_26eB0D_sthq_47tDbB1_IRve_S7N9D_d42GbBvE_sthq_4722jE0G%2526e%253dF0Jw6G.E2b4pfM%2526xJ%253d2TMU0%26mupckp%3DmupAtu4m8OiX0wt&amp;source=gmail&amp;ust=1668603753234000&amp;usg=AOvVaw0Sg7w7M1zE-7ZEtfaqlV-C\">pagina Facebook<\/a> e il <a href=\"https:\/\/culturaliart.musvc2.net\/e\/t?q=5%3dJUJVC%26F%3dH%26F%3dIaN%26G%3dCdNbJ%26O%3dyL5J0_Jbwg_Ul_Lhua_Vw_Jbwg_TqQDO.0IBL66v.5zG_9sdt_I81I3KnI9JpNAG_3ujr_D0BLx_M6M37v_Jbwg_U3l5roHvO4FvL599_Jbwg_TGOAE_x9uA6G_9sdt_J6pGrAw_Lhua_VMM5G_t3xJrArH_9sdt_J6x5zD6J%26u%3dE6MC5C.HvL%26tM%3dHSIXP&amp;mupckp=mupAtu4m8OiX0wt\" target=\"_blank\" rel=\"noopener\" data-saferedirecturl=\"https:\/\/www.google.com\/url?q=https:\/\/culturaliart.musvc2.net\/e\/t?q%3D5%253dJUJVC%2526F%253dH%2526F%253dIaN%2526G%253dCdNbJ%2526O%253dyL5J0_Jbwg_Ul_Lhua_Vw_Jbwg_TqQDO.0IBL66v.5zG_9sdt_I81I3KnI9JpNAG_3ujr_D0BLx_M6M37v_Jbwg_U3l5roHvO4FvL599_Jbwg_TGOAE_x9uA6G_9sdt_J6pGrAw_Lhua_VMM5G_t3xJrArH_9sdt_J6x5zD6J%2526u%253dE6MC5C.HvL%2526tM%253dHSIXP%26mupckp%3DmupAtu4m8OiX0wt&amp;source=gmail&amp;ust=1668603753234000&amp;usg=AOvVaw3S6dlBXP9sa-8eQ-_aUnh5\">canale Youtube<\/a> di Politicamente Scorretto.<\/p>\n<p>&nbsp;<\/p>\n<p>Per tutta la giornata sar\u00e0 presente inoltre il <strong>Presidio Libera \u2013 Collettivo Studentesco \u201cA. Polifroni\u201d del Liceo \u201cL. Da Vinci\u201d di Casalecchio di Reno<\/strong> con i prodotti di <strong>Libera Terra<\/strong>.<\/p>\n<p>&nbsp;<\/p>\n<p>Il <strong>programma completo<\/strong> \u00e8 consultabile sul sito <a href=\"https:\/\/culturaliart.musvc2.net\/e\/t?q=7%3dARIX4%26C%3dG%26H%3d0XM%26I%3d4aMdA%26L%3dxNvG_8uUq_I5_trit_47_8uUq_H0yNC.JqCyNk4qGgE09u45Lt60Nq.F8A_trit_47_8uUq_I0wK3_MqL87g_IgwR5c2q_TtHgN9FgK09t_IgwR_SLOvD_39f0AG_trit_55uGc02_LStf_V8L0G_e23Jc0wH_trit_5535kCAJ%26f%3dDAMx4H.HgK%26yM%3d3RNXA&amp;mupckp=mupAtu4m8OiX0wt\" target=\"_blank\" rel=\"noopener\" data-saferedirecturl=\"https:\/\/www.google.com\/url?q=https:\/\/culturaliart.musvc2.net\/e\/t?q%3D7%253dARIX4%2526C%253dG%2526H%253d0XM%2526I%253d4aMdA%2526L%253dxNvG_8uUq_I5_trit_47_8uUq_H0yNC.JqCyNk4qGgE09u45Lt60Nq.F8A_trit_47_8uUq_I0wK3_MqL87g_IgwR5c2q_TtHgN9FgK09t_IgwR_SLOvD_39f0AG_trit_55uGc02_LStf_V8L0G_e23Jc0wH_trit_5535kCAJ%2526f%253dDAMx4H.HgK%2526yM%253d3RNXA%26mupckp%3DmupAtu4m8OiX0wt&amp;source=gmail&amp;ust=1668603753234000&amp;usg=AOvVaw3cJ0VAY0X545FFdwfAdX5U\">www.politicamentescorretto.org<\/a><wbr \/>.<\/p>\n<p>&nbsp;<\/p>\n<p><strong>Politicamente Scorretto<\/strong> \u00e8 un progetto del <strong>Comune di Casalecchio di Reno<\/strong> in collaborazione con <strong>Carlo Lucarelli<\/strong> e con il sostegno e la co-progettazione della <strong>Regione Emilia-Romagna<\/strong> nell\u2019ambito della L.R. 18\/2016. Partner: <strong>Libera Associazioni Nomi e Numeri contro le mafie, Avviso Pubblico Enti Locali e Regioni per la formazione civile contro le mafie, ATER Fondazione, Ordine dei Giornalisti Emilia-Romagna, Fondazione Ordine dei Giornalisti Emilia-Romagna<\/strong>.<\/p>\n<p>Sponsor: <strong>Melamangio, Elior e COOP Alleanza 3.0<\/strong>. Media Partner: <strong>Culturalia e Giovani Reporter<\/strong>.<\/p>\n<p>&nbsp;<\/p>\n<\/div>\n<\/div>\n<\/td>\n<\/tr>\n<\/tbody>\n<\/table>\n<table role=\"presentation\" border=\"0\" width=\"100%\" cellspacing=\"0\" cellpadding=\"10\">\n<tbody>\n<tr>\n<td>\n<div>\n<div>\n<p><strong><u>INFORMAZIONI UTILI<\/u><\/strong><\/p>\n<p>&nbsp;<\/p>\n<p><strong>POLITICAMENTE SCORRETTO 2022 \u2013 XVII EDIZIONE<\/strong><\/p>\n<p>&nbsp;<\/p>\n<p>QUANDO: <strong>dal 15 al 20 novembre 2022<\/strong><\/p>\n<p>DOVE: <strong>Casalecchio di Reno (BO)<\/strong><\/p>\n<p><strong>Casa della Conoscenza, Via Porrettana 360 <\/strong><\/p>\n<p><strong>Casa Per la Pace La Filanda, Via dei Canonici Renani, 8<\/strong><\/p>\n<p><strong>Centro Sociale San Biagio, Via Pietro Micca, 17<\/strong><\/p>\n<p><strong>Teatro comunale Laura Betti, Piazza del Popolo, 1<\/strong><\/p>\n<p><strong>\u00a0<\/strong><\/p>\n<p><strong>Tutti gli eventi sono gratuiti, fino ad esaurimento posti. <\/strong><\/p>\n<p><strong>Gli spettacoli teatrali al Teatro Laura Betti sono a pagamento. Per informazioni sugli spettacoli si rimanda al sito: <\/strong><a href=\"http:\/\/www.teatrocasalecchio.it\" target=\"_blank\" rel=\"noopener\" data-saferedirecturl=\"https:\/\/www.google.com\/url?q=http:\/\/www.teatrocasalecchio.it&amp;source=gmail&amp;ust=1668603753234000&amp;usg=AOvVaw0CO0cacnCqAkvoe9U7BNzd\">www.teatrocasalecchio.it<\/a><\/p>\n<p>&nbsp;<\/p>\n<p>REALIZZATO DA: <strong>Comune di Casalecchio di Reno in collaborazione con Carlo Lucarelli e con il sostegno e la co-progettazione della Regione Emilia-Romagna nell\u2019ambito della L.R. 18\/2016<\/strong><\/p>\n<p>COORDINATO DA: <strong>Servizio Casalecchio delle Culture<\/strong><\/p>\n<p>PARTNER: <strong>Libera Associazioni Nomi e Numeri contro le mafie, Avviso Pubblico Enti Locali e Regioni per la formazione civile contro le mafie, ATER Fondazione, Ordine dei Giornalisti Emilia-Romagna, Fondazione Ordine dei Giornalisti Emilia-Romagna<\/strong><\/p>\n<p>SPONSOR:<strong> Melamangio, Elior, COOP Alleanza 3.0<\/strong><\/p>\n<p>MEDIA PARTNER: <strong>Culturalia e Giovani Reporter<\/strong><\/p>\n<p>&nbsp;<\/p>\n<p><strong>CONTATTI<\/strong><\/p>\n<p>051.598243 &#8211; <a href=\"mailto:casalecchiodelleculture@comune.casalecchio.bo.it\" target=\"_blank\" rel=\"noopener\">casalecchiodelleculture@<wbr \/>comune.casalecchio.bo.it<\/a><\/p>\n<p>SITO: <a href=\"https:\/\/culturaliart.musvc2.net\/e\/t?q=0%3dLRBaE%26C%3d0%26K%3dKXF%26L%3dEaFgL%26L%3dqQ7G_1xfq_B8_5rbw_E7_1xfq_AC0N6.M2CrQv4jJrE3B64xO563Q2.F1D_5rbw_E7_1xfq_BC8Kv_P2L10r_IZzc8n2j_TmKrN2IrK3B5_IZzc_SER7D_vBq04J_5rbw_F5nJn0u_OdtY_YIL3J_p2vMn0pK_5rbw_F5v8vC4M%26q%3dD4P94A.KrK%26rP%3dDRGaL&amp;mupckp=mupAtu4m8OiX0wt\" target=\"_blank\" rel=\"noopener\" data-saferedirecturl=\"https:\/\/www.google.com\/url?q=https:\/\/culturaliart.musvc2.net\/e\/t?q%3D0%253dLRBaE%2526C%253d0%2526K%253dKXF%2526L%253dEaFgL%2526L%253dqQ7G_1xfq_B8_5rbw_E7_1xfq_AC0N6.M2CrQv4jJrE3B64xO563Q2.F1D_5rbw_E7_1xfq_BC8Kv_P2L10r_IZzc8n2j_TmKrN2IrK3B5_IZzc_SER7D_vBq04J_5rbw_F5nJn0u_OdtY_YIL3J_p2vMn0pK_5rbw_F5v8vC4M%2526q%253dD4P94A.KrK%2526rP%253dDRGaL%26mupckp%3DmupAtu4m8OiX0wt&amp;source=gmail&amp;ust=1668603753234000&amp;usg=AOvVaw0mb3AgVGtm9r9WW1cgn33o\">www.politicamentescorretto.<wbr \/>org\/<\/a><\/p>\n<p>FACEBOOK: <a href=\"https:\/\/culturaliart.musvc2.net\/e\/t?q=6%3dKX5WD%26I%3d3%26G%3dJd9%26H%3dDg9cK%26R%3djM6M_ttew_54_4xUs_DC_ttew_499Ty.9m0g51Lm.61J_ttew_492LnB6Fe4yBpMqPeH4OgM6L.qKs_OSvb_Yh_KczR_VrRvF_5LwKoB_ttew_57zByLxBvMqO_ttew_4Y7Qo_FqAkNy_OSvb_Zf8y8kE_4xUs_DcwMy_0cF28k0z_OSvb_ZfFmFnN2%26A%3do4m8cN5SeU.zBv%26B5%3dX3aFf&amp;mupckp=mupAtu4m8OiX0wt\" target=\"_blank\" rel=\"noopener\" data-saferedirecturl=\"https:\/\/www.google.com\/url?q=https:\/\/culturaliart.musvc2.net\/e\/t?q%3D6%253dKX5WD%2526I%253d3%2526G%253dJd9%2526H%253dDg9cK%2526R%253djM6M_ttew_54_4xUs_DC_ttew_499Ty.9m0g51Lm.61J_ttew_492LnB6Fe4yBpMqPeH4OgM6L.qKs_OSvb_Yh_KczR_VrRvF_5LwKoB_ttew_57zByLxBvMqO_ttew_4Y7Qo_FqAkNy_OSvb_Zf8y8kE_4xUs_DcwMy_0cF28k0z_OSvb_ZfFmFnN2%2526A%253do4m8cN5SeU.zBv%2526B5%253dX3aFf%26mupckp%3DmupAtu4m8OiX0wt&amp;source=gmail&amp;ust=1668603753234000&amp;usg=AOvVaw0NZr1rbouWbC9lMnyh_WuH\">www.facebook.com\/<wbr \/>politicamentescorretto.org\/<\/a><\/p>\n<p>INSTAGRAM: <a href=\"https:\/\/culturaliart.musvc2.net\/e\/t?q=4%3dOUBUH%26F%3d0%26E%3dNaF%26F%3dHdFaO%26O%3dqK0J_1rit_B2_8ubq_H0_1rit_A7CQ6.04M32wLjD.sIv_IgwY_SvJxC97xI893K5_LZtf_Vo_IgwY_TvO3D_9I4Is9_1rit_B5496J293KuL_1rit_AWANv_Du8rL3_LZtf_Wm635rC_8ubq_HZ4K3_7jD65r84_LZtf_WmDqCuL6%268%3dvL9PlS.493%2609%3d2q5jU0YJc&amp;mupckp=mupAtu4m8OiX0wt\" target=\"_blank\" rel=\"noopener\" data-saferedirecturl=\"https:\/\/www.google.com\/url?q=https:\/\/culturaliart.musvc2.net\/e\/t?q%3D4%253dOUBUH%2526F%253d0%2526E%253dNaF%2526F%253dHdFaO%2526O%253dqK0J_1rit_B2_8ubq_H0_1rit_A7CQ6.04M32wLjD.sIv_IgwY_SvJxC97xI893K5_LZtf_Vo_IgwY_TvO3D_9I4Is9_1rit_B5496J293KuL_1rit_AWANv_Du8rL3_LZtf_Wm635rC_8ubq_HZ4K3_7jD65r84_LZtf_WmDqCuL6%25268%253dvL9PlS.493%252609%253d2q5jU0YJc%26mupckp%3DmupAtu4m8OiX0wt&amp;source=gmail&amp;ust=1668603753234000&amp;usg=AOvVaw1SPiddl6pDY-QyP-whzfiW\">www.instagram.com\/<wbr \/>polscorretto\/<\/a><\/p>\n<p>TWITTER:<a href=\"https:\/\/culturaliart.musvc2.net\/e\/t?q=8%3dNQ6YG%26B%3d4%26I%3dMW0%26J%3dGZ0eN%26K%3dkO9F_uvhp_66_7qVu_G6_uvhp_5ABMz.OB9wOtH.fJ2_HTxe_Riu4BV84Hu09Jr_MfsS_XuKwH_8ExMr5_uvhp_696p1d35zN15wOtH_uvhp_5a0Jp_Ht4lP2_HTxe_Sg021lG_7qVu_GVxO2_3dH51lB3_HTxe_SgHp9oP5%264%3dpP8LfW.35w%26D8%3dQ4cIY&amp;mupckp=mupAtu4m8OiX0wt\" target=\"_blank\" rel=\"noopener\" data-saferedirecturl=\"https:\/\/www.google.com\/url?q=https:\/\/culturaliart.musvc2.net\/e\/t?q%3D8%253dNQ6YG%2526B%253d4%2526I%253dMW0%2526J%253dGZ0eN%2526K%253dkO9F_uvhp_66_7qVu_G6_uvhp_5ABMz.OB9wOtH.fJ2_HTxe_Riu4BV84Hu09Jr_MfsS_XuKwH_8ExMr5_uvhp_696p1d35zN15wOtH_uvhp_5a0Jp_Ht4lP2_HTxe_Sg021lG_7qVu_GVxO2_3dH51lB3_HTxe_SgHp9oP5%25264%253dpP8LfW.35w%2526D8%253dQ4cIY%26mupckp%3DmupAtu4m8OiX0wt&amp;source=gmail&amp;ust=1668603753234000&amp;usg=AOvVaw1iJ5uo7Cbfhk3R0cM3Ddxj\">www.twitter.com\/PolScorretto<\/a><\/p>\n<p><strong><u>YOUTUBE: <a href=\"https:\/\/culturaliart.musvc2.net\/e\/t?q=9%3dMVCZF%26G%3dA%26J%3dLbG%26K%3dFeGfM%26P%3drP8K_2wgu_C7_6vcv_FA_2wgu_BBAR7.U3P4Qp0.mK1_Mayd_WpL3G393M2A8Oy_NexZ_YtP4I_7J5Nq0_2wgu_C07o6k207Oz04PsM_2wgu_Bb9Ow_Is9sQ1_Mayd_XnA16sH_6vcv_Fa5P1_8kI46sC2_Mayd_XnIoDvQ4%269%3dwQ7QmX.204%26E7%3dVAdHd&amp;mupckp=mupAtu4m8OiX0wt\" target=\"_blank\" rel=\"noopener\" data-saferedirecturl=\"https:\/\/www.google.com\/url?q=https:\/\/culturaliart.musvc2.net\/e\/t?q%3D9%253dMVCZF%2526G%253dA%2526J%253dLbG%2526K%253dFeGfM%2526P%253drP8K_2wgu_C7_6vcv_FA_2wgu_BBAR7.U3P4Qp0.mK1_Mayd_WpL3G393M2A8Oy_NexZ_YtP4I_7J5Nq0_2wgu_C07o6k207Oz04PsM_2wgu_Bb9Ow_Is9sQ1_Mayd_XnA16sH_6vcv_Fa5P1_8kI46sC2_Mayd_XnIoDvQ4%25269%253dwQ7QmX.204%2526E7%253dVAdHd%26mupckp%3DmupAtu4m8OiX0wt&amp;source=gmail&amp;ust=1668603753234000&amp;usg=AOvVaw3dI3kJLSnIQkZfX6GEkxUk\">www.youtube.com\/polscorretto<\/a><\/u><\/strong><\/p>\n<\/div>\n<\/div>\n<\/td>\n<\/tr>\n<\/tbody>\n<\/table>\n<table role=\"presentation\" border=\"0\" width=\"100%\" cellspacing=\"0\" cellpadding=\"10\">\n<tbody>\n<tr>\n<td>\n<div align=\"center\">\n<table role=\"presentation\" border=\"0\" width=\"100%\" cellspacing=\"0\" cellpadding=\"0\">\n<tbody>\n<tr>\n<td><\/td>\n<\/tr>\n<\/tbody>\n<\/table>\n<\/div>\n<\/td>\n<\/tr>\n<\/tbody>\n<\/table>\n<table role=\"presentation\" border=\"0\" width=\"100%\" cellspacing=\"0\" cellpadding=\"10\">\n<tbody>\n<tr>\n<td>\n<div>\n<div>\n<p><strong>AGENZIA DI COMUNICAZIONE<br \/>\n<\/strong><\/p>\n<p><strong>Culturalia di Norma Waltmann<\/strong><\/p>\n<p>051 6569105 &#8211; 392 2527126<\/p>\n<p><a href=\"mailto:info@culturaliart.com\" target=\"_blank\" rel=\"noopener\">info@culturaliart.com<\/a><\/p>\n<p><a href=\"https:\/\/culturaliart.musvc2.net\/e\/t?q=4%3d9TGU2%26E%3dE%26E%3d8ZK%26F%3d2cKa9%26N%3dvKtI_6rSs_G2_rtgq_29_6rSs_F7wPA.4uE8Lr4z0aK8.4oF_6rSs_F7_rtgq_399Km_L3Lr6s_IQvd_TdGsNsEsK2a4ot86_IQvd_S6N8D_m8r0uF_6rSs_G5eFo0l_KetP_UJLtF_q2mIo0gG_6rSs_G5m4wCuI%26r%3dDuL042.GsK%26iL%3dER8WM&amp;mupckp=mupAtu4m8OiX0wt\" target=\"_blank\" rel=\"noopener\" data-saferedirecturl=\"https:\/\/www.google.com\/url?q=https:\/\/culturaliart.musvc2.net\/e\/t?q%3D4%253d9TGU2%2526E%253dE%2526E%253d8ZK%2526F%253d2cKa9%2526N%253dvKtI_6rSs_G2_rtgq_29_6rSs_F7wPA.4uE8Lr4z0aK8.4oF_6rSs_F7_rtgq_399Km_L3Lr6s_IQvd_TdGsNsEsK2a4ot86_IQvd_S6N8D_m8r0uF_6rSs_G5eFo0l_KetP_UJLtF_q2mIo0gG_6rSs_G5m4wCuI%2526r%253dDuL042.GsK%2526iL%253dER8WM%26mupckp%3DmupAtu4m8OiX0wt&amp;source=gmail&amp;ust=1668603753235000&amp;usg=AOvVaw1FgMoQhr8Cg8LLIhXNb5Yg\">www.culturaliart.com<\/a><\/p>\n<p>Facebook: <a href=\"https:\/\/culturaliart.musvc2.net\/e\/t?q=6%3dUR5WN%26C%3d3%26G%3dTX9%26H%3dNa9cU%26L%3djMFGu_KmtR_Vw_ISvl_Sh_KmtR_U2NyP.22e8xFqD.yFo_KmtR_U2dwEFLt480c_KmtR_V2LvF_EFwKy6_ttoq_574w2c06yL86vM1I_ttoq_4YGKo_F15kN9_ISvl_Tf892kE_DrUs_NWwM9_4cFB2k00_ISvl_TfFw0nNB%265%3doNEMeU.06v%26BE%3dR3aPZ&amp;mupckp=mupAtu4m8OiX0wt\" target=\"_blank\" rel=\"noopener\" data-saferedirecturl=\"https:\/\/www.google.com\/url?q=https:\/\/culturaliart.musvc2.net\/e\/t?q%3D6%253dUR5WN%2526C%253d3%2526G%253dTX9%2526H%253dNa9cU%2526L%253djMFGu_KmtR_Vw_ISvl_Sh_KmtR_U2NyP.22e8xFqD.yFo_KmtR_U2dwEFLt480c_KmtR_V2LvF_EFwKy6_ttoq_574w2c06yL86vM1I_ttoq_4YGKo_F15kN9_ISvl_Tf892kE_DrUs_NWwM9_4cFB2k00_ISvl_TfFw0nNB%25265%253doNEMeU.06v%2526BE%253dR3aPZ%26mupckp%3DmupAtu4m8OiX0wt&amp;source=gmail&amp;ust=1668603753235000&amp;usg=AOvVaw25LqvtEOLQGnyKOEIuJEuK\">Culturalia<\/a><\/p>\n<p>Instagram: <a href=\"https:\/\/culturaliart.musvc2.net\/e\/t?q=8%3dNX9YG%26I%3d7%26I%3dMdC%26J%3dGgCeN%26R%3dnO9My_MfzV_Xp_OWxe_Yl_MfzV_WuT3R.xKyOpDx62.0uH_7xYu_GCiP1Q1MpIo6_rLsP3Fi67B_gM9B_xvhw_9A0Qs_N4Rx8t_OWxe_ZjItTyGtQz07_OWxe_YBP9J_s0sF1H_7xYu_HAkHpFr_MfzV_WKRzH_r8sKpFmI_7xYu_HAs6xI1K%26s%3dJ1NA08.6p8gItQ%26oN%3dFXDYN&amp;mupckp=mupAtu4m8OiX0wt\" target=\"_blank\" rel=\"noopener\" data-saferedirecturl=\"https:\/\/www.google.com\/url?q=https:\/\/culturaliart.musvc2.net\/e\/t?q%3D8%253dNX9YG%2526I%253d7%2526I%253dMdC%2526J%253dGgCeN%2526R%253dnO9My_MfzV_Xp_OWxe_Yl_MfzV_WuT3R.xKyOpDx62.0uH_7xYu_GCiP1Q1MpIo6_rLsP3Fi67B_gM9B_xvhw_9A0Qs_N4Rx8t_OWxe_ZjItTyGtQz07_OWxe_YBP9J_s0sF1H_7xYu_HAkHpFr_MfzV_WKRzH_r8sKpFmI_7xYu_HAs6xI1K%2526s%253dJ1NA08.6p8gItQ%2526oN%253dFXDYN%26mupckp%3DmupAtu4m8OiX0wt&amp;source=gmail&amp;ust=1668603753235000&amp;usg=AOvVaw2W0pH8r5QFiRSD4kKrBVfI\">Culturalia_comunicare_arte<\/a><\/p>\n<p>Linkedin: <a href=\"https:\/\/culturaliart.musvc2.net\/e\/t?q=0%3dVW5aO%26H%3d3%26K%3dUc9%26L%3dOf9gV%26Q%3djQGLu_OnyR_Zx_NSzm_Xh_OnyR_Y3SyT.9EpH20kK.zKo_OnyR_Y39qJC7pV_EwUw_OBeR9PwOxHk8-1E-pLEIc-TxHvJxJp_OnyR_Y3_NSzm_YhRGI_uLHNeB_EwUw_P0pBJOnBGPgO_EwUw_ObwQ0_IgA6Qo_OnyR_Z1Ao86H_txpv_4cHPo_0xIr86Cp8x7c_OnyR_Z1IcF9Qr%26A%3d0QuSzX.pBG%26Eu%3dXNd6f&amp;mupckp=mupAtu4m8OiX0wt\" target=\"_blank\" rel=\"noopener\" data-saferedirecturl=\"https:\/\/www.google.com\/url?q=https:\/\/culturaliart.musvc2.net\/e\/t?q%3D0%253dVW5aO%2526H%253d3%2526K%253dUc9%2526L%253dOf9gV%2526Q%253djQGLu_OnyR_Zx_NSzm_Xh_OnyR_Y3SyT.9EpH20kK.zKo_OnyR_Y39qJC7pV_EwUw_OBeR9PwOxHk8-1E-pLEIc-TxHvJxJp_OnyR_Y3_NSzm_YhRGI_uLHNeB_EwUw_P0pBJOnBGPgO_EwUw_ObwQ0_IgA6Qo_OnyR_Z1Ao86H_txpv_4cHPo_0xIr86Cp8x7c_OnyR_Z1IcF9Qr%2526A%253d0QuSzX.pBG%2526Eu%253dXNd6f%26mupckp%3DmupAtu4m8OiX0wt&amp;source=gmail&amp;ust=1668603753235000&amp;usg=AOvVaw0_Ed22SCZNdceClWOvN5aZ\">Culturalia di Norma Waltmann<\/a><\/p>\n<p>Youtube: <a href=\"https:\/\/culturaliart.musvc2.net\/e\/t?q=9%3dJYHZC%26J%3dF%26J%3dIeL%26K%3dChLfJ%26S%3dwP5N8_Nb1e_Yl_Pfya_Zu_Nb1e_XqUBS.0M0P60t.9zK_7wdx_GBnFpJyC1_Nb1e_Xq3R0kSya-3-y_fdb80FtUO_-g_3yhv_DD0Px_Q4Q3At_Nb1e_YoLtS4JtP5C7_Nb1e_XGS9I_xCsE6K_7wdx_H0pKpEw_Pfya_ZKQ5K_r7xNpErL_7wdx_H0x9xH67l9pN%26s%3dI6QA9C.LtP%26tQ%3dFWIbN&amp;mupckp=mupAtu4m8OiX0wt\" target=\"_blank\" rel=\"noopener\" data-saferedirecturl=\"https:\/\/www.google.com\/url?q=https:\/\/culturaliart.musvc2.net\/e\/t?q%3D9%253dJYHZC%2526J%253dF%2526J%253dIeL%2526K%253dChLfJ%2526S%253dwP5N8_Nb1e_Yl_Pfya_Zu_Nb1e_XqUBS.0M0P60t.9zK_7wdx_GBnFpJyC1_Nb1e_Xq3R0kSya-3-y_fdb80FtUO_-g_3yhv_DD0Px_Q4Q3At_Nb1e_YoLtS4JtP5C7_Nb1e_XGS9I_xCsE6K_7wdx_H0pKpEw_Pfya_ZKQ5K_r7xNpErL_7wdx_H0x9xH67l9pN%2526s%253dI6QA9C.LtP%2526tQ%253dFWIbN%26mupckp%3DmupAtu4m8OiX0wt&amp;source=gmail&amp;ust=1668603753235000&amp;usg=AOvVaw3ukpbEhwenEPjLLs90Z9Cx\">Culturalia<\/a><\/p>\n<p>&nbsp;<\/p>\n<p><strong>UFFICIO STAMPA COMUNE DI CASALECCHIO DI RENO <\/strong><\/p>\n<p>051 598242 \u2013 348 7013755<\/p>\n<p><a href=\"mailto:stampa@comune.casalecchio.bo.it\" target=\"_blank\" rel=\"noopener\">stampa@comune.casalecchio.bo.<wbr \/>it<\/a><\/p>\n<p><a href=\"http:\/\/www.comune.casalecchio.bo.it\" target=\"_blank\" rel=\"noopener\" data-saferedirecturl=\"https:\/\/www.google.com\/url?q=http:\/\/www.comune.casalecchio.bo.it&amp;source=gmail&amp;ust=1668603753235000&amp;usg=AOvVaw1MXGHvjBWS-z4-PB2VW2P4\">www.comune.casalecchio.bo.it<\/a><\/p>\n<p>Facebook: <a href=\"https:\/\/culturaliart.musvc2.net\/e\/t?q=A%3dBWEb5%26H%3dC%26L%3dAcI%26M%3d5fIhB%26Q%3dtRwL5_PTyb_ad_Nc1S_Xr_PTyb_ZiS9U.i7oCeK1I.fKy_PTyb_Zi91KxJqAdOmJh9oFlK_4yVv_DD_uwex_6B7Rp_O1Su9q_PTyb_agJqUvHqRwA4_PTyb_Z9Q6K_pApGxI_4yVv_EBhImGo_Nc1S_XHSwI_o9pLmGjJ_4yVv_EBp7uJxL%26p%3dKxO8A5.Jq9d7mR%26lO%3dCYAZK&amp;mupckp=mupAtu4m8OiX0wt\" target=\"_blank\" rel=\"noopener\" data-saferedirecturl=\"https:\/\/www.google.com\/url?q=https:\/\/culturaliart.musvc2.net\/e\/t?q%3DA%253dBWEb5%2526H%253dC%2526L%253dAcI%2526M%253d5fIhB%2526Q%253dtRwL5_PTyb_ad_Nc1S_Xr_PTyb_ZiS9U.i7oCeK1I.fKy_PTyb_Zi91KxJqAdOmJh9oFlK_4yVv_DD_uwex_6B7Rp_O1Su9q_PTyb_agJqUvHqRwA4_PTyb_Z9Q6K_pApGxI_4yVv_EBhImGo_Nc1S_XHSwI_o9pLmGjJ_4yVv_EBp7uJxL%2526p%253dKxO8A5.Jq9d7mR%2526lO%253dCYAZK%26mupckp%3DmupAtu4m8OiX0wt&amp;source=gmail&amp;ust=1668603753235000&amp;usg=AOvVaw1tSaSsjuBA-WsgV874gcLC\">Comune Casalecchio<\/a><\/p>\n<p>Twitter: <a href=\"https:\/\/culturaliart.musvc2.net\/e\/t?q=8%3dUYHYN%26J%3dF%26I%3dTeL%26J%3dNhLeU%26S%3dwOFN8_Mm1e_Xw_Pfxl_Zu_Mm1e_W2RBDFRtM.yM2_Mm1e_W2kpNwJt8yFxJjCBN_Dyhu_OD0O9_Q4PDAt_Mm1e_Xz6w9pLtREJtOFC7_Mm1e_WRS9H_9CsDGK_7vox_H91KpD8_Pfxl_ZKPFK_r69NpD3L_7vox_H999xGGN%26s%3dHGQA8N.LtO%265Q%3dFVTbN&amp;mupckp=mupAtu4m8OiX0wt\" target=\"_blank\" rel=\"noopener\" data-saferedirecturl=\"https:\/\/www.google.com\/url?q=https:\/\/culturaliart.musvc2.net\/e\/t?q%3D8%253dUYHYN%2526J%253dF%2526I%253dTeL%2526J%253dNhLeU%2526S%253dwOFN8_Mm1e_Xw_Pfxl_Zu_Mm1e_W2RBDFRtM.yM2_Mm1e_W2kpNwJt8yFxJjCBN_Dyhu_OD0O9_Q4PDAt_Mm1e_Xz6w9pLtREJtOFC7_Mm1e_WRS9H_9CsDGK_7vox_H91KpD8_Pfxl_ZKPFK_r69NpD3L_7vox_H999xGGN%2526s%253dHGQA8N.LtO%25265Q%253dFVTbN%26mupckp%3DmupAtu4m8OiX0wt&amp;source=gmail&amp;ust=1668603753235000&amp;usg=AOvVaw214TA7_4c-SGMIvR-91Qog\">Casalecchio News<\/a><\/p>\n<p>YouTube: <a href=\"https:\/\/culturaliart.musvc2.net\/e\/t?q=6%3dFYPW9%26J%3dN%26G%3dEeT%26H%3d9hTcF%26S%3d5M1NF_KX1m_Vh_PnvW_Z3_KX1m_UmUJP.6MHM202.6vK_EtZx_O9jFxGuC9_KX1m_Um3ZBJ2OI0xF-a430nJLVS1-9X_KX1m_VmSGF_zMHKjC_EtZx_P7uCJLsCGMlP_EtZx_OY2R0_FlB6Nt_PnvW_a18t96E_yyps_9dHMt_AxFw960u_PnvW_a1FhG9N4h9xw%26B%3d0NzTzU.uCG%26Bz%3dYNaAg&amp;mupckp=mupAtu4m8OiX0wt\" target=\"_blank\" rel=\"noopener\" data-saferedirecturl=\"https:\/\/www.google.com\/url?q=https:\/\/culturaliart.musvc2.net\/e\/t?q%3D6%253dFYPW9%2526J%253dN%2526G%253dEeT%2526H%253d9hTcF%2526S%253d5M1NF_KX1m_Vh_PnvW_Z3_KX1m_UmUJP.6MHM202.6vK_EtZx_O9jFxGuC9_KX1m_Um3ZBJ2OI0xF-a430nJLVS1-9X_KX1m_VmSGF_zMHKjC_EtZx_P7uCJLsCGMlP_EtZx_OY2R0_FlB6Nt_PnvW_a18t96E_yyps_9dHMt_AxFw960u_PnvW_a1FhG9N4h9xw%2526B%253d0NzTzU.uCG%2526Bz%253dYNaAg%26mupckp%3DmupAtu4m8OiX0wt&amp;source=gmail&amp;ust=1668603753235000&amp;usg=AOvVaw2jCA21baKGaJ7NR13bpi3m\">Comune Casalecchio di Reno<\/a><\/p>\n<p>Telegram: <a href=\"https:\/\/culturaliart.musvc2.net\/e\/t?q=6%3dQUMWJ%26F%3dK%26G%3dPaQ%26H%3dJdQcQ%26O%3d2MBJC_Kiwj_Vs_Lkvh_Vz_Kiwj_UxN.78_0ums_J0W4A568u72B7g9FCHy_Kiwj_VxODF_AIEKu9_Btkt_M769GL44s5u9DMwL_Btkt_LYCN7_Fw83N5_Lkvh_Wx8553E_0ums_JZEM5_7uF85306_Lkvh_WxFsC6N8%268%3d7NAPwU.69D%26BA%3dUKaLc&amp;mupckp=mupAtu4m8OiX0wt\" target=\"_blank\" rel=\"noopener\" data-saferedirecturl=\"https:\/\/www.google.com\/url?q=https:\/\/culturaliart.musvc2.net\/e\/t?q%3D6%253dQUMWJ%2526F%253dK%2526G%253dPaQ%2526H%253dJdQcQ%2526O%253d2MBJC_Kiwj_Vs_Lkvh_Vz_Kiwj_UxN.78_0ums_J0W4A568u72B7g9FCHy_Kiwj_VxODF_AIEKu9_Btkt_M769GL44s5u9DMwL_Btkt_LYCN7_Fw83N5_Lkvh_Wx8553E_0ums_JZEM5_7uF85306_Lkvh_WxFsC6N8%25268%253d7NAPwU.69D%2526BA%253dUKaLc%26mupckp%3DmupAtu4m8OiX0wt&amp;source=gmail&amp;ust=1668603753235000&amp;usg=AOvVaw3s_uforUtWh02giu3VzDgB\">Comune Casalecchio di Reno<\/a><\/p>\n<\/div>\n<\/div>\n<\/td>\n<\/tr>\n<\/tbody>\n<\/table>\n<table role=\"presentation\" border=\"0\" width=\"100%\" cellspacing=\"0\" cellpadding=\"10\">\n<tbody>\n<tr>\n<td>\n<div align=\"center\"><a href=\"https:\/\/culturaliart.musvc2.net\/e\/t?q=5%3dNQEVG%26B%3dC%26F%3dMWI%26G%3dGZIbN%26K%3dtL9F5_Jfsb_Up_Hcue_Rr_Jfsb_TuM9O.rKxL0HmDx14L.rEy_Jfsb_Tu5873Ju_Jfsb_TuF1DxJu5pCqF95-554H479J1-TORD-Dp-HmK85sFp-37JpJm-6p-3mJ1E-xMr1471Bu-L4Hz3-p-3mKpBq5r8uG-s9-473E-nG-rEz-M31-0Nx9-q6xPuG35-4Ar3m-6x-D1NxJm_Jfsb_Tu_Hcue_SrM9C_5G0Ho7_7qer_H4z7BIx79JqJ_7qer_GV7L2_Cq6xKy_Jfsb_Us5y3xB_43p1mshp_DX0Jy_5pC23x7z_Jfsb_UsCmA1K2%266%3d2K5NrR.z79%2695%3dSFXFa&amp;mupckp=mupAtu4m8OiX0wt\" target=\"_blank\" rel=\"noopener\" data-saferedirecturl=\"https:\/\/www.google.com\/url?q=https:\/\/culturaliart.musvc2.net\/e\/t?q%3D5%253dNQEVG%2526B%253dC%2526F%253dMWI%2526G%253dGZIbN%2526K%253dtL9F5_Jfsb_Up_Hcue_Rr_Jfsb_TuM9O.rKxL0HmDx14L.rEy_Jfsb_Tu5873Ju_Jfsb_TuF1DxJu5pCqF95-554H479J1-TORD-Dp-HmK85sFp-37JpJm-6p-3mJ1E-xMr1471Bu-L4Hz3-p-3mKpBq5r8uG-s9-473E-nG-rEz-M31-0Nx9-q6xPuG35-4Ar3m-6x-D1NxJm_Jfsb_Tu_Hcue_SrM9C_5G0Ho7_7qer_H4z7BIx79JqJ_7qer_GV7L2_Cq6xKy_Jfsb_Us5y3xB_43p1mshp_DX0Jy_5pC23x7z_Jfsb_UsCmA1K2%25266%253d2K5NrR.z79%252695%253dSFXFa%26mupckp%3DmupAtu4m8OiX0wt&amp;source=gmail&amp;ust=1668603753235000&amp;usg=AOvVaw0pxxBYH9DCoc07dOWQKvZt\"><span dir=\"ltr\"><strong>CARTELLA STAMPA E IMMAGINI<\/strong><\/span><\/a><\/div>\n<\/td>\n<\/tr>\n<\/tbody>\n<\/table>\n<table class=\"m_338570483828159350social_block\" role=\"presentation\" border=\"0\" width=\"100%\" cellspacing=\"0\" cellpadding=\"10\">\n<tbody>\n<tr>\n<td>\n<div align=\"center\">\n<table class=\"m_338570483828159350social-table\" role=\"presentation\" border=\"0\" width=\"180px\" cellspacing=\"0\" cellpadding=\"0\">\n<tbody>\n<tr>\n<td><a href=\"https:\/\/culturaliart.musvc2.net\/e\/t?q=5%3dOVFVH%26G%3dD%26F%3dNbJ%26G%3dHeJbO%26P%3duL0K_5siu_F3_8vfr_HA_5siu_E8CR0.H5GvLy8nEuI77982J807L5.J59_8vfr_HA_5siu_F8AOz_K5P55u_Mduf3q6n_XqFuR6DuO778_Mduf_WIM0H_z7tD8E_8vfr_I9rEqDy_Jgxc_TLP7E_s6zHqDtF_8vfr_I9z3yG8H%26t%3dH8KB8E.FuO%26vK%3dGVKVO&amp;mupckp=mupAtu4m8OiX0wt\" target=\"_blank\" rel=\"noopener\" data-saferedirecturl=\"https:\/\/www.google.com\/url?q=https:\/\/culturaliart.musvc2.net\/e\/t?q%3D5%253dOVFVH%2526G%253dD%2526F%253dNbJ%2526G%253dHeJbO%2526P%253duL0K_5siu_F3_8vfr_HA_5siu_E8CR0.H5GvLy8nEuI77982J807L5.J59_8vfr_HA_5siu_F8AOz_K5P55u_Mduf3q6n_XqFuR6DuO778_Mduf_WIM0H_z7tD8E_8vfr_I9rEqDy_Jgxc_TLP7E_s6zHqDtF_8vfr_I9z3yG8H%2526t%253dH8KB8E.FuO%2526vK%253dGVKVO%26mupckp%3DmupAtu4m8OiX0wt&amp;source=gmail&amp;ust=1668603753235000&amp;usg=AOvVaw0lTgGpyZxRZaGOY7844rJz\"><img decoding=\"async\" class=\"CToWUd\" title=\"Web Site\" src=\"https:\/\/ci4.googleusercontent.com\/proxy\/53a__r62qAZEOO5Dp1cZGF7WTYnETRTMvv-QcD2_YyCmI543PAO7Hnhoewpq9TWlUspfbGXYIH3IKs7IEc0xgBlbMQnBjxlASKxwOwuHOmiglit_YUdDkKcLsYEME_1I_CECKiq6LD8DXeOPMA=s0-d-e1-ft#https:\/\/culturaliart.img.musvc2.net\/static\/91342\/images\/social\/circle-color\/website@2x.png\" alt=\"Web Site\" width=\"32\" height=\"32\" data-bit=\"iit\" \/><\/a><\/td>\n<td><a href=\"https:\/\/culturaliart.musvc2.net\/e\/t?q=0%3dBUJa5%26F%3dH%26K%3dAaN%26L%3d5dNgB%26O%3dyQwJ_9xVt_J8_uujw_50_9xVt_ICzQD.Cd7v9rI2.0rG_9xVt_ICsI3FwCt8p95QhMtLuLvQwI.6Oj_LhzS_Vw_OTwg_ZiOAJ_vIBOf9_9xVt_JAq9DPo9AQhL_9xVt_IcxN4_Jh8zRp_LhzS_WuBp5zI_uujw_5ZBQp_7rJs5zDq_LhzS_WuJdC3Rs%268%3d48d5rRvPtY.q9A%26Fv%3dUHe7c&amp;mupckp=mupAtu4m8OiX0wt\" target=\"_blank\" rel=\"noopener\" data-saferedirecturl=\"https:\/\/www.google.com\/url?q=https:\/\/culturaliart.musvc2.net\/e\/t?q%3D0%253dBUJa5%2526F%253dH%2526K%253dAaN%2526L%253d5dNgB%2526O%253dyQwJ_9xVt_J8_uujw_50_9xVt_ICzQD.Cd7v9rI2.0rG_9xVt_ICsI3FwCt8p95QhMtLuLvQwI.6Oj_LhzS_Vw_OTwg_ZiOAJ_vIBOf9_9xVt_JAq9DPo9AQhL_9xVt_IcxN4_Jh8zRp_LhzS_WuBp5zI_uujw_5ZBQp_7rJs5zDq_LhzS_WuJdC3Rs%25268%253d48d5rRvPtY.q9A%2526Fv%253dUHe7c%26mupckp%3DmupAtu4m8OiX0wt&amp;source=gmail&amp;ust=1668603753235000&amp;usg=AOvVaw1nwpPduOo-MxhIPv04KXQJ\"><img decoding=\"async\" class=\"CToWUd\" title=\"Facebook\" src=\"https:\/\/ci5.googleusercontent.com\/proxy\/acInWCbM7yhIl_NMa-E9kjDna3s5sMYq3RZZkJkcUX1Ud-wvWchtKNPPayZ-AVyHbDw6HJMEpT5v1MAmsa97a_4kWOZfRwvfnMvwwe0o6RRv8sbbJTjZzfM_4_zcLxaLKB6Fe1EyQbUc9G4Busk=s0-d-e1-ft#https:\/\/culturaliart.img.musvc2.net\/static\/91342\/images\/social\/circle-color\/facebook@2x.png\" alt=\"Facebook\" width=\"32\" height=\"32\" data-bit=\"iit\" \/><\/a><\/td>\n<td><a href=\"https:\/\/culturaliart.musvc2.net\/e\/t?q=0%3d9T0a2%26E%3d8%26K%3d8ZD%26L%3d2cDg9%26N%3doQtI_yxSs_08_rtZw_29_yxSs_9CwP4.FnL18gKhJ.cHt_OQvW_YfIvIs6vOr81Qo_KXzP_Um_OQvW_ZfN1J_sH2Oc8_yxSs_0An84Pl81QeK_yxSs_9cuMt_Je7pRm_KXzP_VkBm4pI_rtZw_2Y2Qm_6hJp4pDn_KXzP_VkJaBsRp%267%3dtRsOjY.n81%26Fs%3d8a4hT8e4b&amp;mupckp=mupAtu4m8OiX0wt\" target=\"_blank\" rel=\"noopener\" data-saferedirecturl=\"https:\/\/www.google.com\/url?q=https:\/\/culturaliart.musvc2.net\/e\/t?q%3D0%253d9T0a2%2526E%253d8%2526K%253d8ZD%2526L%253d2cDg9%2526N%253doQtI_yxSs_08_rtZw_29_yxSs_9CwP4.FnL18gKhJ.cHt_OQvW_YfIvIs6vOr81Qo_KXzP_Um_OQvW_ZfN1J_sH2Oc8_yxSs_0An84Pl81QeK_yxSs_9cuMt_Je7pRm_KXzP_VkBm4pI_rtZw_2Y2Qm_6hJp4pDn_KXzP_VkJaBsRp%25267%253dtRsOjY.n81%2526Fs%253d8a4hT8e4b%26mupckp%3DmupAtu4m8OiX0wt&amp;source=gmail&amp;ust=1668603753235000&amp;usg=AOvVaw2jZsvoyyFoAiwYtOSpkcfc\"><img decoding=\"async\" class=\"CToWUd\" title=\"Instagram\" src=\"https:\/\/ci3.googleusercontent.com\/proxy\/czTR7nHo2iLQpebGzcoVSMPW3y3zdXJ6v_DTvx9eijDPljxR08uEzCZc8TN4gzts_7QydiiRAinUKT6bSRv9ZrelHTRsTIps2lj1VFk-kPKJ-UI5_sOigXKU_-5OPVUAWrJa4wuKLE2ord_dRua_=s0-d-e1-ft#https:\/\/culturaliart.img.musvc2.net\/static\/91342\/images\/social\/circle-color\/instagram@2x.png\" alt=\"Instagram\" width=\"32\" height=\"32\" data-bit=\"iit\" \/><\/a><\/td>\n<td><a href=\"https:\/\/culturaliart.musvc2.net\/e\/t?q=8%3d0UQY3%26F%3dO%26I%3d9aU%26J%3d3dUe0%26O%3d6OuJ_FvTt_Q6_suqu_30_FvTt_PAxQK.OxCHOfL.1Jn_LoxQ_V4upFq8pLF0uNC_MRwn_XgOHH_tIIMd9_FvTt_Q96b5yo9KNm9HOfL_FvTt_PavNA_Hf87Pn_LoxQ_W20n57G_suqu_3ZIOn_7yHq57Bo_LoxQ_W2HbC0Pq%268%3dAPtP1W.o9H%26Dt%3dUOc5c&amp;mupckp=mupAtu4m8OiX0wt\" target=\"_blank\" rel=\"noopener\" data-saferedirecturl=\"https:\/\/www.google.com\/url?q=https:\/\/culturaliart.musvc2.net\/e\/t?q%3D8%253d0UQY3%2526F%253dO%2526I%253d9aU%2526J%253d3dUe0%2526O%253d6OuJ_FvTt_Q6_suqu_30_FvTt_PAxQK.OxCHOfL.1Jn_LoxQ_V4upFq8pLF0uNC_MRwn_XgOHH_tIIMd9_FvTt_Q96b5yo9KNm9HOfL_FvTt_PavNA_Hf87Pn_LoxQ_W20n57G_suqu_3ZIOn_7yHq57Bo_LoxQ_W2HbC0Pq%25268%253dAPtP1W.o9H%2526Dt%253dUOc5c%26mupckp%3DmupAtu4m8OiX0wt&amp;source=gmail&amp;ust=1668603753235000&amp;usg=AOvVaw1EzjVAvh-RN89FYLzlqnjC\"><img decoding=\"async\" class=\"CToWUd\" title=\"Twitter\" src=\"https:\/\/ci5.googleusercontent.com\/proxy\/gYJbz0Vi_gmsBmzvL-Qd-wZ6Px9LwyT5D3cB-D6Q81S_Az3BhGudvZxW0SDwmDIV6yCJbtCfrFYxw-mBsy6YGpTtiseZuJF062yO3PewicpPsMvFWW2QjBRMPgigjTQXvUAerOHbwWMq4lzNdg=s0-d-e1-ft#https:\/\/culturaliart.img.musvc2.net\/static\/91342\/images\/social\/circle-color\/twitter@2x.png\" alt=\"Twitter\" width=\"32\" height=\"32\" data-bit=\"iit\" \/><\/a><\/td>\n<td><a href=\"https:\/\/culturaliart.musvc2.net\/e\/t?q=5%3dRYDVK%26J%3dB%26F%3dQeH%26G%3dKhHbR%26S%3dsLCN_3slx_D3_Aydr_KD_3slx_C8FU8.Q8S5MuC.nG6_Pbui_ZqH8J458P37CRz_Jj1a_UyS5E_BM6JvC_3slx_D63t9l7C8K5C5LxP_3slx_CXDRx_ExBtM6_Pbui_ao769tD_Aydr_Kd6L6_AlE99t97_Pbui_aoEtGwM9%26B%3dxMBTnT.7C5%26AB%3dYBZMg&amp;mupckp=mupAtu4m8OiX0wt\" target=\"_blank\" rel=\"noopener\" data-saferedirecturl=\"https:\/\/www.google.com\/url?q=https:\/\/culturaliart.musvc2.net\/e\/t?q%3D5%253dRYDVK%2526J%253dB%2526F%253dQeH%2526G%253dKhHbR%2526S%253dsLCN_3slx_D3_Aydr_KD_3slx_C8FU8.Q8S5MuC.nG6_Pbui_ZqH8J458P37CRz_Jj1a_UyS5E_BM6JvC_3slx_D63t9l7C8K5C5LxP_3slx_CXDRx_ExBtM6_Pbui_ao769tD_Aydr_Kd6L6_AlE99t97_Pbui_aoEtGwM9%2526B%253dxMBTnT.7C5%2526AB%253dYBZMg%26mupckp%3DmupAtu4m8OiX0wt&amp;source=gmail&amp;ust=1668603753235000&amp;usg=AOvVaw2Bo_-j2CnUE5DhwJjYjSNy\"><img decoding=\"async\" class=\"CToWUd\" title=\"YouTube\" src=\"https:\/\/ci4.googleusercontent.com\/proxy\/fP3CbQVBvFabHGZSboAy6AXCgxr8ifU5S6SoRiVCIE4mftvSZB2A7s2-pb1_ivzNeP6uFcGBLkm5zM7pmubXawJTrWzdM6atV1PJcVMRXDtXtouQnTzmljgXtzpXO9w-FYJg7KiQ4wwMafSiAQ=s0-d-e1-ft#https:\/\/culturaliart.img.musvc2.net\/static\/91342\/images\/social\/circle-color\/youtube@2x.png\" alt=\"YouTube\" width=\"32\" height=\"32\" data-bit=\"iit\" \/><\/a><\/td>\n<\/tr>\n<\/tbody>\n<\/table>\n<\/div>\n<\/td>\n<\/tr>\n<\/tbody>\n<\/table>\n<\/td>\n<\/tr>\n<\/tbody>\n<\/table>\n<\/td>\n<\/tr>\n<\/tbody>\n<\/table>\n","protected":false},"excerpt":{"rendered":"<p>COMUNICATO STAMPA Politicamente Scorretto 2022: Verit\u00e0, unica Ragione di Stato &nbsp; Gli eventi di mercoled\u00ec 16 novembre 2022 &nbsp; La [&hellip;]<\/p>\n","protected":false},"author":1,"featured_media":0,"comment_status":"open","ping_status":"open","sticky":false,"template":"","format":"standard","meta":{"footnotes":""},"categories":[4,10],"tags":[],"class_list":["post-29974","post","type-post","status-publish","format-standard","hentry","category-cultura","category-italiano"],"_links":{"self":[{"href":"https:\/\/www.ecoitaliano.com.ar\/index.php?rest_route=\/wp\/v2\/posts\/29974","targetHints":{"allow":["GET"]}}],"collection":[{"href":"https:\/\/www.ecoitaliano.com.ar\/index.php?rest_route=\/wp\/v2\/posts"}],"about":[{"href":"https:\/\/www.ecoitaliano.com.ar\/index.php?rest_route=\/wp\/v2\/types\/post"}],"author":[{"embeddable":true,"href":"https:\/\/www.ecoitaliano.com.ar\/index.php?rest_route=\/wp\/v2\/users\/1"}],"replies":[{"embeddable":true,"href":"https:\/\/www.ecoitaliano.com.ar\/index.php?rest_route=%2Fwp%2Fv2%2Fcomments&post=29974"}],"version-history":[{"count":0,"href":"https:\/\/www.ecoitaliano.com.ar\/index.php?rest_route=\/wp\/v2\/posts\/29974\/revisions"}],"wp:attachment":[{"href":"https:\/\/www.ecoitaliano.com.ar\/index.php?rest_route=%2Fwp%2Fv2%2Fmedia&parent=29974"}],"wp:term":[{"taxonomy":"category","embeddable":true,"href":"https:\/\/www.ecoitaliano.com.ar\/index.php?rest_route=%2Fwp%2Fv2%2Fcategories&post=29974"},{"taxonomy":"post_tag","embeddable":true,"href":"https:\/\/www.ecoitaliano.com.ar\/index.php?rest_route=%2Fwp%2Fv2%2Ftags&post=29974"}],"curies":[{"name":"wp","href":"https:\/\/api.w.org\/{rel}","templated":true}]}}