{"id":29988,"date":"2022-11-16T09:21:29","date_gmt":"2022-11-16T09:21:29","guid":{"rendered":"http:\/\/www.ecoitaliano.com.ar\/?p=29988"},"modified":"2022-11-16T09:21:29","modified_gmt":"2022-11-16T09:21:29","slug":"don-milani-il-provocatore-cara-scuola-ti-scrivolattualita-di-lettera-a-una-professoressa-il-volume-di-marco-pappalardo","status":"publish","type":"post","link":"https:\/\/www.ecoitaliano.com.ar\/?p=29988","title":{"rendered":"Don Milani il \u201cprovocatore\u201d. Cara Scuola ti scrivo\u2026L\u2019attualit\u00e0 di \u00abLettera a una professoressa, il volume di Marco Pappalardo"},"content":{"rendered":"<div id='gallery-1' class='gallery galleryid-29988 gallery-columns-3 gallery-size-thumbnail'><figure class='gallery-item'>\n\t\t\t<div class='gallery-icon landscape'>\n\t\t\t\t<a href='https:\/\/www.ecoitaliano.com.ar\/?attachment_id=29989'><img decoding=\"async\" width=\"150\" height=\"150\" src=\"https:\/\/www.ecoitaliano.com.ar\/wp-content\/uploads\/2022\/11\/Cover-don-milani-collage-libro-marco-pappalardo-cara-scuola-ti-scrivo-678x381-150x150.jpg\" class=\"attachment-thumbnail size-thumbnail\" alt=\"\" \/><\/a>\n\t\t\t<\/div><\/figure><figure class='gallery-item'>\n\t\t\t<div class='gallery-icon landscape'>\n\t\t\t\t<a href='https:\/\/www.ecoitaliano.com.ar\/?attachment_id=29990'><img decoding=\"async\" width=\"150\" height=\"150\" src=\"https:\/\/www.ecoitaliano.com.ar\/wp-content\/uploads\/2022\/11\/don-Milani-alunni-pinterest-150x150.jpg\" class=\"attachment-thumbnail size-thumbnail\" alt=\"\" \/><\/a>\n\t\t\t<\/div><\/figure><figure class='gallery-item'>\n\t\t\t<div class='gallery-icon landscape'>\n\t\t\t\t<a href='https:\/\/www.ecoitaliano.com.ar\/?attachment_id=29991'><img decoding=\"async\" width=\"150\" height=\"150\" src=\"https:\/\/www.ecoitaliano.com.ar\/wp-content\/uploads\/2022\/11\/Don-Milani-chiesa-di-Barbiana-150x150.jpg\" class=\"attachment-thumbnail size-thumbnail\" alt=\"\" \/><\/a>\n\t\t\t<\/div><\/figure><figure class='gallery-item'>\n\t\t\t<div class='gallery-icon landscape'>\n\t\t\t\t<a href='https:\/\/www.ecoitaliano.com.ar\/?attachment_id=29992'><img decoding=\"async\" width=\"150\" height=\"150\" src=\"https:\/\/www.ecoitaliano.com.ar\/wp-content\/uploads\/2022\/11\/Don-milani-insegna-ai-ragazzi-di-Barbiana-pinterest-150x150.jpg\" class=\"attachment-thumbnail size-thumbnail\" alt=\"\" \/><\/a>\n\t\t\t<\/div><\/figure><figure class='gallery-item'>\n\t\t\t<div class='gallery-icon portrait'>\n\t\t\t\t<a href='https:\/\/www.ecoitaliano.com.ar\/?attachment_id=29993'><img decoding=\"async\" width=\"150\" height=\"150\" src=\"https:\/\/www.ecoitaliano.com.ar\/wp-content\/uploads\/2022\/11\/don-Milani-sacerdote-31-anni-1947-150x150.jpg\" class=\"attachment-thumbnail size-thumbnail\" alt=\"\" \/><\/a>\n\t\t\t<\/div><\/figure><figure class='gallery-item'>\n\t\t\t<div class='gallery-icon portrait'>\n\t\t\t\t<a href='https:\/\/www.ecoitaliano.com.ar\/?attachment_id=29994'><img decoding=\"async\" width=\"150\" height=\"150\" src=\"https:\/\/www.ecoitaliano.com.ar\/wp-content\/uploads\/2022\/11\/Marco-Pappalardo-autore-150x150.jpg\" class=\"attachment-thumbnail size-thumbnail\" alt=\"\" \/><\/a>\n\t\t\t<\/div><\/figure>\n\t\t<\/div>\n\n<p>&nbsp;<\/p>\n<p class=\"western\" lang=\"it-IT\" align=\"justify\"><span style=\"font-family: Times New Roman, serif;\"><span style=\"font-size: large;\"><b>Don Milani il \u201cprovocatore\u201d. Cara Scuola ti scrivo\u2026L\u2019attualit\u00e0 di <\/b><\/span><\/span><span style=\"font-family: Times New Roman, serif;\"><span style=\"font-size: large;\"><i><b>Lettera a una professoressa,<\/b><\/i><\/span><\/span><span style=\"font-family: Times New Roman, serif;\"><span style=\"font-size: large;\"><b> il volume di Marco Pappalardo<\/b><\/span><\/span><\/p>\n<p class=\"western\" lang=\"it-IT\" align=\"justify\"><span style=\"font-family: Times New Roman, serif;\"><span style=\"font-size: medium;\">di Antonella La Mantia \u2013 Trieste <\/span><\/span><\/p>\n<p lang=\"it-IT\"><span style=\"color: #6b6b69;\">\u201c<\/span><span style=\"font-family: Times New Roman, serif;\"><span style=\"font-size: medium;\"><i>Parlare o scrivere di <\/i><i><b>don Milani<\/b><\/i><i> \u00e8 estremamente difficile. C\u2019\u00e8 il pericolo di appiattirne l\u2019immagine, di semplificarne i contorni, assimilandolo frettolosamente all\u2019una o all\u2019altra delle grandi contrapposizioni che segnavano allora, e in parte segnano ancora oggi, la societ\u00e0 italiana<\/i>\u201d sosteneva lo storico italiano Giovanni Miccoli (Trieste 1933 &#8211; ivi 2017) il cui nome \u00e8 inscindibilmente legato alla fondazione del corso di laurea in Storia, dell\u2019Universit\u00e0 di Trieste. <\/span><\/span><\/p>\n<p lang=\"it-IT\"><span style=\"font-family: Times New Roman, serif;\"><span style=\"font-size: medium;\">Ancora oggi non \u00e8 semplice parlare o scrivere di <b>Don Lorenzo<\/b> <b>Carlo Domenico Milani Comparetti<\/b> (Firenze il 27 maggio 1923 -Firenze il 26 giugno 1967), presbitero, scrittore ed educatore, <i>provocatore<\/i>, contestatore schietto e cristallino nella sua scomoda complessit\u00e0 intellettuale e pedagogica, al centro di mire vessatorie nel corso della sua intensa ma breve vita e pure dopo.<\/span><\/span><\/p>\n<p lang=\"it-IT\"><span style=\"font-family: Times New Roman, serif;\"><span style=\"font-size: medium;\">Appartenente ad una famiglia fiorentina, colta e facoltosa da generazioni, figlio di Albano Milani Comparetti e della israelita triestina Alice Weiss, passando dall\u2019amore per l\u2019arte, Don Lorenzo Milani si incammin\u00f2 in un percorso interiore del quale mantenne riservatezza, per giungere al sacerdozio il 13 luglio 1947, esprimendo la sua forte personalit\u00e0. <img decoding=\"async\" src=\"file:\/\/\/tmp\/lu72651w28r.tmp\/lu72651w294_tmp_384f8f2bc7bf0a87.jpg\" width=\"183\" height=\"275\" name=\"Immagine 4\" align=\"left\" border=\"0\" hspace=\"12\" \/> <\/span><\/span><\/p>\n<p lang=\"it-IT\"><span style=\"font-family: Times New Roman, serif;\"><span style=\"font-size: medium;\">Con esaltante coraggio e lealt\u00e0, nel tempo in cui i parroci si limitavano a leggere i commenti biblici, si scontr\u00f2 con il pensiero della Chiesa di cui non ne comprendeva regole e ragioni, distanti dal proprio modo di recepire la sincerit\u00e0 del Vangelo. Da giovane parroco di Barbiana, minuscolo centro di montagna con un centinaio di anime, dove dalla Curia di Firenze quattro anni prima, era stato assegnato in \u2018confino\u2019, Don Milani allora trentacinquenne, prosegu\u00ec nei suoi ideali caparbiamente, pubblicando \u201c<i>Esperienze pastorali<\/i>\u201d, scegliendo la parola, insegnando a criticare a confrontarsi. Era il 1958, nel dicembre dello stesso anno il Sant\u2019Uffizio, dispose il ritiro del libro dalla vendita, perch\u00e8 ritenuto \u201cinopportuno\u201d il contenuto. L\u2019altare dello scandalo assale il priore <i>impenitente<\/i>. <\/span><\/span><\/p>\n<p lang=\"it-IT\"><span style=\"font-family: Times New Roman, serif;\"><span style=\"font-size: medium;\">Dall\u2019<i>esilio <\/i>della canonica del Mugello, un angolo sperduto dell\u2019appennino fiorentino, privo di strada, luce ed acqua, circa <span style=\"color: #222222;\">120 abitanti, una chiesa con canonica, un cimitero e sui monti case sparse qua e l\u00e0, l\u2019azione di Don Lorenzo Milani diviene indelebile. <\/span><span style=\"color: #222222;\"><b>L\u2019arretratezza economica e culturale del piccolo centro<\/b><\/span><span style=\"color: #222222;\"> non arresta il suo scopo, anzi <\/span><span style=\"color: #222222;\"><b>n\u00e9 motiva lo spirito<\/b><\/span><span style=\"color: #222222;\">. Sostenere il disagio di chi non ha possibilit\u00e0 di studiare, attraverso l\u2019istruzione rendendo loro dignit\u00e0 e la forza della parola. <\/span><\/span><\/span><\/p>\n<p lang=\"it-IT\"><img decoding=\"async\" src=\"file:\/\/\/tmp\/lu72651w28r.tmp\/lu72651w294_tmp_97f4f5b8cf7afdc1.jpg\" width=\"231\" height=\"218\" name=\"Immagine 5\" align=\"left\" border=\"0\" hspace=\"12\" \/><\/p>\n<p class=\"western\" lang=\"it-IT\" align=\"justify\"><span style=\"color: #222222;\"><span style=\"font-family: Times New Roman, serif;\"><span style=\"font-size: medium;\">Nel 1967, arriva un\u2019altra scossa diretta alle istituzioni italiane, alla societ\u00e0 alla chiesa.<\/span><\/span><\/span><b><span style=\"color: #222222;\"><span style=\"font-family: Times New Roman, serif;\"><span style=\"font-size: medium;\"> \u201cLettera a una professoressa\u201d<\/span><\/span><\/span><\/b><span style=\"color: #222222;\"><span style=\"font-family: Times New Roman, serif;\"><span style=\"font-size: medium;\">, un libro denuncia, edito dalla <\/span><\/span><\/span><span style=\"color: #000000;\"><span style=\"font-family: Times New Roman, serif;\"><span style=\"font-size: medium;\">casa editrice fiorentina LEF,\u00a0<\/span><\/span><\/span><span style=\"color: #222222;\"><span style=\"font-family: Times New Roman, serif;\"><span style=\"font-size: medium;\">elaborato poco prima della sua scomparsa a 44 anni, per un linfoma di Hodgkin, da Don Milani, insieme ai ragazzi della scuola di Barbiana. Un atto di accusa verso l\u2019intero sistema della scuola italiana fondato su principi classisti in favore delle fasce sociali pi\u00f9 forti, marginalizzando quelle maggiormente fragili. <\/span><\/span><\/span><\/p>\n<p class=\"western\" lang=\"it-IT\" align=\"justify\"><img decoding=\"async\" src=\"file:\/\/\/tmp\/lu72651w28r.tmp\/lu72651w294_tmp_4f6d718d605b9f93.jpg\" width=\"263\" height=\"192\" name=\"Immagine 6\" align=\"left\" border=\"0\" hspace=\"12\" \/><\/p>\n<p class=\"western\" lang=\"it-IT\" align=\"justify\"><span style=\"color: #222222;\"><span style=\"font-family: Times New Roman, serif;\"><span style=\"font-size: medium;\">Alla lettera che non ricevette mai risposta, seguirono invece polemiche sprezzanti dirette a svuotarne l<\/span><\/span><\/span><span style=\"color: #000000;\"><span style=\"font-family: Times New Roman, serif;\"><span style=\"font-size: medium;\">\u2019aspetto pi\u00f9 radicale del messaggio del <\/span><\/span><\/span><span style=\"color: #222222;\"><span style=\"font-family: Times New Roman, serif;\"><span style=\"font-size: medium;\">prete <\/span><\/span><\/span><span style=\"color: #222222;\"><span style=\"font-family: Times New Roman, serif;\"><span style=\"font-size: medium;\"><i>provocatore <\/i><\/span><\/span><\/span><span style=\"color: #222222;\"><span style=\"font-family: Times New Roman, serif;\"><span style=\"font-size: medium;\">che, alzava la propria voce imponendo alla sua classe di studenti di fargli da eco. <\/span><\/span><\/span><\/p>\n<p class=\"western\" lang=\"it-IT\" align=\"justify\"><span style=\"color: #222222;\"><span style=\"font-family: Times New Roman, serif;\"><span style=\"font-size: medium;\">Ma non furono solo attacchi, il pamphlet divenne un manuale degli insegnanti, anim\u00f2 i temi del sessantotto italiano, confluendo nelle grandi battaglie degli anni \u201970 sulla scuola, ed ancora oggi, rappresenta un anello centrale di riflessione, che diviene una esigenza. \u201c<\/span><\/span><\/span><span style=\"font-family: Times New Roman, serif;\"><span style=\"font-size: medium;\"><b>Cara Scuola ti scrivo\u2026L\u2019attualit\u00e0 di <\/b><\/span><\/span><span style=\"font-family: Times New Roman, serif;\"><span style=\"font-size: medium;\"><i><b>Lettera a una professoressa<\/b><\/i><\/span><\/span><span style=\"font-family: Times New Roman, serif;\"><span style=\"font-size: medium;\"><b>\u201d <\/b><\/span><\/span><span style=\"font-family: Times New Roman, serif;\"><span style=\"font-size: medium;\">per le<\/span><\/span><b> <\/b><span style=\"font-family: Times New Roman, serif;\"><span style=\"font-size: medium;\">Edizioni San Paolo, il nuovo libro di<\/span><\/span><span style=\"font-family: Times New Roman, serif;\"><span style=\"font-size: medium;\"><b> Marco Pappalardo, <\/b><\/span><\/span><span style=\"font-family: Times New Roman, serif;\"><span style=\"font-size: medium;\">ruota intorno a questa esigenza.<\/span><\/span><b> <\/b><\/p>\n<p class=\"western\" lang=\"it-IT\" align=\"justify\"><span style=\"font-family: Times New Roman, serif;\"><span style=\"font-size: medium;\">Pappalardo docente di Lettere presso il Liceo Majorana-Arcoleo di Caltagirone, giornalista, scrittore e Direttore dell\u2019Ufficio per la Pastorale Scolastica della diocesi di Catania, interviene nel dibattito mai sopito sul senso della testimonianza degli alunni di Don Milani della scuola di Barbiana, che partendo dalla loro esperienza personale si sono battuti per una Scuola equa e non privilegio solo per i giovani provenienti da famiglie agiate, tralasciando l\u2019istruzione di chi possedeva origini meno fortunate. <\/span><\/span><\/p>\n<p class=\"western\" lang=\"it-IT\" align=\"justify\"><img decoding=\"async\" src=\"file:\/\/\/tmp\/lu72651w28r.tmp\/lu72651w294_tmp_460e065d899dec94.jpg\" width=\"363\" height=\"139\" name=\"Immagine 9\" align=\"left\" border=\"0\" hspace=\"12\" \/><\/p>\n<p class=\"western\" lang=\"it-IT\" align=\"justify\"><a name=\"_GoBack\"><\/a><\/p>\n<p class=\"western\" lang=\"it-IT\" align=\"justify\">\n<p class=\"western\" lang=\"it-IT\" align=\"justify\"><span style=\"font-family: Times New Roman, serif;\"><span style=\"font-size: medium;\">Un libro che si traduce in un atto di cuore nei loro confronti che alla lettera mai hanno avuto riscontro. Pappalardo da insegnante ed educatore intende fornire una spiegazione alla classe di Barbiana. \u201cHo cercato nelle biblioteche e sul web e, a parte importanti e significativi articoli e saggi, non vi \u00e8 una lettera di risposta ufficiale e completa. Io ci ho provato \u2013 afferma l\u2019autore &#8211; ed in queste pagine, quasi fosse un testo a fronte, dopo ogni paragrafo si trovano le mie riflessioni in grassetto. Non sono \u00abuna professoressa\u00bb, ma spero da professore di essere stato comunque all&#8217;altezza di cos\u00ec tante ed intense <\/span><\/span><span style=\"font-family: Times New Roman, serif;\"><span style=\"font-size: medium;\">provocazioni.<\/span><\/span><span style=\"font-family: Times New Roman, serif;\"><span style=\"font-size: medium;\"> Nel capitolo 28, l&#8217;ultimo paragrafo scritto a Barbiana \u00e8 proprio un invito &#8211; con tanto di indirizzo &#8211; affinch\u00e9 qualche docente si faccia vivo; certo io arrivo un po&#8217; tardi, sono di un&#8217;altra generazione, di un altro tipo di scuola, ma credo che gli studenti di Barbiana e le loro parole, con gli insegnamenti di Don Milani, abbiano moltissimo da dire oggi\u201d. <\/span><\/span><\/p>\n<p class=\"western\" lang=\"it-IT\" align=\"justify\"><span style=\"font-family: Times New Roman, serif;\"><span style=\"font-size: medium;\">L\u2019esperienza e gli anni di condivisione con i ragazzi come insegnante rendono l\u2019autore pi\u00f9 che credibile nella sua risposta. Non sar\u00e0 un professore privo di <\/span><\/span><span style=\"font-family: Times New Roman, serif;\"><span style=\"font-size: medium;\"><i>difetti<\/i><\/span><\/span><span style=\"font-family: Times New Roman, serif;\"><span style=\"font-size: medium;\">, lui stesso afferma \u201cNon sempre ho le risposte, sicuramente non ho quelle pronte o per l&#8217;occasione, per\u00f2 cerco di ascoltare, di dedicare tutto il tempo necessario, di dare a ciascuno lo spazio richiesto. A volte le questioni vengono poste davanti a tutta la classe, altre volte privatamente, in ogni caso non restano in sospeso e, quando utile, ci dedichiamo ore intere\u201d. Ed \u00e8 certo il suo rispetto nei confronti dei giovani scrittori del passato: si preoccupa di non scavalcare mai le opinioni o i commenti degli studenti.<\/span><\/span><\/p>\n<p class=\"western\" lang=\"it-IT\" align=\"justify\"><span style=\"font-family: Times New Roman, serif;\"><span style=\"font-size: medium;\">Lo scopo del libro non \u00e8 solo far conoscere la storia di Don Milani e dei suoi allievi, ma anche dare una prospettiva sull\u2019istituzione scolastica attuale e passata. Le parole dell\u2019autore non lasciano spazio a fraintendimenti: \u201cSe io ho molto imparato dalla lettura di \u00abLettera a una professoressa\u00bb \u2013sostiene Marco Pappalardo &#8211; lo \u00e8 grazie alla profondit\u00e0, alla schiettezza, allo stile, all&#8217;arte che esprime; da parte mia ho scritto e risposto come se li stessi ascoltando di persona e colloquiando con loro o con i miei studenti, senza l&#8217;intenzione di insegnare qualcosa\u201d. <\/span><\/span><\/p>\n<p class=\"western\" lang=\"it-IT\" align=\"justify\"><span style=\"font-family: Times New Roman, serif;\"><span style=\"font-size: medium;\">Dunque, questo libro pu\u00f2 essere l&#8217;occasione per leggere (o rileggere) e approfondire i principi espressi nella lettera degli studenti di Don Milani e al tempo stesso riflettere su una nuova prospettiva della scuola e della societ\u00e0. Il volume \u00e8 particolarmente consigliato agli studenti della Secondaria di II grado, a quelli dell\u2019ultimo anno della Secondaria di I grado, ai docenti, agli educatori, ai genitori.<\/span><\/span><\/p>\n<p class=\"western\" lang=\"it-IT\" align=\"justify\"><span style=\"font-family: Times New Roman, serif;\"><span style=\"font-size: medium;\">All\u2019interno del libro di Pappalardo troviamo la versione integrale di \u201cLettera a una professoressa\u201d, raccolta di questioni e problemi rilevati dai ragazzi di Barbiana. Alla quale si aggiungono le equilibrate riflessioni dell\u2019autore, eccellente formatore per cammino esperenziale e propensione d\u2019animo. Citando Don Lorenzo Milani: \u201c<\/span><\/span><span style=\"font-family: Times New Roman, serif;\"><span style=\"font-size: medium;\"><i><b>spesso gli amici mi chiedono come faccio a far scuola. Sbagliano la domanda, non dovrebbero preoccuparsi di come bisogna fare scuola, ma di come bisogna essere per poter fare scuola\u201d. <\/b><\/i><\/span><\/span><\/p>\n<p class=\"western\" lang=\"it-IT\" align=\"justify\"><span style=\"font-family: Times New Roman, serif;\"><span style=\"font-size: medium;\">La visione di Marco Pappalardo \u00e8 molto chiara, contattato da noi, per Paeseitaliapress.it e, i media partner Lafrecciaweb.it, Verbumpress.it, ha dichiarato: \u201cPer il docente la scuola \u00e8 e deve essere un ponte levatoio gettato sulla vita e sulla societ\u00e0, costantemente abbassato per permettere a tutti di essere il re del castello e il cittadino senza alcuna distinzione o sudditanza. La pandemia ha alzato per un attimo il ponte, ma studenti, docenti, personale, famiglie sono stati pronti a portarlo gi\u00f9 saldamente dove pi\u00f9 dove meno.\u00a0La disparit\u00e0 ha avuto il tempo di emergere e un faro ha illuminato, per esempio, il divario tecnologico che \u00e8 paradossalmente una nuova povert\u00e0 oggi\u201d. Secondo il parere di marco Pappalardo, nonostante lamentarsi e recriminare serva a poco, le istituzioni avrebbero dovuto accorgersene ben prima di questa mancanza. <\/span><\/span><\/p>\n<p class=\"western\" lang=\"it-IT\" align=\"justify\"><span style=\"font-family: Times New Roman, serif;\"><span style=\"font-size: medium;\">L\u2019importante adesso \u00e8 far sentire la propria voce e lottare affinch\u00e9 le disparit\u00e0 e la discriminazione non appannino la scuola. Marco Pappalardo ha anche rimarcato: \u201cva affermato con forza che \u00e8 gravissimo che ci siano stati studenti che non abbiano potuto seguire le lezioni a distanza, perch\u00e9 non possedevano un <\/span><\/span><span style=\"font-family: Times New Roman, serif;\"><span style=\"font-size: medium;\"><i>device<\/i><\/span><\/span><span style=\"font-family: Times New Roman, serif;\"><span style=\"font-size: medium;\"> o una connessione adeguata oppure poich\u00e9 non erano stati formati adeguatamente, cos\u00ec come \u00e8 stato fatto in \u201cLettera a una professoressa\u201d. <\/span><\/span><\/p>\n<p class=\"western\" lang=\"it-IT\" align=\"justify\"><span style=\"font-family: Times New Roman, serif;\"><span style=\"font-size: medium;\">\u00c8 importante sottolineare che molti ragazzi sono stati privati nel passato della possibilit\u00e0 di studiare, ma la miseria non pu\u00f2 pi\u00f9 essere una scusa. \u201cUn tempo la scuola\u00a0non aboliva la miseria, oggi \u00e8 necessario che accada a partire dall\u2019ascolto degli studenti, dalle loro giovani idee, dal confronto con i docenti, da una formazione adeguata, dal dialogo con le famiglie\u201d.<\/span><\/span><\/p>\n<p class=\"western\" lang=\"it-IT\" align=\"justify\"><span style=\"font-family: Times New Roman, serif;\"><span style=\"font-size: medium;\">Sar\u00e0 proprio questo il segreto per migliorare l\u2019istituzione scolastica italiana? <\/span><\/span><\/p>\n<p class=\"western\" lang=\"it-IT\" align=\"justify\"><span style=\"font-family: Times New Roman, serif;\"><span style=\"font-size: medium;\">Perch\u00e9 non iniziare a scoprirlo, leggendo \u201c<\/span><\/span><span style=\"font-family: Times New Roman, serif;\"><span style=\"font-size: medium;\"><b>Cara Scuola ti scrivo\u2026L\u2019attualit\u00e0 di <\/b><\/span><\/span><span style=\"font-family: Times New Roman, serif;\"><span style=\"font-size: medium;\"><i><b>Lettera a una professoressa<\/b><\/i><\/span><\/span><span style=\"font-family: Times New Roman, serif;\"><span style=\"font-size: medium;\">\u201d. <\/span><\/span><\/p>\n<p class=\"western\" lang=\"it-IT\" align=\"justify\">\n<p class=\"western\" lang=\"it-IT\" align=\"justify\">\n<p class=\"western\" lang=\"it-IT\" align=\"justify\"><span style=\"font-family: Times New Roman, serif;\"><span style=\"font-size: medium;\">Brevi cenni biografici dell\u2019autore<\/span><\/span><\/p>\n<p class=\"western\" lang=\"it-IT\" align=\"justify\"><img decoding=\"async\" src=\"file:\/\/\/tmp\/lu72651w28r.tmp\/lu72651w294_tmp_7ec15feec49fe491.jpg\" width=\"167\" height=\"173\" name=\"Immagine 8\" align=\"left\" border=\"0\" hspace=\"12\" \/><\/p>\n<p class=\"western\" lang=\"it-IT\" align=\"justify\"><span style=\"font-family: Times New Roman, serif;\"><span style=\"font-size: medium;\"><b>Marco Pappalardo, <\/b><\/span><\/span><span style=\"font-family: Times New Roman, serif;\"><span style=\"font-size: medium;\">vive a Catania ed<\/span><\/span><b> <\/b><span style=\"font-family: Times New Roman, serif;\"><span style=\"font-size: medium;\"> \u00e8 docente di Lettere a Caltagirone presso il Liceo Majorana-Arcoleo, Giornalista pubblicista, collabora con L\u2019Osservatore Romano, Avvenire, Credere, La Sicilia e con diversi blog di informazione. Ha scritto oltre trenta libri su temi educativi, sociali, religiosi, formativi per le editrici San Paolo, Libreria Editrice Vaticana, Elledici, Effat\u00e0, Il Pozzo di Giacobbe, Paoline, alcuni dei quali tradotti in pi\u00f9 lingue. <\/span><\/span><\/p>\n<p class=\"western\" lang=\"it-IT\">\n<p class=\"western\" lang=\"it-IT\">\n<p class=\"western\" lang=\"it-IT\">\n<p class=\"western\" lang=\"it-IT\">\n<p lang=\"it-IT\">\n<p lang=\"it-IT\">\n<p lang=\"it-IT\">\n","protected":false},"excerpt":{"rendered":"<p>&nbsp; Don Milani il \u201cprovocatore\u201d. Cara Scuola ti scrivo\u2026L\u2019attualit\u00e0 di Lettera a una professoressa, il volume di Marco Pappalardo di [&hellip;]<\/p>\n","protected":false},"author":1,"featured_media":0,"comment_status":"open","ping_status":"open","sticky":false,"template":"","format":"standard","meta":{"footnotes":""},"categories":[10,22],"tags":[],"class_list":["post-29988","post","type-post","status-publish","format-standard","hentry","category-italiano","category-libros-y-revistas-literatura"],"_links":{"self":[{"href":"https:\/\/www.ecoitaliano.com.ar\/index.php?rest_route=\/wp\/v2\/posts\/29988","targetHints":{"allow":["GET"]}}],"collection":[{"href":"https:\/\/www.ecoitaliano.com.ar\/index.php?rest_route=\/wp\/v2\/posts"}],"about":[{"href":"https:\/\/www.ecoitaliano.com.ar\/index.php?rest_route=\/wp\/v2\/types\/post"}],"author":[{"embeddable":true,"href":"https:\/\/www.ecoitaliano.com.ar\/index.php?rest_route=\/wp\/v2\/users\/1"}],"replies":[{"embeddable":true,"href":"https:\/\/www.ecoitaliano.com.ar\/index.php?rest_route=%2Fwp%2Fv2%2Fcomments&post=29988"}],"version-history":[{"count":0,"href":"https:\/\/www.ecoitaliano.com.ar\/index.php?rest_route=\/wp\/v2\/posts\/29988\/revisions"}],"wp:attachment":[{"href":"https:\/\/www.ecoitaliano.com.ar\/index.php?rest_route=%2Fwp%2Fv2%2Fmedia&parent=29988"}],"wp:term":[{"taxonomy":"category","embeddable":true,"href":"https:\/\/www.ecoitaliano.com.ar\/index.php?rest_route=%2Fwp%2Fv2%2Fcategories&post=29988"},{"taxonomy":"post_tag","embeddable":true,"href":"https:\/\/www.ecoitaliano.com.ar\/index.php?rest_route=%2Fwp%2Fv2%2Ftags&post=29988"}],"curies":[{"name":"wp","href":"https:\/\/api.w.org\/{rel}","templated":true}]}}