{"id":30114,"date":"2022-11-17T09:15:19","date_gmt":"2022-11-17T09:15:19","guid":{"rendered":"http:\/\/www.ecoitaliano.com.ar\/?p=30114"},"modified":"2022-11-17T09:15:19","modified_gmt":"2022-11-17T09:15:19","slug":"le-migrazioni-di-oggi-e-quelle-di-ieri-di-angela-casilli","status":"publish","type":"post","link":"https:\/\/www.ecoitaliano.com.ar\/?p=30114","title":{"rendered":"Le migrazioni di oggi e quelle di ieri di Angela Casilli"},"content":{"rendered":"<p><a href=\"http:\/\/www.ecoitaliano.com.ar\/wp-content\/uploads\/2022\/11\/Angela-Casilli.1.png\"><img decoding=\"async\" class=\"alignnone size-full wp-image-30115\" src=\"http:\/\/www.ecoitaliano.com.ar\/wp-content\/uploads\/2022\/11\/Angela-Casilli.1.png\" alt=\"\" width=\"291\" height=\"374\" srcset=\"https:\/\/www.ecoitaliano.com.ar\/wp-content\/uploads\/2022\/11\/Angela-Casilli.1.png 291w, https:\/\/www.ecoitaliano.com.ar\/wp-content\/uploads\/2022\/11\/Angela-Casilli.1-233x300.png 233w, https:\/\/www.ecoitaliano.com.ar\/wp-content\/uploads\/2022\/11\/Angela-Casilli.1-117x150.png 117w\" sizes=\"(max-width: 291px) 100vw, 291px\" \/><\/a><\/p>\n<p>&nbsp;<\/p>\n<p align=\"center\"><span style=\"font-family: Book Antiqua, serif;\"><span style=\"font-size: xx-large;\"><b>Le migrazioni di oggi e quelle di ieri<\/b><\/span><\/span><\/p>\n<p align=\"justify\"><span style=\"font-family: Book Antiqua, serif;\"><span style=\"font-size: medium;\">In questi giorni il tema dell\u2019immigrazione \u00e8 tornato prepotentemente all\u2019ordine del giorno e la propaganda politica che, nel nostro Paese, non manca mai, sta inasprendo i termini del problema senza che all\u2019orizzonte si intraveda una soluzione realistica e concreta. <\/span><\/span><\/p>\n<p align=\"justify\"><span style=\"font-family: Book Antiqua, serif;\"><span style=\"font-size: medium;\">La tensione fra Francia e Italia di queste ultime ore, ancora una volta dimostra che una soluzione al problema si pu\u00f2 solo trovare in ambito europeo ma, sia la retorica di sinistra sui porti aperti, sia la retorica di destra che criminalizza ogni arrivo, sono la dimostrazione che in realt\u00e0 non si vuole affrontare seriamente il problema. <\/span><\/span><\/p>\n<p align=\"justify\"><span style=\"font-family: Book Antiqua, serif;\"><span style=\"font-size: medium;\">Chiudere le rotte dell\u2019immigrazione illegale, rispettando il diritto internazionale e i principi umanitari, \u00e8 basilare per governare il fenomeno in modo serio. Nessuno dei Paesi europei apre i porti a chiunque, indiscriminatamente, ma solo dopo opportune verifiche cautelative e in presenza di motivate richieste di asilo.<\/span><\/span><\/p>\n<p align=\"justify\"><span style=\"font-family: Book Antiqua, serif;\"><span style=\"font-size: medium;\">Parlare di migrazioni oggi \u00e8 certamente di attualit\u00e0 ma, esse sono sempre esistite, sono diverse le modalit\u00e0 con le quali avvengono rispetto al passato. Nell\u2019 ottavo secolo a.C., alla fine del cosiddetto Medioevo ellenico, la Grecia ebbe un vero e proprio <\/span><\/span><span style=\"color: #ff0000;\"><span style=\"font-family: Book Antiqua, serif;\"><span style=\"font-size: medium;\">surplus <\/span><\/span><\/span><span style=\"font-family: Book Antiqua, serif;\"><span style=\"font-size: medium;\">demografico, difficile da riassorbire e le cui cause vanno ricercate in una vera e propria rivoluzione agraria che, da una parte sollecit\u00f2 strutture sociali pi\u00f9 ordinate ed efficienti, dall\u2019altra l\u2019espansione migratoria nel Mediterraneo, in primis in Italia.<\/span><\/span><\/p>\n<p align=\"justify\"><span style=\"font-family: Book Antiqua, serif;\"><span style=\"font-size: medium;\">Si parla di colonizzazione provocata dalla necessit\u00e0 di espandere il proprio territorio a seguito della crescente pressione demografica ma pur sempre di migrazione si tratta, di ricerca di un approdo sufficiente a sfamare una popolazione in eccesso e consentirle nel contempo, un decoroso tenore di vita.<\/span><\/span><\/p>\n<p align=\"justify\"><span style=\"font-family: Book Antiqua, serif;\"><span style=\"font-size: medium;\">Le migrazioni di oggi, che interessano ancora il Mediterraneo, sono anch\u2019esse dovute ad un exploit demografico, che l\u2019Africa non riesce a riassorbire e l\u2019Europa si rifiuta di accogliere e vengono paragonate spesso a quelle che ci furono tra la fine dell\u2019Impero Romano e il Medioevo, quando Goti, Vandali, Longobardi invasero l\u2019Impero.<\/span><\/span><\/p>\n<p align=\"justify\"><span style=\"font-family: Book Antiqua, serif;\"><span style=\"font-size: medium;\">Esiste tuttavia un elemento distintivo che \u00e8 quello di essere stati dai Romani addestrati a combattere al loro fianco, sia nei conflitti interni, sia nella difesa dell\u2019Impero dall\u2019attacco di altri barbari non civilizzati. A lungo andare questi barbari romanizzati finirono per perseguire i propri interessi, staccandosi lentamente dall\u2019autorit\u00e0 centrale e affermando il proprio potere senza trovare resistenza.<\/span><\/span><\/p>\n<p align=\"justify\"><span style=\"font-family: Book Antiqua, serif;\"><span style=\"font-size: medium;\">Migrazioni, quindi, di guerrieri professionisti che si imposero come nuovi padroni nei Paesi dove si insediarono, con un processo del tutto diverso dall\u2019arrivo degli emigranti di oggi, gran parte dei quali, se riescono nell\u2019intento, si inseriscono nelle nostre societ\u00e0 dal basso e non dall\u2019alto.<\/span><\/span><\/p>\n<p align=\"justify\"><span style=\"font-family: Book Antiqua, serif;\"><span style=\"font-size: medium;\">Le migrazioni sia da est che da ovest verso il Mediterraneo, ci sono sempre state, almeno \u00e8 quello che attestano le fonti scritte in nostro possesso e, l\u2019Impero Romano fu quello che conosciamo, perch\u00e9 utilizz\u00f2 milioni di barbari per diventare quello che fu, il pi\u00f9 grande Impero dell\u2019antichit\u00e0. Le immagini dei migranti che arrivano sulle nostre coste, rimandano a quelle dei barbari di un tempo ormai lontano. Un vero chiaroscuro tra noi e gli altri e non saranno certo i muri che qualche Paese della Comunit\u00e0 Europea, ha eretto a proteggere la nostra civilt\u00e0.<\/span><\/span><\/p>\n<p align=\"justify\"><span style=\"font-family: Book Antiqua, serif;\"><span style=\"font-size: medium;\">Paradossalmente, ancora una volta la storia viene in nostro soccorso, perch\u00e9 l\u2019Impero fu pi\u00f9 sicuro quando le citt\u00e0 non ebbero mura e le frontiere non furono pi\u00f9 fortificate: dunque fino al terzo secolo d.C.<\/span><\/span><\/p>\n<p align=\"justify\"><span style=\"font-family: Book Antiqua, serif;\"><span style=\"font-size: medium;\">Abbastanza diffusa \u00e8 oggi, inoltre, la tendenza ad assimilare il migrante al barbaro di una volta, ma per i Greci, barbaro era chi parlava in modo incomprensibile. I migranti che vediamo arrivare sui barconi, o sulle navi ONG, parlano tutti inglese, si fanno capire e ci capiscono; usare con loro il termine di barbaro in senso dispregiativo, vuol dire rimarcare una distinzione culturale, un senso di superiorit\u00e0, un insieme di pregiudizi, una nascosta paura del diverso da noi di cui non sappiamo nulla o quasi nulla.<\/span><\/span><\/p>\n<p align=\"justify\"><span style=\"font-family: Book Antiqua, serif;\"><span style=\"font-size: medium;\">Oggi costruire muri non \u00e8 un segno di potere, sembra indicare una palese debolezza della civilt\u00e0 che l\u2019utilizza per tenere lontano chi \u00e8 in difficolt\u00e0 e chiede aiuto. Quanto scritto ripropone, ancora una volta, la necessit\u00e0 di ricordare quanto accaduto nel passato, per capire meglio il presente e costruire il futuro. <\/span><\/span><\/p>\n<p align=\"justify\"><span style=\"font-family: Book Antiqua, serif;\"><span style=\"font-size: medium;\">Senza memoria non c\u2019\u00e8 futuro, ma per avere l\u2019una e costruire l\u2019altro, occorre conoscere le nostra storia, capire chi siamo, da dove veniamo e dove vogliamo andare; iniziare un cammino lungo e difficile, il pi\u00f9 possibile condiviso anche dagli altri. <\/span><\/span><\/p>\n<p align=\"justify\"><a name=\"_GoBack\"><\/a><span style=\"font-family: Book Antiqua, serif;\"><span style=\"font-size: medium;\"><b>Angela Casilli<\/b><\/span><\/span><\/p>\n<p><strong><em>Tutte l\u2019opinioni versati nel sito correspondono solo a chi la manifesta. Non e necessariamente l\u2019opinione della Direzione.<\/em><\/strong><\/p>\n","protected":false},"excerpt":{"rendered":"<p>&nbsp; Le migrazioni di oggi e quelle di ieri In questi giorni il tema dell\u2019immigrazione \u00e8 tornato prepotentemente all\u2019ordine del [&hellip;]<\/p>\n","protected":false},"author":1,"featured_media":0,"comment_status":"open","ping_status":"open","sticky":false,"template":"","format":"standard","meta":{"footnotes":""},"categories":[10,35],"tags":[],"class_list":["post-30114","post","type-post","status-publish","format-standard","hentry","category-italiano","category-opiniones"],"_links":{"self":[{"href":"https:\/\/www.ecoitaliano.com.ar\/index.php?rest_route=\/wp\/v2\/posts\/30114","targetHints":{"allow":["GET"]}}],"collection":[{"href":"https:\/\/www.ecoitaliano.com.ar\/index.php?rest_route=\/wp\/v2\/posts"}],"about":[{"href":"https:\/\/www.ecoitaliano.com.ar\/index.php?rest_route=\/wp\/v2\/types\/post"}],"author":[{"embeddable":true,"href":"https:\/\/www.ecoitaliano.com.ar\/index.php?rest_route=\/wp\/v2\/users\/1"}],"replies":[{"embeddable":true,"href":"https:\/\/www.ecoitaliano.com.ar\/index.php?rest_route=%2Fwp%2Fv2%2Fcomments&post=30114"}],"version-history":[{"count":0,"href":"https:\/\/www.ecoitaliano.com.ar\/index.php?rest_route=\/wp\/v2\/posts\/30114\/revisions"}],"wp:attachment":[{"href":"https:\/\/www.ecoitaliano.com.ar\/index.php?rest_route=%2Fwp%2Fv2%2Fmedia&parent=30114"}],"wp:term":[{"taxonomy":"category","embeddable":true,"href":"https:\/\/www.ecoitaliano.com.ar\/index.php?rest_route=%2Fwp%2Fv2%2Fcategories&post=30114"},{"taxonomy":"post_tag","embeddable":true,"href":"https:\/\/www.ecoitaliano.com.ar\/index.php?rest_route=%2Fwp%2Fv2%2Ftags&post=30114"}],"curies":[{"name":"wp","href":"https:\/\/api.w.org\/{rel}","templated":true}]}}