{"id":30117,"date":"2022-11-17T09:20:21","date_gmt":"2022-11-17T09:20:21","guid":{"rendered":"http:\/\/www.ecoitaliano.com.ar\/?p=30117"},"modified":"2022-11-17T09:20:21","modified_gmt":"2022-11-17T09:20:21","slug":"politicamente-scorretto-il-programma-di-venerdi-18-novembre-2022-casalecchio-di-reno-bo","status":"publish","type":"post","link":"https:\/\/www.ecoitaliano.com.ar\/?p=30117","title":{"rendered":"Politicamente Scorretto: il programma di venerd\u00ec 18 novembre 2022 &#8211; Casalecchio di Reno (BO)"},"content":{"rendered":"<p><a href=\"https:\/\/culturaliart.musvc2.net\/e\/r?q=K8%3dE4K9P_2rlw_C2_Axcq_KC_2rlw_B72XmUu.Jk05Rz45FoEC.0yD_Axcq_KCp_IjzZ_SyOxC.tPzO_Axcq_KC_2rlw_C77Ao_IjzZ_TwO8_IjzZ_SyT8_-3wD_2rlw_C50Vp5R_Oati_ZnOE_UG2K9_2rlw_C2_Axcq_LAGWt9oT.Sf_2rlw_BWG_Oati_ZnGE_Oati_YF3_Axcq_Kc8_IjzZ_TwMz_IjzZ_SOQ8.-T_Axcq_L8-HTu893MC_2rlw_C50LAI9uMmf%260%3dIRLaB%265%3d6R3MvY.x6C%26F3%3dRJeER%265%3dX%26x%3dYQc2t8k%26y%3dSSdJZ%26C%3dXGVQXGVSeI&amp;mupckp=mupAtu4m8OiX0wt\" target=\"_blank\" rel=\"noopener\" name=\"m_-2058053291767751041_showInBrowser\" data-saferedirecturl=\"https:\/\/www.google.com\/url?q=https:\/\/culturaliart.musvc2.net\/e\/r?q%3DK8%253dE4K9P_2rlw_C2_Axcq_KC_2rlw_B72XmUu.Jk05Rz45FoEC.0yD_Axcq_KCp_IjzZ_SyOxC.tPzO_Axcq_KC_2rlw_C77Ao_IjzZ_TwO8_IjzZ_SyT8_-3wD_2rlw_C50Vp5R_Oati_ZnOE_UG2K9_2rlw_C2_Axcq_LAGWt9oT.Sf_2rlw_BWG_Oati_ZnGE_Oati_YF3_Axcq_Kc8_IjzZ_TwMz_IjzZ_SOQ8.-T_Axcq_L8-HTu893MC_2rlw_C50LAI9uMmf%25260%253dIRLaB%25265%253d6R3MvY.x6C%2526F3%253dRJeER%25265%253dX%2526x%253dYQc2t8k%2526y%253dSSdJZ%2526C%253dXGVQXGVSeI%26mupckp%3DmupAtu4m8OiX0wt&amp;source=gmail&amp;ust=1668762721061000&amp;usg=AOvVaw0pVbpUKhteueHoixiYeEH9\"><\/a><\/p>\n<table role=\"presentation\" border=\"0\" width=\"100%\" cellspacing=\"0\" cellpadding=\"0\">\n<tbody>\n<tr>\n<td>\n<table role=\"presentation\" border=\"0\" width=\"100%\" cellspacing=\"0\" cellpadding=\"0\" align=\"center\">\n<tbody>\n<tr>\n<td>\n<table class=\"m_-2058053291767751041row-content m_-2058053291767751041stack\" role=\"presentation\" border=\"0\" width=\"600\" cellspacing=\"0\" cellpadding=\"0\" align=\"center\">\n<tbody>\n<tr>\n<td class=\"m_-2058053291767751041column\" width=\"100%\">\n<table class=\"m_-2058053291767751041image_block\" role=\"presentation\" border=\"0\" width=\"100%\" cellspacing=\"0\" cellpadding=\"0\">\n<tbody>\n<tr>\n<td>\n<div align=\"center\"><img decoding=\"async\" class=\"m_-2058053291767751041big CToWUd a6T\" tabindex=\"0\" src=\"https:\/\/ci5.googleusercontent.com\/proxy\/u7nLnS0AuqD79X5MroZoz1ZE0tYLy1zryAnjMGTERx1YwF5ChTfeGbEwykkLyJQqBpFe3pG1KkkGG_WewdRdEKQfBhy-AuoUgWRN25wqWnvZdn6yJA4YN-MthhH5OCbFsO-LjlR9ljU=s0-d-e1-ft#https:\/\/culturaliart.img.musvc2.net\/static\/91342\/images\/1\/header_websitePS2022(0).jpg\" width=\"600\" data-bit=\"iit\" \/><\/div>\n<\/td>\n<\/tr>\n<\/tbody>\n<\/table>\n<\/td>\n<\/tr>\n<\/tbody>\n<\/table>\n<\/td>\n<\/tr>\n<\/tbody>\n<\/table>\n<\/td>\n<\/tr>\n<\/tbody>\n<\/table>\n<table role=\"presentation\" border=\"0\" width=\"100%\" cellspacing=\"0\" cellpadding=\"10\">\n<tbody>\n<tr>\n<td>\n<div>\n<div>\n<p><u><strong>COMUNICATO STAMPA<\/strong><\/u><\/p>\n<\/div>\n<\/div>\n<\/td>\n<\/tr>\n<\/tbody>\n<\/table>\n<table role=\"presentation\" border=\"0\" width=\"100%\" cellspacing=\"0\" cellpadding=\"10\">\n<tbody>\n<tr>\n<td>\n<div>\n<div>\n<p><strong>Politicamente Scorretto 2022: <\/strong><\/p>\n<p><strong>Verit\u00e0, unica Ragione di Stato<\/strong><\/p>\n<p>&nbsp;<\/p>\n<p><strong>Gli eventi di venerd\u00ec 18 novembre 2022<\/strong><\/p>\n<p>&nbsp;<\/p>\n<p><em>La rassegna curata da Carlo Lucarelli torna a Casalecchio di Reno (BO) <\/em><\/p>\n<p><em>con una XVII edizione ricca di novit\u00e0<\/em><\/p>\n<\/div>\n<\/div>\n<\/td>\n<\/tr>\n<\/tbody>\n<\/table>\n<table class=\"m_-2058053291767751041image_block\" role=\"presentation\" border=\"0\" width=\"100%\" cellspacing=\"0\" cellpadding=\"0\">\n<tbody>\n<tr>\n<td>\n<div align=\"center\"><img decoding=\"async\" class=\"m_-2058053291767751041big CToWUd a6T\" tabindex=\"0\" src=\"https:\/\/ci5.googleusercontent.com\/proxy\/x2n3GUEjch7dTgm-sM_zYF_sFhd8cJQu-uTCIPSa4QRKPdAVEaDIJBs4v2Y_Cd8Dnep0yBm_qg_C5cWeEl6cThsiNf5thLP3B6mBsa1jnpNpUbBO-L-tljeJR0fp967XT4WrEma_9aEJzRMmf-78KZaJsBvByTH4wmf6ySU0=s0-d-e1-ft#https:\/\/culturaliart.img.musvc2.net\/static\/91342\/images\/1\/20211006_OTTAVIA_PICCOLO_OMA_1294-1-678x381-1.jpg\" width=\"570\" data-bit=\"iit\" \/><\/div>\n<\/td>\n<\/tr>\n<\/tbody>\n<\/table>\n<table role=\"presentation\" border=\"0\" width=\"100%\" cellspacing=\"0\" cellpadding=\"0\" align=\"center\">\n<tbody>\n<tr>\n<td>\n<table class=\"m_-2058053291767751041row-content m_-2058053291767751041stack\" role=\"presentation\" border=\"0\" width=\"600\" cellspacing=\"0\" cellpadding=\"0\" align=\"center\">\n<tbody>\n<tr>\n<td class=\"m_-2058053291767751041column\" width=\"100%\">\n<table role=\"presentation\" border=\"0\" width=\"100%\" cellspacing=\"0\" cellpadding=\"10\">\n<tbody>\n<tr>\n<td>\n<div align=\"center\">\n<table role=\"presentation\" border=\"0\" width=\"100%\" cellspacing=\"0\" cellpadding=\"0\">\n<tbody>\n<tr>\n<td><\/td>\n<\/tr>\n<\/tbody>\n<\/table>\n<\/div>\n<\/td>\n<\/tr>\n<\/tbody>\n<\/table>\n<table role=\"presentation\" border=\"0\" width=\"100%\" cellspacing=\"0\" cellpadding=\"10\">\n<tbody>\n<tr>\n<td>\n<div>\n<div>\n<p><strong>Dal 15 al 20 novembre 2022<\/strong><\/p>\n<p><strong>Casalecchio di Reno (BO)<\/strong><\/p>\n<p><strong>\u00a0<\/strong><\/p>\n<p><strong>Workshop, panel e spettacoli teatrali<\/strong>: la quarta giornata di <strong>Politicamente Scorretto<\/strong> prevede un programma ricco di eventi a <strong>Casalecchio di Reno<\/strong>, tutti dedicati ai <strong>valori di giustizia, solidariet\u00e0 e legalit\u00e0. <\/strong>Giunto alla <strong>XVII edizione,<\/strong> Politicamente Scorretto, la rassegna ideata dal servizio <strong>Casalecchio delle Culture<\/strong> in collaborazione con <strong>Carlo Lucarelli, <\/strong>\u00e8 molto pi\u00f9 che un festival: \u00e8 l\u2019evento che da anni riunisce <strong>intellettuali, giornalisti, scrittori, performer, artisti, attivisti, personaggi di rilievo nazionale, istituzioni e cittadini<\/strong> in un unico luogo per testimoniare un impegno concreto, e quotidiano, al contrasto delle mafie e dell\u2019illegalit\u00e0 attraverso i diversi linguaggi della cultura.<\/p>\n<p>&nbsp;<\/p>\n<p>&nbsp;<\/p>\n<p><strong>IL PROGRAMMA DI VENERD\u00ec 18 NOVEMBRE 2022<\/strong><\/p>\n<p>&nbsp;<\/p>\n<p><strong>Venerd\u00ec 18 novembre 2022<\/strong> alle ore 14.30 al centro socio-culturale San Biagio ospiter\u00e0 il <strong>workshop dedicato al giornalismo d\u2019inchiesta, assoluta novit\u00e0 di questa edizione<\/strong>, realizzato in collaborazione con <strong>Libera Bologna<\/strong>,<strong> Ordine dei Giornalisti Emilia-Romagna e Fondazione Ordine dei Giornalisti Emilia-Romagna<\/strong>.<\/p>\n<p>&nbsp;<\/p>\n<p>\u201c<strong><em>Politicamente Scorretto e il giornalismo d\u2019inchiesta. I linguaggi per raccontare mafie e corruzione da Mani Pulite ad oggi<\/em><\/strong>\u201d sar\u00e0 un laboratorio aperto al pubblico e ai giornalisti che affronter\u00e0 il tema del giornalismo d\u2019inchiesta attraverso due panel tematici: \u201c<strong><em>Raccontare mafie invisibili e corruzione e i loro effetti sulla vita democratica<\/em><\/strong>\u201d e \u201c<strong><em>Il linguaggio giornalistico che muta: nuovi e vecchi strumenti per raccontare mafie e criminalit\u00e0<\/em><\/strong>\u201d. A guidare i partecipanti alcune firme di prestigio del giornalismo italiano: <strong>Diego Gandolfo<\/strong>, gi\u00e0 vincitore del Premio Morrione, ha collaborato con la Repubblica, il Manifesto, Presadiretta, Le Iene, Report e con la BBC; <strong>Elena Ciccarello<\/strong>, direttrice responsabile della rivista Lavialibera che si occupa di mafie, corruzione, ambiente e migrazioni; <strong>Alberto Vannucci<\/strong>, professore di Scienza politica all&#8217;Universit\u00e0 di Pisa, da anni si occupa di studi e ricerche sulla corruzione; <strong>Alberto Nerazzini<\/strong>, giornalista investigativo, \u00e8 co-fondatore e vicepresidente di DIG, festival internazionale che celebra e supporta il giornalismo investigativo; <strong>Chiara D\u2019Ambros<\/strong>, giornalista, filmaker, regista e autrice di podcast per Radio3, autrice di programmi per Rai3; <strong>Luca Quagliato<\/strong>, fotografo e videomaker, dal 2014 si occupa di tematiche ambientali insieme al giornalista Luca Rinaldi con il progetto \u201cLa Terra di Sotto\u201d, edito da Penisola Edizioni nel 2020. Coordinano il workshop <strong>Sofia Nardacchione <\/strong>(Libera Bologna) e <strong>Lorenzo Bezzi<\/strong> (Giovani Reporter). <strong>Posti in esaurimento<\/strong>. Partecipazione gratuita con obbligo di prenotazione: per i giornalisti iscrizione su <a href=\"https:\/\/culturaliart.musvc2.net\/e\/t?q=6%3dVX7WO%26I%3d5%26G%3dUe0%26H%3dOgAcV%26R%3dlMGM_vtpw_74_ExWs_OC_vtpw_69JT1.9BOq4MFsG2DmHEKeE6PxB.6Q_vtpw_69_ExWs_PCyM0_PsNE0i_KnzT_V4x8e1KiPFIiMGBv_KnzT_USRxF_0BhBHJ_vtpw_772JeB9_OUvm_Y0NGJ_g40MeB4K_vtpw_7708mEHM%26h%3dFHPz6O.KiM%266P%3d5TUb5&amp;mupckp=mupAtu4m8OiX0wt\" target=\"_blank\" rel=\"noopener\" data-saferedirecturl=\"https:\/\/www.google.com\/url?q=https:\/\/culturaliart.musvc2.net\/e\/t?q%3D6%253dVX7WO%2526I%253d5%2526G%253dUe0%2526H%253dOgAcV%2526R%253dlMGM_vtpw_74_ExWs_OC_vtpw_69JT1.9BOq4MFsG2DmHEKeE6PxB.6Q_vtpw_69_ExWs_PCyM0_PsNE0i_KnzT_V4x8e1KiPFIiMGBv_KnzT_USRxF_0BhBHJ_vtpw_772JeB9_OUvm_Y0NGJ_g40MeB4K_vtpw_7708mEHM%2526h%253dFHPz6O.KiM%25266P%253d5TUb5%26mupckp%3DmupAtu4m8OiX0wt&amp;source=gmail&amp;ust=1668762721061000&amp;usg=AOvVaw27YJInV-FuZsAymqQ_BzRT\">www.formazionegiornalisti.it<\/a> (max. 40 posti, 4 crediti formativi), per il pubblico iscrizione per email a <a href=\"mailto:info@politicamentescorretto.org\" target=\"_blank\" rel=\"noopener\">info@politicamentescorretto.<wbr \/>org<\/a> (max. 25 posti). \u00c8 possibile seguire il workshop anche in diretta streaming sul <a href=\"https:\/\/culturaliart.musvc2.net\/e\/t?q=8%3dDXIY7%26I%3dG%26I%3dCeL%26J%3d7gMeD%26R%3dxOyM9_MVzf_Xf_OgxU_Yv_MVzf_WkTCR.4LAOz9u.8tJ_8vXw_HAuL2NhL8MjQ0J_wxiu_8CAOr_P5Pw0u_MVzf_X6f8qiKuRxIuOyB8_MVzf_WAR0H_rBtDzJ_8vXw_I9jJqDq_OgxU_YLPyJ_s6rMqDlK_8vXw_I9r8yGzM%26t%3dHzPB87.KuO%26nP%3dGVCbG&amp;mupckp=mupAtu4m8OiX0wt\" target=\"_blank\" rel=\"noopener\" data-saferedirecturl=\"https:\/\/www.google.com\/url?q=https:\/\/culturaliart.musvc2.net\/e\/t?q%3D8%253dDXIY7%2526I%253dG%2526I%253dCeL%2526J%253d7gMeD%2526R%253dxOyM9_MVzf_Xf_OgxU_Yv_MVzf_WkTCR.4LAOz9u.8tJ_8vXw_HAuL2NhL8MjQ0J_wxiu_8CAOr_P5Pw0u_MVzf_X6f8qiKuRxIuOyB8_MVzf_WAR0H_rBtDzJ_8vXw_I9jJqDq_OgxU_YLPyJ_s6rMqDlK_8vXw_I9r8yGzM%2526t%253dHzPB87.KuO%2526nP%253dGVCbG%26mupckp%3DmupAtu4m8OiX0wt&amp;source=gmail&amp;ust=1668762721061000&amp;usg=AOvVaw2MoBPbvUk1TT3BXZ6VUnWB\">canale Youtube<\/a> e la <a href=\"https:\/\/culturaliart.musvc2.net\/e\/t?q=A%3dPQAbI%26B%3d9%26L%3dOXD%26M%3dIZEhP%26K%3dpRAF1_PhsX_ar_HY1g_Rn_PhsX_ZwM5U.w1kCsEwI.tEu_PhsX_ZwFwJzJqArCmLA51A6HzCAJw.M97_zyjp_ADBJu_Q6KzAv_HY1g_SlLvM1JvJ2C9_HY1g_RDSAC_uCu93K_9qax_J4mKr9t_PhsX_ZMK2K_t1uNr9oL_9qax_J4u9zB3N%26u%3dC3QC30.L9r1ivJ%26qQ%3dHQFcH&amp;mupckp=mupAtu4m8OiX0wt\" target=\"_blank\" rel=\"noopener\" data-saferedirecturl=\"https:\/\/www.google.com\/url?q=https:\/\/culturaliart.musvc2.net\/e\/t?q%3DA%253dPQAbI%2526B%253d9%2526L%253dOXD%2526M%253dIZEhP%2526K%253dpRAF1_PhsX_ar_HY1g_Rn_PhsX_ZwM5U.w1kCsEwI.tEu_PhsX_ZwFwJzJqArCmLA51A6HzCAJw.M97_zyjp_ADBJu_Q6KzAv_HY1g_SlLvM1JvJ2C9_HY1g_RDSAC_uCu93K_9qax_J4mKr9t_PhsX_ZMK2K_t1uNr9oL_9qax_J4u9zB3N%2526u%253dC3QC30.L9r1ivJ%2526qQ%253dHQFcH%26mupckp%3DmupAtu4m8OiX0wt&amp;source=gmail&amp;ust=1668762721061000&amp;usg=AOvVaw1l0UflB00VRMkRxELLZ6kn\">pagina Facebook<\/a>della manifestazione.<\/p>\n<p>&nbsp;<\/p>\n<p>Alle ore 18.30 la rassegna proseguir\u00e0 alla <strong>Casa della Conoscenza<\/strong> con l\u2019evento \u201c<strong><em>Donne e Antimafia<\/em><\/strong>\u201d a cura di <strong>ATER Fondazione<\/strong>: una conversazione tra <strong>Antonella Beccaria<\/strong>, giornalista che si occupa di terrorismo e strategia della tensione, <strong>Rosaria Capacchione<\/strong>, giornalista e politica, <strong>Valeria Scafetta<\/strong>, curatrice del libro <em>Donne e Antimafia<\/em> insieme con Avviso Pubblico (Becco Giallo, 2022). Modera la giornalista <strong>Alice Facchini<\/strong>. L\u2019evento sar\u00e0 trasmesso in diretta streaming sulla <a href=\"https:\/\/culturaliart.musvc2.net\/e\/t?q=4%3dGX0U0%26I%3d8%26E%3dFeC%26F%3d0gDaG%26R%3doK2Mz_IYzW_Ti_OXtX_Ym_IYzW_SnT4N.n8j6jLvB.kLt_IYzW_SnMvCqQp4iJlE2Bz4wOy62Qv.FzD_yraw_073Qt_JwRy4m_OXtX_ZkEmTzCmQ16z_OXtX_YCL2J_t6lF2D_zxZq_AAlDiFs_IYzW_SDR1D_k8tGiFnE_zxZq_AAt2qI2G%26l%3dJ2J409.E2i8hmQ%26pJ%3d9XEV9&amp;mupckp=mupAtu4m8OiX0wt\" target=\"_blank\" rel=\"noopener\" data-saferedirecturl=\"https:\/\/www.google.com\/url?q=https:\/\/culturaliart.musvc2.net\/e\/t?q%3D4%253dGX0U0%2526I%253d8%2526E%253dFeC%2526F%253d0gDaG%2526R%253doK2Mz_IYzW_Ti_OXtX_Ym_IYzW_SnT4N.n8j6jLvB.kLt_IYzW_SnMvCqQp4iJlE2Bz4wOy62Qv.FzD_yraw_073Qt_JwRy4m_OXtX_ZkEmTzCmQ16z_OXtX_YCL2J_t6lF2D_zxZq_AAlDiFs_IYzW_SDR1D_k8tGiFnE_zxZq_AAt2qI2G%2526l%253dJ2J409.E2i8hmQ%2526pJ%253d9XEV9%26mupckp%3DmupAtu4m8OiX0wt&amp;source=gmail&amp;ust=1668762721061000&amp;usg=AOvVaw0unoUS7m0bunESNj_1Dcm3\">pagina Facebook<\/a> e il <a href=\"https:\/\/culturaliart.musvc2.net\/e\/t?q=0%3dGSLa0%26D%3dJ%26K%3dFZO%26L%3d0bPgG%26M%3d1Q2HB_OYui_Zi_JjzX_Ty_OYui_YnOFT.7GDQ34x.0wE_Axar_KCxG5PkGAOmLCL_zslw_A8DQu_K8Rz5x_OYui_Z8i3tlFxT1DxQ27A_OYui_YDMCJ_u7wF3E_Axar_LAmEtFt_JjzX_TOR2E_v8uHtFoF_Axar_LAu32I3H%26w%3dJ3KE00.FxQ%26qK%3dJXFWJ&amp;mupckp=mupAtu4m8OiX0wt\" target=\"_blank\" rel=\"noopener\" data-saferedirecturl=\"https:\/\/www.google.com\/url?q=https:\/\/culturaliart.musvc2.net\/e\/t?q%3D0%253dGSLa0%2526D%253dJ%2526K%253dFZO%2526L%253d0bPgG%2526M%253d1Q2HB_OYui_Zi_JjzX_Ty_OYui_YnOFT.7GDQ34x.0wE_Axar_KCxG5PkGAOmLCL_zslw_A8DQu_K8Rz5x_OYui_Z8i3tlFxT1DxQ27A_OYui_YDMCJ_u7wF3E_Axar_LAmEtFt_JjzX_TOR2E_v8uHtFoF_Axar_LAu32I3H%2526w%253dJ3KE00.FxQ%2526qK%253dJXFWJ%26mupckp%3DmupAtu4m8OiX0wt&amp;source=gmail&amp;ust=1668762721061000&amp;usg=AOvVaw267mBd-3XQBMSvyvFwVqXA\">canale Youtube<\/a> di Politicamente Scorretto.<\/p>\n<p>&nbsp;<\/p>\n<p>Alle ore 21.00 al <strong>Teatro Laura Betti<\/strong> andr\u00e0 in scena lo <strong>spettacolo<\/strong> \u201c<strong><em>Cosa Nostra spiegata ai bambini<\/em><\/strong>\u201d di <strong>Stefano Massini<\/strong>, con <strong>Ottavia Piccolo<\/strong> e le musiche di <strong>Enrico Fink<\/strong> eseguite dal vivo da <strong>I Solisti dell\u2019Orchestra Multietnica di Arezzo<\/strong>. Uno spettacolo che racconta la storia di <strong>Elda Pucci<\/strong>, prima donna eletta Sindaco di Palermo nel 1983, dando forma e struttura a un teatro necessario, civile, in cui il racconto dell\u2019etica passa attraverso le parole, i timbri e le azioni di coloro che spesso non hanno voce. <strong>Elda Pucci<\/strong>, pediatra e docente all\u2019ospedale dei Bambini Di Cristina di Palermo, nel corso della sua esistenza ha conquistato numerosi e importanti primati. \u00c8 stata la prima donna in assoluto a presiedere un ordine provinciale dei medici (quello del capoluogo siciliano per l\u2019appunto) e la prima a essere eletta sindaca di una grande citt\u00e0 italiana. Non una citt\u00e0 qualunque e non in un periodo qualunque, ma la Palermo degli anni \u201980. <strong>Sindaca solo per 12 mesi, ma vissuti pericolosamente<\/strong>: un tempo sufficiente a farle conquistare l\u2019appellativo di \u201c<strong><em>lady di ferro<\/em><\/strong>\u201d per la risolutezza e la fermezza con la quale ha lottato contro la mafia. Con forza e determinazione, infatti, durante il suo mandato per la prima volta il Comune si era costituito parte civile in un processo contro Cosa nostra. Nella sua carriera sub\u00ec un grave attentato: la sera del 20 aprile la sua villa di Piana degli Albanesi venne fatta saltare in aria con 25 chili di esplosivo. Un messaggio chiaro ed eloquente. Ad agire, su ordine dei boss Bernardo Brusca e Tot\u00f2 Riina furono Balduccio Di Maggio, Vito Brusca e Vincenzo Milazzo. Anni dopo, un collaboratore di giustizia considerato attendibile ha rivelato che la mafia era intenzionata ad ucciderla. A salvarla, per ammissione del pentito, sono stati i meriti professionali che le sono stati riconosciuti in quanto dottoressa. Elda Pucci \u00e8 spenta nel 2005 a causa di un male incurabile che la tormentava. <strong>La sua \u00e8 stata una vita di primati, collezionati con l\u2019eleganza, l\u2019intelligenza e il coraggio che l\u2019hanno contraddistinta.<\/strong><\/p>\n<p>&nbsp;<\/p>\n<p>Costo biglietto: ingresso 15 euro oppure <em>Abbonamento Politicamente Scorretto<\/em> carnet 4 spettacoli a 40 euro).<\/p>\n<p><strong>Politicamente Scorretto<\/strong> \u00e8 un progetto del <strong>Comune di Casalecchio di Reno<\/strong> in collaborazione con <strong>Carlo Lucarelli<\/strong> e con il sostegno e la co-progettazione della <strong>Regione Emilia-Romagna<\/strong> nell\u2019ambito della L.R. 18\/2016. Partner: <strong>Libera Associazioni Nomi e Numeri contro le mafie, Avviso Pubblico Enti Locali e Regioni per la formazione civile contro le mafie, ATER Fondazione, Ordine dei Giornalisti Emilia-Romagna, Fondazione Ordine dei Giornalisti Emilia-Romagna<\/strong>.<\/p>\n<p>Sponsor: <strong>Melamangio, Elior e COOP Alleanza 3.0<\/strong>. Media Partner: <strong>Culturalia e Giovani Reporter<\/strong>.<\/p>\n<p>&nbsp;<\/p>\n<p>Il <strong>programma completo<\/strong> \u00e8 consultabile sul sito <a href=\"https:\/\/culturaliart.musvc2.net\/e\/t?q=9%3dSX9ZL%26I%3d7%26J%3dReB%26K%3dLgCfS%26R%3dnPDM_xwmw_97_BxYv_LC_xwmw_8BGT3.L9IoP30gIyKzAC0uNBBzP9.LxC_BxYv_LC_xwmw_9BEQs_O9Rx9y_OWyj7u8g_ZjJyTyHyQzAB_OWyj_YBQDJ_sAxF1I_BxYv_MAkIuFr_NkzV_XPRzI_w8sLuFmJ_BxYv_MAs73I1L%26x%3dJ1OF08.JyQ%26oO%3dKXDaK&amp;mupckp=mupAtu4m8OiX0wt\" target=\"_blank\" rel=\"noopener\" data-saferedirecturl=\"https:\/\/www.google.com\/url?q=https:\/\/culturaliart.musvc2.net\/e\/t?q%3D9%253dSX9ZL%2526I%253d7%2526J%253dReB%2526K%253dLgCfS%2526R%253dnPDM_xwmw_97_BxYv_LC_xwmw_8BGT3.L9IoP30gIyKzAC0uNBBzP9.LxC_BxYv_LC_xwmw_9BEQs_O9Rx9y_OWyj7u8g_ZjJyTyHyQzAB_OWyj_YBQDJ_sAxF1I_BxYv_MAkIuFr_NkzV_XPRzI_w8sLuFmJ_BxYv_MAs73I1L%2526x%253dJ1OF08.JyQ%2526oO%253dKXDaK%26mupckp%3DmupAtu4m8OiX0wt&amp;source=gmail&amp;ust=1668762721061000&amp;usg=AOvVaw239T7Qqpd3WjLpWEo3JRGo\">www.politicamentescorretto.org<\/a><wbr \/>.<\/p>\n<\/div>\n<\/div>\n<\/td>\n<\/tr>\n<\/tbody>\n<\/table>\n<table role=\"presentation\" border=\"0\" width=\"100%\" cellspacing=\"0\" cellpadding=\"10\">\n<tbody>\n<tr>\n<td>\n<div>\n<div>\n<p><strong>INFORMAZIONI UTILI<\/strong><\/p>\n<p>&nbsp;<\/p>\n<p><strong>POLITICAMENTE SCORRETTO 2022 \u2013 XVII EDIZIONE<\/strong><\/p>\n<p>&nbsp;<\/p>\n<p>QUANDO: <strong>dal 15 al 20 novembre 2022<\/strong><\/p>\n<p>DOVE: <strong>Casalecchio di Reno (BO)<\/strong><\/p>\n<p><strong>Casa della Conoscenza, Via Porrettana 360 <\/strong><\/p>\n<p><strong>Casa Per la Pace La Filanda, Via dei Canonici Renani, 8<\/strong><\/p>\n<p><strong>Centro Sociale San Biagio, Via Pietro Micca, 17<\/strong><\/p>\n<p><strong>Teatro comunale Laura Betti, Piazza del Popolo, 1<\/strong><\/p>\n<p><strong>\u00a0<\/strong><\/p>\n<p><strong>Tutti gli eventi sono gratuiti, fino ad esaurimento posti. <\/strong><\/p>\n<p><strong>Gli spettacoli teatrali al Teatro Laura Betti sono a pagamento. Per informazioni sugli spettacoli si rimanda al sito: <\/strong><a href=\"http:\/\/www.teatrocasalecchio.it\" target=\"_blank\" rel=\"noopener\" data-saferedirecturl=\"https:\/\/www.google.com\/url?q=http:\/\/www.teatrocasalecchio.it&amp;source=gmail&amp;ust=1668762721062000&amp;usg=AOvVaw0Et8vUMbo5-c5BJUm34zp-\">www.teatrocasalecchio.it<\/a><\/p>\n<p>&nbsp;<\/p>\n<p>REALIZZATO DA: <strong>Comune di Casalecchio di Reno in collaborazione con Carlo Lucarelli e con il sostegno e la co-progettazione della Regione Emilia-Romagna nell\u2019ambito della L.R. 18\/2016<\/strong><\/p>\n<p>COORDINATO DA: <strong>Servizio Casalecchio delle Culture<\/strong><\/p>\n<p>PARTNER: <strong>Libera Associazioni Nomi e Numeri contro le mafie, Avviso Pubblico Enti Locali e Regioni per la formazione civile contro le mafie, ATER Fondazione, Ordine dei Giornalisti Emilia-Romagna, Fondazione Ordine dei Giornalisti Emilia-Romagna<\/strong><\/p>\n<p>SPONSOR:<strong> Melamangio, Elior, COOP Alleanza 3.0<\/strong><\/p>\n<p>MEDIA PARTNER: <strong>Culturalia e Giovani Reporter<\/strong><\/p>\n<p>&nbsp;<\/p>\n<p><strong>CONTATTI<\/strong><\/p>\n<p>051.598243 &#8211; <a href=\"mailto:casalecchiodelleculture@comune.casalecchio.bo.it\" target=\"_blank\" rel=\"noopener\">casalecchiodelleculture@<wbr \/>comune.casalecchio.bo.it<\/a><\/p>\n<p>SITO: <a href=\"https:\/\/culturaliart.musvc2.net\/e\/t?q=3%3dFUCT9%26F%3dA%26D%3dEbF%26E%3d9dGZF%26O%3drJ1J_2qZt_C1_yucp_90_2qZt_B64Q7.FvFsJp7kClH45z7yHy94Jv.I27_yucp_90_2qZt_C62Nw_IvO23l_LasW1h5k_WnDlQ3BlN45y_LasW_VFK1G_w5kC5C_yucp_08oChCv_HXwZ_RCO4C_j5wFhCqD_yucp_08w1pF5F%26k%3dG5I37B.DlN%26sI%3d8UHU8&amp;mupckp=mupAtu4m8OiX0wt\" target=\"_blank\" rel=\"noopener\" data-saferedirecturl=\"https:\/\/www.google.com\/url?q=https:\/\/culturaliart.musvc2.net\/e\/t?q%3D3%253dFUCT9%2526F%253dA%2526D%253dEbF%2526E%253d9dGZF%2526O%253drJ1J_2qZt_C1_yucp_90_2qZt_B64Q7.FvFsJp7kClH45z7yHy94Jv.I27_yucp_90_2qZt_C62Nw_IvO23l_LasW1h5k_WnDlQ3BlN45y_LasW_VFK1G_w5kC5C_yucp_08oChCv_HXwZ_RCO4C_j5wFhCqD_yucp_08w1pF5F%2526k%253dG5I37B.DlN%2526sI%253d8UHU8%26mupckp%3DmupAtu4m8OiX0wt&amp;source=gmail&amp;ust=1668762721062000&amp;usg=AOvVaw3KwuOyDxWgDcce0cqF0xzE\">www.politicamentescorretto.<wbr \/>org\/<\/a><\/p>\n<p>FACEBOOK: <a href=\"https:\/\/culturaliart.musvc2.net\/e\/t?q=5%3dNVAVG%26G%3d9%26F%3dMcD%26G%3dGeEbN%26P%3dpL9K_zshu_A3_7var_GA_zshu_08BR5.8p8m44Js.54H_zshu_085JtA9Dk320vLtNkG7MmL9J.wJv_MYue_Wn_JfxX_UuP2E_8J3Jr0_zshu_A6305K102LtM_zshu_0X0Ou_Et9qM2_MYue_Xl726qD_7var_Ga3L2_8iE56q93_MYue_XlEpDtM5%269%3du3p6iM8QkT.302%26A8%3dV9ZJV&amp;mupckp=mupAtu4m8OiX0wt\" target=\"_blank\" rel=\"noopener\" data-saferedirecturl=\"https:\/\/www.google.com\/url?q=https:\/\/culturaliart.musvc2.net\/e\/t?q%3D5%253dNVAVG%2526G%253d9%2526F%253dMcD%2526G%253dGeEbN%2526P%253dpL9K_zshu_A3_7var_GA_zshu_08BR5.8p8m44Js.54H_zshu_085JtA9Dk320vLtNkG7MmL9J.wJv_MYue_Wn_JfxX_UuP2E_8J3Jr0_zshu_A6305K102LtM_zshu_0X0Ou_Et9qM2_MYue_Xl726qD_7var_Ga3L2_8iE56q93_MYue_XlEpDtM5%25269%253du3p6iM8QkT.302%2526A8%253dV9ZJV%26mupckp%3DmupAtu4m8OiX0wt&amp;source=gmail&amp;ust=1668762721062000&amp;usg=AOvVaw3hU6bAOrt80aWB8NYGdGyx\">www.facebook.com\/<wbr \/>politicamentescorretto.org\/<\/a><\/p>\n<p>INSTAGRAM: <a href=\"https:\/\/culturaliart.musvc2.net\/e\/t?q=5%3dVT8VO%26E%3d6%26F%3dUaA%26G%3dOcBbV%26N%3dmLGI_wsps_83_EtXr_O9_wsps_78JP2.AALy34KfE.zHr_JnvU_T3ItDF6tJE8yLB_KVum_Uk_JnvU_U3NyE_FHzJz8_wsps_86A82K98yL2K_wsps_7XHMr_E27nM0_KVum_Vi704nD_EtXr_OYzL0_6fEC4n9A_KVum_ViExBqMC%267%3drMFOhT.A8y%26AF%3d3x4fT6ZRT&amp;mupckp=mupAtu4m8OiX0wt\" target=\"_blank\" rel=\"noopener\" data-saferedirecturl=\"https:\/\/www.google.com\/url?q=https:\/\/culturaliart.musvc2.net\/e\/t?q%3D5%253dVT8VO%2526E%253d6%2526F%253dUaA%2526G%253dOcBbV%2526N%253dmLGI_wsps_83_EtXr_O9_wsps_78JP2.AALy34KfE.zHr_JnvU_T3ItDF6tJE8yLB_KVum_Uk_JnvU_U3NyE_FHzJz8_wsps_86A82K98yL2K_wsps_7XHMr_E27nM0_KVum_Vi704nD_EtXr_OYzL0_6fEC4n9A_KVum_ViExBqMC%25267%253drMFOhT.A8y%2526AF%253d3x4fT6ZRT%26mupckp%3DmupAtu4m8OiX0wt&amp;source=gmail&amp;ust=1668762721062000&amp;usg=AOvVaw1f6EI0y6OWf7kVnr50vvW8\">www.instagram.com\/<wbr \/>polscorretto\/<\/a><\/p>\n<p>TWITTER: <a href=\"https:\/\/culturaliart.musvc2.net\/e\/t?q=A%3dPW7bI%26H%3d5%26L%3dOd0%26M%3dIfAhP%26Q%3dlRAL_vyjv_79_9wWx_IB_vyjv_6DDS1.RDExRvN.gM4_NU1g_Xjx6HWA6NvCAPs_PhyT_awQxK_0KyPtA_vyjv_7B9r7e5A1Q3AxRvN_vyjv_6dBPq_Kv0mS4_NU1g_YhC47mJ_9wWx_IbyR4_9eK77mE5_NU1g_YhKrEpS7%260%3dqS0RgZ.5Ax%26G0%3dW5fLW&amp;mupckp=mupAtu4m8OiX0wt\" target=\"_blank\" rel=\"noopener\" data-saferedirecturl=\"https:\/\/www.google.com\/url?q=https:\/\/culturaliart.musvc2.net\/e\/t?q%3DA%253dPW7bI%2526H%253d5%2526L%253dOd0%2526M%253dIfAhP%2526Q%253dlRAL_vyjv_79_9wWx_IB_vyjv_6DDS1.RDExRvN.gM4_NU1g_Xjx6HWA6NvCAPs_PhyT_awQxK_0KyPtA_vyjv_7B9r7e5A1Q3AxRvN_vyjv_6dBPq_Kv0mS4_NU1g_YhC47mJ_9wWx_IbyR4_9eK77mE5_NU1g_YhKrEpS7%25260%253dqS0RgZ.5Ax%2526G0%253dW5fLW%26mupckp%3DmupAtu4m8OiX0wt&amp;source=gmail&amp;ust=1668762721062000&amp;usg=AOvVaw2h26iTJXiIr3bN-imLrasE\">www.twitter.com\/PolScorretto<\/a><\/p>\n<p><strong>YOUTUBE: <a href=\"https:\/\/culturaliart.musvc2.net\/e\/t?q=6%3dEQNW8%26B%3dL%26G%3dDXQ%26H%3d8ZRcE%26K%3d3MzF_CtYp_N4_xqns_86_CtYp_M93MH.RuKENh5.xHs_HlvV_R1IuBD6uHC8zJ0_KWsk_VlKEF_yEFKi5_CtYp_N74g1vt5HLr5EMkH_CtYp_MY1J8_Fk44Ns_HlvV_Sy8s14E_xqns_8VFMs_3vFv140t_HlvV_SyFg97Nv%264%3d8NyLxU.t5E%26By%3dQLaAQ&amp;mupckp=mupAtu4m8OiX0wt\" target=\"_blank\" rel=\"noopener\" data-saferedirecturl=\"https:\/\/www.google.com\/url?q=https:\/\/culturaliart.musvc2.net\/e\/t?q%3D6%253dEQNW8%2526B%253dL%2526G%253dDXQ%2526H%253d8ZRcE%2526K%253d3MzF_CtYp_N4_xqns_86_CtYp_M93MH.RuKENh5.xHs_HlvV_R1IuBD6uHC8zJ0_KWsk_VlKEF_yEFKi5_CtYp_N74g1vt5HLr5EMkH_CtYp_MY1J8_Fk44Ns_HlvV_Sy8s14E_xqns_8VFMs_3vFv140t_HlvV_SyFg97Nv%25264%253d8NyLxU.t5E%2526By%253dQLaAQ%26mupckp%3DmupAtu4m8OiX0wt&amp;source=gmail&amp;ust=1668762721062000&amp;usg=AOvVaw3ovQisha8_FF_Oa7kNfk0_\">www.youtube.com\/polscorretto<\/a><\/strong><\/p>\n<p>&nbsp;<\/p>\n<p><strong>AGENZIA DI COMUNICAZIONE<br \/>\n<\/strong><\/p>\n<p><strong>Culturalia di Norma Waltmann<\/strong><\/p>\n<p>051 6569105 &#8211; 392 2527126<\/p>\n<p><a href=\"mailto:info@culturaliart.com\" target=\"_blank\" rel=\"noopener\">info@culturaliart.com<\/a><\/p>\n<p><a href=\"https:\/\/culturaliart.musvc2.net\/e\/t?q=9%3dVRMZO%26C%3dK%26J%3dUYP%26K%3dOaQfV%26L%3d2PGG_Bwpq_M7_Ermv_O7_Bwpq_LBJNG.9HCDQE26ExID.9BD_Bwpq_LB_Ermv_P7EP0_J9QE4y_Nntj_Y1EySFCyP7x2uG6B_Nntj_XSLDI_06xEHD_Bwpq_M02DuE9_Ikym_SPQGD_w70GuE4E_Bwpq_M0023HHG%26x%3dIHJF9O.EyP%266J%3dKWUVK&amp;mupckp=mupAtu4m8OiX0wt\" target=\"_blank\" rel=\"noopener\" data-saferedirecturl=\"https:\/\/www.google.com\/url?q=https:\/\/culturaliart.musvc2.net\/e\/t?q%3D9%253dVRMZO%2526C%253dK%2526J%253dUYP%2526K%253dOaQfV%2526L%253d2PGG_Bwpq_M7_Ermv_O7_Bwpq_LBJNG.9HCDQE26ExID.9BD_Bwpq_LB_Ermv_P7EP0_J9QE4y_Nntj_Y1EySFCyP7x2uG6B_Nntj_XSLDI_06xEHD_Bwpq_M02DuE9_Ikym_SPQGD_w70GuE4E_Bwpq_M0023HHG%2526x%253dIHJF9O.EyP%25266J%253dKWUVK%26mupckp%3DmupAtu4m8OiX0wt&amp;source=gmail&amp;ust=1668762721062000&amp;usg=AOvVaw2CMqA35qQFEXWM0Uxr8UuC\">www.culturaliart.com<\/a><\/p>\n<p>Facebook: <a href=\"https:\/\/culturaliart.musvc2.net\/e\/t?q=6%3dSRJWL%26C%3dH%26G%3dRYM%26H%3dLaNcS%26L%3dyMDG0_Kktg_Vu_Ihvj_Sw_Kktg_UzNDP.z2t8vF6D.wF4_Kktg_UzdBEDL9460r_Kktg_VzLAF_CFBKw6_9tmq_J74u2r86DL66AMyI_9tmq_IYEK4_Fy5zN7_Ihvj_Tu872zE_Brjs_LWBM7_4rF02z08_Ihvj_TuFu03N0%265%3d4NCMtU.86A%26BC%3dRHaOR&amp;mupckp=mupAtu4m8OiX0wt\" target=\"_blank\" rel=\"noopener\" data-saferedirecturl=\"https:\/\/www.google.com\/url?q=https:\/\/culturaliart.musvc2.net\/e\/t?q%3D6%253dSRJWL%2526C%253dH%2526G%253dRYM%2526H%253dLaNcS%2526L%253dyMDG0_Kktg_Vu_Ihvj_Sw_Kktg_UzNDP.z2t8vF6D.wF4_Kktg_UzdBEDL9460r_Kktg_VzLAF_CFBKw6_9tmq_J74u2r86DL66AMyI_9tmq_IYEK4_Fy5zN7_Ihvj_Tu872zE_Brjs_LWBM7_4rF02z08_Ihvj_TuFu03N0%25265%253d4NCMtU.86A%2526BC%253dRHaOR%26mupckp%3DmupAtu4m8OiX0wt&amp;source=gmail&amp;ust=1668762721062000&amp;usg=AOvVaw37ekhz4v3-k8DzqHpv58TF\">Culturalia<\/a><\/p>\n<p>Instagram: <a href=\"https:\/\/culturaliart.musvc2.net\/e\/t?q=6%3dRWFWK%26H%3dD%26G%3dQdI%26H%3dKfJcR%26Q%3duMCL6_Kjyc_Vt_Ndvi_Xs_Kjyc_UyS0P.2J6MtC546.92F_Awfs_KBpN5P8KtHv4_vKzN7Ep4AA_nKCA_5tlv_F9DPz_L8Q56x_Ndvi_YqGxS6ExP78A_Ndvi_XINCI_z8wE8F_Awfs_L0rFtEy_Kjyc_UOQ7F_v7zItEtG_Awfs_L0z42H8I%26w%3dI8LE9E.4t7nGxP%26vL%3dJWKXJ&amp;mupckp=mupAtu4m8OiX0wt\" target=\"_blank\" rel=\"noopener\" data-saferedirecturl=\"https:\/\/www.google.com\/url?q=https:\/\/culturaliart.musvc2.net\/e\/t?q%3D6%253dRWFWK%2526H%253dD%2526G%253dQdI%2526H%253dKfJcR%2526Q%253duMCL6_Kjyc_Vt_Ndvi_Xs_Kjyc_UyS0P.2J6MtC546.92F_Awfs_KBpN5P8KtHv4_vKzN7Ep4AA_nKCA_5tlv_F9DPz_L8Q56x_Ndvi_YqGxS6ExP78A_Ndvi_XINCI_z8wE8F_Awfs_L0rFtEy_Kjyc_UOQ7F_v7zItEtG_Awfs_L0z42H8I%2526w%253dI8LE9E.4t7nGxP%2526vL%253dJWKXJ%26mupckp%3DmupAtu4m8OiX0wt&amp;source=gmail&amp;ust=1668762721062000&amp;usg=AOvVaw2RgoBKDmN_3FFethOX_jfj\">Culturalia_comunicare_arte<\/a><\/p>\n<p>Linkedin: <a href=\"https:\/\/culturaliart.musvc2.net\/e\/t?q=3%3dMSATF%26D%3d9%26D%3dLZD%26E%3dFbEZM%26M%3dpJ8H1_HeuX_So_JYsd_Tn_HeuX_RtO5M.zAvAs6qD.qGu_HeuX_Rt5wC43vO_6sap_F8kKzL3HoDq1-rA-vE6Ei-MoD2CoFv_HeuX_Rt_JYsd_UnK8E_1E9Jk5_6sap_G6v5AKt58LmH_6sap_FX3J1_Em4wMu_HeuX_Sr7u1wD_zqgr_0V9Lu_3oEx1w9v1o3i_HeuX_SrEi9zMx%264%3d1M1LqT.v58%26A1%3dQEZCQ&amp;mupckp=mupAtu4m8OiX0wt\" target=\"_blank\" rel=\"noopener\" data-saferedirecturl=\"https:\/\/www.google.com\/url?q=https:\/\/culturaliart.musvc2.net\/e\/t?q%3D3%253dMSATF%2526D%253d9%2526D%253dLZD%2526E%253dFbEZM%2526M%253dpJ8H1_HeuX_So_JYsd_Tn_HeuX_RtO5M.zAvAs6qD.qGu_HeuX_Rt5wC43vO_6sap_F8kKzL3HoDq1-rA-vE6Ei-MoD2CoFv_HeuX_Rt_JYsd_UnK8E_1E9Jk5_6sap_G6v5AKt58LmH_6sap_FX3J1_Em4wMu_HeuX_Sr7u1wD_zqgr_0V9Lu_3oEx1w9v1o3i_HeuX_SrEi9zMx%25264%253d1M1LqT.v58%2526A1%253dQEZCQ%26mupckp%3DmupAtu4m8OiX0wt&amp;source=gmail&amp;ust=1668762721062000&amp;usg=AOvVaw27yN8o9xVC6VtHO30K3zQo\">Culturalia di Norma Waltmann<\/a><\/p>\n<p>Youtube: <a href=\"https:\/\/culturaliart.musvc2.net\/e\/t?q=9%3dHSAZA%26D%3d9%26J%3dGZD%26K%3dAbEfH%26M%3dpP3H1_NZuX_Yj_JYyY_Tn_NZuX_XoO5S.8G3P44m.9xE_zwbr_0Bl0iJw7t_NZuX_XowK0iMra-1-s_YdZ23FrOH_-g_1sav_B83Pv_KwQ15m_NZuX_YmFmS2DmP37z_NZuX_XEM2I_v7lE4E_zwbr_A0nEiEu_JYyY_TDQ3E_k7vHiEpF_zwbr_A0v3qH47j3iH%26l%3dI4K49A.FmP%26rK%3d9WGW9&amp;mupckp=mupAtu4m8OiX0wt\" target=\"_blank\" rel=\"noopener\" data-saferedirecturl=\"https:\/\/www.google.com\/url?q=https:\/\/culturaliart.musvc2.net\/e\/t?q%3D9%253dHSAZA%2526D%253d9%2526J%253dGZD%2526K%253dAbEfH%2526M%253dpP3H1_NZuX_Yj_JYyY_Tn_NZuX_XoO5S.8G3P44m.9xE_zwbr_0Bl0iJw7t_NZuX_XowK0iMra-1-s_YdZ23FrOH_-g_1sav_B83Pv_KwQ15m_NZuX_YmFmS2DmP37z_NZuX_XEM2I_v7lE4E_zwbr_A0nEiEu_JYyY_TDQ3E_k7vHiEpF_zwbr_A0v3qH47j3iH%2526l%253dI4K49A.FmP%2526rK%253d9WGW9%26mupckp%3DmupAtu4m8OiX0wt&amp;source=gmail&amp;ust=1668762721062000&amp;usg=AOvVaw0m3ETqwBvL4M7qVe1P6WjI\">Culturalia<\/a><\/p>\n<p>&nbsp;<\/p>\n<p><strong>UFFICIO STAMPA COMUNE DI CASALECCHIO DI RENO <\/strong><\/p>\n<p>051 598242 \u2013 348 7013755<\/p>\n<p><a href=\"mailto:stampa@comune.casalecchio.bo.it\" target=\"_blank\" rel=\"noopener\">stampa@comune.casalecchio.bo.<wbr \/>it<\/a><\/p>\n<p><a href=\"http:\/\/www.comune.casalecchio.bo.it\" target=\"_blank\" rel=\"noopener\" data-saferedirecturl=\"https:\/\/www.google.com\/url?q=http:\/\/www.comune.casalecchio.bo.it&amp;source=gmail&amp;ust=1668762721062000&amp;usg=AOvVaw3XGOwAMYtorLinfm-FsIO5\">www.comune.casalecchio.bo.it<\/a><\/p>\n<p>Facebook: <a href=\"https:\/\/culturaliart.musvc2.net\/e\/t?q=3%3dQR8TJ%26C%3d6%26D%3dPYA%26E%3dJaBZQ%26L%3dmJBGx_HitU_Ss_IVsh_Sk_HitU_RxN2M.x2h5tFtA.uFr_HitU_Rx4tCCEj3sJfBw4h81F_wqkq_76_0rXp_K7zJ5_JtK04j_HitU_SvEjMACjJB6w_HitU_RNLyC_56i9CD_wqkq_84wDf94_IVsh_SAKBD_h15Gf9yE_wqkq_8452nBCG%26i%3dCCJ13J.Ej1s2fJ%261J%3d6QPV6&amp;mupckp=mupAtu4m8OiX0wt\" target=\"_blank\" rel=\"noopener\" data-saferedirecturl=\"https:\/\/www.google.com\/url?q=https:\/\/culturaliart.musvc2.net\/e\/t?q%3D3%253dQR8TJ%2526C%253d6%2526D%253dPYA%2526E%253dJaBZQ%2526L%253dmJBGx_HitU_Ss_IVsh_Sk_HitU_RxN2M.x2h5tFtA.uFr_HitU_Rx4tCCEj3sJfBw4h81F_wqkq_76_0rXp_K7zJ5_JtK04j_HitU_SvEjMACjJB6w_HitU_RNLyC_56i9CD_wqkq_84wDf94_IVsh_SAKBD_h15Gf9yE_wqkq_8452nBCG%2526i%253dCCJ13J.Ej1s2fJ%25261J%253d6QPV6%26mupckp%3DmupAtu4m8OiX0wt&amp;source=gmail&amp;ust=1668762721062000&amp;usg=AOvVaw29pf0kGjVOxFVGFWEEoLon\">Comune Casalecchio<\/a><\/p>\n<p>Twitter: <a href=\"https:\/\/culturaliart.musvc2.net\/e\/t?q=A%3dNS5bG%26D%3d3%26L%3dMZ8%26M%3dGb9hN%26M%3djR9Hu_PfuR_ap_JS1e_Th_PfuR_ZuLyG9LgP.rGo_PfuR_ZuecQpDgAr0kMc7yQ_7sUx_H8wR2_KqS75g_PfuR_as9p3cFgU8DgR97t_PfuR_ZKMvK_27fG0E_tyhr_5BtEcG1_JS1e_T8S9E_e92HcGvF_tyhr_5B23kJ0H%26f%3dK0KxAG.FgR%26xK%3d3YMW3&amp;mupckp=mupAtu4m8OiX0wt\" target=\"_blank\" rel=\"noopener\" data-saferedirecturl=\"https:\/\/www.google.com\/url?q=https:\/\/culturaliart.musvc2.net\/e\/t?q%3DA%253dNS5bG%2526D%253d3%2526L%253dMZ8%2526M%253dGb9hN%2526M%253djR9Hu_PfuR_ap_JS1e_Th_PfuR_ZuLyG9LgP.rGo_PfuR_ZuecQpDgAr0kMc7yQ_7sUx_H8wR2_KqS75g_PfuR_as9p3cFgU8DgR97t_PfuR_ZKMvK_27fG0E_tyhr_5BtEcG1_JS1e_T8S9E_e92HcGvF_tyhr_5B23kJ0H%2526f%253dK0KxAG.FgR%2526xK%253d3YMW3%26mupckp%3DmupAtu4m8OiX0wt&amp;source=gmail&amp;ust=1668762721062000&amp;usg=AOvVaw0ZrTpnFhBo9z2NvEZ5B0aw\">Casalecchio News<\/a><\/p>\n<p>YouTube: <a href=\"https:\/\/culturaliart.musvc2.net\/e\/t?q=8%3dCTDY6%26E%3dB%26I%3dBaG%26J%3d6cHeC%26N%3dsOxI4_MUva_Xe_KbxT_Uq_MUva_WjP8R.3H6Oy5p.8sF_3vWs_CAgAlIr8w_MUva_WjxNDGwCK7s4-c1xxpGGJUx-4L_MUva_XjN5H_wH6Mg8_3vWs_D9r88Np85OiK_3vWs_CayMx_Hi7tPq_KbxT_Vo0q4tG_vtdu_6Y6Oq_6lHt4tBr_KbxT_VoHeBwP6e4lt%267%3dxPwOnW.r85%26Dw%3dTBc9T&amp;mupckp=mupAtu4m8OiX0wt\" target=\"_blank\" rel=\"noopener\" data-saferedirecturl=\"https:\/\/www.google.com\/url?q=https:\/\/culturaliart.musvc2.net\/e\/t?q%3D8%253dCTDY6%2526E%253dB%2526I%253dBaG%2526J%253d6cHeC%2526N%253dsOxI4_MUva_Xe_KbxT_Uq_MUva_WjP8R.3H6Oy5p.8sF_3vWs_CAgAlIr8w_MUva_WjxNDGwCK7s4-c1xxpGGJUx-4L_MUva_XjN5H_wH6Mg8_3vWs_D9r88Np85OiK_3vWs_CayMx_Hi7tPq_KbxT_Vo0q4tG_vtdu_6Y6Oq_6lHt4tBr_KbxT_VoHeBwP6e4lt%25267%253dxPwOnW.r85%2526Dw%253dTBc9T%26mupckp%3DmupAtu4m8OiX0wt&amp;source=gmail&amp;ust=1668762721062000&amp;usg=AOvVaw3d3rxB9YtP3ISoeFRxo3MU\">Comune Casalecchio di Reno<\/a><\/p>\n<p>Telegram: <a href=\"https:\/\/culturaliart.musvc2.net\/e\/t?q=9%3d9T5Z2%26E%3d3%26J%3d8a8%26K%3d2c9f9%26N%3djPtIu_NQvR_Ya_KSyP_Uh_NQvR_XfM.oA_rtUv_29E7s4nAc6jEofqIuGg_NQvR_YfNvI_sHwNc8_twSs_50n8yOl7a4c8vPeK_twSs_4buMo_Ie7kQm_KSyP_VfAm4kH_rtUv_2YwPm_6cIp4kCn_KSyP_VfIaBnQp%267%3doQsOeX.n8v%26Es%3dT3d5T&amp;mupckp=mupAtu4m8OiX0wt\" target=\"_blank\" rel=\"noopener\" data-saferedirecturl=\"https:\/\/www.google.com\/url?q=https:\/\/culturaliart.musvc2.net\/e\/t?q%3D9%253d9T5Z2%2526E%253d3%2526J%253d8a8%2526K%253d2c9f9%2526N%253djPtIu_NQvR_Ya_KSyP_Uh_NQvR_XfM.oA_rtUv_29E7s4nAc6jEofqIuGg_NQvR_YfNvI_sHwNc8_twSs_50n8yOl7a4c8vPeK_twSs_4buMo_Ie7kQm_KSyP_VfAm4kH_rtUv_2YwPm_6cIp4kCn_KSyP_VfIaBnQp%25267%253doQsOeX.n8v%2526Es%253dT3d5T%26mupckp%3DmupAtu4m8OiX0wt&amp;source=gmail&amp;ust=1668762721062000&amp;usg=AOvVaw1oDRIm02OD_QFC5m1WzhGv\">Comune Casalecchio di Reno<\/a><\/p>\n<\/div>\n<\/div>\n<\/td>\n<\/tr>\n<\/tbody>\n<\/table>\n<\/td>\n<\/tr>\n<\/tbody>\n<\/table>\n<\/td>\n<\/tr>\n<\/tbody>\n<\/table>\n<table role=\"presentation\" border=\"0\" width=\"100%\" cellspacing=\"0\" cellpadding=\"0\" align=\"center\">\n<tbody>\n<tr>\n<td>\n<table class=\"m_-2058053291767751041row-content m_-2058053291767751041stack\" role=\"presentation\" border=\"0\" width=\"600\" cellspacing=\"0\" cellpadding=\"0\" align=\"center\">\n<tbody>\n<tr>\n<td class=\"m_-2058053291767751041column\" width=\"33.333333333333336%\">\n<table class=\"m_-2058053291767751041image_block\" role=\"presentation\" border=\"0\" width=\"100%\" cellspacing=\"0\" cellpadding=\"0\">\n<tbody>\n<tr>\n<td>\n<div align=\"center\"><a href=\"https:\/\/culturaliart.musvc2.net\/e\/t?q=4%3dNQDUG%26B%3dB%26E%3dMXG%26F%3dGZHaN%26K%3dsK9F_3rhp_D2_7qdq_G6_3rhp_C7BM8.40B5L71w0pH5.44C_3rhp_C7_7qdq_H66K2_IzL73p_Ifsa_TsDpN8BpK2p1l953_Ifsa_SKK5D_25o00C_3rhp_D5tCl01_Hbte_RGL9C_n22Fl0vD_3rhp_D521tC0F%26o%3dD0I74G.DpK%26xI%3dBRMUB&amp;mupckp=mupAtu4m8OiX0wt\" target=\"_blank\" rel=\"noopener\" data-saferedirecturl=\"https:\/\/www.google.com\/url?q=https:\/\/culturaliart.musvc2.net\/e\/t?q%3D4%253dNQDUG%2526B%253dB%2526E%253dMXG%2526F%253dGZHaN%2526K%253dsK9F_3rhp_D2_7qdq_G6_3rhp_C7BM8.40B5L71w0pH5.44C_3rhp_C7_7qdq_H66K2_IzL73p_Ifsa_TsDpN8BpK2p1l953_Ifsa_SKK5D_25o00C_3rhp_D5tCl01_Hbte_RGL9C_n22Fl0vD_3rhp_D521tC0F%2526o%253dD0I74G.DpK%2526xI%253dBRMUB%26mupckp%3DmupAtu4m8OiX0wt&amp;source=gmail&amp;ust=1668762721062000&amp;usg=AOvVaw0loZeNGaukhOxpmiCklt_x\"><img decoding=\"async\" class=\"CToWUd\" title=\"Image\" src=\"https:\/\/ci6.googleusercontent.com\/proxy\/L5JFq-92vdBOgm34EoRIyRM4efwJZVmzfUBar-xhNdPUx9DJZlsCYBJcz970OIY64xHZIBG7L4i6UELiP6nhZIwo2Ea_miO1NTBF8a8fFJK3ac5QGKrxssxjWYxn5Q=s0-d-e1-ft#https:\/\/culturaliart.img.musvc2.net\/static\/91342\/images\/1\/Culturalia(3).jpg\" alt=\"Image\" width=\"142\" data-bit=\"iit\" \/><\/a><\/div>\n<\/td>\n<\/tr>\n<\/tbody>\n<\/table>\n<\/td>\n<td class=\"m_-2058053291767751041column\" width=\"66.66666666666667%\">\n<table role=\"presentation\" border=\"0\" width=\"100%\" cellspacing=\"0\" cellpadding=\"0\">\n<tbody>\n<tr>\n<td>\n<div>\n<div><\/div>\n<\/div>\n<\/td>\n<\/tr>\n<\/tbody>\n<\/table>\n<\/td>\n<\/tr>\n<\/tbody>\n<\/table>\n<\/td>\n<\/tr>\n<\/tbody>\n<\/table>\n","protected":false},"excerpt":{"rendered":"<p>COMUNICATO STAMPA Politicamente Scorretto 2022: Verit\u00e0, unica Ragione di Stato &nbsp; Gli eventi di venerd\u00ec 18 novembre 2022 &nbsp; La [&hellip;]<\/p>\n","protected":false},"author":1,"featured_media":0,"comment_status":"open","ping_status":"open","sticky":false,"template":"","format":"standard","meta":{"footnotes":""},"categories":[4,10],"tags":[],"class_list":["post-30117","post","type-post","status-publish","format-standard","hentry","category-cultura","category-italiano"],"_links":{"self":[{"href":"https:\/\/www.ecoitaliano.com.ar\/index.php?rest_route=\/wp\/v2\/posts\/30117","targetHints":{"allow":["GET"]}}],"collection":[{"href":"https:\/\/www.ecoitaliano.com.ar\/index.php?rest_route=\/wp\/v2\/posts"}],"about":[{"href":"https:\/\/www.ecoitaliano.com.ar\/index.php?rest_route=\/wp\/v2\/types\/post"}],"author":[{"embeddable":true,"href":"https:\/\/www.ecoitaliano.com.ar\/index.php?rest_route=\/wp\/v2\/users\/1"}],"replies":[{"embeddable":true,"href":"https:\/\/www.ecoitaliano.com.ar\/index.php?rest_route=%2Fwp%2Fv2%2Fcomments&post=30117"}],"version-history":[{"count":0,"href":"https:\/\/www.ecoitaliano.com.ar\/index.php?rest_route=\/wp\/v2\/posts\/30117\/revisions"}],"wp:attachment":[{"href":"https:\/\/www.ecoitaliano.com.ar\/index.php?rest_route=%2Fwp%2Fv2%2Fmedia&parent=30117"}],"wp:term":[{"taxonomy":"category","embeddable":true,"href":"https:\/\/www.ecoitaliano.com.ar\/index.php?rest_route=%2Fwp%2Fv2%2Fcategories&post=30117"},{"taxonomy":"post_tag","embeddable":true,"href":"https:\/\/www.ecoitaliano.com.ar\/index.php?rest_route=%2Fwp%2Fv2%2Ftags&post=30117"}],"curies":[{"name":"wp","href":"https:\/\/api.w.org\/{rel}","templated":true}]}}