{"id":30188,"date":"2022-11-18T08:55:40","date_gmt":"2022-11-18T08:55:40","guid":{"rendered":"http:\/\/www.ecoitaliano.com.ar\/?p=30188"},"modified":"2022-11-18T08:55:40","modified_gmt":"2022-11-18T08:55:40","slug":"politicamente-scorretto-il-programma-di-sabato-19-novembre-2022-casalecchio-di-reno-bo","status":"publish","type":"post","link":"https:\/\/www.ecoitaliano.com.ar\/?p=30188","title":{"rendered":"Politicamente Scorretto: il programma di sabato 19 novembre 2022 &#8211; Casalecchio di Reno (BO"},"content":{"rendered":"<p><a href=\"https:\/\/culturaliart.musvc2.net\/e\/r?q=NC%3d0zNDK_xuqr_95_FsYt_P8_xuqr_807SiXz.EgC0Mv70AkHH.5uG_FsYt_P8l_LouV_V4JtF.yKvR_FsYt_P8_xuqr_90B6k_LouV_W2J4_LouV_V4O4_-629_xuqr_98EQl8W_JWwn_UjRJ_JWwn_TlRU386_FsYt_Q3_xuqr_98UXg63U.Fc_FsYt_PX4_LouV_W2H2_LouV_VT4_xuqr_8ZL_JWwn_UjJD_JWwn_TBNL.-U_xuqr_95-VUh5M400_FsYt_Q6wIOK1ranS%267%3dWS9XP%266%3dsOGNiV.B7z%26CG%3dS7bTX%26r%3d5y3gU%26B%3dZDa%26C%3dTFaXa%26z%3d-UUTBVQaAUS&amp;mupckp=mupAtu4m8OiX0wt\" target=\"_blank\" rel=\"noopener\" name=\"m_-2627115008811244664_showInBrowser\" data-saferedirecturl=\"https:\/\/www.google.com\/url?q=https:\/\/culturaliart.musvc2.net\/e\/r?q%3DNC%253d0zNDK_xuqr_95_FsYt_P8_xuqr_807SiXz.EgC0Mv70AkHH.5uG_FsYt_P8l_LouV_V4JtF.yKvR_FsYt_P8_xuqr_90B6k_LouV_W2J4_LouV_V4O4_-629_xuqr_98EQl8W_JWwn_UjRJ_JWwn_TlRU386_FsYt_Q3_xuqr_98UXg63U.Fc_FsYt_PX4_LouV_W2H2_LouV_VT4_xuqr_8ZL_JWwn_UjJD_JWwn_TBNL.-U_xuqr_95-VUh5M400_FsYt_Q6wIOK1ranS%25267%253dWS9XP%25266%253dsOGNiV.B7z%2526CG%253dS7bTX%2526r%253d5y3gU%2526B%253dZDa%2526C%253dTFaXa%2526z%253d-UUTBVQaAUS%26mupckp%3DmupAtu4m8OiX0wt&amp;source=gmail&amp;ust=1668847536415000&amp;usg=AOvVaw2dAnnGq4zsAWgRp_T6mRD4\"><\/a><\/p>\n<table role=\"presentation\" border=\"0\" width=\"100%\" cellspacing=\"0\" cellpadding=\"0\">\n<tbody>\n<tr>\n<td>\n<table role=\"presentation\" border=\"0\" width=\"100%\" cellspacing=\"0\" cellpadding=\"0\" align=\"center\">\n<tbody>\n<tr>\n<td>\n<table class=\"m_-2627115008811244664row-content m_-2627115008811244664stack\" role=\"presentation\" border=\"0\" width=\"600\" cellspacing=\"0\" cellpadding=\"0\" align=\"center\">\n<tbody>\n<tr>\n<td class=\"m_-2627115008811244664column\" width=\"100%\">\n<table class=\"m_-2627115008811244664image_block\" role=\"presentation\" border=\"0\" width=\"100%\" cellspacing=\"0\" cellpadding=\"0\">\n<tbody>\n<tr>\n<td>\n<div align=\"center\"><img decoding=\"async\" class=\"m_-2627115008811244664big CToWUd a6T\" tabindex=\"0\" src=\"https:\/\/ci5.googleusercontent.com\/proxy\/u7nLnS0AuqD79X5MroZoz1ZE0tYLy1zryAnjMGTERx1YwF5ChTfeGbEwykkLyJQqBpFe3pG1KkkGG_WewdRdEKQfBhy-AuoUgWRN25wqWnvZdn6yJA4YN-MthhH5OCbFsO-LjlR9ljU=s0-d-e1-ft#https:\/\/culturaliart.img.musvc2.net\/static\/91342\/images\/1\/header_websitePS2022(0).jpg\" width=\"600\" data-bit=\"iit\" \/><\/div>\n<\/td>\n<\/tr>\n<\/tbody>\n<\/table>\n<\/td>\n<\/tr>\n<\/tbody>\n<\/table>\n<\/td>\n<\/tr>\n<\/tbody>\n<\/table>\n<\/td>\n<\/tr>\n<\/tbody>\n<\/table>\n<table role=\"presentation\" border=\"0\" width=\"100%\" cellspacing=\"0\" cellpadding=\"10\">\n<tbody>\n<tr>\n<td>\n<div>\n<div>\n<p><u><strong>COMUNICATO STAMPA<\/strong><\/u><\/p>\n<\/div>\n<\/div>\n<\/td>\n<\/tr>\n<\/tbody>\n<\/table>\n<table role=\"presentation\" border=\"0\" width=\"100%\" cellspacing=\"0\" cellpadding=\"10\">\n<tbody>\n<tr>\n<td>\n<div>\n<div>\n<p><strong>La quinta e penultima giornata di Politicamente Scorretto 2022:<\/strong><\/p>\n<p>&nbsp;<\/p>\n<p><strong>il programma di sabato 19 novembre 2022<\/strong><\/p>\n<p><em>La rassegna curata da Carlo Lucarelli torna a Casalecchio di Reno (BO) <\/em><\/p>\n<p><em>con una XVII edizione ricca di novit\u00e0<\/em><\/p>\n<\/div>\n<\/div>\n<\/td>\n<\/tr>\n<\/tbody>\n<\/table>\n<table class=\"m_-2627115008811244664image_block\" role=\"presentation\" border=\"0\" width=\"100%\" cellspacing=\"0\" cellpadding=\"0\">\n<tbody>\n<tr>\n<td>\n<div align=\"center\"><img decoding=\"async\" class=\"m_-2627115008811244664big CToWUd a6T\" tabindex=\"0\" src=\"https:\/\/ci3.googleusercontent.com\/proxy\/eyQ1Mpnpx8_nmuFcfNdBxToXOtKmzjzpdH5e0UqUQy0XJzfVGc0dfpBzKy5j8H24ruXxmLU_nEzZCPiHIwHyyMt68pmXeKpFC7UXrLVFuf7VDTGK_4OjpNEPD4kex2J2aMOglzKg3eyntTrEN7XZjYkSuXTo7Ee0ig=s0-d-e1-ft#https:\/\/culturaliart.img.musvc2.net\/static\/91342\/images\/1\/Schermata%202022-11-15%20alle%2012.52.03.png\" width=\"480\" data-bit=\"iit\" \/><\/div>\n<\/td>\n<\/tr>\n<\/tbody>\n<\/table>\n<table role=\"presentation\" border=\"0\" width=\"100%\" cellspacing=\"0\" cellpadding=\"0\" align=\"center\">\n<tbody>\n<tr>\n<td>\n<table class=\"m_-2627115008811244664row-content m_-2627115008811244664stack\" role=\"presentation\" border=\"0\" width=\"600\" cellspacing=\"0\" cellpadding=\"0\" align=\"center\">\n<tbody>\n<tr>\n<td class=\"m_-2627115008811244664column\" width=\"100%\">\n<table role=\"presentation\" border=\"0\" width=\"100%\" cellspacing=\"0\" cellpadding=\"10\">\n<tbody>\n<tr>\n<td>\n<div align=\"center\">\n<table role=\"presentation\" border=\"0\" width=\"100%\" cellspacing=\"0\" cellpadding=\"0\">\n<tbody>\n<tr>\n<td><\/td>\n<\/tr>\n<\/tbody>\n<\/table>\n<\/div>\n<\/td>\n<\/tr>\n<\/tbody>\n<\/table>\n<table role=\"presentation\" border=\"0\" width=\"100%\" cellspacing=\"0\" cellpadding=\"10\">\n<tbody>\n<tr>\n<td>\n<div>\n<div>\n<p><strong>Dal 15 al 20 novembre 2022<\/strong><\/p>\n<p><strong>Casalecchio di Reno (BO)<\/strong><\/p>\n<p><strong>\u00a0<\/strong><\/p>\n<p>La quinta e penultima giornata di <strong>Politicamente Scorretto<\/strong> sar\u00e0 dedicata alla <strong>letteratura<\/strong>. Prosegue il ricco programma di eventi a <strong>Casalecchio di Reno<\/strong> della rassegna ideata dal servizio <strong>Casalecchio delle Culture<\/strong> in collaborazione con <strong>Carlo Lucarelli. <\/strong>Dal 2005 Politicamente Scorretto lancia una sfida a tutta la cittadinanza: la cultura \u00e8 l&#8217;unica arma degna di una societ\u00e0 civile per affermare <strong>valori di giustizia, solidariet\u00e0 e legalit\u00e0<\/strong>.<\/p>\n<p>&nbsp;<\/p>\n<p><strong>IL PROGRAMMA DI SABATO 19 NOVEMBRE 2022<\/strong><\/p>\n<p>&nbsp;<\/p>\n<p>La mattina di <strong>sabato 19<\/strong> <strong>novembre 2022<\/strong> alle <strong>ore 11.00 <\/strong>\u00e8 in programma alla Casa della Conoscenza l\u2019incontro aperto al pubblico con la nota attrice e doppiatrice <strong>Ottavia Piccolo<\/strong> assieme le classi del Liceo \u201cL. da Vinci\u201d di Casalecchio di Reno. La Piccolo \u00e8 <strong>una delle attrici pi\u00f9 raffinate ed eleganti del mondo teatrale e cinematografico italiano<\/strong>. Fa il suo debutto a soli undici anni e da l\u00ec inizia una lunga carriera tra televisione, cinema e teatro. Vincitrice di numerosi premi come il <strong>David speciale<\/strong> per il film <em>Metello<\/em> (1970) e il <strong>Nastro d\u2019Argento<\/strong> come migliore attrice non protagonista per il film <em>La famiglia<\/em> (1987).<\/p>\n<p>&nbsp;<\/p>\n<p>Politicamente Scorretto prosegue alla Casa della Conoscenza con un pomeriggio dedicato alla letteratura, condotto da <strong>Carlo Lucarelli<\/strong>. Si parte alle ore 15.00 con la presentazione di \u201c<em><strong>Faccia da Mostro<\/strong><\/em>\u201d (Rizzoli, 2021) di <strong>Lirio Abbate<\/strong>, Direttore del noto settimanale L\u2019Espresso. Al centro del libro-inchiesta \u00e8 la figura di \u201cFaccia da mostro\u201d ossia <strong>Giovanni Aiello<\/strong>, un ex poliziotto in servizio negli anni Settanta alla Squadra Mobile di Palermo e poi congedato per un colpo di fucile che lo sfregia vistosamente al viso e gli affibbiano questo inquietante soprannome. Un individuo che risulta associato a parecchi fatti di sangue che riguardano uomini delle istituzioni, per come dichiarato da diversi testimoni e collaboratori di giustizia sin dalla fine degli anni Ottanta. Dalla disamina degli atti che lo riguardano, viene fuori un quadro nebuloso di un uomo al servizio di qualche \u201centit\u00e0\u201d se non affiliato espressamente ad associazioni criminose. Un personaggio inquietante che suscitava timore e paura anche nell\u2019ambito degli stessi collaboratori, circostanza di cui si tratta proprio all\u2019inizio della narrazione del presente libro.<\/p>\n<p>&nbsp;<\/p>\n<p>Si prosegue con la presentazione di \u201c<em><strong>Matteo Messina Denaro, latitante di Stato<\/strong><\/em>\u201d (Ponte alle Grazie, 2021) di <strong>Marco Bova<\/strong> giornalista e regista, collaboratore di AGI e de Il Fatto Quotidiano per cui segue cronaca e approfondimenti dalla Sicilia occidentale. <strong>Matteo Messina Denaro<\/strong>, ricercato dal 1993, ultimo dei boss protagonisti della stagione stragista di Cosa Nostra ancora a piede libero, \u00e8 fra i latitanti pi\u00f9 pericolosi al mondo. \u00abFiglioccio\u00bb di Tot\u00f2 Riina e indiscusso leader della mafia trapanese, Messina Denaro pare un fantasma inafferrabile: in questi trent\u2019anni, innumerevoli sono state le piste seguite, colossale lo sforzo profuso dallo Stato, mentre gli annunci di una cattura imminente continuano a susseguirsi.<\/p>\n<p>&nbsp;<\/p>\n<p>Infine, il pomeriggio si conclude con la presentazione di \u201c<em><strong>Pasolini un omicidio politico<\/strong><\/em>\u201d (Castelvecchi Editore, 2019) di <strong>Andrea Speranzoni<\/strong>, presente sul palco, e <strong>Paolo Bolognesi<\/strong>. Il libro si impegna a ricostruire i retroscena inquietanti, e tuttora oscuri, del delitto che ha messo a tacere una delle pi\u00f9 grandi intelligenze libere e coraggiose del nostro Paese.<\/p>\n<p>&nbsp;<\/p>\n<p>Lo stesso Speranzoni, avvocato di parte civile nel processo sulla strage del 2 Agosto, insieme a <strong>Paolo Lambertini<\/strong>, vicepresidente dell\u2019associazione dei familiari delle vittime, saranno poi protagonisti con <strong>Carlo Lucarelli<\/strong> del panel delle ore 21.00 alla Casa della Conoscenza \u201c<em><strong>2 agosto, dopo 41 anni i mandanti \u2013 La strage non \u00e8 pi\u00f9 un mistero<\/strong><\/em>\u201d: un dialogo, moderato dal giornalista <strong>Filippo Vendemmiati,<\/strong> per approfondire le novit\u00e0 emerse dalla sentenza del nuovo Processo al quale parteciper\u00e0 anche il sindaco di Casalecchio di Reno <strong>Massimo Bosso<\/strong>.<\/p>\n<p>&nbsp;<\/p>\n<p>Nell\u2019atrio di Casa della Conoscenza sar\u00e0 presente uno <strong>stand<\/strong> con i prodotti di\u00a0<a href=\"https:\/\/culturaliart.musvc2.net\/e\/t?q=8%3dJWFYC%26H%3dD%26I%3dIdJ%26J%3dCfJeJ%26Q%3duO5L6_Mbyc_Xl_Ndxa_Xs_Mbyc_WqS0R.wEo037703Nn.D5_Ndxa_XsD5_Ndxa_Xs_Mbyc_XqQ7H_4K8MnA_5vdv_6l7nF9yA0NwA7OpN_5vdv_Ea6Pz_Hp0vPx_Ndxa_Yq0x7vG_3wfu_Cb8Ox_9nH17vBy_Ndxa_YqHlEyP1%260%3dzP4RpW.yA7%26D4%3dWDcGb&amp;mupckp=mupAtu4m8OiX0wt\" target=\"_blank\" rel=\"noopener\" data-saferedirecturl=\"https:\/\/www.google.com\/url?q=https:\/\/culturaliart.musvc2.net\/e\/t?q%3D8%253dJWFYC%2526H%253dD%2526I%253dIdJ%2526J%253dCfJeJ%2526Q%253duO5L6_Mbyc_Xl_Ndxa_Xs_Mbyc_WqS0R.wEo037703Nn.D5_Ndxa_XsD5_Ndxa_Xs_Mbyc_XqQ7H_4K8MnA_5vdv_6l7nF9yA0NwA7OpN_5vdv_Ea6Pz_Hp0vPx_Ndxa_Yq0x7vG_3wfu_Cb8Ox_9nH17vBy_Ndxa_YqHlEyP1%25260%253dzP4RpW.yA7%2526D4%253dWDcGb%26mupckp%3DmupAtu4m8OiX0wt&amp;source=gmail&amp;ust=1668847536415000&amp;usg=AOvVaw23OV3JyHS_AR6Y9B2cFyGJ\"><strong>Libera Terra<\/strong><\/a>, grazie al\u00a0<a href=\"https:\/\/culturaliart.musvc2.net\/e\/t?q=7%3dHQLXA%26B%3dJ%26H%3dGXP%26I%3dAZPdH%26K%3d1N3FB_LZsi_Wj_HjwY_Ry_LZsi_VoMFQ.u9v9xL2Hl9.x84.9C_LZsi_VoFtArDx_LZsi_VoFA929wCx-B26nHt-5-yE5CoH8Hr_HjwY_SyO3C_BI4Hv9_1qlt_B4796I593JxL_1qlt_AVDNv_Cx8rK6_LZsi_Wm565rB_Aubp_KZ4J6_7jC95r77_LZsi5j1t_WmCtCuK9%268%3dvKBPlR.793%269B%3dU0XOZ&amp;mupckp=mupAtu4m8OiX0wt\" target=\"_blank\" rel=\"noopener\" data-saferedirecturl=\"https:\/\/www.google.com\/url?q=https:\/\/culturaliart.musvc2.net\/e\/t?q%3D7%253dHQLXA%2526B%253dJ%2526H%253dGXP%2526I%253dAZPdH%2526K%253d1N3FB_LZsi_Wj_HjwY_Ry_LZsi_VoMFQ.u9v9xL2Hl9.x84.9C_LZsi_VoFtArDx_LZsi_VoFA929wCx-B26nHt-5-yE5CoH8Hr_HjwY_SyO3C_BI4Hv9_1qlt_B4796I593JxL_1qlt_AVDNv_Cx8rK6_LZsi_Wm565rB_Aubp_KZ4J6_7jC95r77_LZsi5j1t_WmCtCuK9%25268%253dvKBPlR.793%25269B%253dU0XOZ%26mupckp%3DmupAtu4m8OiX0wt&amp;source=gmail&amp;ust=1668847536415000&amp;usg=AOvVaw2G5x0oRuN3eHoOFPIlhYlY\"><strong>Presidio di Libera \u2013 Collettivo \u201cAntonino Polifroni\u201d del Liceo \u201cLeonardo Da Vinci\u201d<\/strong><\/a>\u00a0di Casalecchio di Reno. BOOKSHOP a cura di <strong>Carta Bianca<\/strong><\/p>\n<p>&nbsp;<\/p>\n<p><strong>Politicamente Scorretto<\/strong> \u00e8 un progetto del <strong>Comune di Casalecchio di Reno<\/strong> in collaborazione con <strong>Carlo Lucarelli<\/strong> e con il sostegno e la co-progettazione della <strong>Regione Emilia-Romagna<\/strong> nell\u2019ambito della L.R. 18\/2016. Partner: <strong>Libera Associazioni Nomi e Numeri contro le mafie, Avviso Pubblico Enti Locali e Regioni per la formazione civile contro le mafie, ATER Fondazione, Ordine dei Giornalisti Emilia-Romagna, Fondazione Ordine dei Giornalisti Emilia-Romagna<\/strong>.<\/p>\n<p>Sponsor: <strong>Melamangio, Elior e COOP Alleanza 3.0<\/strong>. Media Partner: <strong>Culturalia e Giovani Reporter<\/strong>.<\/p>\n<p>&nbsp;<\/p>\n<p>Il <strong>programma completo<\/strong> \u00e8 consultabile sul sito <a href=\"https:\/\/culturaliart.musvc2.net\/e\/t?q=8%3dMUQYF%26F%3dO%26I%3dLbU%26J%3dFdUeM%26O%3d6O8J_Fvgt_Q6_6uqu_F0_Fvgt_PAAQK.K3F7Ow7yHsHH077CM69HO3.IFB_6uqu_F0_Fvgt_QA9NA_N3OF8s_Loxd6o5y_W2IsQGGsNH06_Loxd_VTP8G_A0rCIH_6uqu_G83HoC0_Mewn_WJOHH_q5AKoC5I_6uqu_G8A6wFIK%26r%3dGIN07P.IsN%267N%3dEUVaJ&amp;mupckp=mupAtu4m8OiX0wt\" target=\"_blank\" rel=\"noopener\" data-saferedirecturl=\"https:\/\/www.google.com\/url?q=https:\/\/culturaliart.musvc2.net\/e\/t?q%3D8%253dMUQYF%2526F%253dO%2526I%253dLbU%2526J%253dFdUeM%2526O%253d6O8J_Fvgt_Q6_6uqu_F0_Fvgt_PAAQK.K3F7Ow7yHsHH077CM69HO3.IFB_6uqu_F0_Fvgt_QA9NA_N3OF8s_Loxd6o5y_W2IsQGGsNH06_Loxd_VTP8G_A0rCIH_6uqu_G83HoC0_Mewn_WJOHH_q5AKoC5I_6uqu_G8A6wFIK%2526r%253dGIN07P.IsN%25267N%253dEUVaJ%26mupckp%3DmupAtu4m8OiX0wt&amp;source=gmail&amp;ust=1668847536415000&amp;usg=AOvVaw0JCT4_a-D5HWwhrkca_4d5\">www.politicamentescorretto.org<\/a><wbr \/>.<\/p>\n<\/div>\n<\/div>\n<\/td>\n<\/tr>\n<\/tbody>\n<\/table>\n<table role=\"presentation\" border=\"0\" width=\"100%\" cellspacing=\"0\" cellpadding=\"10\">\n<tbody>\n<tr>\n<td>\n<div>\n<div>\n<p><strong>INFORMAZIONI UTILI<\/strong><\/p>\n<p>&nbsp;<\/p>\n<p><strong>POLITICAMENTE SCORRETTO 2022 \u2013 XVII EDIZIONE<\/strong><\/p>\n<p>&nbsp;<\/p>\n<p>QUANDO: <strong>dal 15 al 20 novembre 2022<\/strong><\/p>\n<p>DOVE: <strong>Casalecchio di Reno (BO)<\/strong><\/p>\n<p><strong>Casa della Conoscenza, Via Porrettana 360 <\/strong><\/p>\n<p><strong>Casa Per la Pace La Filanda, Via dei Canonici Renani, 8<\/strong><\/p>\n<p><strong>Centro Sociale San Biagio, Via Pietro Micca, 17<\/strong><\/p>\n<p><strong>Teatro comunale Laura Betti, Piazza del Popolo, 1<\/strong><\/p>\n<p><strong>\u00a0<\/strong><\/p>\n<p><strong>Tutti gli eventi sono gratuiti, fino ad esaurimento posti. <\/strong><\/p>\n<p><strong>Gli spettacoli teatrali al Teatro Laura Betti sono a pagamento. Per informazioni sugli spettacoli si rimanda al sito: <\/strong><a href=\"http:\/\/www.teatrocasalecchio.it\" target=\"_blank\" rel=\"noopener\" data-saferedirecturl=\"https:\/\/www.google.com\/url?q=http:\/\/www.teatrocasalecchio.it&amp;source=gmail&amp;ust=1668847536415000&amp;usg=AOvVaw0UnRfEuyxh1GAWMelJSDuv\">www.teatrocasalecchio.it<\/a><\/p>\n<p>&nbsp;<\/p>\n<p>REALIZZATO DA: <strong>Comune di Casalecchio di Reno in collaborazione con Carlo Lucarelli e con il sostegno e la co-progettazione della Regione Emilia-Romagna nell\u2019ambito della L.R. 18\/2016<\/strong><\/p>\n<p>COORDINATO DA: <strong>Servizio Casalecchio delle Culture<\/strong><\/p>\n<p>PARTNER: <strong>Libera Associazioni Nomi e Numeri contro le mafie, Avviso Pubblico Enti Locali e Regioni per la formazione civile contro le mafie, ATER Fondazione, Ordine dei Giornalisti Emilia-Romagna, Fondazione Ordine dei Giornalisti Emilia-Romagna<\/strong><\/p>\n<p>SPONSOR:<strong> Melamangio, Elior, COOP Alleanza 3.0<\/strong><\/p>\n<p>MEDIA PARTNER: <strong>Culturalia e Giovani Reporter<\/strong><\/p>\n<p>&nbsp;<\/p>\n<p><strong>CONTATTI<\/strong><\/p>\n<p>051.598243 &#8211; <a href=\"mailto:casalecchiodelleculture@comune.casalecchio.bo.it\" target=\"_blank\" rel=\"noopener\">casalecchiodelleculture@<wbr \/>comune.casalecchio.bo.it<\/a><\/p>\n<p>SITO: <a href=\"https:\/\/culturaliart.musvc2.net\/e\/t?q=3%3dBXPT5%26I%3dN%26D%3dAeT%26E%3d5gTZB%26R%3d5JwM_EqVw_P1_uxpp_5C_EqVw_O6zTJ.FrI6Jl0xChKG5v0BHuBGJr.LE7_uxpp_5C_EqVw_P6xQ0_IrRE3h_OnsS1d8x_Z1DhTFBhQG5u_OnsS_YSKwJ_05gFHC_uxpp_6A2CdF9_HTzm_R9RGC_f80FdF4D_uxpp_6A01lIHF%26g%3dJHIy0O.DhQ%266I%3d4XUV9&amp;mupckp=mupAtu4m8OiX0wt\" target=\"_blank\" rel=\"noopener\" data-saferedirecturl=\"https:\/\/www.google.com\/url?q=https:\/\/culturaliart.musvc2.net\/e\/t?q%3D3%253dBXPT5%2526I%253dN%2526D%253dAeT%2526E%253d5gTZB%2526R%253d5JwM_EqVw_P1_uxpp_5C_EqVw_O6zTJ.FrI6Jl0xChKG5v0BHuBGJr.LE7_uxpp_5C_EqVw_P6xQ0_IrRE3h_OnsS1d8x_Z1DhTFBhQG5u_OnsS_YSKwJ_05gFHC_uxpp_6A2CdF9_HTzm_R9RGC_f80FdF4D_uxpp_6A01lIHF%2526g%253dJHIy0O.DhQ%25266I%253d4XUV9%26mupckp%3DmupAtu4m8OiX0wt&amp;source=gmail&amp;ust=1668847536415000&amp;usg=AOvVaw05xuZmKRkyvyV6kWxCwZ2e\">www.politicamentescorretto.<wbr \/>org\/<\/a><\/p>\n<p>FACEBOOK: <a href=\"https:\/\/culturaliart.musvc2.net\/e\/t?q=5%3dCQ8V6%26B%3d6%26F%3dBXB%26G%3d6ZBbC%26K%3dmLxF_wsWp_83_vqXr_66_wsWp_781M2.8e3j4sEp.5sC_wsWp_78tEqAx9h3q5sLiIhGvHjLxE.tJk_HVuT_Rk_JUsU_UjKyE_wEzJg5_wsWp_86r52Kp5yLiH_wsWp_7XyJr_Ei4nMq_HVuT_Si7q1nD_vqXr_6VzLq_3fEt1n9r_HVuT_SiEe9qMt%264%3dr3e1fMwLhT.r5y%26Aw%3dQ6Z0V&amp;mupckp=mupAtu4m8OiX0wt\" target=\"_blank\" rel=\"noopener\" data-saferedirecturl=\"https:\/\/www.google.com\/url?q=https:\/\/culturaliart.musvc2.net\/e\/t?q%3D5%253dCQ8V6%2526B%253d6%2526F%253dBXB%2526G%253d6ZBbC%2526K%253dmLxF_wsWp_83_vqXr_66_wsWp_781M2.8e3j4sEp.5sC_wsWp_78tEqAx9h3q5sLiIhGvHjLxE.tJk_HVuT_Rk_JUsU_UjKyE_wEzJg5_wsWp_86r52Kp5yLiH_wsWp_7XyJr_Ei4nMq_HVuT_Si7q1nD_vqXr_6VzLq_3fEt1n9r_HVuT_SiEe9qMt%25264%253dr3e1fMwLhT.r5y%2526Aw%253dQ6Z0V%26mupckp%3DmupAtu4m8OiX0wt&amp;source=gmail&amp;ust=1668847536415000&amp;usg=AOvVaw3oPpOMJ7qC2e12_qrKMPLg\">www.facebook.com\/<wbr \/>politicamentescorretto.org\/<\/a><\/p>\n<p>INSTAGRAM: <a href=\"https:\/\/culturaliart.musvc2.net\/e\/t?q=8%3dQU3YJ%26F%3d1%26I%3dPb7%26J%3dJd7eQ%26O%3dhOBJ_rvkt_36_0uSu_J0_rvkt_2AEQw.D6Mt6yLaH.uIm_MiwP_WxJoGA7oM09tO7_LQxh_Vf_MiwP_XxOtH_AIuMu9_rvkt_3969wN49tOwL_rvkt_2aCNm_Hw8iP5_LQxh_Wd055iG_0uSu_JZuO5_7aH85iB6_LQxh_WdHsClP8%268%3dmPAPcW.69t%26DA%3d6s5aU1cNZ&amp;mupckp=mupAtu4m8OiX0wt\" target=\"_blank\" rel=\"noopener\" data-saferedirecturl=\"https:\/\/www.google.com\/url?q=https:\/\/culturaliart.musvc2.net\/e\/t?q%3D8%253dQU3YJ%2526F%253d1%2526I%253dPb7%2526J%253dJd7eQ%2526O%253dhOBJ_rvkt_36_0uSu_J0_rvkt_2AEQw.D6Mt6yLaH.uIm_MiwP_WxJoGA7oM09tO7_LQxh_Vf_MiwP_XxOtH_AIuMu9_rvkt_3969wN49tOwL_rvkt_2aCNm_Hw8iP5_LQxh_Wd055iG_0uSu_JZuO5_7aH85iB6_LQxh_WdHsClP8%25268%253dmPAPcW.69t%2526DA%253d6s5aU1cNZ%26mupckp%3DmupAtu4m8OiX0wt&amp;source=gmail&amp;ust=1668847536415000&amp;usg=AOvVaw25tHHpnB9YkLANYqH1KQMg\">www.instagram.com\/<wbr \/>polscorretto\/<\/a><\/p>\n<p>TWITTER: <a href=\"https:\/\/culturaliart.musvc2.net\/e\/t?q=3%3dUU7TN%26F%3d5%26D%3dTbA%26E%3dNdAZU%26O%3dlJFJ_vqot_71_DuWp_N0_vqot_66IQ1.JICxJ1L.gE9_LUsl_VjpAFW3ALv5FNs_HmwT_S2OxC_EIyHy9_vqot_741w5e091I89xJ1L_vqot_6VGNq_C18mK9_LUsl_Wh595mB_DuWp_NZyJ9_7eCB5m70_LUsl_WhCwCpKB%268%3dqKEPgR.09x%269E%3dU5XRZ&amp;mupckp=mupAtu4m8OiX0wt\" target=\"_blank\" rel=\"noopener\" data-saferedirecturl=\"https:\/\/www.google.com\/url?q=https:\/\/culturaliart.musvc2.net\/e\/t?q%3D3%253dUU7TN%2526F%253d5%2526D%253dTbA%2526E%253dNdAZU%2526O%253dlJFJ_vqot_71_DuWp_N0_vqot_66IQ1.JICxJ1L.gE9_LUsl_VjpAFW3ALv5FNs_HmwT_S2OxC_EIyHy9_vqot_741w5e091I89xJ1L_vqot_6VGNq_C18mK9_LUsl_Wh595mB_DuWp_NZyJ9_7eCB5m70_LUsl_WhCwCpKB%25268%253dqKEPgR.09x%25269E%253dU5XRZ%26mupckp%3DmupAtu4m8OiX0wt&amp;source=gmail&amp;ust=1668847536415000&amp;usg=AOvVaw0hMr3lPZzP5xI8lRStZS8_\">www.twitter.com\/PolScorretto<\/a><\/p>\n<p><strong>YOUTUBE: <a href=\"https:\/\/culturaliart.musvc2.net\/e\/t?q=5%3dQW5VJ%26H%3d3%26F%3dPd9%26G%3dJf9bQ%26Q%3djLBL_tskv_53_0wUr_JB_tskv_48ESy.Q7QvMtA.eG5_NSuh_XhH7Hu57Nt7BPq_JiyR_UxQvE_AKwJuA_tskv_563s7c6AyK4AvLwN_tskv_4XCPo_Ew0kM5_NSuh_Yf757kD_0wUr_JbwL5_9cE87k96_NSuh_YfEsEnM8%260%3doMAReT.6Av%26AA%3dW3ZNb&amp;mupckp=mupAtu4m8OiX0wt\" target=\"_blank\" rel=\"noopener\" data-saferedirecturl=\"https:\/\/www.google.com\/url?q=https:\/\/culturaliart.musvc2.net\/e\/t?q%3D5%253dQW5VJ%2526H%253d3%2526F%253dPd9%2526G%253dJf9bQ%2526Q%253djLBL_tskv_53_0wUr_JB_tskv_48ESy.Q7QvMtA.eG5_NSuh_XhH7Hu57Nt7BPq_JiyR_UxQvE_AKwJuA_tskv_563s7c6AyK4AvLwN_tskv_4XCPo_Ew0kM5_NSuh_Yf757kD_0wUr_JbwL5_9cE87k96_NSuh_YfEsEnM8%25260%253doMAReT.6Av%2526AA%253dW3ZNb%26mupckp%3DmupAtu4m8OiX0wt&amp;source=gmail&amp;ust=1668847536415000&amp;usg=AOvVaw2Sms4CdoPXUnNRTE5WVX1g\">www.youtube.com\/polscorretto<\/a><\/strong><\/p>\n<p>&nbsp;<\/p>\n<p><strong>AGENZIA DI COMUNICAZIONE<br \/>\n<\/strong><\/p>\n<p><strong>Culturalia di Norma Waltmann<\/strong><\/p>\n<p>051 6569105 &#8211; 392 2527126<\/p>\n<p><a href=\"mailto:info@culturaliart.com\" target=\"_blank\" rel=\"noopener\">info@culturaliart.com<\/a><\/p>\n<p><a href=\"https:\/\/culturaliart.musvc2.net\/e\/t?q=5%3dEQ4V8%26B%3d2%26F%3dDX8%26G%3d8Z8bE%26K%3diLzF_ssYp_43_xqTr_86_ssYp_383Mx.51BuMx1mAgHu.5uC_ssYp_38_xqTr_96vLs_IpMx3f_JWsQ_UjDfOyBfL3g1bz5s_JWsQ_TBKuE_s5eA1C_ssYp_46kCbAr_HRuV_R7MzC_d3sFbAmD_ssYp_46s1jD1F%26e%3dE1Iw58.DfL%26oI%3d2SDV7&amp;mupckp=mupAtu4m8OiX0wt\" target=\"_blank\" rel=\"noopener\" data-saferedirecturl=\"https:\/\/www.google.com\/url?q=https:\/\/culturaliart.musvc2.net\/e\/t?q%3D5%253dEQ4V8%2526B%253d2%2526F%253dDX8%2526G%253d8Z8bE%2526K%253diLzF_ssYp_43_xqTr_86_ssYp_383Mx.51BuMx1mAgHu.5uC_ssYp_38_xqTr_96vLs_IpMx3f_JWsQ_UjDfOyBfL3g1bz5s_JWsQ_TBKuE_s5eA1C_ssYp_46kCbAr_HRuV_R7MzC_d3sFbAmD_ssYp_46s1jD1F%2526e%253dE1Iw58.DfL%2526oI%253d2SDV7%26mupckp%3DmupAtu4m8OiX0wt&amp;source=gmail&amp;ust=1668847536415000&amp;usg=AOvVaw2RC-gstLFVfiHn-yrPXO2G\">www.culturaliart.com<\/a><\/p>\n<p>Facebook: <a href=\"https:\/\/culturaliart.musvc2.net\/e\/t?q=5%3dTXCVM%26I%3dA%26F%3dSeG%26G%3dMgGbT%26R%3drLEM3_JlzZ_Uv_Oauk_Yp_JlzZ_T1T7O.18m7wLyC.xLw_JlzZ_T1j5DER237Fk_JlzZ_U1R4E_DL5JxB_2snw_C63v8k9B7K7B4LzO_2snw_BXFQw_EzAsM8_Oauk_Zn788sD_Cxcr_Mc5L8_0kEA8s99_Oauk_ZnEvFvMA%26A%3dwMDSmT.9B4%26AD%3dXAZQc&amp;mupckp=mupAtu4m8OiX0wt\" target=\"_blank\" rel=\"noopener\" data-saferedirecturl=\"https:\/\/www.google.com\/url?q=https:\/\/culturaliart.musvc2.net\/e\/t?q%3D5%253dTXCVM%2526I%253dA%2526F%253dSeG%2526G%253dMgGbT%2526R%253drLEM3_JlzZ_Uv_Oauk_Yp_JlzZ_T1T7O.18m7wLyC.xLw_JlzZ_T1j5DER237Fk_JlzZ_U1R4E_DL5JxB_2snw_C63v8k9B7K7B4LzO_2snw_BXFQw_EzAsM8_Oauk_Zn788sD_Cxcr_Mc5L8_0kEA8s99_Oauk_ZnEvFvMA%2526A%253dwMDSmT.9B4%2526AD%253dXAZQc%26mupckp%3DmupAtu4m8OiX0wt&amp;source=gmail&amp;ust=1668847536415000&amp;usg=AOvVaw3PHKcg-GKErDP0ENEIrPeU\">Culturalia<\/a><\/p>\n<p>Instagram: <a href=\"https:\/\/culturaliart.musvc2.net\/e\/t?q=0%3dBY8a5%26J%3d6%26K%3dAfB%26L%3d5hBgB%26S%3dmQwNx_OT1U_Zd_PVzS_Zk_OT1U_YiU2T.lLxQdEw8p.AtJ_uyXw_5DhRoRzOdJn8_fMrRqGh8uC_fOwC_wxVx_8CxRr_PrSw0h_PVzS_aiKhUxIhRyBu_PVzS_ZARwK_rBgGzJ_uyXw_6BjJdGq_OT1U_Y9SyJ_f9rMdGlK_uyXw_6Br8lJzM%26g%3dKzPyA7.8d9fKhR%26nP%3d4YCc9&amp;mupckp=mupAtu4m8OiX0wt\" target=\"_blank\" rel=\"noopener\" data-saferedirecturl=\"https:\/\/www.google.com\/url?q=https:\/\/culturaliart.musvc2.net\/e\/t?q%3D0%253dBY8a5%2526J%253d6%2526K%253dAfB%2526L%253d5hBgB%2526S%253dmQwNx_OT1U_Zd_PVzS_Zk_OT1U_YiU2T.lLxQdEw8p.AtJ_uyXw_5DhRoRzOdJn8_fMrRqGh8uC_fOwC_wxVx_8CxRr_PrSw0h_PVzS_aiKhUxIhRyBu_PVzS_ZARwK_rBgGzJ_uyXw_6BjJdGq_OT1U_Y9SyJ_f9rMdGlK_uyXw_6Br8lJzM%2526g%253dKzPyA7.8d9fKhR%2526nP%253d4YCc9%26mupckp%3DmupAtu4m8OiX0wt&amp;source=gmail&amp;ust=1668847536415000&amp;usg=AOvVaw2Xfg-Rpq4OBDpJS2Sjyo8B\">Culturalia_comunicare_arte<\/a><\/p>\n<p>Linkedin: <a href=\"https:\/\/culturaliart.musvc2.net\/e\/t?q=7%3dQYPXJ%26J%3dN%26H%3dPfT%26I%3dJhTdQ%26S%3d5NBNF_Li1m_Ws_Pnwh_Z3_Li1m_VxUJQ.4GAEwB6H.uM0_Li1m_VxABG89AS_0ypt_JDzO4RHLsJ65-vG-AI0Kx-QsJGGsLA_Li1m_Vx_Pnwh_a3OBK_FICPz9_0ypt_KBA9EQ99BR2L_0ypt_JdHN5_K281S0_Li1m_WvC051J_Eukx_OZCR0_7sKC51EA5s9x_Li1m_WvKxC4SC%268%3d5SFPuZ.A9B%26GF%3dUIfSZ&amp;mupckp=mupAtu4m8OiX0wt\" target=\"_blank\" rel=\"noopener\" data-saferedirecturl=\"https:\/\/www.google.com\/url?q=https:\/\/culturaliart.musvc2.net\/e\/t?q%3D7%253dQYPXJ%2526J%253dN%2526H%253dPfT%2526I%253dJhTdQ%2526S%253d5NBNF_Li1m_Ws_Pnwh_Z3_Li1m_VxUJQ.4GAEwB6H.uM0_Li1m_VxABG89AS_0ypt_JDzO4RHLsJ65-vG-AI0Kx-QsJGGsLA_Li1m_Vx_Pnwh_a3OBK_FICPz9_0ypt_KBA9EQ99BR2L_0ypt_JdHN5_K281S0_Li1m_WvC051J_Eukx_OZCR0_7sKC51EA5s9x_Li1m_WvKxC4SC%25268%253d5SFPuZ.A9B%2526GF%253dUIfSZ%26mupckp%3DmupAtu4m8OiX0wt&amp;source=gmail&amp;ust=1668847536415000&amp;usg=AOvVaw3tHDdmohKwLu7QsXpdQYKl\">Culturalia di Norma Waltmann<\/a><\/p>\n<p>Youtube: <a href=\"https:\/\/culturaliart.musvc2.net\/e\/t?q=3%3dEV0T8%26G%3d8%26D%3dDcD%26E%3d8eDZE%26P%3doJzKz_HWxW_Sg_MXsV_Wm_HWxW_RlR4M.5J2J17l.3uH_yqYu_96iChDt0s_HWxW_RlzJ4fPqU-x-v_XXW520oRG_-a_xvZp_9A2Js_NvKx8l_HWxW_SjIlMyGlJz0y_HWxW_RBP1C_s0k91H_yqYu_04kHh9r_MXsV_WCKzH_j1sKh9mI_yqYu_04s6pB11g6hK%26k%3dC1N338.IlJ%26oN%3d8QDaC&amp;mupckp=mupAtu4m8OiX0wt\" target=\"_blank\" rel=\"noopener\" data-saferedirecturl=\"https:\/\/www.google.com\/url?q=https:\/\/culturaliart.musvc2.net\/e\/t?q%3D3%253dEV0T8%2526G%253d8%2526D%253dDcD%2526E%253d8eDZE%2526P%253doJzKz_HWxW_Sg_MXsV_Wm_HWxW_RlR4M.5J2J17l.3uH_yqYu_96iChDt0s_HWxW_RlzJ4fPqU-x-v_XXW520oRG_-a_xvZp_9A2Js_NvKx8l_HWxW_SjIlMyGlJz0y_HWxW_RBP1C_s0k91H_yqYu_04kHh9r_MXsV_WCKzH_j1sKh9mI_yqYu_04s6pB11g6hK%2526k%253dC1N338.IlJ%2526oN%253d8QDaC%26mupckp%3DmupAtu4m8OiX0wt&amp;source=gmail&amp;ust=1668847536415000&amp;usg=AOvVaw3MbokZQEZojMgELzWhrBlP\">Culturalia<\/a><\/p>\n<p>&nbsp;<\/p>\n<p><strong>UFFICIO STAMPA COMUNE DI CASALECCHIO DI RENO <\/strong><\/p>\n<p>051 598242 \u2013 348 7013755<\/p>\n<p><a href=\"mailto:stampa@comune.casalecchio.bo.it\" target=\"_blank\" rel=\"noopener\">stampa@comune.casalecchio.bo.<wbr \/>it<\/a><\/p>\n<p><a href=\"http:\/\/www.comune.casalecchio.bo.it\" target=\"_blank\" rel=\"noopener\" data-saferedirecturl=\"https:\/\/www.google.com\/url?q=http:\/\/www.comune.casalecchio.bo.it&amp;source=gmail&amp;ust=1668847536415000&amp;usg=AOvVaw3LA57TvLyB7UDGMUcZCQ-M\">www.comune.casalecchio.bo.it<\/a><\/p>\n<p>Facebook: <a href=\"https:\/\/culturaliart.musvc2.net\/e\/t?q=0%3dGQOa0%26B%3dM%26K%3dFXS%26L%3d0ZSgG%26K%3d4Q2FE_OYsl_Zi_HmzX_R2_OYsl_YnMIT.n1yBjEAH.kE9_OYsl_Yn3AJ3D10iIwIm3yEqE_Dxap_NC_zqow_A6GQu_IARz31_OYsl_ZlD1T1B1Q25D_OYsl_YDKFJ_u5zF3C_Dxap_OAmCwFt_HmzX_RRR2C_y8uFwFoD_Dxap_OAu15I3F%26z%3dJ3IH00.D18i1wQ%26qI%3dMXFVR&amp;mupckp=mupAtu4m8OiX0wt\" target=\"_blank\" rel=\"noopener\" data-saferedirecturl=\"https:\/\/www.google.com\/url?q=https:\/\/culturaliart.musvc2.net\/e\/t?q%3D0%253dGQOa0%2526B%253dM%2526K%253dFXS%2526L%253d0ZSgG%2526K%253d4Q2FE_OYsl_Zi_HmzX_R2_OYsl_YnMIT.n1yBjEAH.kE9_OYsl_Yn3AJ3D10iIwIm3yEqE_Dxap_NC_zqow_A6GQu_IARz31_OYsl_ZlD1T1B1Q25D_OYsl_YDKFJ_u5zF3C_Dxap_OAmCwFt_HmzX_RRR2C_y8uFwFoD_Dxap_OAu15I3F%2526z%253dJ3IH00.D18i1wQ%2526qI%253dMXFVR%26mupckp%3DmupAtu4m8OiX0wt&amp;source=gmail&amp;ust=1668847536415000&amp;usg=AOvVaw0m1jatw_vdVUQyLnG_mNPp\">Comune Casalecchio<\/a><\/p>\n<p>Twitter: <a href=\"https:\/\/culturaliart.musvc2.net\/e\/t?q=A%3dNTFbG%26E%3dD%26L%3dMaJ%26M%3dGcJhN%26N%3duR9I6_Pfvc_ap_Kd1e_Us_Pfvc_ZuM0G9MrP.rHz_Pfvc_ZufnQpErArAvMc80Q_7tfx_H98R2_L2S76r_Pfvc_as9p4nGrU8ErR985_Pfvc_ZKN7K_28qG0F_5yhs_FBtFnG1_Kd1e_UIS9F_p92InGvG_5yhs_FB24vJ0I%26q%3dK0L9AG.GrR%26xL%3dDYMYI&amp;mupckp=mupAtu4m8OiX0wt\" target=\"_blank\" rel=\"noopener\" data-saferedirecturl=\"https:\/\/www.google.com\/url?q=https:\/\/culturaliart.musvc2.net\/e\/t?q%3DA%253dNTFbG%2526E%253dD%2526L%253dMaJ%2526M%253dGcJhN%2526N%253duR9I6_Pfvc_ap_Kd1e_Us_Pfvc_ZuM0G9MrP.rHz_Pfvc_ZufnQpErArAvMc80Q_7tfx_H98R2_L2S76r_Pfvc_as9p4nGrU8ErR985_Pfvc_ZKN7K_28qG0F_5yhs_FBtFnG1_Kd1e_UIS9F_p92InGvG_5yhs_FB24vJ0I%2526q%253dK0L9AG.GrR%2526xL%253dDYMYI%26mupckp%3DmupAtu4m8OiX0wt&amp;source=gmail&amp;ust=1668847536415000&amp;usg=AOvVaw1XCVz6UWUL7SOKKCN3zpYs\">Casalecchio News<\/a><\/p>\n<p>YouTube: <a href=\"https:\/\/culturaliart.musvc2.net\/e\/t?q=A%3dVTMbO%26E%3dK%26L%3dUaQ%26M%3dOcQhV%26N%3d2RGIC_Pnvj_ax_Kk1m_Uz_Pnvj_Z3PGU.LHERH5y.ABF_Byps_LDzAuLA86_Pnvj_Z3xWGZwLNPsC-fJx7sZGSXG-4U_Pnvj_a3NDK_FHEPz8_Byps_MBA8GQ98DR2K_Byps_LdHM7_K273S0_Kk1m_VxC043J_Etmx_OYER0_6uKC43EA_Kk1m_VxKxB6S9x4uC%267%3d7SFOwZ.A8D%26GF%3dTKfSY&amp;mupckp=mupAtu4m8OiX0wt\" target=\"_blank\" rel=\"noopener\" data-saferedirecturl=\"https:\/\/www.google.com\/url?q=https:\/\/culturaliart.musvc2.net\/e\/t?q%3DA%253dVTMbO%2526E%253dK%2526L%253dUaQ%2526M%253dOcQhV%2526N%253d2RGIC_Pnvj_ax_Kk1m_Uz_Pnvj_Z3PGU.LHERH5y.ABF_Byps_LDzAuLA86_Pnvj_Z3xWGZwLNPsC-fJx7sZGSXG-4U_Pnvj_a3NDK_FHEPz8_Byps_MBA8GQ98DR2K_Byps_LdHM7_K273S0_Kk1m_VxC043J_Etmx_OYER0_6uKC43EA_Kk1m_VxKxB6S9x4uC%25267%253d7SFOwZ.A8D%2526GF%253dTKfSY%26mupckp%3DmupAtu4m8OiX0wt&amp;source=gmail&amp;ust=1668847536416000&amp;usg=AOvVaw016bSSN3SPtnhjGum_fpfs\">Comune Casalecchio di Reno<\/a><\/p>\n<p>Telegram: <a href=\"https:\/\/culturaliart.musvc2.net\/e\/t?q=0%3dKVLaD%26G%3dJ%26K%3dJcP%26L%3dDePgK%26P%3d1Q6KB_Ocxi_Zm_Mjzb_Wy_Ocxi_YrO.6B_4vlw_DAV8565Bo81F1h8J7Ix_Ocxi_ZrPCJ_5JDOo0_Axeu_LAz0FPx8m6t0CQqM_Axeu_Kc7O6_Jq92Ry_Mjzb_XwBy62I_4vlw_DaDQy_8tJ262Dz_Mjzb_XwJmD5R2%269%3d6R5QvY.z0C%26F5%3dVJeHa&amp;mupckp=mupAtu4m8OiX0wt\" target=\"_blank\" rel=\"noopener\" data-saferedirecturl=\"https:\/\/www.google.com\/url?q=https:\/\/culturaliart.musvc2.net\/e\/t?q%3D0%253dKVLaD%2526G%253dJ%2526K%253dJcP%2526L%253dDePgK%2526P%253d1Q6KB_Ocxi_Zm_Mjzb_Wy_Ocxi_YrO.6B_4vlw_DAV8565Bo81F1h8J7Ix_Ocxi_ZrPCJ_5JDOo0_Axeu_LAz0FPx8m6t0CQqM_Axeu_Kc7O6_Jq92Ry_Mjzb_XwBy62I_4vlw_DaDQy_8tJ262Dz_Mjzb_XwJmD5R2%25269%253d6R5QvY.z0C%2526F5%253dVJeHa%26mupckp%3DmupAtu4m8OiX0wt&amp;source=gmail&amp;ust=1668847536416000&amp;usg=AOvVaw0jYTK5ewV1cZ5KLqMOK90-\">Comune Casalecchio di Reno<\/a><\/p>\n<\/div>\n<\/div>\n<\/td>\n<\/tr>\n<\/tbody>\n<\/table>\n<\/td>\n<\/tr>\n<\/tbody>\n<\/table>\n<\/td>\n<\/tr>\n<\/tbody>\n<\/table>\n<table role=\"presentation\" border=\"0\" width=\"100%\" cellspacing=\"0\" cellpadding=\"0\" align=\"center\">\n<tbody>\n<tr>\n<td>\n<table class=\"m_-2627115008811244664row-content m_-2627115008811244664stack\" role=\"presentation\" border=\"0\" width=\"600\" cellspacing=\"0\" cellpadding=\"0\" align=\"center\">\n<tbody>\n<tr>\n<td class=\"m_-2627115008811244664column\" width=\"33.333333333333336%\">\n<table class=\"m_-2627115008811244664image_block\" role=\"presentation\" border=\"0\" width=\"100%\" cellspacing=\"0\" cellpadding=\"0\">\n<tbody>\n<tr>\n<td>\n<div align=\"center\"><a href=\"https:\/\/culturaliart.musvc2.net\/e\/t?q=3%3dRVATK%26G%3d9%26D%3dQcE%26E%3dKeEZR%26P%3dpJCK_zqlu_A1_Avap_KA_zqlu_06FR5.3DG2KA6t9tM2.38H_zqlu_06_Avap_LA3J6_NwKA8m_HjxX_SwImMBGmJ1t6iC0z_HjxX_ROP2C_60l9DH_zqlu_A4xHi95_MYsi_WDKCH_k16Ki9zI_zqlu_A466qBDK%26l%3dCDN43K.ImJ%262N%3d9QQaD&amp;mupckp=mupAtu4m8OiX0wt\" target=\"_blank\" rel=\"noopener\" data-saferedirecturl=\"https:\/\/www.google.com\/url?q=https:\/\/culturaliart.musvc2.net\/e\/t?q%3D3%253dRVATK%2526G%253d9%2526D%253dQcE%2526E%253dKeEZR%2526P%253dpJCK_zqlu_A1_Avap_KA_zqlu_06FR5.3DG2KA6t9tM2.38H_zqlu_06_Avap_LA3J6_NwKA8m_HjxX_SwImMBGmJ1t6iC0z_HjxX_ROP2C_60l9DH_zqlu_A4xHi95_MYsi_WDKCH_k16Ki9zI_zqlu_A466qBDK%2526l%253dCDN43K.ImJ%25262N%253d9QQaD%26mupckp%3DmupAtu4m8OiX0wt&amp;source=gmail&amp;ust=1668847536416000&amp;usg=AOvVaw361JSJLZnvrmeydJ86jlbN\"><img decoding=\"async\" class=\"CToWUd\" title=\"Image\" src=\"https:\/\/ci6.googleusercontent.com\/proxy\/L5JFq-92vdBOgm34EoRIyRM4efwJZVmzfUBar-xhNdPUx9DJZlsCYBJcz970OIY64xHZIBG7L4i6UELiP6nhZIwo2Ea_miO1NTBF8a8fFJK3ac5QGKrxssxjWYxn5Q=s0-d-e1-ft#https:\/\/culturaliart.img.musvc2.net\/static\/91342\/images\/1\/Culturalia(3).jpg\" alt=\"Image\" width=\"142\" data-bit=\"iit\" \/><\/a><\/div>\n<\/td>\n<\/tr>\n<\/tbody>\n<\/table>\n<\/td>\n<td class=\"m_-2627115008811244664column\" width=\"66.66666666666667%\">\n<table role=\"presentation\" border=\"0\" width=\"100%\" cellspacing=\"0\" cellpadding=\"0\">\n<tbody>\n<tr>\n<td>\n<div>\n<div>\n<p><strong>CULTURALIA DI NORMA WALTMANN<\/strong><\/p>\n<p><strong>\u00a0<\/strong><\/p>\n<p><strong>Agenzia di comunicazione e ufficio stampa<\/strong><\/p>\n<p>&nbsp;<\/p>\n<p>tel : +39-051-6569105 mob: +39-392-2527126<\/p>\n<p>&nbsp;<\/p>\n<p>email: <a title=\"info@culturaliart.com \" href=\"mailto:info@culturaliart.com%20\" target=\"_blank\" rel=\"noopener\">info@culturaliart.com <\/a><\/p>\n<p>&nbsp;<\/p>\n<p>web: <a href=\"https:\/\/culturaliart.musvc2.net\/e\/t?q=6%3dNSCWG%26D%3dA%26G%3dMZG%26H%3dGbGcN%26M%3drM9H_2thr_C4_7scs_G8_2thr_B9BO7.60D4N73vBpJ4.64E_2thr_B9_7scs_H85M2_KyN75o_KfuZ_VsFoP8DoM4p3k972_KfuZ_UKM4F_27nB0E_2thr_C7tEkB1_Jave_TFN9E_m42HkBvF_2thr_C723sE0H%26n%3dF0K66G.FoM%26xK%3dATMXF&amp;mupckp=mupAtu4m8OiX0wt\" target=\"_blank\" rel=\"noopener\" data-saferedirecturl=\"https:\/\/www.google.com\/url?q=https:\/\/culturaliart.musvc2.net\/e\/t?q%3D6%253dNSCWG%2526D%253dA%2526G%253dMZG%2526H%253dGbGcN%2526M%253drM9H_2thr_C4_7scs_G8_2thr_B9BO7.60D4N73vBpJ4.64E_2thr_B9_7scs_H85M2_KyN75o_KfuZ_VsFoP8DoM4p3k972_KfuZ_UKM4F_27nB0E_2thr_C7tEkB1_Jave_TFN9E_m42HkBvF_2thr_C723sE0H%2526n%253dF0K66G.FoM%2526xK%253dATMXF%26mupckp%3DmupAtu4m8OiX0wt&amp;source=gmail&amp;ust=1668847536416000&amp;usg=AOvVaw01i21Vhvl5rBh-59rbTznN\">www.culturaliart.com<\/a><\/p>\n<p>&nbsp;<\/p>\n<\/div>\n<\/div>\n<\/td>\n<\/tr>\n<\/tbody>\n<\/table>\n<\/td>\n<\/tr>\n<\/tbody>\n<\/table>\n<\/td>\n<\/tr>\n<\/tbody>\n<\/table>\n","protected":false},"excerpt":{"rendered":"<p>COMUNICATO STAMPA La quinta e penultima giornata di Politicamente Scorretto 2022: &nbsp; il programma di sabato 19 novembre 2022 La [&hellip;]<\/p>\n","protected":false},"author":1,"featured_media":0,"comment_status":"open","ping_status":"open","sticky":false,"template":"","format":"standard","meta":{"footnotes":""},"categories":[4,10],"tags":[],"class_list":["post-30188","post","type-post","status-publish","format-standard","hentry","category-cultura","category-italiano"],"_links":{"self":[{"href":"https:\/\/www.ecoitaliano.com.ar\/index.php?rest_route=\/wp\/v2\/posts\/30188","targetHints":{"allow":["GET"]}}],"collection":[{"href":"https:\/\/www.ecoitaliano.com.ar\/index.php?rest_route=\/wp\/v2\/posts"}],"about":[{"href":"https:\/\/www.ecoitaliano.com.ar\/index.php?rest_route=\/wp\/v2\/types\/post"}],"author":[{"embeddable":true,"href":"https:\/\/www.ecoitaliano.com.ar\/index.php?rest_route=\/wp\/v2\/users\/1"}],"replies":[{"embeddable":true,"href":"https:\/\/www.ecoitaliano.com.ar\/index.php?rest_route=%2Fwp%2Fv2%2Fcomments&post=30188"}],"version-history":[{"count":0,"href":"https:\/\/www.ecoitaliano.com.ar\/index.php?rest_route=\/wp\/v2\/posts\/30188\/revisions"}],"wp:attachment":[{"href":"https:\/\/www.ecoitaliano.com.ar\/index.php?rest_route=%2Fwp%2Fv2%2Fmedia&parent=30188"}],"wp:term":[{"taxonomy":"category","embeddable":true,"href":"https:\/\/www.ecoitaliano.com.ar\/index.php?rest_route=%2Fwp%2Fv2%2Fcategories&post=30188"},{"taxonomy":"post_tag","embeddable":true,"href":"https:\/\/www.ecoitaliano.com.ar\/index.php?rest_route=%2Fwp%2Fv2%2Ftags&post=30188"}],"curies":[{"name":"wp","href":"https:\/\/api.w.org\/{rel}","templated":true}]}}