{"id":30192,"date":"2022-11-18T08:58:46","date_gmt":"2022-11-18T08:58:46","guid":{"rendered":"http:\/\/www.ecoitaliano.com.ar\/?p=30192"},"modified":"2022-11-18T08:58:46","modified_gmt":"2022-11-18T08:58:46","slug":"politicamente-scorretto-il-programma-di-domenica-20-novembre-2022-casalecchio-di-reno-bo","status":"publish","type":"post","link":"https:\/\/www.ecoitaliano.com.ar\/?p=30192","title":{"rendered":"Politicamente Scorretto: il programma di domenica 20 novembre 2022 &#8211; Casalecchio di Reno (BO)"},"content":{"rendered":"<p><a href=\"https:\/\/culturaliart.musvc2.net\/e\/r?q=Q8%3dA3Q9L_1xls_B8_Atbw_K9_1xls_AC2Tlau.FjF5Ny05BnKC.6xJ_Atbw_K9o_OjvY_YyKwI.tLyU_Atbw_K9_1xls_BC77n_OjvY_ZwK7_OjvY_YyP7_-9w0_1xls_BA0RoAR_KZzi_VmUET7dtUk_OjvY_Zt_KZzi_VmdO4kBL.cH_OjvY_YOQ_1xls_BA9O_1xls_Acu_KZzi_UEU_Atbw_L7yM_Atbw_KY3U.-L_KZzi_Vj-eL5jVuWo_OjvY_ZwJxXAPWjep%26l%3dfJVCY%26w%3dF4PE6A.KxM%26rP%3dJTGbQ%26E%3d0%26K%3dQaG8t4j%26L%3dKcFgR%26M%3dFfOV0XRbD&amp;mupckp=mupAtu4m8OiX0wt\" target=\"_blank\" rel=\"noopener\" name=\"m_6730914719347528853_showInBrowser\" data-saferedirecturl=\"https:\/\/www.google.com\/url?q=https:\/\/culturaliart.musvc2.net\/e\/r?q%3DQ8%253dA3Q9L_1xls_B8_Atbw_K9_1xls_AC2Tlau.FjF5Ny05BnKC.6xJ_Atbw_K9o_OjvY_YyKwI.tLyU_Atbw_K9_1xls_BC77n_OjvY_ZwK7_OjvY_YyP7_-9w0_1xls_BA0RoAR_KZzi_VmUET7dtUk_OjvY_Zt_KZzi_VmdO4kBL.cH_OjvY_YOQ_1xls_BA9O_1xls_Acu_KZzi_UEU_Atbw_L7yM_Atbw_KY3U.-L_KZzi_Vj-eL5jVuWo_OjvY_ZwJxXAPWjep%2526l%253dfJVCY%2526w%253dF4PE6A.KxM%2526rP%253dJTGbQ%2526E%253d0%2526K%253dQaG8t4j%2526L%253dKcFgR%2526M%253dFfOV0XRbD%26mupckp%3DmupAtu4m8OiX0wt&amp;source=gmail&amp;ust=1668847536402000&amp;usg=AOvVaw2gQ0mI3e08O7-SDbU5oWth\"><\/a><\/p>\n<table role=\"presentation\" border=\"0\" width=\"100%\" cellspacing=\"0\" cellpadding=\"0\">\n<tbody>\n<tr>\n<td>\n<table role=\"presentation\" border=\"0\" width=\"100%\" cellspacing=\"0\" cellpadding=\"0\" align=\"center\">\n<tbody>\n<tr>\n<td>\n<table class=\"m_6730914719347528853row-content m_6730914719347528853stack\" role=\"presentation\" border=\"0\" width=\"600\" cellspacing=\"0\" cellpadding=\"0\" align=\"center\">\n<tbody>\n<tr>\n<td class=\"m_6730914719347528853column\" width=\"100%\">\n<table class=\"m_6730914719347528853image_block\" role=\"presentation\" border=\"0\" width=\"100%\" cellspacing=\"0\" cellpadding=\"0\">\n<tbody>\n<tr>\n<td>\n<div align=\"center\"><img decoding=\"async\" class=\"m_6730914719347528853big CToWUd a6T\" tabindex=\"0\" src=\"https:\/\/ci5.googleusercontent.com\/proxy\/u7nLnS0AuqD79X5MroZoz1ZE0tYLy1zryAnjMGTERx1YwF5ChTfeGbEwykkLyJQqBpFe3pG1KkkGG_WewdRdEKQfBhy-AuoUgWRN25wqWnvZdn6yJA4YN-MthhH5OCbFsO-LjlR9ljU=s0-d-e1-ft#https:\/\/culturaliart.img.musvc2.net\/static\/91342\/images\/1\/header_websitePS2022(0).jpg\" width=\"600\" data-bit=\"iit\" \/><\/div>\n<\/td>\n<\/tr>\n<\/tbody>\n<\/table>\n<\/td>\n<\/tr>\n<\/tbody>\n<\/table>\n<\/td>\n<\/tr>\n<\/tbody>\n<\/table>\n<\/td>\n<\/tr>\n<\/tbody>\n<\/table>\n<table role=\"presentation\" border=\"0\" width=\"100%\" cellspacing=\"0\" cellpadding=\"10\">\n<tbody>\n<tr>\n<td>\n<div>\n<div>\n<p><u><strong>COMUNICATO STAMPA<\/strong><\/u><\/p>\n<\/div>\n<\/div>\n<\/td>\n<\/tr>\n<\/tbody>\n<\/table>\n<table role=\"presentation\" border=\"0\" width=\"100%\" cellspacing=\"0\" cellpadding=\"10\">\n<tbody>\n<tr>\n<td>\n<div>\n<div>\n<p><strong>Si conclude Politicamente Scorretto 2022:<\/strong><\/p>\n<p>&nbsp;<\/p>\n<p><strong>il programma di domenica 20 novembre 2022<\/strong><\/p>\n<p>&nbsp;<\/p>\n<p><em>La rassegna curata da Carlo Lucarelli torna a Casalecchio di Reno (BO) <\/em><\/p>\n<p><em>con una XVII edizione ricca di novit\u00e0<\/em><\/p>\n<\/div>\n<\/div>\n<\/td>\n<\/tr>\n<\/tbody>\n<\/table>\n<table class=\"m_6730914719347528853image_block\" role=\"presentation\" border=\"0\" width=\"100%\" cellspacing=\"0\" cellpadding=\"10\">\n<tbody>\n<tr>\n<td>\n<div align=\"center\"><img decoding=\"async\" class=\"m_6730914719347528853big CToWUd a6T\" tabindex=\"0\" src=\"https:\/\/ci5.googleusercontent.com\/proxy\/FJSmQzhSlHeMkBJP5Mc0_0UKZsMSxpWi_cz-1gA9TF_6Z-Lta61uS67rybLoNkAKSKN2AJBZGw8j-8S85hguHYnreuoYsE3WVQZNM7Vdl_jwNYgi9kTGc8dkIhOeOsUsmdgu=s0-d-e1-ft#https:\/\/culturaliart.img.musvc2.net\/static\/91342\/images\/1\/PASOLINI-FILM_2022.jpg\" width=\"360\" data-bit=\"iit\" \/><\/div>\n<\/td>\n<\/tr>\n<\/tbody>\n<\/table>\n<table role=\"presentation\" border=\"0\" width=\"100%\" cellspacing=\"0\" cellpadding=\"0\" align=\"center\">\n<tbody>\n<tr>\n<td>\n<table class=\"m_6730914719347528853row-content m_6730914719347528853stack\" role=\"presentation\" border=\"0\" width=\"600\" cellspacing=\"0\" cellpadding=\"0\" align=\"center\">\n<tbody>\n<tr>\n<td class=\"m_6730914719347528853column\" width=\"100%\">\n<table role=\"presentation\" border=\"0\" width=\"100%\" cellspacing=\"0\" cellpadding=\"10\">\n<tbody>\n<tr>\n<td>\n<div align=\"center\">\n<table role=\"presentation\" border=\"0\" width=\"100%\" cellspacing=\"0\" cellpadding=\"0\">\n<tbody>\n<tr>\n<td><\/td>\n<\/tr>\n<\/tbody>\n<\/table>\n<\/div>\n<\/td>\n<\/tr>\n<\/tbody>\n<\/table>\n<table role=\"presentation\" border=\"0\" width=\"100%\" cellspacing=\"0\" cellpadding=\"10\">\n<tbody>\n<tr>\n<td>\n<div>\n<div>\n<p><strong>Dal 15 al 20 novembre 2022<\/strong><\/p>\n<p><strong>Casalecchio di Reno (BO)<\/strong><\/p>\n<p><strong>\u00a0<\/strong><\/p>\n<p>Si conclude il festival <strong>Politicamente Scorretto<\/strong> domenica 20 novembre 2022. Anche per l\u2019ultima giornata saranno affrontati i <strong>temi di giustizia, solidariet\u00e0 e legalit\u00e0<\/strong> attraverso un panel dedicato alla <strong>legge Rognoni-La Torre<\/strong> e un appuntamento sul <strong>cinema d\u2019inchiesta<\/strong>. Giunto alla <strong>XVII edizione,<\/strong> Politicamente Scorretto, la rassegna ideata dal servizio <strong>Casalecchio delle Culture<\/strong> in collaborazione con <strong>Carlo Lucarelli, <\/strong>\u00e8 molto pi\u00f9 che un festival: \u00e8 l\u2019evento che da anni riunisce <strong>intellettuali, giornalisti, scrittori, performer, artisti, attivisti, personaggi di rilievo nazionale, istituzioni e cittadini<\/strong> in un unico luogo per testimoniare un impegno concreto, e quotidiano, al contrasto delle mafie e dell\u2019illegalit\u00e0 attraverso i diversi linguaggi della cultura.<\/p>\n<p>&nbsp;<\/p>\n<p>&nbsp;<\/p>\n<p><strong>IL PROGRAMMA DI DOMENICA 20 NOVEMBRE 2022<\/strong><\/p>\n<p>&nbsp;<\/p>\n<p><strong>Inizia alle ore <\/strong>10.00 alla Casa della Conoscenza il panel organizzato da <strong>Avviso Pubblico<\/strong> dal titolo \u201c<em><strong>Quarant\u2019anni della legge Rognoni-La Torre<\/strong><\/em>\u201d. La legge nota come Rognoni-La Torre nel 1982 introdusse per la prima volta nel codice penale la previsione del <strong>reato di \u201cassociazione di tipo mafioso\u201d<\/strong> (art. 416 bis). Quali sono stati i cambiamenti normativi introdotti? Perch\u00e9 a quarant\u2019anni dalla sua approvazione il contenuto della norma \u00e8 ancora attuale? A parlarne sul palco di Politicamente Scorretto 2022 <strong>Gaetano Paci<\/strong>, Procuratore della Repubblica di Reggio Emilia, in collegamento con <strong>Tatiana Giannone<\/strong> (referente nazionale di Libera per i beni confiscati), <strong>Antonio Napoli<\/strong> (Cooperativa Sociale Valle di Marro \u2013 Libera Terra) e <strong>Pierpaolo Romani<\/strong> (Coordinatore nazionale Avviso Pubblico). Modera il giornalista <strong>Giuseppe Baldessarro<\/strong>.<\/p>\n<p>Il pomeriggio a partire dalle 15.00 sempre presso la Casa della Conoscenza, sar\u00e0 dedicato al <strong>cinema d\u2019inchiesta<\/strong> con l\u2019evento \u201c<em><strong>Indagini visive. Cinema d\u2019inchiesta e ricerca della verit\u00e0<\/strong><\/em>\u201d in cui registi, sceneggiatori, produttori si confronteranno sul loro lavoro di ricerca sui pi\u00f9 oscuri misteri della storia repubblicana italiana. Si parte con la proiezione del nuovo documentario di <strong>Paolo Fiore Angelini<\/strong> \u201c<em><strong>Pasolini, cronologia di un delitto politico<\/strong><\/em>\u201d presentato alla XVII^ edizione del Festival del Cinema di Roma. Il film d\u2019inchiesta consiste in un \u201citinerario istruttorio\u201d dal 1960 al 1975, nella vicenda di Pasolini vivo, alla ricerca della verit\u00e0 politica del suo omicidio. Attraverso testimonianze e materiale d\u2019archivio visivo, nel documentario viene ricostruita la vera vicenda dell\u2019assassinio di Pier Paolo Pasolini.<\/p>\n<p>A dialogare con <strong>Carlo Lucarelli<\/strong> il regista Angelini e il produttore <strong>Andrea Gambetta <\/strong>ai quali si affiancheranno: <strong>Maurizio Braucci<\/strong>, lo sceneggiatore si collegher\u00e0 per raccontare il cinema dell\u2019impegno civile, \u201cGomorra\u201d di Matteo Garrone, \u201cPasolini\u201d di Abel Ferrara e \u201cParanza dei bambini\u201d di Claudio Giovannesi. <strong>Abel Ferrara, regista del film \u201cPasolinI\u201d, interverr\u00e0 con un video pre-registrato appositamente per Politicamente Scorretto.<\/strong> Inoltre saranno presenti <strong>Fabio Abagnato, Responsabile Emilia-Romagna Film Commission e Laura Traversi, <\/strong>co-direttrice del<strong> \u201c<em>Terraviva Film Festival<\/em>\u201d<\/strong>, festival cinematografico e di cultura, in programma a Casalecchio di Reno dal 22 al 27 novembre 2022 che, attraverso proiezioni, un concorso cinematografico, talk e masterclass, mira a sviluppare una cultura dell\u2019unione e una conoscenza e comprensione dell\u2019altro e delle diverse identit\u00e0. Per concludere tra gli ospiti avremo <strong>Stefano Ferrari <\/strong>che parler\u00e0 del docufilm <strong><em>Per sempre giovani<\/em> <\/strong>(2021) sulla <strong>strage del Salvemini,<\/strong> avvenuta il 6 dicembre 1990, quando un aereo militare in avaria abbandonato dal pilota precipit\u00f2 sull\u2019allora succursale dell\u2019Istituto Tecnico Commerciale Gaetano Salvemini a Casalecchio di Reno, provocando la morte di undici studentesse e uno studente della classe 2^A e oltre ottanta feriti.<\/p>\n<p>&nbsp;<\/p>\n<p>&nbsp;<\/p>\n<p>Nell\u2019atrio di Casa della Conoscenza sar\u00e0 presente uno <strong>stand<\/strong> con i prodotti di\u00a0<a href=\"https:\/\/culturaliart.musvc2.net\/e\/t?q=7%3dWYEXP%26J%3dC%26H%3dVfJ%26I%3dPhIdW%26S%3dtNHN5_Lo1b_Wy_Pcwn_Zr_Lo1b_V4U9Q.0Gn9F969FPm.CH_Pcwn_ZrCH_Pcwn_Zr_Lo1b_W4S6G_GM7L1C_4uqx_5y9mE8BC9M0C6N3P_4uqx_DZIRy_G3BuOA_Pcwn_ap9A9uF_Fyet_Pd7NA_AmGD9uAB_Pcwn_apGyGxOD%26B%3dyOGToV.BC6%26CG%3dYCbSf&amp;mupckp=mupAtu4m8OiX0wt\" target=\"_blank\" rel=\"noopener\" data-saferedirecturl=\"https:\/\/www.google.com\/url?q=https:\/\/culturaliart.musvc2.net\/e\/t?q%3D7%253dWYEXP%2526J%253dC%2526H%253dVfJ%2526I%253dPhIdW%2526S%253dtNHN5_Lo1b_Wy_Pcwn_Zr_Lo1b_V4U9Q.0Gn9F969FPm.CH_Pcwn_ZrCH_Pcwn_Zr_Lo1b_W4S6G_GM7L1C_4uqx_5y9mE8BC9M0C6N3P_4uqx_DZIRy_G3BuOA_Pcwn_ap9A9uF_Fyet_Pd7NA_AmGD9uAB_Pcwn_apGyGxOD%2526B%253dyOGToV.BC6%2526CG%253dYCbSf%26mupckp%3DmupAtu4m8OiX0wt&amp;source=gmail&amp;ust=1668847536402000&amp;usg=AOvVaw0NR0L-Uy6IuMPwx1jw7kko\"><strong>Libera Terra<\/strong><\/a>, grazie al\u00a0<a href=\"https:\/\/culturaliart.musvc2.net\/e\/t?q=9%3d0VCZ3%26G%3dA%26J%3d9cH%26K%3d3eGf0%26P%3drPuK3_NRxZ_Yb_MayQ_Wp_NRxZ_XgR7S.mDmApQsJdD.o0v.D4_NRxZ_XgKkCjIo_NRxZ_XgK2AtDnEp-Gs8fMk-7-qJvEgMyJj_MayQ_XpQuH_3KvMmA_svcv_49xAxNvAuOoN_svcv_3a5Pn_Ho0jPw_NRxZ_Ye0w7jG_2wTu_BbvOw_9bHz7jBx_NRxZ7b6k_YeHkEmPz%260%3dnP3RdW.xAu%26D3%3dW2cEd&amp;mupckp=mupAtu4m8OiX0wt\" target=\"_blank\" rel=\"noopener\" data-saferedirecturl=\"https:\/\/www.google.com\/url?q=https:\/\/culturaliart.musvc2.net\/e\/t?q%3D9%253d0VCZ3%2526G%253dA%2526J%253d9cH%2526K%253d3eGf0%2526P%253drPuK3_NRxZ_Yb_MayQ_Wp_NRxZ_XgR7S.mDmApQsJdD.o0v.D4_NRxZ_XgKkCjIo_NRxZ_XgK2AtDnEp-Gs8fMk-7-qJvEgMyJj_MayQ_XpQuH_3KvMmA_svcv_49xAxNvAuOoN_svcv_3a5Pn_Ho0jPw_NRxZ_Ye0w7jG_2wTu_BbvOw_9bHz7jBx_NRxZ7b6k_YeHkEmPz%25260%253dnP3RdW.xAu%2526D3%253dW2cEd%26mupckp%3DmupAtu4m8OiX0wt&amp;source=gmail&amp;ust=1668847536402000&amp;usg=AOvVaw2Rk5UA9Tmi18tVnlsLgfEZ\"><strong>Presidio di Libera \u2013 Collettivo \u201cAntonino Polifroni\u201d del Liceo \u201cLeonardo Da Vinci\u201d<\/strong><\/a>\u00a0di Casalecchio di Reno. BOOKSHOP a cura di <strong>Carta Bianca.<\/strong><\/p>\n<p>&nbsp;<\/p>\n<p>&nbsp;<\/p>\n<p>Il <strong>programma completo<\/strong> \u00e8 consultabile sul sito <a href=\"https:\/\/culturaliart.musvc2.net\/e\/t?q=5%3dKV7VD%26G%3d5%26F%3dJcB%26G%3dDeAbK%26P%3dlL6K_vseu_73_4vWr_DA_vseu_689R1.H1GmLu8eEqIx758sJ40xL1.Jv9_4vWr_DA_vseu_787Oq_K1Pv5q_MUub3m6e_XhFqRwDqOx74_MUub_W0M6H_q7pDyE_4vWr_E9iEmDp_JcxT_THPxE_o6qHmDkF_4vWr_E9q3uGyH%26p%3dHyK886.FqO%26mK%3dCVBWJ&amp;mupckp=mupAtu4m8OiX0wt\" target=\"_blank\" rel=\"noopener\" data-saferedirecturl=\"https:\/\/www.google.com\/url?q=https:\/\/culturaliart.musvc2.net\/e\/t?q%3D5%253dKV7VD%2526G%253d5%2526F%253dJcB%2526G%253dDeAbK%2526P%253dlL6K_vseu_73_4vWr_DA_vseu_689R1.H1GmLu8eEqIx758sJ40xL1.Jv9_4vWr_DA_vseu_787Oq_K1Pv5q_MUub3m6e_XhFqRwDqOx74_MUub_W0M6H_q7pDyE_4vWr_E9iEmDp_JcxT_THPxE_o6qHmDkF_4vWr_E9q3uGyH%2526p%253dHyK886.FqO%2526mK%253dCVBWJ%26mupckp%3DmupAtu4m8OiX0wt&amp;source=gmail&amp;ust=1668847536402000&amp;usg=AOvVaw0Rasd8CI3L3gLMYm-zx8ac\">www.politicamentescorretto.org<\/a><wbr \/>.<\/p>\n<\/div>\n<\/div>\n<\/td>\n<\/tr>\n<\/tbody>\n<\/table>\n<table role=\"presentation\" border=\"0\" width=\"100%\" cellspacing=\"0\" cellpadding=\"10\">\n<tbody>\n<tr>\n<td>\n<div>\n<div>\n<p><strong>INFORMAZIONI UTILI<\/strong><\/p>\n<p>&nbsp;<\/p>\n<p><strong>POLITICAMENTE SCORRETTO 2022 \u2013 XVII EDIZIONE<\/strong><\/p>\n<p>&nbsp;<\/p>\n<p>QUANDO: <strong>dal 15 al 20 novembre 2022<\/strong><\/p>\n<p>DOVE: <strong>Casalecchio di Reno (BO)<\/strong><\/p>\n<p><strong>Casa della Conoscenza, Via Porrettana 360 <\/strong><\/p>\n<p><strong>Casa Per la Pace La Filanda, Via dei Canonici Renani, 8<\/strong><\/p>\n<p><strong>Centro Sociale San Biagio, Via Pietro Micca, 17<\/strong><\/p>\n<p><strong>Teatro comunale Laura Betti, Piazza del Popolo, 1<\/strong><\/p>\n<p><strong>\u00a0<\/strong><\/p>\n<p><strong>Tutti gli eventi sono gratuiti, fino ad esaurimento posti. <\/strong><\/p>\n<p><strong>Gli spettacoli teatrali al Teatro Laura Betti sono a pagamento. Per informazioni sugli spettacoli si rimanda al sito: <\/strong><a href=\"http:\/\/www.teatrocasalecchio.it\" target=\"_blank\" rel=\"noopener\" data-saferedirecturl=\"https:\/\/www.google.com\/url?q=http:\/\/www.teatrocasalecchio.it&amp;source=gmail&amp;ust=1668847536402000&amp;usg=AOvVaw2vX3rRKgNSoqvBMoGub5WW\">www.teatrocasalecchio.it<\/a><\/p>\n<p>&nbsp;<\/p>\n<p>REALIZZATO DA: <strong>Comune di Casalecchio di Reno in collaborazione con Carlo Lucarelli e con il sostegno e la co-progettazione della Regione Emilia-Romagna nell\u2019ambito della L.R. 18\/2016<\/strong><\/p>\n<p>COORDINATO DA: <strong>Servizio Casalecchio delle Culture<\/strong><\/p>\n<p>PARTNER: <strong>Libera Associazioni Nomi e Numeri contro le mafie, Avviso Pubblico Enti Locali e Regioni per la formazione civile contro le mafie, ATER Fondazione, Ordine dei Giornalisti Emilia-Romagna, Fondazione Ordine dei Giornalisti Emilia-Romagna<\/strong><\/p>\n<p>SPONSOR:<strong> Melamangio, Elior, COOP Alleanza 3.0<\/strong><\/p>\n<p>MEDIA PARTNER: <strong>Culturalia e Giovani Reporter<\/strong><\/p>\n<p>&nbsp;<\/p>\n<p><strong>CONTATTI<\/strong><\/p>\n<p>051.598243 &#8211; <a href=\"mailto:casalecchiodelleculture@comune.casalecchio.bo.it\" target=\"_blank\" rel=\"noopener\">casalecchiodelleculture@<wbr \/>comune.casalecchio.bo.it<\/a><\/p>\n<p>SITO: <a href=\"https:\/\/culturaliart.musvc2.net\/e\/t?q=9%3d0SOZ3%26D%3dM%26J%3d9ZT%26K%3d3bSf0%26M%3d4PuH_DwTr_O7_ssov_38_DwTr_NBxOI.LpD5Pj5wIfFFAt5ANs7FPp.GDC_ssov_38_DwTr_OBvL9_OpMD9f_JmyQ7b3w_UzJfOEHfLFAs_JmyQ_TRQuE_9AeAGI_ssov_461IbA8_NRul_X7MFI_d39LbA3J_ssov_4697jDGL%26e%3dEGOw5N.JfL%265O%3d2STa9&amp;mupckp=mupAtu4m8OiX0wt\" target=\"_blank\" rel=\"noopener\" data-saferedirecturl=\"https:\/\/www.google.com\/url?q=https:\/\/culturaliart.musvc2.net\/e\/t?q%3D9%253d0SOZ3%2526D%253dM%2526J%253d9ZT%2526K%253d3bSf0%2526M%253d4PuH_DwTr_O7_ssov_38_DwTr_NBxOI.LpD5Pj5wIfFFAt5ANs7FPp.GDC_ssov_38_DwTr_OBvL9_OpMD9f_JmyQ7b3w_UzJfOEHfLFAs_JmyQ_TRQuE_9AeAGI_ssov_461IbA8_NRul_X7MFI_d39LbA3J_ssov_4697jDGL%2526e%253dEGOw5N.JfL%25265O%253d2STa9%26mupckp%3DmupAtu4m8OiX0wt&amp;source=gmail&amp;ust=1668847536402000&amp;usg=AOvVaw0ai6Ad3WR__6ssrdpOdrpF\">www.politicamentescorretto.<wbr \/>org\/<\/a><\/p>\n<p>FACEBOOK: <a href=\"https:\/\/culturaliart.musvc2.net\/e\/t?q=3%3dTV4TM%26G%3d2%26D%3dSc9%26E%3dMe8ZT%26P%3diJEK_sqnu_41_CvTp_MA_sqnu_36HRx.6v8f20Jl.30H_sqnu_36AJm9EDd180oJzNdECMfJEJ.pH2_MRsk_Wg_HlxQ_S1PuC_DJvHx0_sqnu_4490xI70uJzM_sqnu_3VFOn_Cz9jK8_MRsk_Xe586jB_CvTp_MavJ8_8bCA6j79_MRsk_XeCvDmKA%269%3dn1v6bKDQdR.90u%269D%3dV2XPc&amp;mupckp=mupAtu4m8OiX0wt\" target=\"_blank\" rel=\"noopener\" data-saferedirecturl=\"https:\/\/www.google.com\/url?q=https:\/\/culturaliart.musvc2.net\/e\/t?q%3D3%253dTV4TM%2526G%253d2%2526D%253dSc9%2526E%253dMe8ZT%2526P%253diJEK_sqnu_41_CvTp_MA_sqnu_36HRx.6v8f20Jl.30H_sqnu_36AJm9EDd180oJzNdECMfJEJ.pH2_MRsk_Wg_HlxQ_S1PuC_DJvHx0_sqnu_4490xI70uJzM_sqnu_3VFOn_Cz9jK8_MRsk_Xe586jB_CvTp_MavJ8_8bCA6j79_MRsk_XeCvDmKA%25269%253dn1v6bKDQdR.90u%25269D%253dV2XPc%26mupckp%3DmupAtu4m8OiX0wt&amp;source=gmail&amp;ust=1668847536402000&amp;usg=AOvVaw2ETNeyMDr6T1R7mKFvDjYb\">www.facebook.com\/<wbr \/>politicamentescorretto.org\/<\/a><\/p>\n<p>INSTAGRAM: <a href=\"https:\/\/culturaliart.musvc2.net\/e\/t?q=6%3dVR4WO%26C%3d2%26G%3dUY9%26H%3dOa8cV%26L%3diMGG_stpq_44_ErTs_O7_stpq_39JNx.BAJu44IbF.zFn_KntQ_U3GpEF4pKE6uMB_IRvm_Sg_KntQ_V3LuF_FFvKz6_stpq_47A6xL96uM2I_stpq_3YHKn_F25jN0_IRvm_Te802jE_ErTs_OWvM0_4bFC2j0A_IRvm_TeFx0mNC%265%3dnNFMdU.A6u%26BF%3d4x2bR2aRY&amp;mupckp=mupAtu4m8OiX0wt\" target=\"_blank\" rel=\"noopener\" data-saferedirecturl=\"https:\/\/www.google.com\/url?q=https:\/\/culturaliart.musvc2.net\/e\/t?q%3D6%253dVR4WO%2526C%253d2%2526G%253dUY9%2526H%253dOa8cV%2526L%253diMGG_stpq_44_ErTs_O7_stpq_39JNx.BAJu44IbF.zFn_KntQ_U3GpEF4pKE6uMB_IRvm_Sg_KntQ_V3LuF_FFvKz6_stpq_47A6xL96uM2I_stpq_3YHKn_F25jN0_IRvm_Te802jE_ErTs_OWvM0_4bFC2j0A_IRvm_TeFx0mNC%25265%253dnNFMdU.A6u%2526BF%253d4x2bR2aRY%26mupckp%3DmupAtu4m8OiX0wt&amp;source=gmail&amp;ust=1668847536402000&amp;usg=AOvVaw2M-cHnS3_WtMyoc70Alr-b\">www.instagram.com\/<wbr \/>polscorretto\/<\/a><\/p>\n<p>TWITTER: <a href=\"https:\/\/culturaliart.musvc2.net\/e\/t?q=A%3dCX0b6%26I%3d8%26L%3dBeE%26M%3d6gDhC%26R%3doRxM_yyWw_09_vxZx_6C_yyWw_9D1T4.R1F1RiO.jMq_OX1T_YmxsIZAsOyCxQv_PUzW_ajR1K_wL2PgB_yyWw_0B9e8hrB4QpB1RiO_yyWw_9dyQt_KiApSq_OX1T_ZkCq8pJ_vxZx_6c2Rq_0hKt8pEr_OX1T_ZkKeFsSt%26A%3dtSwSjZ.rB1%26Gw%3dX8f9e&amp;mupckp=mupAtu4m8OiX0wt\" target=\"_blank\" rel=\"noopener\" data-saferedirecturl=\"https:\/\/www.google.com\/url?q=https:\/\/culturaliart.musvc2.net\/e\/t?q%3DA%253dCX0b6%2526I%253d8%2526L%253dBeE%2526M%253d6gDhC%2526R%253doRxM_yyWw_09_vxZx_6C_yyWw_9D1T4.R1F1RiO.jMq_OX1T_YmxsIZAsOyCxQv_PUzW_ajR1K_wL2PgB_yyWw_0B9e8hrB4QpB1RiO_yyWw_9dyQt_KiApSq_OX1T_ZkCq8pJ_vxZx_6c2Rq_0hKt8pEr_OX1T_ZkKeFsSt%2526A%253dtSwSjZ.rB1%2526Gw%253dX8f9e%26mupckp%3DmupAtu4m8OiX0wt&amp;source=gmail&amp;ust=1668847536402000&amp;usg=AOvVaw05cHnSSseQjS28abE6xNTC\">www.twitter.com\/PolScorretto<\/a><\/p>\n<p><strong>YOUTUBE: <a href=\"https:\/\/culturaliart.musvc2.net\/e\/t?q=A%3dPRQbI%26C%3dO%26L%3dOYV%26M%3dIaUhP%26L%3d6RAG_Fyjq_Q9_9rqx_I7_Fyjq_PDDNK.W6LHSs6.1M4_Io1g_S4N6CGA6IFCAKC_Phtn_awLHK_0FIPt6_Fyjq_QB9r2y56KQ36HRvI_Fyjq_PdBKA_Kv57S4_Io1g_T2C427J_9rqx_IWIR4_4yK727E5_Io1g_T2Kr00S7%265%3dAS0M1Z.56H%26G0%3dROfLY&amp;mupckp=mupAtu4m8OiX0wt\" target=\"_blank\" rel=\"noopener\" data-saferedirecturl=\"https:\/\/www.google.com\/url?q=https:\/\/culturaliart.musvc2.net\/e\/t?q%3DA%253dPRQbI%2526C%253dO%2526L%253dOYV%2526M%253dIaUhP%2526L%253d6RAG_Fyjq_Q9_9rqx_I7_Fyjq_PDDNK.W6LHSs6.1M4_Io1g_S4N6CGA6IFCAKC_Phtn_awLHK_0FIPt6_Fyjq_QB9r2y56KQ36HRvI_Fyjq_PdBKA_Kv57S4_Io1g_T2C427J_9rqx_IWIR4_4yK727E5_Io1g_T2Kr00S7%25265%253dAS0M1Z.56H%2526G0%253dROfLY%26mupckp%3DmupAtu4m8OiX0wt&amp;source=gmail&amp;ust=1668847536402000&amp;usg=AOvVaw2fhxf1IIvIlBt8qokSxJ9s\">www.youtube.com\/polscorretto<\/a><\/strong><\/p>\n<p>&nbsp;<\/p>\n<p><strong>AGENZIA DI COMUNICAZIONE<br \/>\n<\/strong><\/p>\n<p><strong>Culturalia di Norma Waltmann<\/strong><\/p>\n<p>051 6569105 &#8211; 392 2527126<\/p>\n<p><a href=\"mailto:info@culturaliart.com\" target=\"_blank\" rel=\"noopener\">info@culturaliart.com<\/a><\/p>\n<p><a href=\"https:\/\/culturaliart.musvc2.net\/e\/t?q=4%3dCVLU6%26G%3dJ%26E%3dBcQ%26F%3d6ePaC%26P%3d1KxK_ArWu_L2_vvlq_6A_ArWu_K71RF.4yGCLv650eMC.4sH_ArWu_K7_vvlq_7ADKq_N8Lv8x_IUxi_ThIxNwGxK2e6tx0A_IUxi_S0PCD_q0w0yH_ArWu_L5iHt0p_MjtT_WOLxH_v2qKt0kI_ArWu_L5q62CyK%26w%3dDyNE46.IxK%26mN%3dJRBZQ&amp;mupckp=mupAtu4m8OiX0wt\" target=\"_blank\" rel=\"noopener\" data-saferedirecturl=\"https:\/\/www.google.com\/url?q=https:\/\/culturaliart.musvc2.net\/e\/t?q%3D4%253dCVLU6%2526G%253dJ%2526E%253dBcQ%2526F%253d6ePaC%2526P%253d1KxK_ArWu_L2_vvlq_6A_ArWu_K71RF.4yGCLv650eMC.4sH_ArWu_K7_vvlq_7ADKq_N8Lv8x_IUxi_ThIxNwGxK2e6tx0A_IUxi_S0PCD_q0w0yH_ArWu_L5iHt0p_MjtT_WOLxH_v2qKt0kI_ArWu_L5q62CyK%2526w%253dDyNE46.IxK%2526mN%253dJRBZQ%26mupckp%3DmupAtu4m8OiX0wt&amp;source=gmail&amp;ust=1668847536402000&amp;usg=AOvVaw1F_jRClrPWJ_ki0QTp7lBB\">www.culturaliart.com<\/a><\/p>\n<p>Facebook: <a href=\"https:\/\/culturaliart.musvc2.net\/e\/t?q=0%3dWVKaP%26G%3dI%26K%3dVcP%26L%3dPeOgW%26P%3dzQHKA_Ooxh_Zy_Mizn_Wx_Ooxh_Y4RET.46uBzJ7H.1J5_Ooxh_Y4hCIHP080Ds_Ooxh_Z4PBJ_GJCO10_0xqu_KA8y6sB0EP00BQ3M_0xqu_JcIO5_J391RA_Mizn_XvBA61I_Fvkw_PaCQA_8sJD61DB_Mizn_XvJyD4RD%269%3d5RGQuY.B0B%26FG%3dVIeSc&amp;mupckp=mupAtu4m8OiX0wt\" target=\"_blank\" rel=\"noopener\" data-saferedirecturl=\"https:\/\/www.google.com\/url?q=https:\/\/culturaliart.musvc2.net\/e\/t?q%3D0%253dWVKaP%2526G%253dI%2526K%253dVcP%2526L%253dPeOgW%2526P%253dzQHKA_Ooxh_Zy_Mizn_Wx_Ooxh_Y4RET.46uBzJ7H.1J5_Ooxh_Y4hCIHP080Ds_Ooxh_Z4PBJ_GJCO10_0xqu_KA8y6sB0EP00BQ3M_0xqu_JcIO5_J391RA_Mizn_XvBA61I_Fvkw_PaCQA_8sJD61DB_Mizn_XvJyD4RD%25269%253d5RGQuY.B0B%2526FG%253dVIeSc%26mupckp%3DmupAtu4m8OiX0wt&amp;source=gmail&amp;ust=1668847536402000&amp;usg=AOvVaw20H6LQbnCc34t_D_G5KB1L\">Culturalia<\/a><\/p>\n<p>Instagram: <a href=\"https:\/\/culturaliart.musvc2.net\/e\/t?q=7%3dNWQXG%26H%3dO%26H%3dMdV%26I%3dGfUdN%26Q%3d6N9LG_Lfyn_Wp_Nowe_X4_Lfyn_VuSKQ.xJGNpCF52.9CG_7wqt_GB1O1PILpH75_rKAO3E157A_yL9A_Fuhv_Q00PA_M4QF7t_Nowe_Y2HtSGFtPH97_Nowe_XTO9I_A9sEIG_7wqt_H03GpE0_Lfyn_VKQHG_r7AJpE5H_7wqt_H0A5xHIJ%26s%3dIIMA9P.5p7yHtP%267M%3dFWVYM&amp;mupckp=mupAtu4m8OiX0wt\" target=\"_blank\" rel=\"noopener\" data-saferedirecturl=\"https:\/\/www.google.com\/url?q=https:\/\/culturaliart.musvc2.net\/e\/t?q%3D7%253dNWQXG%2526H%253dO%2526H%253dMdV%2526I%253dGfUdN%2526Q%253d6N9LG_Lfyn_Wp_Nowe_X4_Lfyn_VuSKQ.xJGNpCF52.9CG_7wqt_GB1O1PILpH75_rKAO3E157A_yL9A_Fuhv_Q00PA_M4QF7t_Nowe_Y2HtSGFtPH97_Nowe_XTO9I_A9sEIG_7wqt_H03GpE0_Lfyn_VKQHG_r7AJpE5H_7wqt_H0A5xHIJ%2526s%253dIIMA9P.5p7yHtP%25267M%253dFWVYM%26mupckp%3DmupAtu4m8OiX0wt&amp;source=gmail&amp;ust=1668847536402000&amp;usg=AOvVaw1ziXqISSZVxYkxGKFkIUFG\">Culturalia_comunicare_arte<\/a><\/p>\n<p>Linkedin: <a href=\"https:\/\/culturaliart.musvc2.net\/e\/t?q=3%3dCXET6%26I%3dC%26D%3dBeJ%26E%3d6gIZC%26R%3dtJxM5_HUzb_Se_OcsT_Yr_HUzb_RjT9M.pFzAiAuD.gLy_HUzb_Rj01Ct8zO_vxep_6CoKpQ7HeIu1-hF-zEvJm-MeI6CeKz_HUzb_Rj_OcsT_ZrKxJ_5EyOo5_vxep_7Az51Px5xQqH_vxep_6c7Jq_Jq4mRy_HUzb_ShBy1mI_4qWw_DVyQy_3eJ21mDz1e8m_HUzb_ShJm9pR2%264%3dqR5LgY.z5x%26F5%3dQ5eGX&amp;mupckp=mupAtu4m8OiX0wt\" target=\"_blank\" rel=\"noopener\" data-saferedirecturl=\"https:\/\/www.google.com\/url?q=https:\/\/culturaliart.musvc2.net\/e\/t?q%3D3%253dCXET6%2526I%253dC%2526D%253dBeJ%2526E%253d6gIZC%2526R%253dtJxM5_HUzb_Se_OcsT_Yr_HUzb_RjT9M.pFzAiAuD.gLy_HUzb_Rj01Ct8zO_vxep_6CoKpQ7HeIu1-hF-zEvJm-MeI6CeKz_HUzb_Rj_OcsT_ZrKxJ_5EyOo5_vxep_7Az51Px5xQqH_vxep_6c7Jq_Jq4mRy_HUzb_ShBy1mI_4qWw_DVyQy_3eJ21mDz1e8m_HUzb_ShJm9pR2%25264%253dqR5LgY.z5x%2526F5%253dQ5eGX%26mupckp%3DmupAtu4m8OiX0wt&amp;source=gmail&amp;ust=1668847536402000&amp;usg=AOvVaw0NxdZrYkhRK5_YW_caOBdC\">Culturalia di Norma Waltmann<\/a><\/p>\n<p>Youtube: <a href=\"https:\/\/culturaliart.musvc2.net\/e\/t?q=9%3dLQAZE%26B%3d9%26J%3dKXF%26K%3dEZEfL%26K%3dpP7F1_NdsX_Yn_HYyc_Rn_NdsX_XsM5S.BE3P82m.92C_zwfp_0Bp8iJ15t_NdsX_XsuK0mKra-5-q_Yddz3FvMH_-g_5qav_F63Pz_IwQ53m_NdsX_YqDmS6BmP75z_NdsX_XIK2I_z5lE8C_zwfp_A0rCiEy_HYyc_RDQ7C_k7zFiEtD_zwfp_A0z1qH87n1iF%26l%3dI8I49E.DmP%26vI%3d9WKUF&amp;mupckp=mupAtu4m8OiX0wt\" target=\"_blank\" rel=\"noopener\" data-saferedirecturl=\"https:\/\/www.google.com\/url?q=https:\/\/culturaliart.musvc2.net\/e\/t?q%3D9%253dLQAZE%2526B%253d9%2526J%253dKXF%2526K%253dEZEfL%2526K%253dpP7F1_NdsX_Yn_HYyc_Rn_NdsX_XsM5S.BE3P82m.92C_zwfp_0Bp8iJ15t_NdsX_XsuK0mKra-5-q_Yddz3FvMH_-g_5qav_F63Pz_IwQ53m_NdsX_YqDmS6BmP75z_NdsX_XIK2I_z5lE8C_zwfp_A0rCiEy_HYyc_RDQ7C_k7zFiEtD_zwfp_A0z1qH87n1iF%2526l%253dI8I49E.DmP%2526vI%253d9WKUF%26mupckp%3DmupAtu4m8OiX0wt&amp;source=gmail&amp;ust=1668847536402000&amp;usg=AOvVaw1xan9GwmwSxGDY7AUchw5K\">Culturalia<\/a><\/p>\n<p>&nbsp;<\/p>\n<p><strong>UFFICIO STAMPA COMUNE DI CASALECCHIO DI RENO <\/strong><\/p>\n<p>051 598242 \u2013 348 7013755<\/p>\n<p><a href=\"mailto:stampa@comune.casalecchio.bo.it\" target=\"_blank\" rel=\"noopener\">stampa@comune.casalecchio.bo.<wbr \/>it<\/a><\/p>\n<p><a href=\"http:\/\/www.comune.casalecchio.bo.it\" target=\"_blank\" rel=\"noopener\" data-saferedirecturl=\"https:\/\/www.google.com\/url?q=http:\/\/www.comune.casalecchio.bo.it&amp;source=gmail&amp;ust=1668847536402000&amp;usg=AOvVaw1JtYo8jCDCFyiQZXYjBHOg\">www.comune.casalecchio.bo.it<\/a><\/p>\n<p>Facebook: <a href=\"https:\/\/culturaliart.musvc2.net\/e\/t?q=7%3dRREXK%26C%3dC%26H%3dQYJ%26I%3dKaIdR%26L%3dtNCG5_Ljtb_Wt_Icwi_Sr_Ljtb_VyN9Q.y2o9uF1E.vFy_Ljtb_Vy41GDEq7tJmFx4oB2F_4ulq_D0_Aret_L77N6_J1OA4q_Ljtb_WwEqQBCqNC64_Ljtb_VOL6G_66pCDD_4ulq_E8xDmC5_Icwi_SHOCD_o56GmCzE_4ulq_E862uFDG%26p%3dGDJ87K.Eq5t2mN%262J%3dCUQVJ&amp;mupckp=mupAtu4m8OiX0wt\" target=\"_blank\" rel=\"noopener\" data-saferedirecturl=\"https:\/\/www.google.com\/url?q=https:\/\/culturaliart.musvc2.net\/e\/t?q%3D7%253dRREXK%2526C%253dC%2526H%253dQYJ%2526I%253dKaIdR%2526L%253dtNCG5_Ljtb_Wt_Icwi_Sr_Ljtb_VyN9Q.y2o9uF1E.vFy_Ljtb_Vy41GDEq7tJmFx4oB2F_4ulq_D0_Aret_L77N6_J1OA4q_Ljtb_WwEqQBCqNC64_Ljtb_VOL6G_66pCDD_4ulq_E8xDmC5_Icwi_SHOCD_o56GmCzE_4ulq_E862uFDG%2526p%253dGDJ87K.Eq5t2mN%25262J%253dCUQVJ%26mupckp%3DmupAtu4m8OiX0wt&amp;source=gmail&amp;ust=1668847536402000&amp;usg=AOvVaw3nSfs0M2Vj3qfHrbhmfn-K\">Comune Casalecchio<\/a><\/p>\n<p>Twitter: <a href=\"https:\/\/culturaliart.musvc2.net\/e\/t?q=0%3dTUEaM%26F%3dC%26K%3dSbJ%26L%3dMdIgT%26O%3dtQEJ5_Olwb_Zv_Lczk_Vr_Olwb_Y1N9FENqO.xIy_Olwb_Y1gmPvFq0xBuLi99P_Cuew_N07Q8_M1RC7q_Olwb_Zy8v5mHqTDFqQE94_Olwb_YQO6J_89pFFG_4xnt_EAzGmF7_Lczk_VHREG_o88JmF2H_4xnt_EA85uIFJ%26p%3dJFM80M.HqQ%264M%3dCXSYJ&amp;mupckp=mupAtu4m8OiX0wt\" target=\"_blank\" rel=\"noopener\" data-saferedirecturl=\"https:\/\/www.google.com\/url?q=https:\/\/culturaliart.musvc2.net\/e\/t?q%3D0%253dTUEaM%2526F%253dC%2526K%253dSbJ%2526L%253dMdIgT%2526O%253dtQEJ5_Olwb_Zv_Lczk_Vr_Olwb_Y1N9FENqO.xIy_Olwb_Y1gmPvFq0xBuLi99P_Cuew_N07Q8_M1RC7q_Olwb_Zy8v5mHqTDFqQE94_Olwb_YQO6J_89pFFG_4xnt_EAzGmF7_Lczk_VHREG_o88JmF2H_4xnt_EA85uIFJ%2526p%253dJFM80M.HqQ%25264M%253dCXSYJ%26mupckp%3DmupAtu4m8OiX0wt&amp;source=gmail&amp;ust=1668847536402000&amp;usg=AOvVaw1p_4Hc4o-n_tuSvtJXai-x\">Casalecchio News<\/a><\/p>\n<p>YouTube: <a href=\"https:\/\/culturaliart.musvc2.net\/e\/t?q=4%3dHUHUA%26F%3dF%26E%3dGbM%26F%3dAdLaH%26O%3dwK3J8_IZwe_Tj_LftY_Vu_IZwe_SoQBN.8I0K46t.4xG_7rbt_G7lBpEw91_IZwe_SoyR0LxGGBt8-Y6y2lLHNQ3-5P_IZwe_ToO9D_2I0Il9_7rbt_H5w9BJu99KnL_7rbt_GW4N2_Dn8xLv_LftY_Ws6v5xC_1uhq_AZ0Kv_7pDy5x8w_LftY_WsDjC1L2j5py%268%3d2L2PrS.w99%2602%3dUFYDb&amp;mupckp=mupAtu4m8OiX0wt\" target=\"_blank\" rel=\"noopener\" data-saferedirecturl=\"https:\/\/www.google.com\/url?q=https:\/\/culturaliart.musvc2.net\/e\/t?q%3D4%253dHUHUA%2526F%253dF%2526E%253dGbM%2526F%253dAdLaH%2526O%253dwK3J8_IZwe_Tj_LftY_Vu_IZwe_SoQBN.8I0K46t.4xG_7rbt_G7lBpEw91_IZwe_SoyR0LxGGBt8-Y6y2lLHNQ3-5P_IZwe_ToO9D_2I0Il9_7rbt_H5w9BJu99KnL_7rbt_GW4N2_Dn8xLv_LftY_Ws6v5xC_1uhq_AZ0Kv_7pDy5x8w_LftY_WsDjC1L2j5py%25268%253d2L2PrS.w99%252602%253dUFYDb%26mupckp%3DmupAtu4m8OiX0wt&amp;source=gmail&amp;ust=1668847536402000&amp;usg=AOvVaw0ZEkIHnysmmIHtEbZXAVxZ\">Comune Casalecchio di Reno<\/a><\/p>\n<p>Telegram: <a href=\"https:\/\/culturaliart.musvc2.net\/e\/t?q=5%3dOQDVH%26B%3dB%26F%3dNXI%26G%3dHZHbO%26K%3dsL0F4_Jgsa_Uq_Hbuf_Rq_Jgsa_TvJ.x7_8qdr_H6N391w7s3sA5czEADp_Jgsa_UvK5E_9E6Js5_3sip_D6458K23q1l55LuH_3sip_CXAJx_Eu4tM3_Hbuf_So731tD_8qdr_HV6L3_3lE61t94_Hbuf_SoEq9wM6%264%3dxM9LnT.455%26A9%3dQBZKX&amp;mupckp=mupAtu4m8OiX0wt\" target=\"_blank\" rel=\"noopener\" data-saferedirecturl=\"https:\/\/www.google.com\/url?q=https:\/\/culturaliart.musvc2.net\/e\/t?q%3D5%253dOQDVH%2526B%253dB%2526F%253dNXI%2526G%253dHZHbO%2526K%253dsL0F4_Jgsa_Uq_Hbuf_Rq_Jgsa_TvJ.x7_8qdr_H6N391w7s3sA5czEADp_Jgsa_UvK5E_9E6Js5_3sip_D6458K23q1l55LuH_3sip_CXAJx_Eu4tM3_Hbuf_So731tD_8qdr_HV6L3_3lE61t94_Hbuf_SoEq9wM6%25264%253dxM9LnT.455%2526A9%253dQBZKX%26mupckp%3DmupAtu4m8OiX0wt&amp;source=gmail&amp;ust=1668847536402000&amp;usg=AOvVaw0-F5BtMWyzQlFynRMXZKJj\">Comune Casalecchio di Reno<\/a><\/p>\n<\/div>\n<\/div>\n<\/td>\n<\/tr>\n<\/tbody>\n<\/table>\n<\/td>\n<\/tr>\n<\/tbody>\n<\/table>\n<\/td>\n<\/tr>\n<\/tbody>\n<\/table>\n<table role=\"presentation\" border=\"0\" width=\"100%\" cellspacing=\"0\" cellpadding=\"0\" align=\"center\">\n<tbody>\n<tr>\n<td>\n<table class=\"m_6730914719347528853row-content m_6730914719347528853stack\" role=\"presentation\" border=\"0\" width=\"600\" cellspacing=\"0\" cellpadding=\"0\" align=\"center\">\n<tbody>\n<tr>\n<td class=\"m_6730914719347528853column\" width=\"33.333333333333336%\">\n<table class=\"m_6730914719347528853image_block\" role=\"presentation\" border=\"0\" width=\"100%\" cellspacing=\"0\" cellpadding=\"0\">\n<tbody>\n<tr>\n<td>\n<div align=\"center\"><a href=\"https:\/\/culturaliart.musvc2.net\/e\/t?q=8%3dMQ5YF%26B%3d3%26I%3dLX0%26J%3dFZ9eM%26K%3djO8F_tvgp_56_6qUu_F6_tvgp_4AAMy.89BvP61nDoHv.83C_tvgp_4A_6qUu_G6wO1_IqP63g_MesR_XrDgR7BgO6o1c85t_MesR_WJKvH_15fD9C_tvgp_59sCcDz_HSxd_R8P8C_e61FcDuD_tvgp_5911kG9F%26f%3dH9Ix8F.DgO%26wI%3d3VLU0&amp;mupckp=mupAtu4m8OiX0wt\" target=\"_blank\" rel=\"noopener\" data-saferedirecturl=\"https:\/\/www.google.com\/url?q=https:\/\/culturaliart.musvc2.net\/e\/t?q%3D8%253dMQ5YF%2526B%253d3%2526I%253dLX0%2526J%253dFZ9eM%2526K%253djO8F_tvgp_56_6qUu_F6_tvgp_4AAMy.89BvP61nDoHv.83C_tvgp_4A_6qUu_G6wO1_IqP63g_MesR_XrDgR7BgO6o1c85t_MesR_WJKvH_15fD9C_tvgp_59sCcDz_HSxd_R8P8C_e61FcDuD_tvgp_5911kG9F%2526f%253dH9Ix8F.DgO%2526wI%253d3VLU0%26mupckp%3DmupAtu4m8OiX0wt&amp;source=gmail&amp;ust=1668847536402000&amp;usg=AOvVaw1PViW032FL2jyFnovOWwkC\"><img decoding=\"async\" class=\"CToWUd\" title=\"Image\" src=\"https:\/\/ci6.googleusercontent.com\/proxy\/L5JFq-92vdBOgm34EoRIyRM4efwJZVmzfUBar-xhNdPUx9DJZlsCYBJcz970OIY64xHZIBG7L4i6UELiP6nhZIwo2Ea_miO1NTBF8a8fFJK3ac5QGKrxssxjWYxn5Q=s0-d-e1-ft#https:\/\/culturaliart.img.musvc2.net\/static\/91342\/images\/1\/Culturalia(3).jpg\" alt=\"Image\" width=\"142\" data-bit=\"iit\" \/><\/a><\/div>\n<\/td>\n<\/tr>\n<\/tbody>\n<\/table>\n<\/td>\n<td class=\"m_6730914719347528853column\" width=\"66.66666666666667%\">\n<table role=\"presentation\" border=\"0\" width=\"100%\" cellspacing=\"0\" cellpadding=\"0\">\n<tbody>\n<tr>\n<td>\n<div>\n<div>\n<p><strong>CULTURALIA DI NORMA WALTMANN<\/strong><\/p>\n<p><strong>\u00a0<\/strong><\/p>\n<p><strong>Agenzia di comunicazione e ufficio stampa<\/strong><\/p>\n<p>&nbsp;<\/p>\n<p>tel : +39-051-6569105 mob: +39-392-2527126<\/p>\n<p>&nbsp;<\/p>\n<p>email: <a title=\"info@culturaliart.com \" href=\"mailto:info@culturaliart.com%20\" target=\"_blank\" rel=\"noopener\">info@culturaliart.com <\/a><\/p>\n<p>&nbsp;<\/p>\n<p>web: <a href=\"https:\/\/culturaliart.musvc2.net\/e\/t?q=4%3dRVKUK%26G%3dI%26E%3dQcP%26F%3dKeOaR%26P%3dzKCK_0rlu_K2_Avkq_KA_0rlu_J7FRE.4DGBLA640tMB.48H_0rlu_J7_Avkq_LACK6_N7LA8w_Ijxh_TwIwNBGwK2t6sC00_Ijxh_SOPBD_60v0DH_0rlu_K5xHs05_Miti_WNLCH_u26Ks0zI_0rlu_K5661CDK%26v%3dDDND4K.IwK%262N%3dIRQZP&amp;mupckp=mupAtu4m8OiX0wt\" target=\"_blank\" rel=\"noopener\" data-saferedirecturl=\"https:\/\/www.google.com\/url?q=https:\/\/culturaliart.musvc2.net\/e\/t?q%3D4%253dRVKUK%2526G%253dI%2526E%253dQcP%2526F%253dKeOaR%2526P%253dzKCK_0rlu_K2_Avkq_KA_0rlu_J7FRE.4DGBLA640tMB.48H_0rlu_J7_Avkq_LACK6_N7LA8w_Ijxh_TwIwNBGwK2t6sC00_Ijxh_SOPBD_60v0DH_0rlu_K5xHs05_Miti_WNLCH_u26Ks0zI_0rlu_K5661CDK%2526v%253dDDND4K.IwK%25262N%253dIRQZP%26mupckp%3DmupAtu4m8OiX0wt&amp;source=gmail&amp;ust=1668847536402000&amp;usg=AOvVaw20Skp1rsZt3GhqJEeuLsZ5\">www.culturaliart.com<\/a><\/p>\n<p>&nbsp;<\/p>\n<\/div>\n<\/div>\n<\/td>\n<\/tr>\n<\/tbody>\n<\/table>\n<\/td>\n<\/tr>\n<\/tbody>\n<\/table>\n<\/td>\n<\/tr>\n<\/tbody>\n<\/table>\n","protected":false},"excerpt":{"rendered":"<p>COMUNICATO STAMPA Si conclude Politicamente Scorretto 2022: &nbsp; il programma di domenica 20 novembre 2022 &nbsp; La rassegna curata da [&hellip;]<\/p>\n","protected":false},"author":1,"featured_media":0,"comment_status":"open","ping_status":"open","sticky":false,"template":"","format":"standard","meta":{"footnotes":""},"categories":[4,10],"tags":[],"class_list":["post-30192","post","type-post","status-publish","format-standard","hentry","category-cultura","category-italiano"],"_links":{"self":[{"href":"https:\/\/www.ecoitaliano.com.ar\/index.php?rest_route=\/wp\/v2\/posts\/30192","targetHints":{"allow":["GET"]}}],"collection":[{"href":"https:\/\/www.ecoitaliano.com.ar\/index.php?rest_route=\/wp\/v2\/posts"}],"about":[{"href":"https:\/\/www.ecoitaliano.com.ar\/index.php?rest_route=\/wp\/v2\/types\/post"}],"author":[{"embeddable":true,"href":"https:\/\/www.ecoitaliano.com.ar\/index.php?rest_route=\/wp\/v2\/users\/1"}],"replies":[{"embeddable":true,"href":"https:\/\/www.ecoitaliano.com.ar\/index.php?rest_route=%2Fwp%2Fv2%2Fcomments&post=30192"}],"version-history":[{"count":0,"href":"https:\/\/www.ecoitaliano.com.ar\/index.php?rest_route=\/wp\/v2\/posts\/30192\/revisions"}],"wp:attachment":[{"href":"https:\/\/www.ecoitaliano.com.ar\/index.php?rest_route=%2Fwp%2Fv2%2Fmedia&parent=30192"}],"wp:term":[{"taxonomy":"category","embeddable":true,"href":"https:\/\/www.ecoitaliano.com.ar\/index.php?rest_route=%2Fwp%2Fv2%2Fcategories&post=30192"},{"taxonomy":"post_tag","embeddable":true,"href":"https:\/\/www.ecoitaliano.com.ar\/index.php?rest_route=%2Fwp%2Fv2%2Ftags&post=30192"}],"curies":[{"name":"wp","href":"https:\/\/api.w.org\/{rel}","templated":true}]}}