{"id":30237,"date":"2022-11-21T10:01:47","date_gmt":"2022-11-21T10:01:47","guid":{"rendered":"http:\/\/www.ecoitaliano.com.ar\/?p=30237"},"modified":"2022-11-21T14:05:58","modified_gmt":"2022-11-21T14:05:58","slug":"comune-di-siena-dal-1-dicembre-apre-al-pubblico-il-cantiere-di-restauro-nella-sala-del-buon-governo","status":"publish","type":"post","link":"https:\/\/www.ecoitaliano.com.ar\/?p=30237","title":{"rendered":"COMUNE DI SIENA &#8211; Dal 1 dicembre APRE AL PUBBLICO IL CANTIERE DI RESTAURO nella Sala del Buon Governo"},"content":{"rendered":"<p>&nbsp;<\/p>\n<p><a href=\"http:\/\/www.ecoitaliano.com.ar\/wp-content\/uploads\/2022\/11\/Cantiere-restauro-Buongoverno-Siena_persone.jpg\"><img decoding=\"async\" class=\"alignnone size-full wp-image-30240\" src=\"http:\/\/www.ecoitaliano.com.ar\/wp-content\/uploads\/2022\/11\/Cantiere-restauro-Buongoverno-Siena_persone.jpg\" alt=\"\" width=\"1500\" height=\"1125\" srcset=\"https:\/\/www.ecoitaliano.com.ar\/wp-content\/uploads\/2022\/11\/Cantiere-restauro-Buongoverno-Siena_persone.jpg 1500w, https:\/\/www.ecoitaliano.com.ar\/wp-content\/uploads\/2022\/11\/Cantiere-restauro-Buongoverno-Siena_persone-300x225.jpg 300w, https:\/\/www.ecoitaliano.com.ar\/wp-content\/uploads\/2022\/11\/Cantiere-restauro-Buongoverno-Siena_persone-768x576.jpg 768w, https:\/\/www.ecoitaliano.com.ar\/wp-content\/uploads\/2022\/11\/Cantiere-restauro-Buongoverno-Siena_persone-1024x768.jpg 1024w, https:\/\/www.ecoitaliano.com.ar\/wp-content\/uploads\/2022\/11\/Cantiere-restauro-Buongoverno-Siena_persone-150x113.jpg 150w\" sizes=\"(max-width: 1500px) 100vw, 1500px\" \/><\/a><\/p>\n<p><b><br \/>\n<\/b><span style=\"color: #ff0000; font-size: large;\"><b>COMUNE DI SIENA<br \/>\nPer il periodo natalizio APERTURA AL PUBBLICO DEL CANTIERE DI RESTAURO NELLA SALA DEL BUON GOVERNO<\/b><\/span><br \/>\n<span style=\"color: #ff0000; font-size: large;\"><b>Speciali visite guidate tenute dagli esperti<\/b><\/span><span style=\"color: #ff0000; font-size: large;\"><b> dal 1 dicembre 2022 al 31 gennaio 2023<\/b><\/span><span style=\"color: #ff0000; font-size: large;\"><b><br \/>\n<\/b><\/span><b><\/b><\/p>\n<div>\n<div>\n<div>\n<div>\n<div>\n<div>\n<div>\n<div>\n<div>\n<div>\n<div>\n<div>\n<table border=\"1\" width=\"916\" cellspacing=\"2\" cellpadding=\"2\">\n<tbody>\n<tr>\n<td valign=\"top\">\n<div align=\"justify\"><span style=\"color: #ff0000;\"><b>Per il periodo natalizio, a Siena apre al pubblico il cantiere per il restauro dell\u2019Allegoria e Effetti del Buono e Cattivo Governo a Palazzo Pubblico.<br \/>\nVisite guidate tenute dagli esperti dal 1 dicembre 2022 fino a 31 gennaio 2023.<\/b><\/span><b> <\/b><b>COMUNICATO STAMPA<\/b>Il <b>cantiere per il restauro dell\u2019Allegoria e Effetti del Buono e Cattivo Governo nel Palazzo Pubblico di Siena<\/b> aprir\u00e0 al pubblico dal<b> 1 dicembre 2022<\/b> fino al <b>31 gennaio 2023<\/b>, con speciali visite guidate, nell\u2019ambito delle iniziative organizzate dal <b>Comune di Siena<\/b> per il periodo natalizio: \u201cL\u2019arte illumina il Natale: a Siena tra emozioni e sostenibilit\u00e0\u201d.<\/p>\n<p>Il celebre ciclo che si dispiega sulle pareti della<b> Sala della Pace<\/b>, affrescato da<b> Ambrogio Lorenzetti <\/b>tra il 1338 e il 1339, \u00e8 tra i massimi capolavori del medioevo italiano e da marzo \u00e8 oggetto di un complesso progetto di manutenzione conservativa, promosso dal Comune con l&#8217;alta vigilanza della Soprintendenza Archeologia e Belle Arti per le province di Siena, Grosseto e Arezzo.<\/p>\n<p>Nella sala \u00e8 stato istallato un ponteggio di concezione innovativa: innalzando il piano di calpestio di circa 2 metri e mezzo dal livello del pavimento, consente una visione diretta a 360 gradi dei dipinti, permettendo ai tecnici e ai restauratori una valutazione complessiva accuratissima. Un cantiere pensato altres\u00ec come \u2018luogo della conoscenza\u2019 e dello studio dell\u2019arte da una straordinaria posizione privilegiata.<\/p>\n<p>Dopo le indagini diagnostiche e l\u2019inizio dell\u2019intervento manutentivo a porte chiuse, per due mesi si potr\u00e0 accedere in sicurezza alle impalcature allestite per il restauro e scoprire o riscoprire i rinomati affreschi, godendo dell\u2019opportunit\u00e0 unica di ammirarli da vicino. A pochi metri, sar\u00e0 possibile osservare nella sua interezza questa meravigliosa opera d\u2019arte e soffermarsi su grandi e piccoli dettagli, impossibili da cogliere dalla consueta distanza.<\/p>\n<p>Per consentire una visita approfondita e per mantenere la sicurezza all\u2019interno del cantiere, le visite saranno divise per gruppi limitati di persone accompagnate da guide esperte che oltre al racconto di storia, contenuti e significato dell\u2019opera, spiegheranno il grande lavoro conservativo in corso.<\/p>\n<p>Gli studi, per esempio, hanno dimostrato che il ciclo ha cominciato a presentare criticit\u00e0 molto presto. Nella seconda met\u00e0 del XIV secolo, a solo pochi decenni dalla morte di Ambrogio, si registra gi\u00e0 una prima consistente integrazione sull&#8217;angolo tra l&#8217;<i>Allegoria del Buon Governo <\/i>e gli <i>Effetti del Buon Governo<\/i>, a causa della perdita dell&#8217;intonaco originale. L\u2019intervento \u00e8 del pittore senese Andrea Vanni e nei secoli ne sono documentati altri ad opera di Girolamo di Benvenuto e Piero di Francesco degli Orioli, a testimonianza di quanto le istituzioni senesi avessero a cuore, l&#8217;integrit\u00e0 dell\u2019opera e la sua conservazione.<\/p>\n<p>Il progetto vuole essere educativo e divulgativo, riportando l\u2019attenzione sul tema della protezione e della cura del nostro patrimonio artistico, che non finisce mai di svelarsi e di sorprendere. Un\u2019occasione altres\u00ec di rilancio turistico e culturale di tutto il circuito museale cittadino che oltre al <b>Palazzo Pubblico<\/b>, sede del <b>Museo Civico<\/b>, coinvolge il <b>Santa Maria della Scala<\/b>, l\u2019antico ospedale medievale sulla collina del Duomo, che ospita anche il <b>Museo archeologico nazionale<\/b>, e poi la <b>Pinacoteca Nazionale<\/b>, scrigno dei capolavori della pittura senese, e l\u2019<b>Archivio di Stato<\/b>, custode della preziosa collezione delle biccherne.<br \/>\n<b><br \/>\n<\/b><b>Il cantiere di restauro<\/b><\/p>\n<p>La fase di diagnostica e di studio degli affreschi, attualmente in corso, si concentra sull&#8217;indagine storico-archeologica, con analisi petrografiche e chimiche, dell&#8217;intera superficie dipinta, per la valutazione dei fattori di alterazione: allo stato attuale le tre pareti presentano una conservazione non omogenea, risultante sia da condizioni originarie, sia dai vari restauri, tagli, risarciture e lacune succedutesi nel corso del tempo.<\/p>\n<p>La redazione della mappatura del degrado delle superfici (distacchi dell&#8217;intonaco, depositi di polvere, fessure, etc.), tramite rilievo fotografico metrico e analisi multispettrale, comparata con i dati della documentazione storica ed in particolare delle risultanze emerse dai precedenti restauri, \u00e8 la base imprescindibile per le azioni di tutela che costituiranno la fase successiva del lavoro.<\/p>\n<p>Il Comune di Siena ha avviato il cantiere nella Sala della Pace quale approdo del progetto di diagnostica, valorizzazione e manutenzione conservativa del capolavoro di Ambrogio Lorenzetti, iniziato nel 2021, avvalendosi della consulenza di professionisti di settore e, con la collaborazione dell&#8217;Universit\u00e0 degli Studi di Siena, dell&#8217;Istituto di Fisica Applicata \u00abNello Carrara\u00bb del CNR di Firenze e della Soprintendenza SABAP di Siena Grosseto e Arezzo oltre al sostegno del Rotary Club Montaperti, San Casciano-Chianti, Siena, Siena Est e Inner Wheel<\/p>\n<p><b>Palazzo Pubblico &#8211; Siena<\/b><b><br \/>\n<\/b><b>Visite guidate al cantiere di restauro del Buon Governo<\/b><b><br \/>\n<\/b><b>1 dicembre 2022 &#8211; 31 gennaio 2023<\/b><\/p>\n<p><b>Turni visite guidate<\/b><br \/>\nTutti i giorni h 10:30, 11:15, 12:00, 14:45, 15:30, 16:15<br \/>\nVisite guidate in inglese ogni luned\u00ec h 10:30, 11:15, 12:00<br \/>\n(25 dicembre chiuso, 1 gennaio turni pomeridiani)<br \/>\nMassimo 9 persone a turno, durata di 30 minuti circa<br \/>\n<b><br \/>\nBiglietti<\/b><br \/>\nEuro 21 comprensivo dell\u2019ingresso al Museo Civico \/ Euro 15 per i residenti<br \/>\nVendita biglietti dal 23 novembre 2022<br \/>\nAcquisto on line al link <a href=\"https:\/\/siena.b-ticket.com\/ticketshop\/webticket\/timeslot?tsproduction=43\" target=\"_blank\" rel=\"noopener\" data-saferedirecturl=\"https:\/\/www.google.com\/url?q=https:\/\/siena.b-ticket.com\/ticketshop\/webticket\/timeslot?tsproduction%3D43&amp;source=gmail&amp;ust=1669110911809000&amp;usg=AOvVaw2o7mUUxd46gfDXAPwgSx2i\">https:\/\/siena.b-ticket.com\/<wbr \/>ticketshop\/webticket\/timeslot?<wbr \/>tsproduction=43<\/a><br \/>\nPrenotazione via e-mail <a href=\"mailto:ticket@comune.siena.it\" target=\"_blank\" rel=\"noopener\">ticket@comune.siena.it<\/a><br \/>\n(indicare numero partecipanti, se residenti a Siena, recapito telefonico, giorno della visita)<br \/>\nPrenotazione telefonica T 0577 292614-15 (dal luned\u00ec al venerd\u00ec h 9:00 &#8211; 13:00)<\/p>\n<p>La disponibilit\u00e0 per le visite \u00e8 dettata dalla pausa dei lavori nel cantiere di manutenzione<br \/>\nconservativa. In caso di variazioni del parametri di sicurezza e\/o per il sopraggiungere di urgenze<br \/>\nimposte da motivi conservativi il Comune di Siena si riserva la facolt\u00e0 di effettuare chiusure<br \/>\nstraordinarie o riduzioni di orario. In tali casi il ticket dingresso sar\u00e0 rimborsato.<\/p>\n<p><a href=\"https:\/\/www.comune.siena.it\/\" target=\"_blank\" rel=\"noopener\" data-saferedirecturl=\"https:\/\/www.google.com\/url?q=https:\/\/www.comune.siena.it\/&amp;source=gmail&amp;ust=1669110911809000&amp;usg=AOvVaw37TiSJVorLscCySwBoB0sv\">https:\/\/www.comune.siena.it\/<\/a><\/p>\n<\/div>\n<\/td>\n<\/tr>\n<\/tbody>\n<\/table>\n<\/div>\n<\/div>\n<\/div>\n<\/div>\n<\/div>\n<\/div>\n<\/div>\n<\/div>\n<\/div>\n<\/div>\n<\/div>\n<\/div>\n","protected":false},"excerpt":{"rendered":"<p>&nbsp; COMUNE DI SIENA Per il periodo natalizio APERTURA AL PUBBLICO DEL CANTIERE DI RESTAURO NELLA SALA DEL BUON GOVERNO [&hellip;]<\/p>\n","protected":false},"author":1,"featured_media":0,"comment_status":"open","ping_status":"open","sticky":false,"template":"","format":"standard","meta":{"footnotes":""},"categories":[4,10],"tags":[],"class_list":["post-30237","post","type-post","status-publish","format-standard","hentry","category-cultura","category-italiano"],"_links":{"self":[{"href":"https:\/\/www.ecoitaliano.com.ar\/index.php?rest_route=\/wp\/v2\/posts\/30237","targetHints":{"allow":["GET"]}}],"collection":[{"href":"https:\/\/www.ecoitaliano.com.ar\/index.php?rest_route=\/wp\/v2\/posts"}],"about":[{"href":"https:\/\/www.ecoitaliano.com.ar\/index.php?rest_route=\/wp\/v2\/types\/post"}],"author":[{"embeddable":true,"href":"https:\/\/www.ecoitaliano.com.ar\/index.php?rest_route=\/wp\/v2\/users\/1"}],"replies":[{"embeddable":true,"href":"https:\/\/www.ecoitaliano.com.ar\/index.php?rest_route=%2Fwp%2Fv2%2Fcomments&post=30237"}],"version-history":[{"count":0,"href":"https:\/\/www.ecoitaliano.com.ar\/index.php?rest_route=\/wp\/v2\/posts\/30237\/revisions"}],"wp:attachment":[{"href":"https:\/\/www.ecoitaliano.com.ar\/index.php?rest_route=%2Fwp%2Fv2%2Fmedia&parent=30237"}],"wp:term":[{"taxonomy":"category","embeddable":true,"href":"https:\/\/www.ecoitaliano.com.ar\/index.php?rest_route=%2Fwp%2Fv2%2Fcategories&post=30237"},{"taxonomy":"post_tag","embeddable":true,"href":"https:\/\/www.ecoitaliano.com.ar\/index.php?rest_route=%2Fwp%2Fv2%2Ftags&post=30237"}],"curies":[{"name":"wp","href":"https:\/\/api.w.org\/{rel}","templated":true}]}}