{"id":30243,"date":"2022-11-21T14:18:56","date_gmt":"2022-11-21T14:18:56","guid":{"rendered":"http:\/\/www.ecoitaliano.com.ar\/?p=30243"},"modified":"2022-11-21T14:20:16","modified_gmt":"2022-11-21T14:20:16","slug":"1-de-2-invito-conferenza-stampa-del-consiglio-generale-degli-italiani-allestero-23-novembre-2022-ore-14-30","status":"publish","type":"post","link":"https:\/\/www.ecoitaliano.com.ar\/?p=30243","title":{"rendered":"INVITO CONFERENZA STAMPA DEL CONSIGLIO GENERALE DEGLI ITALIANI ALL&#8217;ESTERO 23 NOVEMBRE 2022 ORE 14.30"},"content":{"rendered":"<p><a href=\"http:\/\/www.ecoitaliano.com.ar\/wp-content\/uploads\/2022\/11\/logo-cgie-300x188.png\"><img decoding=\"async\" class=\"alignnone size-full wp-image-30244\" src=\"http:\/\/www.ecoitaliano.com.ar\/wp-content\/uploads\/2022\/11\/logo-cgie-300x188.png\" alt=\"\" width=\"300\" height=\"188\" srcset=\"https:\/\/www.ecoitaliano.com.ar\/wp-content\/uploads\/2022\/11\/logo-cgie-300x188.png 300w, https:\/\/www.ecoitaliano.com.ar\/wp-content\/uploads\/2022\/11\/logo-cgie-300x188-150x94.png 150w\" sizes=\"(max-width: 300px) 100vw, 300px\" \/><\/a><\/p>\n<p>&nbsp;<\/p>\n<p class=\"western\" lang=\"it-IT\" align=\"left\"><img decoding=\"async\" src=\"file:\/\/\/tmp\/lu16907bbmss.tmp\/lu16907bbmt8_tmp_398d60771574edfd.png\" width=\"90\" height=\"90\" name=\"Imagen2\" align=\"bottom\" border=\"0\" \/> <span style=\"font-size: large;\"><u><b>C<\/b><\/u><\/span><span style=\"font-size: large;\"><u>onsiglio <\/u><\/span><span style=\"font-size: large;\"><u><b>G<\/b><\/u><\/span><span style=\"font-size: large;\"><u>enerale degli <\/u><\/span><span style=\"font-size: large;\"><u><b>I<\/b><\/u><\/span><span style=\"font-size: large;\"><u>taliani all&#8217;<\/u><\/span><span style=\"font-size: large;\"><u><b>E<\/b><\/u><\/span><span style=\"font-size: large;\"><u>stero<\/u><\/span><\/p>\n<p class=\"western\" lang=\"it-IT\" align=\"center\"><span style=\"font-size: large;\"><i>Segretario generale<\/i><\/span><\/p>\n<p class=\"western\" lang=\"it-IT\" align=\"justify\"><i> <\/i><span style=\"font-size: medium;\">Alle testate giornalistiche specializzate<\/span><\/p>\n<p class=\"western\" lang=\"it-IT\" align=\"justify\"><span style=\"font-size: medium;\"> Ai quotidiani italiani<\/span><\/p>\n<p class=\"western\" lang=\"it-IT\" align=\"justify\"><span style=\"font-size: medium;\"><i> Roma, 21 novembre 2022 <\/i><\/span><\/p>\n<p class=\"western\" lang=\"it-IT\" align=\"justify\"><span style=\"font-size: medium;\"><i><b>INVITO ALLA CONFERENZA STAMPA DEL CGIE<\/b><\/i><\/span><\/p>\n<p class=\"western\" lang=\"it-IT\" align=\"justify\"><span style=\"font-size: medium;\">Gentili giornalisti,<\/span><\/p>\n<p class=\"western\" lang=\"it-IT\" align=\"justify\"><span style=\"font-size: medium;\">abbiamo il piacere di invitarvi a partecipare in forma virtuale alla Conferenza Stampa organizzata dal Comitato di Presidenza del Consiglio Generale degli Italiani all\u2019Estero per il giorno 23 novembre alle ore 14.30, orario italiano.<\/span><\/p>\n<p class=\"western\" lang=\"it-IT\" align=\"justify\"><span style=\"font-size: medium;\">Il Consiglio Generale degli Italiani all\u2019Estero dall\u2019inizio dell\u2019anno \u00e8 in regime di prorogatio e nonostante il rinnovo dei consiglieri elettivi , avvenuto nella prima decade di aprile di quest\u2019anno, non si \u00e8 ancora riunito n\u00e9 per ridefinire i propri assetti interni, n\u00e9 per programmare le future attivit\u00e0.<\/span><\/p>\n<p class=\"western\" lang=\"it-IT\" align=\"justify\"><span style=\"font-size: medium;\">Trovate qui di seguito le coordinate per il collegamento alla piattaforma Zoom:<\/span><\/p>\n<p lang=\"de-CH\" align=\"left\"><span style=\"font-family: Calibri, sans-serif;\"><span style=\"font-size: small;\"><span style=\"font-family: Times New Roman, serif;\"><span style=\"font-size: medium;\"><span lang=\"it-IT\">Il CGIE ti sta invitando a una riunione pianificata in Zoom. <\/span><\/span><\/span><\/span><\/span><\/p>\n<p lang=\"it-IT\" align=\"left\"><span style=\"font-family: Times New Roman, serif;\"><span style=\"font-size: medium;\">Argomento: CdP CGIE &#8211; incontro stampa &#8211; 23\/11\/2022 14:30<\/span><\/span><\/p>\n<p lang=\"it-IT\" align=\"left\"><span style=\"font-family: Times New Roman, serif;\"><span style=\"font-size: medium;\">Ora: 23 nov 2022 02:30 PM Roma<\/span><\/span><\/p>\n<p lang=\"it-IT\" align=\"left\"><span style=\"font-family: Times New Roman, serif;\"><span style=\"font-size: medium;\">Entra nella riunione in Zoom<\/span><\/span><\/p>\n<p lang=\"de-CH\" align=\"left\"><span style=\"font-family: Calibri, sans-serif;\"><span style=\"font-size: small;\"><span style=\"color: #0000ff;\"><u><a href=\"https:\/\/us02web.zoom.us\/j\/81311478864?pwd=L2krWjdndnRkM2NJZVU0bGNJYW0rdz09\"><span style=\"font-family: Times New Roman, serif;\"><span style=\"font-size: medium;\"><span lang=\"it-IT\">https:\/\/us02web.zoom.us\/j\/81311478864?pwd=L2krWjdndnRkM2NJZVU0bGNJYW0rdz09<\/span><\/span><\/span><\/a><\/u><\/span><\/span><\/span><\/p>\n<p lang=\"de-CH\" align=\"left\"><span style=\"font-family: Calibri, sans-serif;\"><span style=\"font-size: small;\"><span style=\"font-family: Times New Roman, serif;\"><span style=\"font-size: medium;\"><span lang=\"it-IT\">ID riunione: 813 1147 8864 Passcode: 696121<\/span><\/span><\/span><\/span><\/span><\/p>\n<p class=\"western\" lang=\"it-IT\" align=\"justify\"><span style=\"font-size: medium;\">Con l\u2019occasione ricevete i nostri pi\u00f9 cordiali saluti.<\/span><\/p>\n<p class=\"western\" lang=\"it-IT\" align=\"left\"><span style=\"font-size: medium;\"> Il Segretario Generale CGIE<\/span><\/p>\n<p class=\"western\" lang=\"it-IT\" align=\"left\"><img decoding=\"async\" src=\"file:\/\/\/tmp\/lu16907bbmss.tmp\/lu16907bbmt8_tmp_5d7dfff08455a6ac.png\" width=\"177\" height=\"83\" name=\"Imagen1\" align=\"left\" border=\"0\" hspace=\"12\" \/> <span style=\"font-size: medium;\">Michele Schiavone<\/span><\/p>\n","protected":false},"excerpt":{"rendered":"<p>&nbsp; Consiglio Generale degli Italiani all&#8217;Estero Segretario generale Alle testate giornalistiche specializzate Ai quotidiani italiani Roma, 21 novembre 2022 INVITO [&hellip;]<\/p>\n","protected":false},"author":1,"featured_media":0,"comment_status":"open","ping_status":"open","sticky":false,"template":"","format":"standard","meta":{"footnotes":""},"categories":[10,15],"tags":[],"class_list":["post-30243","post","type-post","status-publish","format-standard","hentry","category-italiano","category-italiani-allestero"],"_links":{"self":[{"href":"https:\/\/www.ecoitaliano.com.ar\/index.php?rest_route=\/wp\/v2\/posts\/30243","targetHints":{"allow":["GET"]}}],"collection":[{"href":"https:\/\/www.ecoitaliano.com.ar\/index.php?rest_route=\/wp\/v2\/posts"}],"about":[{"href":"https:\/\/www.ecoitaliano.com.ar\/index.php?rest_route=\/wp\/v2\/types\/post"}],"author":[{"embeddable":true,"href":"https:\/\/www.ecoitaliano.com.ar\/index.php?rest_route=\/wp\/v2\/users\/1"}],"replies":[{"embeddable":true,"href":"https:\/\/www.ecoitaliano.com.ar\/index.php?rest_route=%2Fwp%2Fv2%2Fcomments&post=30243"}],"version-history":[{"count":0,"href":"https:\/\/www.ecoitaliano.com.ar\/index.php?rest_route=\/wp\/v2\/posts\/30243\/revisions"}],"wp:attachment":[{"href":"https:\/\/www.ecoitaliano.com.ar\/index.php?rest_route=%2Fwp%2Fv2%2Fmedia&parent=30243"}],"wp:term":[{"taxonomy":"category","embeddable":true,"href":"https:\/\/www.ecoitaliano.com.ar\/index.php?rest_route=%2Fwp%2Fv2%2Fcategories&post=30243"},{"taxonomy":"post_tag","embeddable":true,"href":"https:\/\/www.ecoitaliano.com.ar\/index.php?rest_route=%2Fwp%2Fv2%2Ftags&post=30243"}],"curies":[{"name":"wp","href":"https:\/\/api.w.org\/{rel}","templated":true}]}}