{"id":30259,"date":"2022-11-21T22:31:17","date_gmt":"2022-11-21T22:31:17","guid":{"rendered":"http:\/\/www.ecoitaliano.com.ar\/?p=30259"},"modified":"2022-11-21T22:31:17","modified_gmt":"2022-11-21T22:31:17","slug":"serena-conduce-operaclassica-eco-italiano-1909","status":"publish","type":"post","link":"https:\/\/www.ecoitaliano.com.ar\/?p=30259","title":{"rendered":"Serena conduce operaclassica eco italiano"},"content":{"rendered":"<p><a href=\"http:\/\/www.ecoitaliano.com.ar\/wp-content\/uploads\/2022\/11\/logo_teatro_lr.jpg\"><img decoding=\"async\" class=\"wp-image-29559 aligncenter\" src=\"http:\/\/www.ecoitaliano.com.ar\/wp-content\/uploads\/2022\/11\/logo_teatro_lr.jpg\" alt=\"\" width=\"279\" height=\"216\" srcset=\"https:\/\/www.ecoitaliano.com.ar\/wp-content\/uploads\/2022\/11\/logo_teatro_lr.jpg 666w, https:\/\/www.ecoitaliano.com.ar\/wp-content\/uploads\/2022\/11\/logo_teatro_lr-300x232.jpg 300w, https:\/\/www.ecoitaliano.com.ar\/wp-content\/uploads\/2022\/11\/logo_teatro_lr-150x116.jpg 150w, https:\/\/www.ecoitaliano.com.ar\/wp-content\/uploads\/2022\/11\/logo_teatro_lr-400x311.jpg 400w\" sizes=\"(max-width: 279px) 100vw, 279px\" \/><\/a><\/p>\n<p><strong>COMUNICATO STAMPA<br \/>\n<\/strong>Modena, 21 novembre 2022<\/p>\n<p><strong>\u00a0PROGETTI EUROPEI: IL TEATRO COMUNALE A LIPSIA PER UN PROGETTO SU JOHANN SEBASTIAN BACH<br \/>\n<\/strong><em>Gli allievi del Teatro in Germania per la prima edizione della Bach Academy e per una serie di concerti a Lipsia e a Lione.<\/em><\/p>\n<p>Il Teatro Comunale di Modena in questi giorni \u00e8 stato impegnato a Lipsia, la citt\u00e0 di Johann Sebastian Bach, per un progetto Europa Creativa dedicato al grande compositore tedesco e presentato dall\u2019organizzazione Leipziger Notenspur. La \u201cBach Academy\u201d, una delle pi\u00f9 importanti attivit\u00e0 del progetto, ha visto la partecipazione di tre cantanti usciti dal corso di perfezionamento del Teatro Comunale che si sono incontrati per una settimana intensiva di prove insieme a un ensemble strumentale di diciotto altri giovani musicisti provenienti da conservatori e accademie di Francia e Germania. Sotto la guida di Franck-Emmanuel Comte, direttore dell\u2019orchestra barocca lionese Le Concert de l&#8217;Hostel Dieu, partner francese del progetto, il gruppo si \u00e8 esibito con successo nella Chiesa di San Nicola e nella prestigiosa sala della Alte B\u00f6rse, nel cuore di Lipsia, presentando un programma dedicato alle musiche di Johann Sebastian Bach e dei figli Wilhelm Friedemann, Carl Philipp e Johann Christian. Il gruppo si \u00e8 trasferito quindi a Lione per un nuovo concerto che si \u00e8 tenuto domenica 20 nella Salle Sainte-H\u00e9l\u00e8ne. \u201cAbbiamo avuto l\u2019opportunit\u00e0 di lavorare in un ambiente internazionale, con studenti di ogni nazionalit\u00e0\u201d racconta Vincenzo Tremante, tenore di origine napoletana che, uscito dal corso lo scorso maggio, si \u00e8 esibito a settembre a Madrid in un concerto organizzato dal Teatro Comunale e nell\u2019opera\u00a0<em>Mefistofele<\/em>\u00a0andata in scena lo scorso ottobre. \u201cStudiare ed eseguire la musica di Bach nella sua citt\u00e0 \u00e8 stata un\u2019emozione indimenticabile\u201d aggiunge Fiammetta Tofoni, soprano che il Teatro ha chiamato anche ad Avignone per un concerto al Teatro dell\u2019Opera il mese scorso e attualmente impegnata in Belgio per una produzione di\u00a0<em>Gianni Schicchi<\/em>. \u201c\u00c8 raro potersi dedicare alla musica di Bach in una citt\u00e0 che rappresenta la testimonianza storica della sua vita e della sua attivit\u00e0\u201d conclude Svetolik Belosliudov, basso russo che al termine del corso del Teatro Comunale si \u00e8 laureato al Conservatorio Rossini di Pesaro e che \u00e8 stato chiamato a Modena per il\u00a0<em>Ballo in Maschera<\/em>\u00a0che si terr\u00e0 a marzo. \u201cAbbiamo perfino tenuto un concerto nella Nikolaikirche, la chiesa dove Bach \u00e8 stato direttore musicale e per le cui funzioni religiose ha scritto molta della sua musica\u201d.<br \/>\nLa seconda edizione della \u201cBach Academy\u201d si terr\u00e0 a Modena, a giugno 2024, e nel frattempo il nuovo corso di perfezionamento del Teatro Comunale \u00e8 stato riconosciuto fra le migliori proposte selezionate dal bando della Regione Emilia-Romagna e dal Fondo Sociale europeo e si svolger\u00e0 in una nuova edizione da marzo a maggio 2023.<\/p>\n<p>Alessandro Roveri<br \/>\nUfficio Stampa<br \/>\nFondazione Teatro Comunale di Modena<br \/>\n<a href=\"http:\/\/www.teatrocomunalemodena.it\/\" target=\"_blank\" rel=\"noopener\">www.teatrocomunalemodena.it<\/a><br \/>\nVia del Teatro 8, 41121 Modena<br \/>\n<a class=\"mailto-link\" href=\"mailto:aroveri@teatrocomunalemodena.it\" target=\"_blank\" rel=\"noopener\">aroveri@teatrocomunalemodena.it<\/a><\/p>\n<p><a href=\"http:\/\/www.ecoitaliano.com.ar\/wp-content\/uploads\/2022\/11\/Svetolik-Belosliudov-bachakademie_fr_alteboerse_DR6_5347_22-11-18.jpg\"><img decoding=\"async\" class=\"alignnone size-full wp-image-30260\" src=\"http:\/\/www.ecoitaliano.com.ar\/wp-content\/uploads\/2022\/11\/Svetolik-Belosliudov-bachakademie_fr_alteboerse_DR6_5347_22-11-18.jpg\" alt=\"\" width=\"2800\" height=\"1575\" srcset=\"https:\/\/www.ecoitaliano.com.ar\/wp-content\/uploads\/2022\/11\/Svetolik-Belosliudov-bachakademie_fr_alteboerse_DR6_5347_22-11-18.jpg 2800w, https:\/\/www.ecoitaliano.com.ar\/wp-content\/uploads\/2022\/11\/Svetolik-Belosliudov-bachakademie_fr_alteboerse_DR6_5347_22-11-18-300x169.jpg 300w, https:\/\/www.ecoitaliano.com.ar\/wp-content\/uploads\/2022\/11\/Svetolik-Belosliudov-bachakademie_fr_alteboerse_DR6_5347_22-11-18-768x432.jpg 768w, https:\/\/www.ecoitaliano.com.ar\/wp-content\/uploads\/2022\/11\/Svetolik-Belosliudov-bachakademie_fr_alteboerse_DR6_5347_22-11-18-1024x576.jpg 1024w, https:\/\/www.ecoitaliano.com.ar\/wp-content\/uploads\/2022\/11\/Svetolik-Belosliudov-bachakademie_fr_alteboerse_DR6_5347_22-11-18-150x84.jpg 150w\" sizes=\"(max-width: 2800px) 100vw, 2800px\" \/><\/a> <a href=\"http:\/\/www.ecoitaliano.com.ar\/wp-content\/uploads\/2022\/11\/Vincenzo-Tremante-Fiammetta-Tofoni-bachakademie_fr_alteboerse_DR6_5355_22-11-18.jpg\"><img decoding=\"async\" class=\"alignnone size-full wp-image-30261\" src=\"http:\/\/www.ecoitaliano.com.ar\/wp-content\/uploads\/2022\/11\/Vincenzo-Tremante-Fiammetta-Tofoni-bachakademie_fr_alteboerse_DR6_5355_22-11-18.jpg\" alt=\"\" width=\"2800\" height=\"1575\" srcset=\"https:\/\/www.ecoitaliano.com.ar\/wp-content\/uploads\/2022\/11\/Vincenzo-Tremante-Fiammetta-Tofoni-bachakademie_fr_alteboerse_DR6_5355_22-11-18.jpg 2800w, https:\/\/www.ecoitaliano.com.ar\/wp-content\/uploads\/2022\/11\/Vincenzo-Tremante-Fiammetta-Tofoni-bachakademie_fr_alteboerse_DR6_5355_22-11-18-300x169.jpg 300w, https:\/\/www.ecoitaliano.com.ar\/wp-content\/uploads\/2022\/11\/Vincenzo-Tremante-Fiammetta-Tofoni-bachakademie_fr_alteboerse_DR6_5355_22-11-18-768x432.jpg 768w, https:\/\/www.ecoitaliano.com.ar\/wp-content\/uploads\/2022\/11\/Vincenzo-Tremante-Fiammetta-Tofoni-bachakademie_fr_alteboerse_DR6_5355_22-11-18-1024x576.jpg 1024w, https:\/\/www.ecoitaliano.com.ar\/wp-content\/uploads\/2022\/11\/Vincenzo-Tremante-Fiammetta-Tofoni-bachakademie_fr_alteboerse_DR6_5355_22-11-18-150x84.jpg 150w\" sizes=\"(max-width: 2800px) 100vw, 2800px\" \/><\/a> <a href=\"http:\/\/www.ecoitaliano.com.ar\/wp-content\/uploads\/2022\/11\/Vincenzo-Tremante-Fiammetta-Tofoni-bachakademie_fr_alteboerse_DR6_5357_22-11-18.jpg\"><img decoding=\"async\" class=\"alignnone size-full wp-image-30262\" src=\"http:\/\/www.ecoitaliano.com.ar\/wp-content\/uploads\/2022\/11\/Vincenzo-Tremante-Fiammetta-Tofoni-bachakademie_fr_alteboerse_DR6_5357_22-11-18.jpg\" alt=\"\" width=\"2800\" height=\"1575\" srcset=\"https:\/\/www.ecoitaliano.com.ar\/wp-content\/uploads\/2022\/11\/Vincenzo-Tremante-Fiammetta-Tofoni-bachakademie_fr_alteboerse_DR6_5357_22-11-18.jpg 2800w, https:\/\/www.ecoitaliano.com.ar\/wp-content\/uploads\/2022\/11\/Vincenzo-Tremante-Fiammetta-Tofoni-bachakademie_fr_alteboerse_DR6_5357_22-11-18-300x169.jpg 300w, https:\/\/www.ecoitaliano.com.ar\/wp-content\/uploads\/2022\/11\/Vincenzo-Tremante-Fiammetta-Tofoni-bachakademie_fr_alteboerse_DR6_5357_22-11-18-768x432.jpg 768w, https:\/\/www.ecoitaliano.com.ar\/wp-content\/uploads\/2022\/11\/Vincenzo-Tremante-Fiammetta-Tofoni-bachakademie_fr_alteboerse_DR6_5357_22-11-18-1024x576.jpg 1024w, https:\/\/www.ecoitaliano.com.ar\/wp-content\/uploads\/2022\/11\/Vincenzo-Tremante-Fiammetta-Tofoni-bachakademie_fr_alteboerse_DR6_5357_22-11-18-150x84.jpg 150w\" sizes=\"(max-width: 2800px) 100vw, 2800px\" \/><\/a> <a href=\"http:\/\/www.ecoitaliano.com.ar\/wp-content\/uploads\/2022\/11\/Vincenzo-Tremante-Fiammetta-Tofoni-bachakademie_fr_alteboerse_DR6_5365_22-11-18.jpg\"><img decoding=\"async\" class=\"alignnone size-full wp-image-30263\" src=\"http:\/\/www.ecoitaliano.com.ar\/wp-content\/uploads\/2022\/11\/Vincenzo-Tremante-Fiammetta-Tofoni-bachakademie_fr_alteboerse_DR6_5365_22-11-18.jpg\" alt=\"\" width=\"2800\" height=\"1575\" srcset=\"https:\/\/www.ecoitaliano.com.ar\/wp-content\/uploads\/2022\/11\/Vincenzo-Tremante-Fiammetta-Tofoni-bachakademie_fr_alteboerse_DR6_5365_22-11-18.jpg 2800w, https:\/\/www.ecoitaliano.com.ar\/wp-content\/uploads\/2022\/11\/Vincenzo-Tremante-Fiammetta-Tofoni-bachakademie_fr_alteboerse_DR6_5365_22-11-18-300x169.jpg 300w, https:\/\/www.ecoitaliano.com.ar\/wp-content\/uploads\/2022\/11\/Vincenzo-Tremante-Fiammetta-Tofoni-bachakademie_fr_alteboerse_DR6_5365_22-11-18-768x432.jpg 768w, https:\/\/www.ecoitaliano.com.ar\/wp-content\/uploads\/2022\/11\/Vincenzo-Tremante-Fiammetta-Tofoni-bachakademie_fr_alteboerse_DR6_5365_22-11-18-1024x576.jpg 1024w, https:\/\/www.ecoitaliano.com.ar\/wp-content\/uploads\/2022\/11\/Vincenzo-Tremante-Fiammetta-Tofoni-bachakademie_fr_alteboerse_DR6_5365_22-11-18-150x84.jpg 150w\" sizes=\"(max-width: 2800px) 100vw, 2800px\" \/><\/a> <a href=\"http:\/\/www.ecoitaliano.com.ar\/wp-content\/uploads\/2022\/11\/Vincenzo-Tremante-Fiammetta-Tofoni-bachakademie_fr_alteboerse_DR6_5376_22-11-18.jpg\"><img decoding=\"async\" class=\"alignnone size-full wp-image-30264\" src=\"http:\/\/www.ecoitaliano.com.ar\/wp-content\/uploads\/2022\/11\/Vincenzo-Tremante-Fiammetta-Tofoni-bachakademie_fr_alteboerse_DR6_5376_22-11-18.jpg\" alt=\"\" width=\"1869\" height=\"2800\" srcset=\"https:\/\/www.ecoitaliano.com.ar\/wp-content\/uploads\/2022\/11\/Vincenzo-Tremante-Fiammetta-Tofoni-bachakademie_fr_alteboerse_DR6_5376_22-11-18.jpg 1869w, https:\/\/www.ecoitaliano.com.ar\/wp-content\/uploads\/2022\/11\/Vincenzo-Tremante-Fiammetta-Tofoni-bachakademie_fr_alteboerse_DR6_5376_22-11-18-200x300.jpg 200w, https:\/\/www.ecoitaliano.com.ar\/wp-content\/uploads\/2022\/11\/Vincenzo-Tremante-Fiammetta-Tofoni-bachakademie_fr_alteboerse_DR6_5376_22-11-18-768x1151.jpg 768w, https:\/\/www.ecoitaliano.com.ar\/wp-content\/uploads\/2022\/11\/Vincenzo-Tremante-Fiammetta-Tofoni-bachakademie_fr_alteboerse_DR6_5376_22-11-18-684x1024.jpg 684w, https:\/\/www.ecoitaliano.com.ar\/wp-content\/uploads\/2022\/11\/Vincenzo-Tremante-Fiammetta-Tofoni-bachakademie_fr_alteboerse_DR6_5376_22-11-18-100x150.jpg 100w\" sizes=\"(max-width: 1869px) 100vw, 1869px\" \/><\/a><\/p>\n","protected":false},"excerpt":{"rendered":"<p>COMUNICATO STAMPA Modena, 21 novembre 2022 \u00a0PROGETTI EUROPEI: IL TEATRO COMUNALE A LIPSIA PER UN PROGETTO SU JOHANN SEBASTIAN BACH [&hellip;]<\/p>\n","protected":false},"author":1,"featured_media":0,"comment_status":"open","ping_status":"open","sticky":false,"template":"","format":"standard","meta":{"footnotes":""},"categories":[1],"tags":[],"class_list":["post-30259","post","type-post","status-publish","format-standard","hentry","category-sin-categoria"],"_links":{"self":[{"href":"https:\/\/www.ecoitaliano.com.ar\/index.php?rest_route=\/wp\/v2\/posts\/30259","targetHints":{"allow":["GET"]}}],"collection":[{"href":"https:\/\/www.ecoitaliano.com.ar\/index.php?rest_route=\/wp\/v2\/posts"}],"about":[{"href":"https:\/\/www.ecoitaliano.com.ar\/index.php?rest_route=\/wp\/v2\/types\/post"}],"author":[{"embeddable":true,"href":"https:\/\/www.ecoitaliano.com.ar\/index.php?rest_route=\/wp\/v2\/users\/1"}],"replies":[{"embeddable":true,"href":"https:\/\/www.ecoitaliano.com.ar\/index.php?rest_route=%2Fwp%2Fv2%2Fcomments&post=30259"}],"version-history":[{"count":0,"href":"https:\/\/www.ecoitaliano.com.ar\/index.php?rest_route=\/wp\/v2\/posts\/30259\/revisions"}],"wp:attachment":[{"href":"https:\/\/www.ecoitaliano.com.ar\/index.php?rest_route=%2Fwp%2Fv2%2Fmedia&parent=30259"}],"wp:term":[{"taxonomy":"category","embeddable":true,"href":"https:\/\/www.ecoitaliano.com.ar\/index.php?rest_route=%2Fwp%2Fv2%2Fcategories&post=30259"},{"taxonomy":"post_tag","embeddable":true,"href":"https:\/\/www.ecoitaliano.com.ar\/index.php?rest_route=%2Fwp%2Fv2%2Ftags&post=30259"}],"curies":[{"name":"wp","href":"https:\/\/api.w.org\/{rel}","templated":true}]}}