{"id":30266,"date":"2022-11-21T22:34:49","date_gmt":"2022-11-21T22:34:49","guid":{"rendered":"http:\/\/www.ecoitaliano.com.ar\/?p=30266"},"modified":"2022-11-21T22:34:49","modified_gmt":"2022-11-21T22:34:49","slug":"serena-conduce-operaclassica-eco-italiano-1910","status":"publish","type":"post","link":"https:\/\/www.ecoitaliano.com.ar\/?p=30266","title":{"rendered":"Serena conduce operaclassica eco italiano"},"content":{"rendered":"<p style=\"text-align: center;\"><a href=\"http:\/\/www.ecoitaliano.com.ar\/wp-content\/uploads\/2022\/11\/de129b05-8b16-b400-7d06-6e73a8883f69.jpg\"><img decoding=\"async\" class=\"alignnone size-full wp-image-30267\" src=\"http:\/\/www.ecoitaliano.com.ar\/wp-content\/uploads\/2022\/11\/de129b05-8b16-b400-7d06-6e73a8883f69.jpg\" alt=\"\" width=\"200\" height=\"146\" srcset=\"https:\/\/www.ecoitaliano.com.ar\/wp-content\/uploads\/2022\/11\/de129b05-8b16-b400-7d06-6e73a8883f69.jpg 200w, https:\/\/www.ecoitaliano.com.ar\/wp-content\/uploads\/2022\/11\/de129b05-8b16-b400-7d06-6e73a8883f69-150x110.jpg 150w\" sizes=\"(max-width: 200px) 100vw, 200px\" \/><\/a><\/p>\n<p>comunicato stampa<\/p>\n<p><strong>Flavio Cavalli nuovo sovrintendente dell\u2019Associazione Arena Sferisterio<\/strong><\/p>\n<p><a href=\"http:\/\/www.ecoitaliano.com.ar\/wp-content\/uploads\/2022\/11\/40e2cfc7-4f3f-d7b2-1897-01fed77681a2.jpeg\"><img decoding=\"async\" class=\"alignnone size-full wp-image-30268\" src=\"http:\/\/www.ecoitaliano.com.ar\/wp-content\/uploads\/2022\/11\/40e2cfc7-4f3f-d7b2-1897-01fed77681a2.jpeg\" alt=\"\" width=\"768\" height=\"512\" srcset=\"https:\/\/www.ecoitaliano.com.ar\/wp-content\/uploads\/2022\/11\/40e2cfc7-4f3f-d7b2-1897-01fed77681a2.jpeg 768w, https:\/\/www.ecoitaliano.com.ar\/wp-content\/uploads\/2022\/11\/40e2cfc7-4f3f-d7b2-1897-01fed77681a2-300x200.jpeg 300w, https:\/\/www.ecoitaliano.com.ar\/wp-content\/uploads\/2022\/11\/40e2cfc7-4f3f-d7b2-1897-01fed77681a2-150x100.jpeg 150w\" sizes=\"(max-width: 768px) 100vw, 768px\" \/><\/a><\/p>\n<p>Il Consiglio di Amministrazione dell\u2019Associazione Arena Sferisterio, riunitosi Macerata luned\u00ec 21 novembre, ha deliberato all\u2019unanimit\u00e0 dei presenti di conferire l\u2019incarico di Sovrintendente per il biennio 2023-2024 a Flavio Cavalli.\u00a0L\u2019incarico sar\u00e0 pieno ed esclusivo e verr\u00e0 assunto con immediatezza.<\/p>\n<p>Il CdA ci tiene a sottolineare che, anche questa volta, si \u00e8 fatto ricorso, per le figure apicali, ad una manifestazione pubblica di interesse che costituisce un fatto qualificante e necessario per l\u2019Associazione. Si tratta di un percorso complesso che, nel pieno rispetto della legge, ha i suoi tempi e le sue procedure amministrative da rispettare, ma che garantisce alla citt\u00e0 trasparenza e rinnovamento.<br \/>\nIl Presidente del CdA, Sandro Parcaroli, a nome di tutto il consiglio e del Direttore artistico Paolo Pinamonti, formula al nuovo Sovrintendente i migliori auguri di buon lavoro.<\/p>\n<p>Flavio Cavalli (Rimini 1959) si \u00e8 laureato in Amministrazione Finanza e Controllo presso la Facolt\u00e0 di Economia dell\u2019Universit\u00e0 degli Studi Carlo Bo di Urbino ed \u00e8 iscritto all\u2019Ordine dei Dottori Commercialisti e degli Esperti Contabili di Pesaro dal 1986. Svolge attivit\u00e0 professionale di consulenza tributaria, societaria e contrattuale con particolare specializzazione nell\u2019organizzazione aziendale. \u00c8 inoltre revisore legale e consulente tecnico del Tribunale di Pesaro. \u00c8 stato direttore generale del Rossini Opera Festival (2010-2016). Dal 2011 al 2018 \u00e8 stato membro del consiglio direttivo del Consorzio Marche Spettacolo. Ha maturato una forte esperienza nei settori dello spettacolo e delle aziende turistiche, in particolar modo del mondo dei tour operator.<br \/>\n<em>Macerata, 21 novembre 2022 (ft)<\/em><\/p>\n<p><strong>Ufficio stampa<\/strong><br \/>\nFloriana Tessitore\u00a0| Responsabile Ufficio Stampa e Comunicazione<br \/>\nWalter Vitale, Alessandro Quartararo | Addetti\u00a0Stampa e Comunicazione<br \/>\n<a class=\"mailto-link\" href=\"mailto:ufficiostampa@sferisterio.it\" target=\"_blank\" rel=\"noopener\">ufficiostampa@sferisterio.it<\/a><br \/>\n<strong>Associazione Arena Sferisterio &#8211; Teatro di Tradizione |\u00a0<\/strong>Via S. Maria della Porta,\u00a0<a href=\"tel:65 - 62100\" target=\"_blank\" rel=\"noopener\">65 &#8211; 62100<\/a>\u00a0Macerata<br \/>\n<a class=\"mailto-link\" href=\"mailto:info@sferisterio.it\" target=\"_blank\" rel=\"noopener\">info@sferisterio.it<\/a>\u00a0|\u00a0<a href=\"https:\/\/florianatessitore.us12.list-manage.com\/track\/click?u=9aecf99759cc1d6c0a0ef9c1d&amp;id=a0e88c378a&amp;e=cceb3c1a2f\" target=\"_blank\" rel=\"noopener\">www.sferisterio.it<\/a><\/p>\n","protected":false},"excerpt":{"rendered":"<p>comunicato stampa Flavio Cavalli nuovo sovrintendente dell\u2019Associazione Arena Sferisterio Il Consiglio di Amministrazione dell\u2019Associazione Arena Sferisterio, riunitosi Macerata luned\u00ec 21 [&hellip;]<\/p>\n","protected":false},"author":1,"featured_media":0,"comment_status":"open","ping_status":"open","sticky":false,"template":"","format":"standard","meta":{"footnotes":""},"categories":[1],"tags":[],"class_list":["post-30266","post","type-post","status-publish","format-standard","hentry","category-sin-categoria"],"_links":{"self":[{"href":"https:\/\/www.ecoitaliano.com.ar\/index.php?rest_route=\/wp\/v2\/posts\/30266","targetHints":{"allow":["GET"]}}],"collection":[{"href":"https:\/\/www.ecoitaliano.com.ar\/index.php?rest_route=\/wp\/v2\/posts"}],"about":[{"href":"https:\/\/www.ecoitaliano.com.ar\/index.php?rest_route=\/wp\/v2\/types\/post"}],"author":[{"embeddable":true,"href":"https:\/\/www.ecoitaliano.com.ar\/index.php?rest_route=\/wp\/v2\/users\/1"}],"replies":[{"embeddable":true,"href":"https:\/\/www.ecoitaliano.com.ar\/index.php?rest_route=%2Fwp%2Fv2%2Fcomments&post=30266"}],"version-history":[{"count":0,"href":"https:\/\/www.ecoitaliano.com.ar\/index.php?rest_route=\/wp\/v2\/posts\/30266\/revisions"}],"wp:attachment":[{"href":"https:\/\/www.ecoitaliano.com.ar\/index.php?rest_route=%2Fwp%2Fv2%2Fmedia&parent=30266"}],"wp:term":[{"taxonomy":"category","embeddable":true,"href":"https:\/\/www.ecoitaliano.com.ar\/index.php?rest_route=%2Fwp%2Fv2%2Fcategories&post=30266"},{"taxonomy":"post_tag","embeddable":true,"href":"https:\/\/www.ecoitaliano.com.ar\/index.php?rest_route=%2Fwp%2Fv2%2Ftags&post=30266"}],"curies":[{"name":"wp","href":"https:\/\/api.w.org\/{rel}","templated":true}]}}