{"id":30283,"date":"2022-11-22T16:08:13","date_gmt":"2022-11-22T16:08:13","guid":{"rendered":"http:\/\/www.ecoitaliano.com.ar\/?p=30283"},"modified":"2022-11-22T16:08:13","modified_gmt":"2022-11-22T16:08:13","slug":"serena-conduce-operaclassica-eco-italiano-1911","status":"publish","type":"post","link":"https:\/\/www.ecoitaliano.com.ar\/?p=30283","title":{"rendered":"Serena conduce operaclassica eco italiano"},"content":{"rendered":"<p><a href=\"http:\/\/www.ecoitaliano.com.ar\/wp-content\/uploads\/2022\/11\/51d68bd3-4534-463d-b99e-77594db7488f-1.jpg\"><img decoding=\"async\" class=\"alignnone size-full wp-image-30284\" src=\"http:\/\/www.ecoitaliano.com.ar\/wp-content\/uploads\/2022\/11\/51d68bd3-4534-463d-b99e-77594db7488f-1.jpg\" alt=\"\" width=\"1058\" height=\"171\" srcset=\"https:\/\/www.ecoitaliano.com.ar\/wp-content\/uploads\/2022\/11\/51d68bd3-4534-463d-b99e-77594db7488f-1.jpg 1058w, https:\/\/www.ecoitaliano.com.ar\/wp-content\/uploads\/2022\/11\/51d68bd3-4534-463d-b99e-77594db7488f-1-300x48.jpg 300w, https:\/\/www.ecoitaliano.com.ar\/wp-content\/uploads\/2022\/11\/51d68bd3-4534-463d-b99e-77594db7488f-1-768x124.jpg 768w, https:\/\/www.ecoitaliano.com.ar\/wp-content\/uploads\/2022\/11\/51d68bd3-4534-463d-b99e-77594db7488f-1-1024x166.jpg 1024w, https:\/\/www.ecoitaliano.com.ar\/wp-content\/uploads\/2022\/11\/51d68bd3-4534-463d-b99e-77594db7488f-1-150x24.jpg 150w\" sizes=\"(max-width: 1058px) 100vw, 1058px\" \/><\/a><\/p>\n<p>Lahav Shani debutta a LuganoMusica con la Rotterdam Philharmonic.<br \/>\nYefim Bronfman solista per il Terzo Concerto di Beethoven<\/p>\n<p>Venerd\u00ec 2 dicembre alle ore 20:30 approda al LAC Lahav Shani, direttore israeliano tra i nuovi talenti del podio ospiti di questa stagione, con la Rotterdam Philharmonic, orchestra che lo ha voluto come direttore stabile a soli due mesi dal debutto. Yefim Bronfman \u00e8 solista al pianoforte per il terzo concerto in do minore op. 37 di Ludwig van Beethoven, seguito dalla Sinfonia n. 9 in re minore di Anton Bruckner.<\/p>\n<p>Lahav Shani non ha ancora 35 anni ma ha gi\u00e0 in mano la sua chiave per il successo. Dopo la Rotterdam Philharmonic Orchestra, anche la Israel Philharmonic Orchestra lo ha voluto come prima guida dopo 50 anni con Zubin Mehta. Contrabbassista e pianista, Shani ha sempre saputo di voler fare il musicista e proprio tra le file della Israel Philharmonic, durante le sessioni di prove quando frequentava le scuole superiori, ha maturato la decisione di fare il direttore d\u2019orchestra. Tra i mentori di Lahav Shani c\u2019\u00e8 anche Daniel Barenboim.<br \/>\nQuello tra direttore e orchestra per lui \u00e8 un rapporto imprevedibile, che dipende dallo studio, dall\u2019impegno condiviso ma soprattutto dall\u2019affinit\u00e0 elettiva tra musicisti. \u00abSe funziona o no \u00e8 anche questione di chimica, \u2013 racconta Shani \u2013 la prima volta a Rotterdam fu un vero e proprio elettroshock, una folgorazione. Capii immediatamente che volevo stare l\u00ec. Sapevo che cercavano un successore di Yannick N\u00e9zet-S\u00e9guin e da l\u00ec in poi questo fu per me un obiettivo, ma un po\u2019 anche un test, non sapevo se avrebbe funzionato. Devo ammettere che si tratt\u00f2 di una sorta di amore a prima vista, un feeling che ho avvertito fin dal primo momento\u00bb.<br \/>\nLa musica di Beethoven \u00e8 stata il banco di prova per il primo disco inciso da Shani con la Rotterdam Philharmonic, che includeva il Quarto Concerto per pianoforte e orchestra e la Settima Sinfonia. Protagonista del Terzo Concerto di Beethoven a Lugano \u00e8 Yefim Bronfman, pianista russo-israeliano conosciuto in tutto il mondo grazie alle descrizioni entusiaste di Philip Roth nel suo romanzo La macchia umana: \u00abPoi appare Bronfman. Bronfman il brontosauro! Mr. Fortissimo! Entra Bronfman e suona con un ritmo e una spavalderia tali da cacciare la mia morbosit\u00e0 fuori dal ring\u00bb.<\/p>\n<p>venerd\u00ec 02 dicembre ore 20:30<br \/>\nLAC Sala Teatro<\/p>\n<p>Rotterdam Philharmonic Orchestra<br \/>\nLahav Shani, direttore<br \/>\nYefim Bronfman, pianoforte<\/p>\n<p>Ludwig van Beethoven<br \/>\nConcerto per pianoforte e orchestra n. 3 in do minore, op. 37<\/p>\n<p>Anton Bruckner<br \/>\nSinfonia n. 9 in re minore<\/p>\n<p>Biglietti Fr. 132.00 \u201313.20<br \/>\nAcquista online<\/p>\n<p>Biglietteria<br \/>\nOrari biglietteria LAC:<br \/>\nmarted\u00ec-domenica: 10.00\u201318.00<br \/>\nVendita telefonica marted\u00ec-domenica 12.00-18.00. Tel. +41 58 866 42 22<br \/>\nInformazioni generali: +41 58 866 42 85, info@luganomusica.ch<\/p>\n<p>Per informazioni:<br \/>\nDiana Ivanisevic<br \/>\nComunicazione e stampa<br \/>\n+41 58 866 42 85<br \/>\nDiana.ivanisevic@luganomusica.ch<\/p>\n<p><a href=\"http:\/\/www.ecoitaliano.com.ar\/wp-content\/uploads\/2022\/11\/2022_12_02_Lahav-Shani_\u00a9_Marco-Borggreve_1920x1080px.jpg\"><img decoding=\"async\" class=\"alignnone size-full wp-image-30285\" src=\"http:\/\/www.ecoitaliano.com.ar\/wp-content\/uploads\/2022\/11\/2022_12_02_Lahav-Shani_\u00a9_Marco-Borggreve_1920x1080px.jpg\" alt=\"\" width=\"1920\" height=\"1080\" srcset=\"https:\/\/www.ecoitaliano.com.ar\/wp-content\/uploads\/2022\/11\/2022_12_02_Lahav-Shani_\u00a9_Marco-Borggreve_1920x1080px.jpg 1920w, https:\/\/www.ecoitaliano.com.ar\/wp-content\/uploads\/2022\/11\/2022_12_02_Lahav-Shani_\u00a9_Marco-Borggreve_1920x1080px-300x169.jpg 300w, https:\/\/www.ecoitaliano.com.ar\/wp-content\/uploads\/2022\/11\/2022_12_02_Lahav-Shani_\u00a9_Marco-Borggreve_1920x1080px-768x432.jpg 768w, https:\/\/www.ecoitaliano.com.ar\/wp-content\/uploads\/2022\/11\/2022_12_02_Lahav-Shani_\u00a9_Marco-Borggreve_1920x1080px-1024x576.jpg 1024w, https:\/\/www.ecoitaliano.com.ar\/wp-content\/uploads\/2022\/11\/2022_12_02_Lahav-Shani_\u00a9_Marco-Borggreve_1920x1080px-150x84.jpg 150w\" sizes=\"(max-width: 1920px) 100vw, 1920px\" \/><\/a> <a href=\"http:\/\/www.ecoitaliano.com.ar\/wp-content\/uploads\/2022\/11\/2022_12_02_Yefim-Bronfman_\u00a9_Oded-Antman_1920x1080px.jpg\"><img decoding=\"async\" class=\"alignnone size-full wp-image-30286\" src=\"http:\/\/www.ecoitaliano.com.ar\/wp-content\/uploads\/2022\/11\/2022_12_02_Yefim-Bronfman_\u00a9_Oded-Antman_1920x1080px.jpg\" alt=\"\" width=\"1920\" height=\"1080\" srcset=\"https:\/\/www.ecoitaliano.com.ar\/wp-content\/uploads\/2022\/11\/2022_12_02_Yefim-Bronfman_\u00a9_Oded-Antman_1920x1080px.jpg 1920w, https:\/\/www.ecoitaliano.com.ar\/wp-content\/uploads\/2022\/11\/2022_12_02_Yefim-Bronfman_\u00a9_Oded-Antman_1920x1080px-300x169.jpg 300w, https:\/\/www.ecoitaliano.com.ar\/wp-content\/uploads\/2022\/11\/2022_12_02_Yefim-Bronfman_\u00a9_Oded-Antman_1920x1080px-768x432.jpg 768w, https:\/\/www.ecoitaliano.com.ar\/wp-content\/uploads\/2022\/11\/2022_12_02_Yefim-Bronfman_\u00a9_Oded-Antman_1920x1080px-1024x576.jpg 1024w, https:\/\/www.ecoitaliano.com.ar\/wp-content\/uploads\/2022\/11\/2022_12_02_Yefim-Bronfman_\u00a9_Oded-Antman_1920x1080px-150x84.jpg 150w\" sizes=\"(max-width: 1920px) 100vw, 1920px\" \/><\/a><\/p>\n","protected":false},"excerpt":{"rendered":"<p>Lahav Shani debutta a LuganoMusica con la Rotterdam Philharmonic. Yefim Bronfman solista per il Terzo Concerto di Beethoven Venerd\u00ec 2 [&hellip;]<\/p>\n","protected":false},"author":1,"featured_media":0,"comment_status":"open","ping_status":"open","sticky":false,"template":"","format":"standard","meta":{"footnotes":""},"categories":[1],"tags":[],"class_list":["post-30283","post","type-post","status-publish","format-standard","hentry","category-sin-categoria"],"_links":{"self":[{"href":"https:\/\/www.ecoitaliano.com.ar\/index.php?rest_route=\/wp\/v2\/posts\/30283","targetHints":{"allow":["GET"]}}],"collection":[{"href":"https:\/\/www.ecoitaliano.com.ar\/index.php?rest_route=\/wp\/v2\/posts"}],"about":[{"href":"https:\/\/www.ecoitaliano.com.ar\/index.php?rest_route=\/wp\/v2\/types\/post"}],"author":[{"embeddable":true,"href":"https:\/\/www.ecoitaliano.com.ar\/index.php?rest_route=\/wp\/v2\/users\/1"}],"replies":[{"embeddable":true,"href":"https:\/\/www.ecoitaliano.com.ar\/index.php?rest_route=%2Fwp%2Fv2%2Fcomments&post=30283"}],"version-history":[{"count":0,"href":"https:\/\/www.ecoitaliano.com.ar\/index.php?rest_route=\/wp\/v2\/posts\/30283\/revisions"}],"wp:attachment":[{"href":"https:\/\/www.ecoitaliano.com.ar\/index.php?rest_route=%2Fwp%2Fv2%2Fmedia&parent=30283"}],"wp:term":[{"taxonomy":"category","embeddable":true,"href":"https:\/\/www.ecoitaliano.com.ar\/index.php?rest_route=%2Fwp%2Fv2%2Fcategories&post=30283"},{"taxonomy":"post_tag","embeddable":true,"href":"https:\/\/www.ecoitaliano.com.ar\/index.php?rest_route=%2Fwp%2Fv2%2Ftags&post=30283"}],"curies":[{"name":"wp","href":"https:\/\/api.w.org\/{rel}","templated":true}]}}