{"id":30384,"date":"2022-11-26T00:21:31","date_gmt":"2022-11-26T00:21:31","guid":{"rendered":"http:\/\/www.ecoitaliano.com.ar\/?p=30384"},"modified":"2022-11-26T00:21:31","modified_gmt":"2022-11-26T00:21:31","slug":"serena-conduce-operaclassica-eco-italiano-1923","status":"publish","type":"post","link":"https:\/\/www.ecoitaliano.com.ar\/?p=30384","title":{"rendered":"Serena conduce operaclassica eco italiano"},"content":{"rendered":"<p><a href=\"http:\/\/www.ecoitaliano.com.ar\/wp-content\/uploads\/2022\/11\/7bfa1636-19ba-42a7-8e55-5f194557a95d-2.jpg\"><img decoding=\"async\" class=\"wp-image-30385 aligncenter\" src=\"http:\/\/www.ecoitaliano.com.ar\/wp-content\/uploads\/2022\/11\/7bfa1636-19ba-42a7-8e55-5f194557a95d-2.jpg\" alt=\"\" width=\"472\" height=\"96\" srcset=\"https:\/\/www.ecoitaliano.com.ar\/wp-content\/uploads\/2022\/11\/7bfa1636-19ba-42a7-8e55-5f194557a95d-2.jpg 600w, https:\/\/www.ecoitaliano.com.ar\/wp-content\/uploads\/2022\/11\/7bfa1636-19ba-42a7-8e55-5f194557a95d-2-300x61.jpg 300w, https:\/\/www.ecoitaliano.com.ar\/wp-content\/uploads\/2022\/11\/7bfa1636-19ba-42a7-8e55-5f194557a95d-2-150x31.jpg 150w\" sizes=\"(max-width: 472px) 100vw, 472px\" \/><\/a><\/p>\n<table class=\"templateContainer\" border=\"0\" width=\"100%\" cellspacing=\"0\" cellpadding=\"0\">\n<tbody>\n<tr>\n<td id=\"templateBody\" valign=\"top\">\n<table class=\"mcnTextBlock\" border=\"0\" width=\"100%\" cellspacing=\"0\" cellpadding=\"0\">\n<tbody class=\"mcnTextBlockOuter\">\n<tr>\n<td class=\"mcnTextBlockInner\" valign=\"top\">\n<table class=\"mcnTextContentContainer\" border=\"0\" width=\"100%\" cellspacing=\"0\" cellpadding=\"0\" align=\"left\">\n<tbody>\n<tr>\n<td class=\"mcnTextContent\" valign=\"top\">\n<div>comunicato stampa<\/p>\n<p><strong>\u201cCITOFONARE GAETANO\u201d PER \u201cL\u2019AIO NELL\u2019IMBARAZZO\u201d E \u201cLA FAVORITE\u201d<\/strong><\/p>\n<p><em>Torna il salotto digitale condotto da Diego Passoni, Cristina Bugatty e Alberto Mattioli, quest\u2019anno anche su corriere.it e sulle pagine social dell\u2019Eco di Bergamo e di Bergamonews<\/em><\/p>\n<p><em>La scuola, il ruolo dei genitori, l\u2019oceano dei social, l\u2019empowerment femminile e i ruoli di potere nella coppia fra i temi che animeranno le conversazioni con gli ospiti<\/em><\/p>\n<p>Bergamo, 26 e 27 novembre 2022<\/p>\n<p><img decoding=\"async\" src=\"https:\/\/mcusercontent.com\/9aecf99759cc1d6c0a0ef9c1d\/_compresseds\/05c1f8a4-f200-7234-7fbe-06e106eb047d.jpg\" width=\"600\" height=\"400\" data-file-id=\"5820564\" \/>\n<\/div>\n<div>\n<p>Dopo le serate inaugurali, nella seconda settimana di festival, si apre lo streaming delle opere e soprattutto torna con nuovi ospiti, spunti di riflessione e divertimento il salotto di\u00a0<strong><em>Citofonare Gaetano<\/em><\/strong>\u00a0con Diego Passoni, Cristina Bugatty e Alberto Mattioli, impegnati nel commento delle opere in scena.<\/p>\n<p>Il \u201csalotto\u201d sar\u00e0 in diretta il 26 (<em>L\u2019aio\u00a0<\/em>dalle 19.45<em>)<\/em>\u00a0e il 27 novembre (<em>La favorite<\/em>\u00a0dalle 15.15), oltre che sui social del festival, anche su corriere.it (in homepage e su corriere tv) e sulle pagine Facebook dell\u2019Eco di Bergamo e di Bergamonews.<\/p>\n<p>Fra gli ospiti della prima serata di\u00a0<em>Citofonare Gaetano\u00a0<\/em><strong>sabato 26 novembre<\/strong>, che accompagna la visione dell\u2019opera\u00a0<em>L\u2019aio nell\u2019imbarazzo<\/em>, ci saranno\u00a0Sarah Malnerich e Francesca Fiore (influencer del blog satirico Mammedimerda), il divulgatore scientifico Nicola Macchione, lo psicoterapeuta Alberto Pellai, il \u201cfacilitatore lirico\u201d Marco Mazzoleni, la\u00a0Dirigente scolastica dell&#8217;IPIA \u00abCesare Pesenti\u00bb di Bergamo\u00a0Veronica Migani ed\u00a0alcuni docenti ed esperti per parlare del rapporto genitori\/figli, del ruolo della scuola e dei docenti, dell\u2019importanza nell\u2019adolescenza dell\u2019educazione sessuale, dei social network, di maestri e allievi.<\/p>\n<p><strong>Domenica 27 novembre<\/strong>\u00a0dalle 15.15, per commentare la visione dell&#8217;opera\u00a0<em>La favorite<\/em>, con i conduttori ci saranno invece la scrittrice e attivista Carlotta Vagnoli, un\u2019operatrice dell\u2019Associazione Micaela che si occupa di donne vittime della tratta, La Vale Deejay, Jamal Costa e Daphne Boh\u00e9mien contributor del social Onlyfans, la musicologa Candida Mantica e alcuni ospiti a sorpresa legati all\u2019opera donizettiana in scena. Con loro si converser\u00e0 sulle nuove prospettive dell&#8217;empowerment femminile, sul ruolo della donna nel lavoro e nella societ\u00e0 oltre che nella coppia.<\/p>\n<p>Parte nel weekend anche lo\u00a0<strong>streaming<\/strong>\u00a0<strong>delle opere<\/strong>\u00a0riservato agli abbonati della DOTube:\u00a0<em>L\u2019aio nell\u2019imbarazzo\u00a0<\/em>dal 26 novembre e\u00a0<em>La favorite<\/em>\u00a0dal 27 novembre. L\u2019inizio dello streaming di\u00a0<em>Chiara e Serafina<\/em>\u00a0\u00e8 posticipato a domenica 4 dicembre.<\/p>\n<p>Per gli abbonati alla DOTube, sono disponibili le nuove edizioni 2022 di format molto amati, come\u00a0<strong><em>Parla con Gaetano<\/em><\/strong>, video in cui gli artisti ospiti del festival confidano al compositore bergamasco ricordi, idee e pensieri, o ancora\u00a0<strong><em>Alle prove con Mattioli<\/em><\/strong>, in cui il\u00a0<em>Dramaturg<\/em>\u00a0del festival fa conoscere da vicino gli spettacoli, gli artisti e le pagine di Donizetti in programma. Due nuovi format video sono\u00a0<strong><em>Road to festival<\/em><\/strong><em>\u00a0<strong>con Diego Passoni<\/strong><\/em>\u00a0per scoprire il backstage e gli artisti con il celebre conduttore di Radio Deejay e poi\u00a0<strong><em>Song Association contest<\/em><\/strong>\u00a0in cui i cast delle opere \u201cgiocheranno\u201d con le musiche di Donizetti.\u00a0Grazie a un accordo con l\u2019etichetta Dynamic \/ Naxos, sono presenti su DOTube i video delle opere andate in scena al festival dal 2016 al 2021.<\/p>\n<p>\u00c8 online su tutte le piattaforme di streaming (Spotify, iTunes, Amazon Music, YouTube Music etc.)\u00a0<strong><em>Mixopera vol. 2<\/em><\/strong>, il secondo volume di questo progetto di elettronica ispirato alla musica di Donizetti con la partecipazione di alcuni musicisti raccolti intorno all\u2019etichetta FLUIDOSTUDIO e una partnership editoriale con Rockit.it, il pi\u00f9 importante magazine di settore. L\u2019EP \u00e8 composto da 5 nuovi brani, che spaziano da cover, remix, ed anche brani originali ispirati alla produzione di Donizetti. Sono presenti tutte le opere in programma quest\u2019anno:\u00a0<em>Chiara e Serafina\u00a0<\/em>con una cover di Oberdan,\u00a0<em>L\u2019aio nell\u2019imbarazzo<\/em>\u00a0e\u00a0<em>La favorite<\/em>\u00a0con due remix di Playgirl from Caracas e Hey Cabrera! Gli altri due sono due brani originali: Moscowa SUI Muri si immagina come sarebbe passare una notte fuori a fare festa con Gaetano nel 2022, mentre David Blank anticipa un brano composto per\u00a0<em>Lu OperaRave<\/em>, che andr\u00e0 in scena nel 2023.<\/p>\n<p>L\u2019appuntamento di sabato pomeriggio per la rassegna\u00a0<strong>Opera Family\u00a0<\/strong>(Teatro Donizetti, ridotto Gavazzeni, ore 17) \u00e8 con\u00a0<em>Il giovane Gaetano<\/em>\u00a0un reading con canto a cappella di Ferruccio Filippazzi con tre attrici-cantanti \u2013 Ilaria Pezzera, Miriam Gotti e Barbara Menegardo \u2013 per raccontare, cantare e dare forma ai primi anni di attivit\u00e0 artistica di Gaetano Donizetti.<\/p>\n<p><strong>YELLOW FRIDAY<\/strong><br \/>\nDa marted\u00ec 22 novembre alle ore 13 a sabato 26 novembre alle ore 13 ci sar\u00e0 la possibilit\u00e0 di acquistare gli ultimi biglietti disponibili per il Teatro Sociale e per il Teatro Donizetti con lo sconto del 45%, sia online che presso la Biglietteria del Teatro Donizetti. Sconti anche sulle tariffe di abbonamento alla Donizetti Opera Tube.<\/p>\n<p>Il festival Donizetti Opera, \u00e8 organizzato dalla Fondazione Teatro Donizetti e dal Comune di Bergamo con il sostegno di Ministero della Cultura, Fondazione Cariplo, Regione Lombardia, Camera di Commercio di Bergamo.<br \/>\n<em>Main partner<\/em>\u00a0Allianz.\u00a0<em>Con il sostegno di<\/em>\u00a0Intesa Sanpaolo.\u00a0<em>Con il contributo di<\/em>\u00a0Uniacque, KPMG, Polo telematico Avantgarde, Rea Dalmine, Habilita.\u00a0<em>Sponsor<\/em>\u00a0Curnis\/Rolex, Automha.\u00a0<em>Sponsor<\/em>\u00a0<em>tecnici<\/em>\u00a0Atb, Claypaky, Standgreen, Telesia, Zanta.\u00a0<em>In collaborazione con\u00a0<\/em>il Conservatorio Gaetano Donizetti, la Fondazione Mia, Rotary Gruppo Orobico 1 e Gruppo Orobico 2, Opera Europa, Fedora.<br \/>\nUn ringraziamento speciale agli Ambasciatori di Donizetti e a tutti coloro che sostengono l\u2019attivit\u00e0 della Fondazione Teatro Donizetti con Art bonus.<\/p>\n<p><strong>Biglietteria<\/strong><br \/>\nPiazza Cavour, 15 \u2013 Bergamo \u2013 T. 035 4160601\/602\/603 \u2013 marted\u00ec-sabato, ore 13-20<br \/>\n<a>biglietteria@fondazioneteatrodonizetti.org<\/a><br \/>\n<a>gruppi@fondazioneteatrodonizetti.org<\/a><\/p>\n<p><strong>Costo dei biglietti<\/strong>:<br \/>\n\u2013 opere al Teatro Donizetti: da 110 euro a 15 euro<br \/>\n\u2013 opere al Teatro Sociale: da 90 euro a 15 euro<\/p>\n<p><strong>Carnet weekend<\/strong><br \/>\nTutti gli spettacoli di ciascun fine settimana con lo sconto del 25%<br \/>\n<strong>Carnet sabato<\/strong><br \/>\nI biglietti delle tre opere in tre sabati diversi con lo sconto del 25%<\/p>\n<p>Le opere avranno inizio nei giorni feriali alle ore 20 e alle ore 15.30 la domenica.<\/p>\n<p><em>Per informazioni e dettagli sugli spettacoli<\/em><br \/>\n<a href=\"https:\/\/florianatessitore.us12.list-manage.com\/track\/click?u=9aecf99759cc1d6c0a0ef9c1d&amp;id=6e0e9c5951&amp;e=cceb3c1a2f\" target=\"_blank\" rel=\"noopener\">www.gaetanodonizetti.org<\/a><br \/>\n<a href=\"https:\/\/florianatessitore.us12.list-manage.com\/track\/click?u=9aecf99759cc1d6c0a0ef9c1d&amp;id=f139a66d27&amp;e=cceb3c1a2f\" target=\"_blank\" rel=\"noopener\">www.teatrodonizetti.it<\/a><br \/>\n<a class=\"mailto-link\" href=\"mailto:info@fondazioneteatrodonizetti.org\" target=\"_blank\" rel=\"noopener\">info@fondazioneteatrodonizetti.org<\/a><br \/>\ntel.\u00a0035.4160613<\/p>\n<p><em>Per ulteriori informazioni, dettagli e fotografie<\/em><br \/>\nFondazione Teatro Donizetti &#8211; Ufficio stampa del Festival Donizetti Opera<br \/>\nFloriana Tessitore\u00a0<a href=\"tel:+39 3387339981\" target=\"_blank\" rel=\"noopener\">+39 3387339981<\/a>\u00a0<a class=\"mailto-link\" href=\"mailto:tessitore@fondazioneteatrodonizetti.org\" target=\"_blank\" rel=\"noopener\">tessitore@fondazioneteatrodonizetti.org<\/a><br \/>\nWalter Vitale\u00a0<a href=\"tel:+39 3335243419\" target=\"_blank\" rel=\"noopener\">+39 3335243419<\/a>\u00a0<a class=\"mailto-link\" href=\"mailto:pressopera@fondazioneteatrodonizetti.org\" target=\"_blank\" rel=\"noopener\">pressopera@fondazioneteatrodonizetti.org<\/a><\/div>\n<p><em>Bergamo, 25 novembre 2022\u00a0\u00a0(f.t.)<\/em><\/td>\n<\/tr>\n<\/tbody>\n<\/table>\n<\/td>\n<\/tr>\n<\/tbody>\n<\/table>\n<\/td>\n<\/tr>\n<tr>\n<td id=\"templateFooter\" valign=\"top\">\n<table class=\"mcnFollowBlock\" border=\"0\" width=\"100%\" cellspacing=\"0\" cellpadding=\"0\">\n<tbody class=\"mcnFollowBlockOuter\">\n<tr>\n<td class=\"mcnFollowBlockInner\" align=\"center\" valign=\"top\">\n<table class=\"mcnFollowContentContainer\" border=\"0\" width=\"100%\" cellspacing=\"0\" cellpadding=\"0\">\n<tbody>\n<tr>\n<td align=\"center\">\n<table class=\"mcnFollowContent\" border=\"0\" width=\"100%\" cellspacing=\"0\" cellpadding=\"0\">\n<tbody>\n<tr>\n<td align=\"center\" valign=\"top\">\n<table border=\"0\" cellspacing=\"0\" cellpadding=\"0\" align=\"center\">\n<tbody>\n<tr>\n<td align=\"center\" valign=\"top\">\n<table border=\"0\" cellspacing=\"0\" cellpadding=\"0\" align=\"left\">\n<tbody>\n<tr>\n<td class=\"mcnFollowContentItemContainer\" valign=\"top\">\n<table class=\"mcnFollowContentItem\" border=\"0\" width=\"100%\" cellspacing=\"0\" cellpadding=\"0\">\n<tbody>\n<tr>\n<td align=\"left\" valign=\"middle\">\n<table border=\"0\" width=\"\" cellspacing=\"0\" cellpadding=\"0\" align=\"left\">\n<tbody>\n<tr>\n<td class=\"mcnFollowIconContent\" align=\"center\" valign=\"middle\" width=\"24\"><\/td>\n<\/tr>\n<\/tbody>\n<\/table>\n<\/td>\n<\/tr>\n<\/tbody>\n<\/table>\n<\/td>\n<\/tr>\n<\/tbody>\n<\/table>\n<table border=\"0\" cellspacing=\"0\" cellpadding=\"0\" align=\"left\">\n<tbody>\n<tr>\n<td class=\"mcnFollowContentItemContainer\" valign=\"top\">\n<table class=\"mcnFollowContentItem\" border=\"0\" width=\"100%\" cellspacing=\"0\" cellpadding=\"0\">\n<tbody>\n<tr>\n<td align=\"left\" valign=\"middle\">\n<table border=\"0\" width=\"\" cellspacing=\"0\" cellpadding=\"0\" align=\"left\">\n<tbody>\n<tr>\n<td class=\"mcnFollowIconContent\" align=\"center\" valign=\"middle\" width=\"24\"><\/td>\n<\/tr>\n<\/tbody>\n<\/table>\n<\/td>\n<\/tr>\n<\/tbody>\n<\/table>\n<\/td>\n<\/tr>\n<\/tbody>\n<\/table>\n<table border=\"0\" cellspacing=\"0\" cellpadding=\"0\" align=\"left\">\n<tbody>\n<tr>\n<td class=\"mcnFollowContentItemContainer\" valign=\"top\">\n<table class=\"mcnFollowContentItem\" border=\"0\" width=\"100%\" cellspacing=\"0\" cellpadding=\"0\">\n<tbody>\n<tr>\n<td align=\"left\" valign=\"middle\">\n<table border=\"0\" width=\"\" cellspacing=\"0\" cellpadding=\"0\" align=\"left\">\n<tbody>\n<tr>\n<td class=\"mcnFollowIconContent\" align=\"center\" valign=\"middle\" width=\"24\"><\/td>\n<\/tr>\n<\/tbody>\n<\/table>\n<\/td>\n<\/tr>\n<\/tbody>\n<\/table>\n<\/td>\n<\/tr>\n<\/tbody>\n<\/table>\n<table border=\"0\" cellspacing=\"0\" cellpadding=\"0\" align=\"left\">\n<tbody>\n<tr>\n<td class=\"mcnFollowContentItemContainer\" valign=\"top\">\n<table class=\"mcnFollowContentItem\" border=\"0\" width=\"100%\" cellspacing=\"0\" cellpadding=\"0\">\n<tbody>\n<tr>\n<td align=\"left\" valign=\"middle\">\n<table border=\"0\" width=\"\" cellspacing=\"0\" cellpadding=\"0\" align=\"left\">\n<tbody>\n<tr>\n<td class=\"mcnFollowIconContent\" align=\"center\" valign=\"middle\" width=\"24\"><\/td>\n<\/tr>\n<\/tbody>\n<\/table>\n<\/td>\n<\/tr>\n<\/tbody>\n<\/table>\n<\/td>\n<\/tr>\n<\/tbody>\n<\/table>\n<table border=\"0\" cellspacing=\"0\" cellpadding=\"0\" align=\"left\">\n<tbody>\n<tr>\n<td class=\"mcnFollowContentItemContainer\" valign=\"top\">\n<table class=\"mcnFollowContentItem\" border=\"0\" width=\"100%\" cellspacing=\"0\" cellpadding=\"0\">\n<tbody>\n<tr>\n<td align=\"left\" valign=\"middle\">\n<table border=\"0\" width=\"\" cellspacing=\"0\" cellpadding=\"0\" align=\"left\">\n<tbody>\n<tr>\n<td class=\"mcnFollowIconContent\" align=\"center\" valign=\"middle\" width=\"24\"><\/td>\n<\/tr>\n<\/tbody>\n<\/table>\n<\/td>\n<\/tr>\n<\/tbody>\n<\/table>\n<\/td>\n<\/tr>\n<\/tbody>\n<\/table>\n<\/td>\n<\/tr>\n<\/tbody>\n<\/table>\n<\/td>\n<\/tr>\n<\/tbody>\n<\/table>\n<\/td>\n<\/tr>\n<\/tbody>\n<\/table>\n<\/td>\n<\/tr>\n<\/tbody>\n<\/table>\n<table class=\"mcnDividerBlock\" border=\"0\" width=\"100%\" cellspacing=\"0\" cellpadding=\"0\">\n<tbody class=\"mcnDividerBlockOuter\">\n<tr>\n<td class=\"mcnDividerBlockInner\">\n<table class=\"mcnDividerContent\" border=\"0\" width=\"100%\" cellspacing=\"0\" cellpadding=\"0\">\n<tbody>\n<tr>\n<td><\/td>\n<\/tr>\n<\/tbody>\n<\/table>\n<\/td>\n<\/tr>\n<\/tbody>\n<\/table>\n<table class=\"mcnTextBlock\" border=\"0\" width=\"100%\" cellspacing=\"0\" cellpadding=\"0\">\n<tbody class=\"mcnTextBlockOuter\">\n<tr>\n<td class=\"mcnTextBlockInner\" valign=\"top\">\n<table class=\"mcnTextContentContainer\" border=\"0\" width=\"100%\" cellspacing=\"0\" cellpadding=\"0\" align=\"left\">\n<tbody>\n<tr>\n<td class=\"mcnTextContent\" valign=\"top\">FONDAZIONE TEATRO DONIZETTI \u2013 FESTIVAL DONIZETTI OPERA<br \/>\nUfficio stampa<br \/>\nPiazza Matteotti 60 \u2013 24121 Bergamo (I)<br \/>\n<a class=\"mailto-link\" href=\"mailto:pressopera@fondazioneteatrodonizetti.org\" target=\"_blank\" rel=\"noopener\">pressopera@fondazioneteatrodonizetti.org<\/a><br \/>\nTel. 035.4160613<\/p>\n<p><em>Copyright \u00a9 2022 Floriana Tessitore, All rights reserved.<\/em><\/td>\n<\/tr>\n<\/tbody>\n<\/table>\n<\/td>\n<\/tr>\n<\/tbody>\n<\/table>\n<\/td>\n<\/tr>\n<\/tbody>\n<\/table>\n<p>&nbsp;<\/p>\n","protected":false},"excerpt":{"rendered":"<p>comunicato stampa \u201cCITOFONARE GAETANO\u201d PER \u201cL\u2019AIO NELL\u2019IMBARAZZO\u201d E \u201cLA FAVORITE\u201d Torna il salotto digitale condotto da Diego Passoni, Cristina Bugatty [&hellip;]<\/p>\n","protected":false},"author":1,"featured_media":0,"comment_status":"open","ping_status":"open","sticky":false,"template":"","format":"standard","meta":{"footnotes":""},"categories":[1],"tags":[],"class_list":["post-30384","post","type-post","status-publish","format-standard","hentry","category-sin-categoria"],"_links":{"self":[{"href":"https:\/\/www.ecoitaliano.com.ar\/index.php?rest_route=\/wp\/v2\/posts\/30384","targetHints":{"allow":["GET"]}}],"collection":[{"href":"https:\/\/www.ecoitaliano.com.ar\/index.php?rest_route=\/wp\/v2\/posts"}],"about":[{"href":"https:\/\/www.ecoitaliano.com.ar\/index.php?rest_route=\/wp\/v2\/types\/post"}],"author":[{"embeddable":true,"href":"https:\/\/www.ecoitaliano.com.ar\/index.php?rest_route=\/wp\/v2\/users\/1"}],"replies":[{"embeddable":true,"href":"https:\/\/www.ecoitaliano.com.ar\/index.php?rest_route=%2Fwp%2Fv2%2Fcomments&post=30384"}],"version-history":[{"count":0,"href":"https:\/\/www.ecoitaliano.com.ar\/index.php?rest_route=\/wp\/v2\/posts\/30384\/revisions"}],"wp:attachment":[{"href":"https:\/\/www.ecoitaliano.com.ar\/index.php?rest_route=%2Fwp%2Fv2%2Fmedia&parent=30384"}],"wp:term":[{"taxonomy":"category","embeddable":true,"href":"https:\/\/www.ecoitaliano.com.ar\/index.php?rest_route=%2Fwp%2Fv2%2Fcategories&post=30384"},{"taxonomy":"post_tag","embeddable":true,"href":"https:\/\/www.ecoitaliano.com.ar\/index.php?rest_route=%2Fwp%2Fv2%2Ftags&post=30384"}],"curies":[{"name":"wp","href":"https:\/\/api.w.org\/{rel}","templated":true}]}}