{"id":30399,"date":"2022-11-26T15:16:02","date_gmt":"2022-11-26T15:16:02","guid":{"rendered":"http:\/\/www.ecoitaliano.com.ar\/?p=30399"},"modified":"2022-11-26T15:16:02","modified_gmt":"2022-11-26T15:16:02","slug":"serena-conduce-operaclassica-eco-italiano-1927","status":"publish","type":"post","link":"https:\/\/www.ecoitaliano.com.ar\/?p=30399","title":{"rendered":"Serena conduce operaclassica eco italiano"},"content":{"rendered":"<p style=\"text-align: center;\"><a href=\"http:\/\/www.ecoitaliano.com.ar\/wp-content\/uploads\/2022\/11\/ghjk.jpg\"><img decoding=\"async\" class=\"alignnone size-full wp-image-30355\" src=\"http:\/\/www.ecoitaliano.com.ar\/wp-content\/uploads\/2022\/11\/ghjk.jpg\" alt=\"\" width=\"244\" height=\"119\" srcset=\"https:\/\/www.ecoitaliano.com.ar\/wp-content\/uploads\/2022\/11\/ghjk.jpg 244w, https:\/\/www.ecoitaliano.com.ar\/wp-content\/uploads\/2022\/11\/ghjk-150x73.jpg 150w\" sizes=\"(max-width: 244px) 100vw, 244px\" \/><\/a><\/p>\n<p>Luned\u00ec 28 novembre, dalle ore 16:45. Appuntamento finale con Peppe Barra, che terr\u00e0 un concerto\/lezione all\u2019insegna della diffusione e dell\u2019approfondimento della musica napoletana, e in particolare de La cantata dei pastori. Inserito nell\u2019ambito di Arte al forte, parte del progetto Affabulazione del Comune di Napoli, presso le Officine San Carlo di Vigliena, il concerto del 28 novembre vedr\u00e0 la partecipazione di Lalla Esposito e le orchestrazioni del Maestro Giorgio Mellone.<br \/>\nNapoli, 26 novembre 2022 \u2013 \u201cPeppe Barra racconta la Cantata\u201d \u00e8 il titolo dell\u2019appuntamento che le Officine San Carlo hanno organizzato assieme a Peppe Barra, eccellente cantore della napoletanit\u00e0. Dopo il successo della masterclass del 21 novembre, che si \u00e8 resa la platea ideale per tutti coloro che, neofiti appassionati come anche attori professionisti, desideravano avvicinarsi e approfondire un repertorio composito e storicamente ricco come quello della canzone napoletana, Peppe Barra ritorner\u00e0 alle Officine San Carlo per un evento irripetibile, in cui verr\u00e0 raccontata La cantata dei pastori, intervallata dall\u2019esecuzione di alcuni brani.<br \/>\nLa partecipazione all\u2019evento del 21 \u00e8 stata nutrita e incredibilmente attenta e appassionata: Peppe Barra \u00e8 riuscito ad instaurare un prolifico dialogo con il pubblico presente in sala, rispondendo a domande e curiosit\u00e0 che gli venivano sottoposte, con una disponibilit\u00e0 ed un\u2019abnegazione degna dei pi\u00f9 grandi maestri della contemporaneit\u00e0. Cos\u00ec si \u00e8 espresso il maestro sul suo percorso artistico e di vita, concludendo con una riflessione e un invito collettivo a praticare l\u2019arte del teatro: \u201cUna caratteristica che mi ha sempre contraddistinto \u00e8 il fatto che sono stato \u201callattato\u201d dal palcoscenico: a partire dall\u2019esperienza vissuta in casa, passando per il sodalizio artistico con mia madre (Concetta Barra ndr), tutta la mia vita \u00e8 intrisa d\u2019Arte. Il teatro \u00e8 terapia, tutti dovrebbero farlo\u201d.<br \/>\nIl 28 novembre, a partire dalle ore 16:45, durante il concerto organizzato presso le Officine San Carlo di Vigliena, il Maestro dedicher\u00e0 un breve momento divulgativo sui cinquanta anni di storia de La cantata dei pastori, facendo un excursus su tutte le rappresentazioni e le versioni che si sono susseguite negli anni. Il pomeriggio, all\u2019insegna dell\u2019approfondimento del repertorio tradizionale napoletano, si concluder\u00e0 con una selezione di brani tratti dall\u2019opera, di prosa e cantati, che vedranno la partecipazione di Lalla Esposito, celebre attrice che da anni collabora con il Maestro. Al concerto ci sar\u00e0 anche la speciale partecipazione dei Professori d\u2019orchestra del Teatro di San Carlo, nonch\u00e9 degli allievi del laboratorio di coro di \u201cArte al Forte\u201d. Gennaro Cappabianca, al quale \u00e8 affidata la direzione d\u2019orchestra, verr\u00e0 affiancato da Carlo Morelli alla direzione del laboratorio di coro giovanile, il tutto sotto il coordinamento musicale di Angelo Iollo.<br \/>\nPer quanto riguarda i prossimi appuntamenti della rassegna Arte al Forte, dopo il 28 novembre, sempre presso le Officine San Carlo, marted\u00ec 29 novembre alle ore 17:30 avr\u00e0 luogo il quarto ed ultimo appuntamento dei talk \u201cIl rap spiegato ai bianchi\u201d. L\u2019incontro vedr\u00e0 il prof. de Cristofaro, professore di letterature comparate dell\u2019Universit\u00e0 degli Studi \u201cFederico II\u201d di Napoli, confrontarsi con Frankie hi-nrg mc, figura cardine del movimento rap italiano fin dai suoi albori. Fulcro portante del dialogo sar\u00e0 l\u2019approfondimento delle varie anime della musica che gravita intorno alla galassia rap, per poter esprimere un concetto pi\u00f9 esteso di socialit\u00e0, derivante dalle varie esperienze vissute in seno alla cultura hip hop.<br \/>\nLa scelta delle Officine San Carlo di Vigliena, nate dapprima come fabbrica della Cirio e successivamente riconvertite dal Teatro ed adibite alla cura e alla conservazione delle scenografie degli spettacoli del palinsesto, \u00e8 significativa anche ai fini di un pi\u00f9 ampio discorso che \u00e8 stato, e sar\u00e0, approfondito durante gli appuntamenti con il Maestro: nell\u2019ottica di un\u2019opera importante di riqualificazione urbana delle periferie, le Officine San Carlo si fanno portavoce di una best practice e diventano automaticamente il luogo pi\u00f9 adatto dove poter ospitare due appuntamenti come quelli di \u201cPeppe Barra, ieri, oggi, domani\u201d, il cui scopo \u00e8 quello di promuovere e diffondere un\u2019Arte che ha radici profondamente legate al territorio di appartenenza. \u00c8 proprio il rapporto tra cultura e territorio, infatti, che le Officine San Carlo puntano ad approfondire e valorizzare.<br \/>\nArte al Forte, nell\u2019ambito di Affabulazione, progetto sostenuto dal Comune di Napoli con il contributo del Fondo Unico per lo Spettacolo della Direzione Generale Spettacolo del Ministero della Cultura, ha come scopo principale quello di rendersi un contenitore per le arti: l\u2019unione e la fusione di discipline come arte, danza, musica, e teatro ha una grande attinenza con il territorio in cui vengono proposte le attivit\u00e0 del progetto, permettendo ai partecipanti stessi di sviluppare un forte senso di unione con la periferia e con le Officine San Carlo. Gli eventi ed i laboratori in programma vengono proposti per soddisfare l\u2019esigenza impellente di vivere la propria zona di appartenenza, nonch\u00e9 uno spazio altres\u00ec abbandonato, in cui l\u2019arte ed il Bello diventano i padroni indiscussi della scena.<br \/>\nPeppe Barra, nato a Roma nel 1944, pu\u00f2 essere definito come eclettico pensatore di una napoletanit\u00e0 forte e orientata al mediterraneo. Molto attento al passato reale di una Napoli che si sveglia per una nuova rinascita, \u00e8 stato il cantore di una riscoperta di alcuni punti cardini della cultura partenopea che si apre al mondo per farsi conoscere pi\u00f9 forte e matura. Il Maestro \u00e8 un punto cardine del firmamento formativo made in Naples. L&#8217;innato istinto, la mimica, la bellissima voce e la magnetica presenza scenica contribuiscono, nel corso degli anni, a trasformarlo in un cantante-attore di grande spessore capace di dialogare con il pubblico e di legare con un filo sempre pi\u00f9 sottile il copione all&#8217;improvvisazione ed alla carica di ironia tipicamente partenopea. Nella seconda met\u00e0 degli anni Settanta Peppe Barra \u00e8 stato uno dei protagonisti indiscussi della Gatta Cenerentola, l&#8217;opera teatrale di Roberto De Simone, rappresentata con successo in tutto il mondo. La frequentazione del Maestro De Simone stimoler\u00e0 in maniera significativa non solo l&#8217;evoluzione artistica del Barra attore, ma anche e soprattutto l&#8217;inizio della sua attivit\u00e0 di autore e studioso della tradizione popolare campana. Il legame con la cultura e la tradizione napoletana \u00e8 fondamentale per un artista che, attento alle sfumature e con energia istintiva e travolgente, fa convivere nei suoi spettacoli suoni e parole in una forma di inseguimento e fusione, ricercando Napoli, raccogliendola nei suoni della sua memoria orale, che egli non intende perdere, nei mercati, nei vicoli, lungo le brezze dei suoi porti, dove si mescolano suoni e ritmi. I materiali riaffiorati, grazie alla lunga attivit\u00e0 di ricercatore di Peppe Barra, si uniscono in un lavoro di revisione e riscrittura di un&#8217;opera composta alla fine del Seicento da Andrea Perrucci: La cantata dei pastori.<\/p>\n<p>Per informazioni<\/p>\n<p>Email: officine@teatrosancarlo.it<br \/>\nInstagram: @officinesancarlo<\/p>\n<p><a href=\"http:\/\/www.ecoitaliano.com.ar\/wp-content\/uploads\/2022\/11\/image_6483441.jpg\"><img decoding=\"async\" class=\"alignnone size-full wp-image-30400\" src=\"http:\/\/www.ecoitaliano.com.ar\/wp-content\/uploads\/2022\/11\/image_6483441.jpg\" alt=\"\" width=\"452\" height=\"640\" srcset=\"https:\/\/www.ecoitaliano.com.ar\/wp-content\/uploads\/2022\/11\/image_6483441.jpg 452w, https:\/\/www.ecoitaliano.com.ar\/wp-content\/uploads\/2022\/11\/image_6483441-212x300.jpg 212w, https:\/\/www.ecoitaliano.com.ar\/wp-content\/uploads\/2022\/11\/image_6483441-106x150.jpg 106w\" sizes=\"(max-width: 452px) 100vw, 452px\" \/><\/a><\/p>\n","protected":false},"excerpt":{"rendered":"<p>Luned\u00ec 28 novembre, dalle ore 16:45. Appuntamento finale con Peppe Barra, che terr\u00e0 un concerto\/lezione all\u2019insegna della diffusione e dell\u2019approfondimento [&hellip;]<\/p>\n","protected":false},"author":1,"featured_media":0,"comment_status":"open","ping_status":"open","sticky":false,"template":"","format":"standard","meta":{"footnotes":""},"categories":[1],"tags":[],"class_list":["post-30399","post","type-post","status-publish","format-standard","hentry","category-sin-categoria"],"_links":{"self":[{"href":"https:\/\/www.ecoitaliano.com.ar\/index.php?rest_route=\/wp\/v2\/posts\/30399","targetHints":{"allow":["GET"]}}],"collection":[{"href":"https:\/\/www.ecoitaliano.com.ar\/index.php?rest_route=\/wp\/v2\/posts"}],"about":[{"href":"https:\/\/www.ecoitaliano.com.ar\/index.php?rest_route=\/wp\/v2\/types\/post"}],"author":[{"embeddable":true,"href":"https:\/\/www.ecoitaliano.com.ar\/index.php?rest_route=\/wp\/v2\/users\/1"}],"replies":[{"embeddable":true,"href":"https:\/\/www.ecoitaliano.com.ar\/index.php?rest_route=%2Fwp%2Fv2%2Fcomments&post=30399"}],"version-history":[{"count":0,"href":"https:\/\/www.ecoitaliano.com.ar\/index.php?rest_route=\/wp\/v2\/posts\/30399\/revisions"}],"wp:attachment":[{"href":"https:\/\/www.ecoitaliano.com.ar\/index.php?rest_route=%2Fwp%2Fv2%2Fmedia&parent=30399"}],"wp:term":[{"taxonomy":"category","embeddable":true,"href":"https:\/\/www.ecoitaliano.com.ar\/index.php?rest_route=%2Fwp%2Fv2%2Fcategories&post=30399"},{"taxonomy":"post_tag","embeddable":true,"href":"https:\/\/www.ecoitaliano.com.ar\/index.php?rest_route=%2Fwp%2Fv2%2Ftags&post=30399"}],"curies":[{"name":"wp","href":"https:\/\/api.w.org\/{rel}","templated":true}]}}