{"id":30507,"date":"2022-12-01T21:45:09","date_gmt":"2022-12-01T21:45:09","guid":{"rendered":"http:\/\/www.ecoitaliano.com.ar\/?p=30507"},"modified":"2022-12-01T21:45:09","modified_gmt":"2022-12-01T21:45:09","slug":"serena-conduce-operaclassica-eco-italiano-1938","status":"publish","type":"post","link":"https:\/\/www.ecoitaliano.com.ar\/?p=30507","title":{"rendered":"Serena conduce operaclassica eco italiano"},"content":{"rendered":"<p style=\"text-align: center;\"><a href=\"http:\/\/www.ecoitaliano.com.ar\/wp-content\/uploads\/2022\/11\/image007.png\"><img decoding=\"async\" class=\"alignnone size-full wp-image-30487\" src=\"http:\/\/www.ecoitaliano.com.ar\/wp-content\/uploads\/2022\/11\/image007.png\" alt=\"\" width=\"129\" height=\"94\" \/><\/a> <a href=\"http:\/\/www.ecoitaliano.com.ar\/wp-content\/uploads\/2022\/11\/image008.png\"><img decoding=\"async\" class=\"alignnone size-full wp-image-30488\" src=\"http:\/\/www.ecoitaliano.com.ar\/wp-content\/uploads\/2022\/11\/image008.png\" alt=\"\" width=\"142\" height=\"89\" \/><\/a><\/p>\n<p>Ufficio Stampa\u00a0\u00a0\u00a0\u00a0\u00a0\u00a0\u00a0\u00a0\u00a0\u00a0\u00a0\u00a0\u00a0\u00a0\u00a0\u00a0\u00a0\u00a0\u00a0\u00a0\u00a0\u00a0\u00a0\u00a0\u00a0\u00a0\u00a0\u00a0\u00a0\u00a0\u00a0\u00a0\u00a0\u00a0\u00a0\u00a0\u00a0\u00a0\u00a0\u00a0\u00a0\u00a0\u00a0\u00a0\u00a0\u00a0\u00a0\u00a0\u00a0\u00a0\u00a0\u00a0\u00a0\u00a0\u00a0\u00a0\u00a0\u00a0 \u00a0\u00a0\u00a0\u00a0\u00a0\u00a0\u00a0\u00a0\u00a0\u00a0\u00a0\u00a0\u00a0\u00a0 \u00a0 \u00a0\u00a0\u00a0\u00a0\u00a0\u00a0\u00a0\u00a0\u00a0\u00a0\u00a0\u00a0\u00a0\u00a0\u00a0\u00a0\u00a0\u00a0\u00a0\u00a0\u00a0\u00a0\u00a0\u00a0\u00a0\u00a0\u00a0\u00a0\u00a0\u00a0\u00a0\u00a0\u00a0\u00a0\u00a0\u00a0\u00a0\u00a0\u00a0\u00a0\u00a0\u00a0\u00a0\u00a0\u00a0\u00a0\u00a0\u00a0\u00a0\u00a0\u00a030\/11\/2022<\/p>\n<p><strong>\u00a0<\/strong><\/p>\n<p><strong>Fondazione Arena incontra gli studenti dell\u2019Universit\u00e0 di Verona per raccontare la nuova <em>Boh\u00e8me<\/em><\/strong><\/p>\n<p>Ieri, marted\u00ec 29 novembre, il Sovrintendente Gasdia e il regista Trespidi hanno presentato in Ateneo le offerte riservate agli studenti e raccontato la prossima opera in scena al Filarmonico con alcuni artisti<\/p>\n<p><strong>\u00a0<\/strong><\/p>\n<p>Nell\u2019intenso calendario autunnale di Fondazione Arena di Verona, che ha visto realizzarsi due nuove produzioni operistiche, quattro concerti, una rassegna di spettacoli per le scuole primaria e secondaria, i nuovi Family Concert, una tourn\u00e9e nei teatri lombardi e una collaborazione con la Verona International Piano Competition, non poteva mancare<strong> un evento inedito volto alla conoscenza e alla formazione del nuovo pubblico pi\u00f9 giovane, in un incontro organizzato appositamente presso l\u2019Ateneo veronese. <\/strong><\/p>\n<p>Grazie all\u2019ospitalit\u00e0 dell\u2019Universit\u00e0 degli Studi di Verona e alla collaborazione dei professori <strong>Nicola<\/strong> <strong>Pasqualicchio<\/strong> (docente di Storia del Teatro), <strong>Vincenzo<\/strong> <strong>Borghetti<\/strong> (docente di Storia della Musica) e <strong>Arnaldo<\/strong> <strong>Soldani<\/strong> (responsabile del Dipartimento Culture e Civilt\u00e0), marted\u00ec 29 novembre si \u00e8 tenuto questo primo incontro volto ad illustrare le tariffe speciali e le iniziative dedicate ai giovani e agli studenti universitari da parte di Fondazione Arena, sia per il Festival estivo che per l\u2019intera Stagione Lirica e Sinfonica al Teatro Filarmonico, nell\u2019ottica di un maggiore coinvolgimento delle nuove generazioni nella vita del teatro della propria citt\u00e0 come centro di arte, cultura, aggregazione sociale, intrattenimento, crescita. I professori hanno ribadito quanto le diverse discipline e competenze del Dipartimento si fondano concretamente nell\u2019opera, veicolo della lingua italiana nel mondo.<\/p>\n<p>Vero focus dell\u2019incontro \u00e8 stata per\u00f2 la <strong>presentazione in anteprima della nuova produzione de <em>La Boh\u00e8me <\/em>di Puccini, opera che pi\u00f9 di altre parla di giovani mostrandoli in scena<\/strong>, narrandone amicizie, sogni, difficolt\u00e0 economiche, malattie, amori.<\/p>\n<p><strong>Cecilia Gasdia<\/strong>, Sovrintendente e Direttore Artistico di Fondazione Arena, emozionata nel tornare nel proprio ateneo dopo molti anni proprio nel 98\u00b0 anniversario della scomparsa di Puccini, ha presentato la programmazione artistica 2023, quindi ha raccontato l\u2019opera <em>La Boh\u00e8me<\/em> accompagnando al pianoforte alcuni protagonisti impegnati nelle prove di questi giorni, tutti giovani, molti dei quali al debutto veronese: i soprani <strong>Karen Gardeazabal <\/strong>e <strong>Giuliana Gianfaldoni <\/strong>e il tenore <strong>Galeano Salas<\/strong>. <strong>Stefano Trespidi<\/strong>, Vice-Direttore Artistico della Fondazione e regista di questa <em>Boh\u00e8me <\/em>ha spiegato il contesto originario del libretto e le ragioni della nuova drammaturgia, evidenziando quanto l\u2019opera sia patrimonio di tutti, un prodotto culturale anche per i giovani, come emerger\u00e0 nella nuova produzione.<\/p>\n<p>L\u2019aula gremita di ragazzi attenti ed entusiasti ha accolto con calore gli interventi e la musica di Puccini. La nuova produzione de <em>La Boh\u00e8me, <\/em>ultimo titolo della Stagione Lirica 2022, andr\u00e0 in scena per quattro recite dall\u201911 al 18 dicembre.<\/p>\n<p><em>\u00a0<\/em><\/p>\n<p><strong>informazioni<\/strong><\/p>\n<p><strong>Ufficio Stampa Fondazione Arena di Verona <\/strong>\u2013 Via Roma 7\/D, 37121 Verona<\/p>\n<p>tel. (+39) 045 805.1861-1905-1891-1939<\/p>\n<p><a href=\"mailto:ufficio.stampa@arenadiverona.it\">ufficio.stampa@arenadiverona.it<\/a> \u2013 <a href=\"http:\/\/www.arena.it\">www.arena.it<\/a><\/p>\n<p><strong>\u00a0<\/strong><\/p>\n<p><strong>Biglietteria Arena Di Verona <\/strong>Via Dietro Anfiteatro 6\/b, 37121 Verona<\/p>\n<p><em>Aperta<\/em> da luned\u00ec a venerd\u00ec 10.30-16.00 | sabato 9.15-12.45<\/p>\n<p>Tel. 045 596517<\/p>\n<p>&nbsp;<\/p>\n<p><strong>Biglietteria<\/strong> <strong>Teatro Filarmonico<\/strong> Via dei Mutilati 4\/k, 37121 Verona<\/p>\n<p><em>Aperta<\/em> due ore prima dello spettacolo<\/p>\n<p>Tel 045 8002880<\/p>\n<p>&nbsp;<\/p>\n<p>Punti vendita <a href=\"http:\/\/www.Ticketone.it\">TicketOne.it<\/a><\/p>\n<p><a href=\"mailto:biglietteria@arenadiverona.it\">biglietteria@arenadiverona.it<\/a><\/p>\n<p>Call center (+39) 045 8005151 \u2219 <a href=\"http:\/\/www.arena.it\">www.arena.it<\/a><\/p>\n<p><em>\u00a0<\/em><a href=\"http:\/\/www.ecoitaliano.com.ar\/wp-content\/uploads\/2022\/12\/Universit\u00e0DiVerona_29.11.22_FondazioneArena_FotoEnnevi_0005.jpg\"><img decoding=\"async\" class=\"alignnone size-full wp-image-30508\" src=\"http:\/\/www.ecoitaliano.com.ar\/wp-content\/uploads\/2022\/12\/Universit\u00e0DiVerona_29.11.22_FondazioneArena_FotoEnnevi_0005.jpg\" alt=\"\" width=\"3543\" height=\"2362\" srcset=\"https:\/\/www.ecoitaliano.com.ar\/wp-content\/uploads\/2022\/12\/Universit\u00e0DiVerona_29.11.22_FondazioneArena_FotoEnnevi_0005.jpg 3543w, https:\/\/www.ecoitaliano.com.ar\/wp-content\/uploads\/2022\/12\/Universit\u00e0DiVerona_29.11.22_FondazioneArena_FotoEnnevi_0005-300x200.jpg 300w, https:\/\/www.ecoitaliano.com.ar\/wp-content\/uploads\/2022\/12\/Universit\u00e0DiVerona_29.11.22_FondazioneArena_FotoEnnevi_0005-768x512.jpg 768w, https:\/\/www.ecoitaliano.com.ar\/wp-content\/uploads\/2022\/12\/Universit\u00e0DiVerona_29.11.22_FondazioneArena_FotoEnnevi_0005-1024x683.jpg 1024w, https:\/\/www.ecoitaliano.com.ar\/wp-content\/uploads\/2022\/12\/Universit\u00e0DiVerona_29.11.22_FondazioneArena_FotoEnnevi_0005-150x100.jpg 150w\" sizes=\"(max-width: 3543px) 100vw, 3543px\" \/><\/a><\/p>\n","protected":false},"excerpt":{"rendered":"<p>Ufficio Stampa\u00a0\u00a0\u00a0\u00a0\u00a0\u00a0\u00a0\u00a0\u00a0\u00a0\u00a0\u00a0\u00a0\u00a0\u00a0\u00a0\u00a0\u00a0\u00a0\u00a0\u00a0\u00a0\u00a0\u00a0\u00a0\u00a0\u00a0\u00a0\u00a0\u00a0\u00a0\u00a0\u00a0\u00a0\u00a0\u00a0\u00a0\u00a0\u00a0\u00a0\u00a0\u00a0\u00a0\u00a0\u00a0\u00a0\u00a0\u00a0\u00a0\u00a0\u00a0\u00a0\u00a0\u00a0\u00a0\u00a0\u00a0\u00a0 \u00a0\u00a0\u00a0\u00a0\u00a0\u00a0\u00a0\u00a0\u00a0\u00a0\u00a0\u00a0\u00a0\u00a0 \u00a0 \u00a0\u00a0\u00a0\u00a0\u00a0\u00a0\u00a0\u00a0\u00a0\u00a0\u00a0\u00a0\u00a0\u00a0\u00a0\u00a0\u00a0\u00a0\u00a0\u00a0\u00a0\u00a0\u00a0\u00a0\u00a0\u00a0\u00a0\u00a0\u00a0\u00a0\u00a0\u00a0\u00a0\u00a0\u00a0\u00a0\u00a0\u00a0\u00a0\u00a0\u00a0\u00a0\u00a0\u00a0\u00a0\u00a0\u00a0\u00a0\u00a0\u00a0\u00a030\/11\/2022 \u00a0 Fondazione Arena incontra gli studenti dell\u2019Universit\u00e0 di Verona per raccontare la nuova Boh\u00e8me Ieri, [&hellip;]<\/p>\n","protected":false},"author":1,"featured_media":0,"comment_status":"open","ping_status":"open","sticky":false,"template":"","format":"standard","meta":{"footnotes":""},"categories":[1],"tags":[],"class_list":["post-30507","post","type-post","status-publish","format-standard","hentry","category-sin-categoria"],"_links":{"self":[{"href":"https:\/\/www.ecoitaliano.com.ar\/index.php?rest_route=\/wp\/v2\/posts\/30507","targetHints":{"allow":["GET"]}}],"collection":[{"href":"https:\/\/www.ecoitaliano.com.ar\/index.php?rest_route=\/wp\/v2\/posts"}],"about":[{"href":"https:\/\/www.ecoitaliano.com.ar\/index.php?rest_route=\/wp\/v2\/types\/post"}],"author":[{"embeddable":true,"href":"https:\/\/www.ecoitaliano.com.ar\/index.php?rest_route=\/wp\/v2\/users\/1"}],"replies":[{"embeddable":true,"href":"https:\/\/www.ecoitaliano.com.ar\/index.php?rest_route=%2Fwp%2Fv2%2Fcomments&post=30507"}],"version-history":[{"count":0,"href":"https:\/\/www.ecoitaliano.com.ar\/index.php?rest_route=\/wp\/v2\/posts\/30507\/revisions"}],"wp:attachment":[{"href":"https:\/\/www.ecoitaliano.com.ar\/index.php?rest_route=%2Fwp%2Fv2%2Fmedia&parent=30507"}],"wp:term":[{"taxonomy":"category","embeddable":true,"href":"https:\/\/www.ecoitaliano.com.ar\/index.php?rest_route=%2Fwp%2Fv2%2Fcategories&post=30507"},{"taxonomy":"post_tag","embeddable":true,"href":"https:\/\/www.ecoitaliano.com.ar\/index.php?rest_route=%2Fwp%2Fv2%2Ftags&post=30507"}],"curies":[{"name":"wp","href":"https:\/\/api.w.org\/{rel}","templated":true}]}}