{"id":30580,"date":"2022-12-05T09:42:48","date_gmt":"2022-12-05T09:42:48","guid":{"rendered":"http:\/\/www.ecoitaliano.com.ar\/?p=30580"},"modified":"2022-12-05T16:13:20","modified_gmt":"2022-12-05T16:13:20","slug":"laquila-una-serata-culturale-sullitinerario-europeo-le-vie-di-carlo-v-nel-v-centenario-della-nascita-di-margherita-daustria","status":"publish","type":"post","link":"https:\/\/www.ecoitaliano.com.ar\/?p=30580","title":{"rendered":"L\u2019Aquila, una serata culturale sull\u2019Itinerario europeo \u201cLe vie di Carlo V\u201d, nel V Centenario della nascita di Margherita d\u2019Austria"},"content":{"rendered":"<p><a href=\"http:\/\/www.ecoitaliano.com.ar\/wp-content\/uploads\/2022\/12\/Locandina.jpg\"><img decoding=\"async\" class=\"alignnone size-medium wp-image-30581\" src=\"http:\/\/www.ecoitaliano.com.ar\/wp-content\/uploads\/2022\/12\/Locandina-300x169.jpg\" alt=\"\" width=\"300\" height=\"169\" srcset=\"https:\/\/www.ecoitaliano.com.ar\/wp-content\/uploads\/2022\/12\/Locandina-300x169.jpg 300w, https:\/\/www.ecoitaliano.com.ar\/wp-content\/uploads\/2022\/12\/Locandina-768x432.jpg 768w, https:\/\/www.ecoitaliano.com.ar\/wp-content\/uploads\/2022\/12\/Locandina-1024x576.jpg 1024w, https:\/\/www.ecoitaliano.com.ar\/wp-content\/uploads\/2022\/12\/Locandina-150x84.jpg 150w, https:\/\/www.ecoitaliano.com.ar\/wp-content\/uploads\/2022\/12\/Locandina.jpg 1280w\" sizes=\"(max-width: 300px) 100vw, 300px\" \/><\/a><\/p>\n<div id='gallery-1' class='gallery galleryid-30580 gallery-columns-5 gallery-size-thumbnail'><figure class='gallery-item'>\n\t\t\t<div class='gallery-icon landscape'>\n\t\t\t\t<a href='https:\/\/www.ecoitaliano.com.ar\/?attachment_id=30582'><img decoding=\"async\" width=\"150\" height=\"150\" src=\"https:\/\/www.ecoitaliano.com.ar\/wp-content\/uploads\/2022\/12\/LAquila-Sala-Rivera-2-dicembre-2022-150x150.jpg\" class=\"attachment-thumbnail size-thumbnail\" alt=\"\" \/><\/a>\n\t\t\t<\/div><\/figure><figure class='gallery-item'>\n\t\t\t<div class='gallery-icon portrait'>\n\t\t\t\t<a href='https:\/\/www.ecoitaliano.com.ar\/?attachment_id=30583'><img decoding=\"async\" width=\"150\" height=\"150\" src=\"https:\/\/www.ecoitaliano.com.ar\/wp-content\/uploads\/2022\/12\/LAquila-Totaro-Tomasone-Vasciarelli-al-Forte-Spagnolo-150x150.jpg\" class=\"attachment-thumbnail size-thumbnail\" alt=\"\" \/><\/a>\n\t\t\t<\/div><\/figure><figure class='gallery-item'>\n\t\t\t<div class='gallery-icon portrait'>\n\t\t\t\t<a href='https:\/\/www.ecoitaliano.com.ar\/?attachment_id=30584'><img decoding=\"async\" width=\"150\" height=\"150\" src=\"https:\/\/www.ecoitaliano.com.ar\/wp-content\/uploads\/2022\/12\/Rosa-Nicoletta-Tomasone-150x150.jpg\" class=\"attachment-thumbnail size-thumbnail\" alt=\"\" \/><\/a>\n\t\t\t<\/div><\/figure><figure class='gallery-item'>\n\t\t\t<div class='gallery-icon landscape'>\n\t\t\t\t<a href='https:\/\/www.ecoitaliano.com.ar\/?attachment_id=30585'><img decoding=\"async\" width=\"150\" height=\"150\" src=\"https:\/\/www.ecoitaliano.com.ar\/wp-content\/uploads\/2022\/12\/Carlo-V-e-Margherita-dAustria-150x150.jpg\" class=\"attachment-thumbnail size-thumbnail\" alt=\"\" \/><\/a>\n\t\t\t<\/div><\/figure><figure class='gallery-item'>\n\t\t\t<div class='gallery-icon landscape'>\n\t\t\t\t<a href='https:\/\/www.ecoitaliano.com.ar\/?attachment_id=30586'><img decoding=\"async\" width=\"150\" height=\"150\" src=\"https:\/\/www.ecoitaliano.com.ar\/wp-content\/uploads\/2022\/12\/Unistantanea-dellevento-150x150.jpg\" class=\"attachment-thumbnail size-thumbnail\" alt=\"\" \/><\/a>\n\t\t\t<\/div><\/figure>\n\t\t<\/div>\n\n<p>&nbsp;<\/p>\n<p><span style=\"color: #050505;\"><span style=\"font-family: Arial Narrow, serif;\">5 dicembre 2022<\/span><\/span><\/p>\n<p align=\"center\"><span style=\"color: #050505;\"><span style=\"font-family: Arial Narrow, serif;\"><span style=\"font-size: x-large;\"><b>L\u2019Aquila, una serata culturale sull\u2019Itinerario europeo \u201cLe vie di Carlo V\u201d, nel V Centenario della nascita di Margherita d\u2019Austria<\/b><\/span><\/span><\/span><\/p>\n<p>&nbsp;<\/p>\n<p align=\"center\"><span style=\"color: #050505;\"><span style=\"font-family: Arial Narrow, serif;\"><span style=\"font-size: medium;\">di <\/span><\/span><\/span><span style=\"color: #050505;\"><span style=\"font-family: Arial Narrow, serif;\"><span style=\"font-size: medium;\"><b>Goffredo Palmerini<\/b><\/span><\/span><\/span><\/p>\n<p align=\"justify\"><span style=\"color: #050505;\"><span style=\"font-family: Arial Narrow, serif;\">L\u2019AQUILA &#8211; Venerd\u00ec pomeriggio, 2 dicembre, nella Sala Rivera del cinquecentesco <\/span><\/span><span style=\"color: #050505;\"><span style=\"font-family: Arial Narrow, serif;\"><b>Palazzo Fibbioni<\/b><\/span><\/span><span style=\"color: #050505;\"><span style=\"font-family: Arial Narrow, serif;\">, sede provvisoria degli uffici del Sindaco dell&#8217;Aquila in attesa della riapertura di municipale <\/span><\/span><span style=\"color: #050505;\"><span style=\"font-family: Arial Narrow, serif;\"><b>Palazzo Margherita d\u2019Austria<\/b><\/span><\/span><span style=\"color: #050505;\"><span style=\"font-family: Arial Narrow, serif;\">, si \u00e8 svolto un interessante incontro ospitato dalla Municipalit\u00e0. L\u2019evento, programmato nell\u2019ambito delle iniziative del <\/span><\/span><span style=\"color: #050505;\"><span style=\"font-family: Arial Narrow, serif;\"><b>V Centenario della nascita di Margherita d\u2019Austria<\/b><\/span><\/span><span style=\"color: #050505;\"><span style=\"font-family: Arial Narrow, serif;\"> (Oudenaarde, 1522 \u2013 Ortona, 1586), figlia naturale dell\u2019imperatore Carlo V, Governatrice dell\u2019Aquila &#8211; citt\u00e0 dove Madama Margarita risiedette alcuni anni -, ha visto la partecipazione di una prestigiosa delegazione dalla citt\u00e0 di <\/span><\/span><span style=\"color: #050505;\"><span style=\"font-family: Arial Narrow, serif;\"><b>San Severo<\/b><\/span><\/span><span style=\"color: #050505;\"><span style=\"font-family: Arial Narrow, serif;\">, in provincia di Foggia. Assente per un lutto familiare la Presidente del Comitato per le celebrazioni Cinquecentenario della nascita di Margherita d\u2019Austria, <\/span><\/span><span style=\"color: #050505;\"><span style=\"font-family: Arial Narrow, serif;\"><b>Avv. Fabrizia Aquilio<\/b><\/span><\/span><span style=\"color: #050505;\"><span style=\"font-family: Arial Narrow, serif;\">, la delegazione \u00e8 stata accolta dalla giornalista e scrittrice <\/span><\/span><span style=\"color: #050505;\"><span style=\"font-family: Arial Narrow, serif;\"><b>Monica Pelliccione<\/b><\/span><\/span><span style=\"color: #050505;\"><span style=\"font-family: Arial Narrow, serif;\">, che per i tipi della Daimon Edizioni ha pubblicato il saggio \u201c<\/span><\/span><span style=\"color: #050505;\"><span style=\"font-family: Arial Narrow, serif;\"><i>Alla corte di Margherita<\/i><\/span><\/span><span style=\"color: #050505;\"><span style=\"font-family: Arial Narrow, serif;\">\u201d, e dal direttore della sede provinciale dell\u2019Aquila della Banca d\u2019Italia, <\/span><\/span><span style=\"color: #050505;\"><span style=\"font-family: Arial Narrow, serif;\"><b>dr. Giuseppe Ortolani<\/b><\/span><\/span><span style=\"color: #050505;\"><span style=\"font-family: Arial Narrow, serif;\">. <\/span><\/span><\/p>\n<p align=\"justify\"><span style=\"color: #050505;\"><span style=\"font-family: Arial Narrow, serif;\">Per <\/span><\/span><span style=\"color: #050505;\"><span style=\"font-family: Arial Narrow, serif;\"><b>Aquila<\/b><\/span><\/span><span style=\"color: #050505;\"><span style=\"font-family: Arial Narrow, serif;\">, come allora si chiamava la citt\u00e0, fu straordinariamente significativa la presenza della <\/span><\/span><span style=\"color: #050505;\"><span style=\"font-family: Arial Narrow, serif;\"><b>Governatrice <\/b><\/span><\/span><span style=\"color: #050505;\"><span style=\"font-family: Arial Narrow, serif;\">\u201c<\/span><\/span><span style=\"color: #050505;\"><span style=\"font-family: Arial Narrow, serif;\"><b>Madama Margarita<\/b><\/span><\/span><span style=\"color: #050505;\"><span style=\"font-family: Arial Narrow, serif;\">\u201d. Ella infatti riun\u00ec attorno a s\u00e9, nello splendido Palazzo dalle Cento finestre (in effetti ne sono 138), progettato dal geografo e matematico <\/span><\/span><span style=\"color: #050505;\"><span style=\"font-family: Arial Narrow, serif;\"><b>Gerolamo Pico Fonticulano<\/b><\/span><\/span><span style=\"color: #050505;\"><span style=\"font-family: Arial Narrow, serif;\"> accanto la trecentesca Torre civica, un ampio ventaglio di artisti, scrittori e intellettuali. Tra essi anche lo speleologo e ingegnere militare <\/span><\/span><span style=\"color: #050505;\"><span style=\"font-family: Arial Narrow, serif;\"><b>Francesco De Marchi<\/b><\/span><\/span><span style=\"color: #050505;\"><span style=\"font-family: Arial Narrow, serif;\">, il primo a scalare il <\/span><\/span><span style=\"color: #050505;\"><span style=\"font-family: Arial Narrow, serif;\"><b>Gran Sasso<\/b><\/span><\/span><span style=\"color: #050505;\"><span style=\"font-family: Arial Narrow, serif;\">, nell\u2019agosto del 1573, raggiungendo la vetta del<\/span><\/span><span style=\"color: #050505;\"><span style=\"font-family: Arial Narrow, serif;\"><b> Corno Grande<\/b><\/span><\/span><span style=\"color: #050505;\"><span style=\"font-family: Arial Narrow, serif;\"> (2912 metri) alla veneranda et\u00e0 di 69 anni. <\/span><\/span><span style=\"color: #050505;\"><span style=\"font-family: Arial Narrow, serif;\"><b>Madama Margarita<\/b><\/span><\/span><span style=\"color: #050505;\"><span style=\"font-family: Arial Narrow, serif;\"> fece rivivere anni di splendore alla citt\u00e0, che viveva uno dei periodi pi\u00f9 bui della sua storia, dopo la rivolta del 1528 repressa nel sangue dagli Spagnoli e le dure punizioni che ne seguirono. La citt\u00e0 era stata infatti mutilata dai dominatori spagnoli dell\u2019intero demanio del <\/span><\/span><span style=\"color: #050505;\"><span style=\"font-family: Arial Narrow, serif;\"><b>Comitatus Aquilanus<\/b><\/span><\/span><span style=\"color: #050505;\"><span style=\"font-family: Arial Narrow, serif;\"> \u2013 i castelli che avevano fondato la citt\u00e0 a met\u00e0 del Duecento \u2013 e costretta alla costruzione a sue spese dell\u2019imponente <\/span><\/span><span style=\"color: #050505;\"><span style=\"font-family: Arial Narrow, serif;\"><b>Forte <\/b><\/span><\/span><span style=\"color: #050505;\"><span style=\"font-family: Arial Narrow, serif;\">progettato<\/span><\/span><b> <\/b><span style=\"color: #050505;\"><span style=\"font-family: Arial Narrow, serif;\">dall\u2019architetto militare valenciano <\/span><\/span><span style=\"color: #050505;\"><span style=\"font-family: Arial Narrow, serif;\"><b>Luis<\/b><\/span><\/span> <span style=\"color: #050505;\"><span style=\"font-family: Arial Narrow, serif;\"><b>Pedro Escribas <\/b><\/span><\/span><span style=\"color: #050505;\"><span style=\"font-family: Arial Narrow, serif;\">su incarico del vicer\u00e9<\/span><\/span><b> <\/b><span style=\"color: #050505;\"><span style=\"font-family: Arial Narrow, serif;\">di Napoli,<\/span><\/span><span style=\"color: #050505;\"><span style=\"font-family: Arial Narrow, serif;\"><b> Pedro da Toledo<\/b><\/span><\/span><span style=\"color: #050505;\"><span style=\"font-family: Arial Narrow, serif;\">.<\/span><\/span><\/p>\n<p align=\"justify\"><span style=\"color: #050505;\"><span style=\"font-family: Arial Narrow, serif;\">L\u2019opera aveva dissanguato le casse della citt\u00e0 e l\u2019aveva indebitata fino al collo. Diversi viaggi a Ratisbona fece a quel tempo il sindaco della citt\u00e0, <\/span><\/span><span style=\"color: #050505;\"><span style=\"font-family: Arial Narrow, serif;\"><b>Mariangelo Accursio<\/b><\/span><\/span><span style=\"color: #050505;\"><span style=\"font-family: Arial Narrow, serif;\">, per perorare presso l\u2019imperatore <\/span><\/span><span style=\"color: #050505;\"><span style=\"font-family: Arial Narrow, serif;\"><b>Carlo V d\u2019Asburgo<\/b><\/span><\/span><span style=\"color: #050505;\"><span style=\"font-family: Arial Narrow, serif;\"> (Gand, 1500 \u2013 Cuacos de Yuste, 1558) almeno la restituzione del demanio, senza purtroppo un esito favorevole, dal che l\u2019inizio di un lungo declino economico e soprattutto politico della citt\u00e0. L\u2019arrivo ad Aquila di <\/span><\/span><span style=\"color: #050505;\"><span style=\"font-family: Arial Narrow, serif;\"><b>Madama Margarita<\/b><\/span><\/span><span style=\"color: #050505;\"><span style=\"font-family: Arial Narrow, serif;\">, nel 1572, ne ravviv\u00f2 invece la vita culturale, artistica e intellettuale, con il vasto stuolo di pensatori che frequentavano la sua corte, ma anche con il forte impulso impresso all\u2019economia cittadina, reso pi\u00f9 determinante anche con gli innovativi sistemi di allevamento del bestiame e di selezioni delle colture, applicati nella grande masseria \u201cLa Cascina\u201d che la governatrice stessa aveva fatto impiantare appena fuori la cinta muraria della citt\u00e0, nei pressi della Porta di Pile.<\/span><\/span><\/p>\n<p align=\"justify\"><span style=\"color: #050505;\"><span style=\"font-family: Arial Narrow, serif;\">Tornando all\u2019evento, come si accennava, \u00e8 giunta <\/span><\/span><span style=\"font-family: Arial Narrow, serif;\">a <\/span><span style=\"font-family: Arial Narrow, serif;\"><b>L\u2019Aquila<\/b><\/span><span style=\"font-family: Arial Narrow, serif;\"> una delegazione di alto profilo, composta dal Grande Ufficiale dell\u2019OMRI <\/span><span style=\"font-family: Arial Narrow, serif;\"><b>prof.<\/b><\/span> <span style=\"font-family: Arial Narrow, serif;\"><b>Rosa Nicoletta Tomasone<\/b><\/span><span style=\"font-family: Arial Narrow, serif;\">, Vicepresidente della Rete di Cooperazione europea e coordinatrice dell\u2019Itinerario italiano <\/span><span style=\"font-family: Arial Narrow, serif;\">\u201c<\/span><span style=\"font-family: Arial Narrow, serif;\"><b>LE VIE DELL\u2019IMPERATORE CARLO V<\/b><\/span><span style=\"font-family: Arial Narrow, serif;\">\u201d<\/span><span style=\"font-family: Arial Narrow, serif;\">, Presidente del Centro culturale internazionale <\/span><span style=\"font-family: Arial Narrow, serif;\"><i>L. Einaudi <\/i><\/span><span style=\"font-family: Arial Narrow, serif;\">di <\/span><span style=\"font-family: Arial Narrow, serif;\"><b>San Severo<\/b><\/span><span style=\"font-family: Arial Narrow, serif;\">, sodalizio socio della Rete, rappresentato dal Segretario fondatore <\/span><span style=\"font-family: Arial Narrow, serif;\"><b>prof.<\/b><\/span> <span style=\"font-family: Arial Narrow, serif;\"><b>Domenico Vasciarelli<\/b><\/span><span style=\"font-family: Arial Narrow, serif;\"> e dal Vicepresidente <\/span><span style=\"font-family: Arial Narrow, serif;\"><b>dr. Francesco Totaro<\/b><\/span><span style=\"font-family: Arial Narrow, serif;\">, ricercatore e storico, componente del Comitato storico-scientifico della Rete europea.<\/span><span style=\"font-family: Arial Narrow, serif;\"> L\u2019incontro, oltre gli approfondimenti storici su <\/span><span style=\"font-family: Arial Narrow, serif;\"><b>Margherita d\u2019Austria<\/b><\/span><span style=\"font-family: Arial Narrow, serif;\">, ha messo in rilievo anzitutto l\u2019opportunit\u00e0 di inserire <\/span><span style=\"font-family: Arial Narrow, serif;\"><b>L\u2019Aquila<\/b><\/span><span style=\"font-family: Arial Narrow, serif;\"> nella <\/span><span style=\"font-family: Arial Narrow, serif;\"><b>Rete di Citt\u00e0 dell\u2019Itinerario \u201cLe Vie di Carlo V\u201d<\/b><\/span><span style=\"font-family: Arial Narrow, serif;\">, al quale aderiscono Istituzioni, Enti pubblici, Associazioni culturali, Fondazioni, appartenenti a 20 Stati di tre continenti \u2013 Europa, Nord Africa, America latina \u2013, che hanno la storia in comune, o legami con fatti e personaggi del tempo di <\/span><span style=\"font-family: Arial Narrow, serif;\"><b>Carlo V<\/b><\/span><span style=\"font-family: Arial Narrow, serif;\">, l\u2019imperatore sul cui regno non tramontava mai il sole. <\/span><\/p>\n<p align=\"justify\"><a name=\"_GoBack\"><\/a> <span style=\"font-family: Arial Narrow, serif;\">Davvero rilevanti gli spunti venuti dall\u2019incontro, coordinato dalla giornalista <\/span><span style=\"font-family: Arial Narrow, serif;\"><b>Monica Pelliccione<\/b><\/span><span style=\"font-family: Arial Narrow, serif;\">, che ha visto il dotto intervento della <\/span><span style=\"font-family: Arial Narrow, serif;\"><b>prof. Rosa Nicoletta Tomasone<\/b><\/span><span style=\"font-family: Arial Narrow, serif;\">, personalit\u00e0 insigne nell\u2019ambito del progetto internazionale dedicato all\u2019imperatore Carlo V, quindi le interessanti annotazioni del <\/span><span style=\"font-family: Arial Narrow, serif;\"><b>dr. Giuseppe Ortolani<\/b><\/span><span style=\"font-family: Arial Narrow, serif;\">, sul piano culturale ed economico in riferimento alla vita e le opere di Margherita d\u2019Austria, e le chiose di <\/span><span style=\"font-family: Arial Narrow, serif;\"><b>Monica Pelliccione<\/b><\/span><span style=\"font-family: Arial Narrow, serif;\">, con i richiami al suo magnifico volume \u201c<\/span><span style=\"font-family: Arial Narrow, serif;\"><i>Alla Corte di Margherita<\/i><\/span><span style=\"font-family: Arial Narrow, serif;\">\u201d. Nel corso dell\u2019incontro la sorpresa di poter ammirare due figure in sontuosi costumi d\u2019epoca, Carlo V e sua figlia Margherita d\u2019Austria. Ma soprattutto la rivelazione di due preziosi ed eccezionali reperti storici, scoperti dallo studioso e ricercatore <\/span><span style=\"font-family: Arial Narrow, serif;\"><b>Francesco Totaro<\/b><\/span><span style=\"font-family: Arial Narrow, serif;\"> negli archivi della Spagna. Il primo, davvero rilevante per <\/span><span style=\"font-family: Arial Narrow, serif;\"><b>L\u2019Aquila<\/b><\/span><span style=\"font-family: Arial Narrow, serif;\">, \u00e8 una lettera di un cittadino a nome di tutti gli Aquilani all\u2019imperatore <\/span><span style=\"font-family: Arial Narrow, serif;\"><b>Carlo V<\/b><\/span><span style=\"font-family: Arial Narrow, serif;\">, nella quale con grande dignit\u00e0 e fierezza lo supplica per la restituzione del demanio alla citt\u00e0, mentre in quello stesso periodo, si afferma nella supplica, era arrivato a corte il sindaco della citt\u00e0 per perorare la medesima causa. Quel cittadino rappresenta all\u2019imperatore l\u2019importanza del demanio, altrimenti la citt\u00e0 sarebbe snaturata, come un \u201ccorpo privato delle membra\u201d. Il secondo documento \u00e8 un\u2019altra lettera, questa volta dell\u2019imperatore <\/span><span style=\"font-family: Arial Narrow, serif;\"><b>Carlo V<\/b><\/span><span style=\"font-family: Arial Narrow, serif;\">, che scrive al vescovo dell\u2019Aquila (si presume possa essere il prelato e diplomatico spagnolo<\/span><span style=\"font-family: Arial Narrow, serif;\"><b> Alvaro de la Quadra<\/b><\/span><span style=\"font-family: Arial Narrow, serif;\">,), per ringraziarlo della sensibilit\u00e0 avuta nell\u2019andare a rendere visita a Margherita in una citt\u00e0 imprecisata (forse Parma), a causa delle precarie condizioni di salute della stessa. E\u2019 stato lo stesso Totaro che ha letto i due documenti con autentico talento teatrale, destando il vivo apprezzamento del pubblico presente all\u2019incontro. Infine la Presidente Tomasone ha consegnato una Targa di merito a <\/span><span style=\"font-family: Arial Narrow, serif;\"><b>Monica Pelliccione<\/b><\/span><span style=\"font-family: Arial Narrow, serif;\"> per l\u2019opera di promozione della figura storica di Margherita d\u2019Austria, attraverso il suo bel libro pubblicato dall\u2019editrice Daimon. Infine, credo sia utile ed opportuno, anzich\u00e9 fare il sunto del denso contributo reso dalla <\/span><span style=\"font-family: Arial Narrow, serif;\"><b>Grand\u2019Ufficiale prof. Tomasone<\/b><\/span><span style=\"font-family: Arial Narrow, serif;\">, proporlo nel testo integrale, capace davvero di illuminare a pieno sia la dimensione storica di Carlo V e di Margherita d\u2019Austria, come le straordinarie opportunit\u00e0 che aprirebbe alla citt\u00e0 l\u2019ingresso dell\u2019Aquila nella rete europea &#8211; e mondiale &#8211; degli Itinerari di Carlo V.<\/span><\/p>\n<p align=\"center\"><span style=\"font-family: Arial Narrow, serif;\"><span style=\"font-size: medium;\"><b>***<\/b><\/span><\/span><\/p>\n<p align=\"center\"><span style=\"font-family: Cambria, serif;\"><b>Presentazione dell\u2019Itinerario Culturale Europeo<\/b><\/span><\/p>\n<p align=\"center\">\u201c<span style=\"font-family: Cambria, serif;\"><b>LE VIE DELL\u2019IMPERATORE CARLO V\u201d<\/b><\/span><\/p>\n<p align=\"center\"><span style=\"font-family: Cambria, serif;\"><b>riconosciuto nel 2015 dal Consiglio d\u2019Europa<\/b><\/span><\/p>\n<p align=\"justify\"><span style=\"font-family: Cambria, serif;\">Per<\/span><span style=\"font-family: Cambria, serif;\"><b> Itinerario Culturale Europeo<\/b><\/span><span style=\"font-family: Cambria, serif;\"> s\u2019intende \u00ab<\/span><span style=\"font-family: Cambria, serif;\"><i>un patrimonio culturale, educativo e un progetto turistico di cooperazione per lo sviluppo e la promozione di un circuito o una serie di itinerari sulla base di un itinerario storico, un concetto culturale, una figura o un fenomeno con un&#8217;importanza transnazionale, per la comprensione e il rispetto dei valori comuni europei<\/i><\/span><span style=\"font-family: Cambria, serif;\">\u00bb (Risoluzione CM\/Res (2010) 53, che stabilisce un Accordo Parziale Esteso di Itinerari Culturali, adottato dal Comitato dei Ministri in data 8 dicembre 2010, nella sessione 1101\u00aa dei Delegati dei Ministri). Nell\u2019anno in corso il Ministero della Cultura ha organizzato tavoli tecnici di coordinamento e divulgazione degli Itinerari Italiani o europei che passano per l\u2019Italia ed ha pubblicato una brochure, nella quale, a pagina 23, sono definiti il ruolo del Centro Einaudi e le sue attivit\u00e0 quale <\/span><span style=\"font-family: Cambria, serif;\"><b>capofila in Italia dell\u2019Itinerario Carlo V. <\/b><\/span><span style=\"font-family: Cambria, serif;\">La storia ci ha consentito di suddividere le rotte italiane in: terrestri, marittime, di dominio (come quella dell\u2019Italia dalla Campania alla Sicilia), essendo il regno di Napoli dominio di Carlo V, di conquista, di rapporti diplomatici\u2026 e di intrecci famigliari.<\/span><\/p>\n<p align=\"justify\"><span style=\"font-family: Cambria, serif;\"><b>Si riportano qui alcuni obiettivi:<\/b><\/span><\/p>\n<ol>\n<li>\n<p align=\"justify\"><span style=\"font-family: Cambria, serif;\">Consolidare una vasta Rete di Cooperazione per lo sviluppo di un\u2019offerta culturale e turistica basata sull\u2019eredit\u00e0 europea del sedicesimo secolo e sulla persona dell\u2019Imperatore Carlo V.<\/span><\/p>\n<\/li>\n<li>\n<p align=\"justify\"><span style=\"font-family: Cambria, serif;\">Sviluppare un programma di ricerca sulla storia, sull\u2019arte e la cultura all\u2019epoca dell\u2019imperatore Carlo V al fine di facilitare lo sviluppo di attivit\u00e0 culturali, ricreazionali, sociali, educative e turistiche comuni.<\/span><\/p>\n<\/li>\n<li>\n<p align=\"justify\"><span style=\"font-family: Cambria, serif;\">Promuovere la conservazione e la diffusione del Patrimonio Culturale Europeo del Rinascimento, incoraggiando azioni comuni per la gestione, il ripristino e lo sviluppo sociale dello stesso. <\/span><\/p>\n<\/li>\n<li>\n<p align=\"justify\"><span style=\"font-family: Cambria, serif;\">Portare alla luce l\u2019eredit\u00e0 politica di Carlo V attraverso studi, convegni, manifestazioni culturali che tengono vivo il ricordo di questo sovrano pan-europeo del XVI secolo. <\/span><\/p>\n<\/li>\n<li>\n<p align=\"justify\"><span style=\"font-family: Cambria, serif;\">Promuovere scambi culturali e educativi con una particolare attenzione rivolta ai contatti tra giovani di regioni e Paesi diversi. Creare programmi di scambio e attivit\u00e0 culturali per gruppi di studenti.<\/span><\/p>\n<\/li>\n<li>\n<p align=\"justify\"><span style=\"font-family: Cambria, serif;\">Lavorare concretamente alla creazione di prodotti turistici sostenibili finalizzati al miglioramento della qualit\u00e0 della vita della popolazione, miranti alla creazione di posti di lavoro, ad un turismo non esclusivamente stagionale, al miglioramento dello stato di conservazione del patrimonio culturale, affidandogli degli usi specifici in armonia con le sue caratteristiche<\/span><\/p>\n<\/li>\n<\/ol>\n<p align=\"justify\"><span style=\"font-family: Cambria, serif;\"><b>La realizzazione di eventi culturali favorisce: <\/b><\/span><\/p>\n<ul>\n<li>\n<p align=\"justify\"><span style=\"font-family: Cambria, serif;\">La crescita culturale ed economica, crea maggiore attrattivit\u00e0 turistica ne destagionalizza i flussi nei territori interessati, favorendo un turismo sostenibile. <\/span><\/p>\n<\/li>\n<li>\n<p align=\"justify\"><span style=\"font-family: Cambria, serif;\">In linea con quanto previsto nei programmi 2021-27 e dall\u2019Agenda 2030, oltre alla consapevolezza dei valori su cui \u00e8 incentrata la cultura europea, si mira a promuovere coesione ed inclusione e a promuovere il patrimonio culturale europeo nonch\u00e9 l\u2019euromunicipalismo per un\u2019Europa unificata. <\/span><\/p>\n<\/li>\n<\/ul>\n<p align=\"justify\"><span style=\"font-family: Cambria, serif;\">Nei Paesi dell\u2019Itinerario non necessariamente deve esserci stata la presenza fisica dell\u2019Imperatore, ma \u00e8 importante che ci sia stata la sua politica, la sua influenza nei vari settori della vita pubblica. L\u2019Italia \u00e8 ricca di testimonianze del grande Imperatore, le nostre citt\u00e0 conservano magistrature, castelli, documenti lapidei, toponomastica, torri costiere, opere letterarie, privilegi, lettere, e in molte di esse va considerata, come valore aggiunto, la presenza delle donne, privilegiate da <\/span><span style=\"font-family: Cambria, serif;\"><b>Carlo V<\/b><\/span><span style=\"font-family: Cambria, serif;\">, che hanno intrecciato la loro vita e quella delle loro famiglie con le nostre citt\u00e0.<\/span><\/p>\n<p align=\"justify\"><span style=\"font-family: Cambria, serif;\">Gli studi continuano incessanti: \u00e8 del 24 novembre 2022 la notizia che \u00e8 stata decifrata un\u2019epistola scritta dall\u2019Imperatore nel 1547; era indirizzata al suo ambasciatore a Parigi. Dopo 5 secoli, \u00e8 stata decriptata da quattro ricercatrici. Per interpretare la missiva, che si trovava nelle collezioni della Biblioteca Stanislas di <\/span><span style=\"font-family: Cambria, serif;\"><b>Nancy<\/b><\/span><span style=\"font-family: Cambria, serif;\">, sono stati necessari sei mesi di lavoro e il contributo del laboratorio Lorrain di ricerca in informatica (Loria) associato a quello di una storica dell&#8217;universit\u00e0 di Piccardia. Il decriptaggio, a 5 secoli di distanza, di quelli che sembravano simboli non \u201cintelligibili\u201d, getta ora una nuova luce sulle relazioni tra il <\/span><span style=\"font-family: Cambria, serif;\"><b>Regno di Francia<\/b><\/span><span style=\"font-family: Cambria, serif;\">, all&#8217;epoca guidato da Francesco I, e il <\/span><span style=\"font-family: Cambria, serif;\"><b>Sacro Romano Impero Germanico<\/b><\/span><span style=\"font-family: Cambria, serif;\">. Credo sia l\u2019unico Imperatore ancora tanto attenzionato. Anche il Sole 24 Ore fa spesso riferimento alla politica economica ai tempi di <\/span><span style=\"font-family: Cambria, serif;\"><b>Carlo V<\/b><\/span><span style=\"font-family: Cambria, serif;\">, alla globalizzazione e alla sua influenza nell\u2019Europa di oggi.<\/span><\/p>\n<p align=\"justify\"><span style=\"font-family: Cambria, serif;\">Quell\u2019Europa comune che stiamo costruendo, bisogna fondarla sulla nostra comune storia e in questo processo la figura di <\/span><span style=\"font-family: Cambria, serif;\"><b>Carlo V<\/b><\/span><span style=\"font-family: Cambria, serif;\"> si eleva come un riferimento imprescindibile, perch\u00e9 colui che percorse tutte le strade dell\u2019Europa occidentale, mettendo continuamente a rischio la sua vita per l\u2019Europa cristiana, \u00e8 gi\u00e0 un patrimonio di tutti gli europei. Alcune sue aspirazioni permangono irrisolte e ancora oggi nelle acque del <\/span><span style=\"font-family: Cambria, serif;\"><b>Mediterrane<\/b><\/span><span style=\"font-family: Cambria, serif;\">o non si sciolgono i nodi di quella politica che vedeva nell\u2019islamizzazione e nei rapporti con la <\/span><span style=\"font-family: Cambria, serif;\"><b>Turchia<\/b><\/span><span style=\"font-family: Cambria, serif;\"> e con i Paesi del <\/span><span style=\"font-family: Cambria, serif;\"><b>nord Africa<\/b><\/span><span style=\"font-family: Cambria, serif;\">, un crogiolo di eventi che alimentavano conflitti e continue battaglie, il cui ultimo atto risolutivo sembrava dovesse essere la <\/span><span style=\"font-family: Cambria, serif;\"><b>battaglia di Lepanto<\/b><\/span><span style=\"font-family: Cambria, serif;\"> del 1571. <\/span><\/p>\n<p align=\"justify\"><span style=\"font-family: Cambria, serif;\">Per capire quanto e come la politica imperiale fosse volta alla promozione della <\/span><span style=\"font-family: Cambria, serif;\"><b>Pace <\/b><\/span><span style=\"font-family: Cambria, serif;\">per tutta la cristianit\u00e0, bisogna leggere il Testamento lasciato al figlio <\/span><span style=\"font-family: Cambria, serif;\"><b>Filippo II<\/b><\/span><span style=\"font-family: Cambria, serif;\">; in esso <\/span><span style=\"font-family: Cambria, serif;\"><b>Carlo V<\/b><\/span><span style=\"font-family: Cambria, serif;\"> amava dire: \u201c<\/span><span style=\"font-family: Cambria, serif;\"><i>Mi sembra che la prima cosa che debbo ricercare, l\u2019aiuto migliore che Dio potrebbe accordarmi, sia la Pace<\/i><\/span><span style=\"font-family: Cambria, serif;\">\u201d. Da tempo ormai si riconosce che l\u2019imperatore <\/span><span style=\"font-family: Cambria, serif;\"><b>Carlo V<\/b><\/span><span style=\"font-family: Cambria, serif;\"> diede forma a una identit\u00e0 europea senza precedenti. Pertanto la sua eredit\u00e0 ci consente di capire meglio l\u2019Europa di oggi ed \u00e8 un importante punto di riferimento politico, culturale e storico per molti Paesi dell\u2019Europa centrale ed anche dell\u2019Europa meridionale (<\/span><span style=\"font-family: Cambria, serif;\"><b>Spagna<\/b><\/span><span style=\"font-family: Cambria, serif;\">, <\/span><span style=\"font-family: Cambria, serif;\"><b>Italia<\/b><\/span><span style=\"font-family: Cambria, serif;\">, ma anche <\/span><span style=\"font-family: Cambria, serif;\"><b>Malta<\/b><\/span><span style=\"font-family: Cambria, serif;\"> e <\/span><span style=\"font-family: Cambria, serif;\"><b>Nord Africa<\/b><\/span><span style=\"font-family: Cambria, serif;\">).<\/span><\/p>\n<p align=\"justify\"><span style=\"font-family: Cambria, serif;\">Le tradizionali rotte di mare e di terra, usate personalmente dall\u2019Imperatore, hanno avuto un ruolo fondamentale nella configurazione del grande paesaggio culturale degli inizi dell\u2019era moderna. Sicch\u00e9<\/span><span style=\"font-family: Cambria, serif;\"> l<\/span><span style=\"font-family: Cambria, serif;\">\u2019interesse dell\u2019<\/span><span style=\"font-family: Cambria, serif;\"><b>Itinerario<\/b><\/span><span style=\"font-family: Cambria, serif;\"> non \u00e8 limitato alla storia e all\u2019arte, ma comprende l\u2019ambiente, il paesaggio, l\u2019architettura, la vita quotidiana, gli studi medici, matematici, musicali, scientifici, filosofici e quant\u2019altro. Gli <\/span><span style=\"font-family: Cambria, serif;\"><b>Itinerari<\/b><\/span><span style=\"font-family: Cambria, serif;\"> trasmettono valori democratici e diritti umani e contribuiscono allo sviluppo dei territori, creano lavoro e favoriscono il dialogo fra le diversit\u00e0 culturali. Mobilit\u00e0, globalizzazione e comunicazione accrescono i processi osmotici tra i popoli, determinando una contaminazione culturale che nei secoli abbiamo ampiamente vissuto e che continuiamo a vivere in Italia. L\u2019influenza di questo processo avutosi ai tempi della dominazione spagnola \u00e8 oggetto di studio oggi ancor pi\u00f9 approfondito e circostanziato, stimolati dall\u2019apporto dell\u2019<\/span><span style=\"font-family: Cambria, serif;\"><b>Itinerario<\/b><\/span> <span style=\"font-family: Cambria, serif;\"><b>Culturale \u201cLe Vie di Carlo V\u201d<\/b><\/span><span style=\"font-family: Cambria, serif;\">.<\/span><\/p>\n<p align=\"justify\"><span style=\"font-family: Cambria, serif;\">Ed \u00e8 cos\u00ec che l\u2019Itinerario, promosso come stiamo facendo, nelle varie sedi istituzionali, nelle scuole e fra la gente, diventa motore di sviluppo e <\/span><span style=\"font-family: Cambria, serif;\"><b>propulsore di diplomazia culturale<\/b><\/span><span style=\"font-family: Cambria, serif;\">. E questa diplomazia \u00e8 stata spesso affidata alle <\/span><span style=\"font-family: Cambria, serif;\"><b>DONNE <\/b><\/span><span style=\"font-family: Cambria, serif;\">che <\/span><span style=\"color: #000000;\"><span style=\"font-family: Cambria, serif;\">nella societ\u00e0 cortigiana<\/span><\/span><span style=\"font-family: Cambria, serif;\"> hanno avuto un ruolo molto importante. La corte \u00e8 stata teatro di potere e di intrighi, ma anche luogo di amori segreti, di segrete sofferenze e molto spesso, per alcune donne, luogo di diplomazia. Penso alle cognate <\/span><span style=\"font-family: Cambria, serif;\"><b>Isabella D\u2019Este<\/b><\/span><span style=\"font-family: Cambria, serif;\"> marchesa di Mantova e <\/span><span style=\"font-family: Cambria, serif;\"><b>Lucrezia Borgia<\/b><\/span><span style=\"font-family: Cambria, serif;\"> duchessa di Ferrara. E come non pensare a <\/span><span style=\"font-family: Cambria, serif;\"><b>Margarita d\u2019Austria<\/b><\/span><span style=\"font-family: Cambria, serif;\">. Con loro si evidenzia<\/span><i><b> <\/b><\/i><span style=\"font-family: Cambria, serif;\">la cultura delle donne del <\/span><span style=\"font-family: Cambria, serif;\"><b>Rinascimento<\/b><\/span><span style=\"font-family: Cambria, serif;\">, una novit\u00e0 tutta umanistico-rinascimentale che prevedeva anche la possibilit\u00e0 di dover esercitare il governo. Queste brevi riflessioni sulla situazione della donna nel <\/span><span style=\"font-family: Cambria, serif;\"><b>Rinascimento<\/b><\/span><span style=\"font-family: Cambria, serif;\"> \u00e8 l\u2019ordito testuale che funge da introduzione alla presentazione di alcune figure femminili del tempo, legate al grande imperatore <\/span><span style=\"font-family: Cambria, serif;\"><b>Carlo V<\/b><\/span><span style=\"font-family: Cambria, serif;\"> e con loro si comprender\u00e0 la vita, la societ\u00e0, la filosofia, la scienza, la poesia, l\u2019arte, la cultura e le riconosceremo come soggetto di desiderio, di potere e di sapere in un\u2019ontologia dell\u2019umano e del sociale in cui si legge l\u2019inquieto divenire dell\u2019essere nella contingenza del vivere. Le donne diventano punti di riferimento fondamentali e ineludibili per la comprensione critica della condizione umana, sociale e politica del tempo.<\/span><\/p>\n<p align=\"justify\"><span style=\"font-family: Cambria, serif;\">Le donne di <\/span><span style=\"font-family: Cambria, serif;\"><b>Carlo V<\/b><\/span><span style=\"font-family: Cambria, serif;\"> sono un connubio di sottomissione e amore. Sono state amate dall\u2019Imperatore come moglie o sorelle, zia o figlia, sono state stimate e onorate come donne di cultura o amazzoni e per questo privilegiate e onorate. Ma non dimentichiamo che le decisioni imperiali, le scelte, i destini venivano calati su queste donne come cappa di piombo ed esse diventavano merce di scambio: i matrimoni erano frutto di accordi diplomatici, sancivano i rapporti tra stati, non si parlava d\u2019amore n\u00e9 si ascoltava il volere delle donne. La tristezza, l\u2019infelicit\u00e0, gli intrighi, i tradimenti, i delitti spegnevano ogni sorriso. La donna subiva ed accettava la scelta impostale anche in giovanissima et\u00e0 e nello stesso tempo ancora molto giovane assumeva incarichi di governo durante l\u2019assenza del marito, come <\/span><span style=\"font-family: Cambria, serif;\"><b>Isabella d\u2019Aviz<\/b><\/span><span style=\"font-family: Cambria, serif;\"> moglie di <\/span><span style=\"font-family: Cambria, serif;\"><b>Carlo V<\/b><\/span><span style=\"font-family: Cambria, serif;\">, o veniva mandata a governare regioni lontane e turbolente come le <\/span><span style=\"font-family: Cambria, serif;\"><b>Fiandre<\/b><\/span><span style=\"font-family: Cambria, serif;\"> e pensiamo alla zia <\/span><span style=\"font-family: Cambria, serif;\"><b>Margherita d\u2019Austria<\/b><\/span><span style=\"font-family: Cambria, serif;\">, autorevole e diplomatica, in grado di firmare, unitamente a <\/span><span style=\"font-family: Cambria, serif;\"><b>Maria Luisa di Savoia<\/b><\/span><span style=\"font-family: Cambria, serif;\">, la <\/span><span style=\"font-family: Cambria, serif;\"><b>Pace delle Due Dame<\/b><\/span><span style=\"font-family: Cambria, serif;\"> nel 1529 a <\/span><span style=\"font-family: Cambria, serif;\"><b>Cambrai<\/b><\/span><span style=\"font-family: Cambria, serif;\">. <\/span><\/p>\n<p align=\"justify\"><span style=\"font-family: Cambria, serif;\">Alle donne legate al grande imperatore dobbiamo altres\u00ec riconoscere il ruolo che ebbero nella geopolitica di <\/span><span style=\"font-family: Cambria, serif;\"><b>Carlo V<\/b><\/span><span style=\"font-family: Cambria, serif;\">. Fu un fine e moderno stratega, proprio in virt\u00f9 delle scelte dei matrimoni, delle cariche politiche che le donne ricoprirono, della loro collocazione nei punti nevralgici e conflittuali del grande impero. A <\/span><span style=\"font-family: Cambria, serif;\"><b>L\u2019Aquila <\/b><\/span><span style=\"font-family: Cambria, serif;\">siamo nella casa della figlia <\/span><span style=\"font-family: Cambria, serif;\"><b>Margarita<\/b><\/span><span style=\"font-family: Cambria, serif;\">, andata sposa ad <\/span><span style=\"font-family: Cambria, serif;\"><b>Alessandro dei Medici<\/b><\/span><span style=\"font-family: Cambria, serif;\"> prima e ad <\/span><span style=\"font-family: Cambria, serif;\"><b>Ottavio Farnese<\/b><\/span><span style=\"font-family: Cambria, serif;\"> poi, anch\u2019essa <\/span><span style=\"font-family: Cambria, serif;\"><b>governatrice delle Fiandre<\/b><\/span><span style=\"font-family: Cambria, serif;\">, anch\u2019essa in grado di adattarsi alle situazioni pi\u00f9 difficili e a rimanere donna, sposa e madre. <\/span><\/p>\n<p align=\"justify\"><span style=\"font-family: Cambria, serif;\">Questo delle <\/span><span style=\"font-family: Cambria, serif;\"><b>DONNE<\/b><\/span><span style=\"font-family: Cambria, serif;\"> \u00e8 uno dei tanti argomenti che possono portare la Citt\u00e0 dell\u2019Aquila a far parte dell\u2019<\/span><span style=\"font-family: Cambria, serif;\"><b>ITINERARIO<\/b><\/span><span style=\"font-family: Cambria, serif;\"> e che potrebbero rendere il <\/span><span style=\"font-family: Cambria, serif;\"><b>Capoluogo d\u2019Abruzzo<\/b><\/span><span style=\"font-family: Cambria, serif;\"> volano di sviluppo dell\u2019intera Regione. Solo ad esempio se pensiamo all\u2019artigianato, nelle tante sue forme: dalle lanerie all\u2019arte orafa, alle ceramiche, all\u2019enogastronomia, al settore dolciario; alla letteratura, ai musei, ai castelli, torri e borghi che possono esprimere l\u2019identit\u00e0 di un popolo e creare attrattivit\u00e0 e non solo. Tutto questo patrimonio palese e nascosto, unitamente ai <\/span><span style=\"font-family: Cambria, serif;\"><b>TRATTURI<\/b><\/span><span style=\"font-family: Cambria, serif;\"> &#8211; antiche vie d\u2019erba della TRANSUMANZA, dichiarata dall\u2019Unesco Patrimonio immateriale dell\u2019Umanit\u00e0 &#8211; precursori degli <\/span><span style=\"font-family: Cambria, serif;\"><b>Itinerari<\/b><\/span><span style=\"font-family: Cambria, serif;\">, pu\u00f2 essere conosciuto e diffuso in tutti i <\/span><span style=\"font-family: Cambria, serif;\"><b>Paesi della Rete intercontinentale<\/b><\/span><span style=\"font-family: Cambria, serif;\"> e possono essere argomento di Progetti per attrarre finanziamenti e per promuovere un turismo culturale di elevata sostenibilit\u00e0. Ora tocca alla Municipalit\u00e0 aquilana fare i passi in questo senso, il percorso \u00e8 gi\u00e0 tracciato.<\/span><\/p>\n<p>&nbsp;<\/p>\n<p><span style=\"font-family: Cambria, serif;\"><b>Prof. Rosa Nicoletta Tomasone<\/b><\/span><\/p>\n<p><span style=\"font-family: Cambria, serif;\"><i>Grand\u2019Ufficiale dell\u2019Ordine al Merito della Repubblica italiana<\/i><\/span><\/p>\n<p><span style=\"font-family: Cambria, serif;\"><i>Vicepresidente europea della Rete di cooperazione \u201cLe Vie di Carlo V\u201d<\/i><\/span><\/p>\n","protected":false},"excerpt":{"rendered":"<p>&nbsp; 5 dicembre 2022 L\u2019Aquila, una serata culturale sull\u2019Itinerario europeo \u201cLe vie di Carlo V\u201d, nel V Centenario della nascita [&hellip;]<\/p>\n","protected":false},"author":1,"featured_media":0,"comment_status":"open","ping_status":"open","sticky":false,"template":"","format":"standard","meta":{"footnotes":""},"categories":[4,10],"tags":[],"class_list":["post-30580","post","type-post","status-publish","format-standard","hentry","category-cultura","category-italiano"],"_links":{"self":[{"href":"https:\/\/www.ecoitaliano.com.ar\/index.php?rest_route=\/wp\/v2\/posts\/30580","targetHints":{"allow":["GET"]}}],"collection":[{"href":"https:\/\/www.ecoitaliano.com.ar\/index.php?rest_route=\/wp\/v2\/posts"}],"about":[{"href":"https:\/\/www.ecoitaliano.com.ar\/index.php?rest_route=\/wp\/v2\/types\/post"}],"author":[{"embeddable":true,"href":"https:\/\/www.ecoitaliano.com.ar\/index.php?rest_route=\/wp\/v2\/users\/1"}],"replies":[{"embeddable":true,"href":"https:\/\/www.ecoitaliano.com.ar\/index.php?rest_route=%2Fwp%2Fv2%2Fcomments&post=30580"}],"version-history":[{"count":0,"href":"https:\/\/www.ecoitaliano.com.ar\/index.php?rest_route=\/wp\/v2\/posts\/30580\/revisions"}],"wp:attachment":[{"href":"https:\/\/www.ecoitaliano.com.ar\/index.php?rest_route=%2Fwp%2Fv2%2Fmedia&parent=30580"}],"wp:term":[{"taxonomy":"category","embeddable":true,"href":"https:\/\/www.ecoitaliano.com.ar\/index.php?rest_route=%2Fwp%2Fv2%2Fcategories&post=30580"},{"taxonomy":"post_tag","embeddable":true,"href":"https:\/\/www.ecoitaliano.com.ar\/index.php?rest_route=%2Fwp%2Fv2%2Ftags&post=30580"}],"curies":[{"name":"wp","href":"https:\/\/api.w.org\/{rel}","templated":true}]}}