{"id":30876,"date":"2022-12-14T02:05:46","date_gmt":"2022-12-14T02:05:46","guid":{"rendered":"http:\/\/www.ecoitaliano.com.ar\/?p=30876"},"modified":"2022-12-14T02:05:46","modified_gmt":"2022-12-14T02:05:46","slug":"serena-conduce-operaclassica-eco-italiano-1966","status":"publish","type":"post","link":"https:\/\/www.ecoitaliano.com.ar\/?p=30876","title":{"rendered":"Serena conduce operaclassica eco italiano"},"content":{"rendered":"<p><a href=\"http:\/\/www.ecoitaliano.com.ar\/wp-content\/uploads\/2022\/12\/image001-2.jpg\"><img decoding=\"async\" class=\"alignnone size-full wp-image-30877\" src=\"http:\/\/www.ecoitaliano.com.ar\/wp-content\/uploads\/2022\/12\/image001-2.jpg\" alt=\"\" width=\"188\" height=\"54\" srcset=\"https:\/\/www.ecoitaliano.com.ar\/wp-content\/uploads\/2022\/12\/image001-2.jpg 188w, https:\/\/www.ecoitaliano.com.ar\/wp-content\/uploads\/2022\/12\/image001-2-150x43.jpg 150w\" sizes=\"(max-width: 188px) 100vw, 188px\" \/><\/a><\/p>\n<p style=\"font-weight: 400;\"><strong>Natale a Ravello<\/strong><\/p>\n<p style=\"font-weight: 400;\"><strong>La Fondazione riporta in citt\u00e0 Fiorella Mannoia<\/strong><\/p>\n<p style=\"font-weight: 400;\"><strong>A Santo Stefano le musiche da film della Gerardo Di Lella Grand \u00d2rchestra<\/strong><\/p>\n<p style=\"font-weight: 400;\"><strong>Concerto di Capodanno con le voci di Vittorio Grigolo e Anastasia Bartoli<\/strong><\/p>\n<p style=\"font-weight: 400;\"><a href=\"http:\/\/www.ecoitaliano.com.ar\/wp-content\/uploads\/2022\/12\/Locandina-2.jpg\"><img decoding=\"async\" class=\"alignnone size-full wp-image-30878\" src=\"http:\/\/www.ecoitaliano.com.ar\/wp-content\/uploads\/2022\/12\/Locandina-2.jpg\" alt=\"\" width=\"1654\" height=\"2362\" srcset=\"https:\/\/www.ecoitaliano.com.ar\/wp-content\/uploads\/2022\/12\/Locandina-2.jpg 1654w, https:\/\/www.ecoitaliano.com.ar\/wp-content\/uploads\/2022\/12\/Locandina-2-210x300.jpg 210w, https:\/\/www.ecoitaliano.com.ar\/wp-content\/uploads\/2022\/12\/Locandina-2-768x1097.jpg 768w, https:\/\/www.ecoitaliano.com.ar\/wp-content\/uploads\/2022\/12\/Locandina-2-717x1024.jpg 717w, https:\/\/www.ecoitaliano.com.ar\/wp-content\/uploads\/2022\/12\/Locandina-2-105x150.jpg 105w\" sizes=\"(max-width: 1654px) 100vw, 1654px\" \/><\/a><\/p>\n<p style=\"font-weight: 400;\">In occasione delle festivit\u00e0 la\u00a0<strong>Fondazione Ravello<\/strong>\u00a0riapre l\u2019Auditorium Oscar Niemeyer alla musica con tre appuntamenti firmati dal direttore artistico\u00a0<strong>Alessio Vlad<\/strong>\u00a0e sostenuti dalla\u00a0<strong>Regione Campania<\/strong>\u00a0che impreziosiscono il cartellone natalizio della Citt\u00e0 della Musica.<\/p>\n<p style=\"font-weight: 400;\">Si parte con il debutto a Ravello di\u00a0<strong>Gerardo Di Lella<\/strong>\u00a0e dei 71 elementi della sua\u00a0<strong>Grand \u00d2rchestra<\/strong>\u00a0che nella serata di Santo Stefano (<strong>26 dicembre, ore 19<\/strong>) faranno rivivere le musiche che hanno reso immortale nel mondo il nostro cinema. Un viaggio trasversale attraverso i pi\u00f9 noti temi dei lavori di registi quali: De Sica, Scola, Sordi, Steno, Rosi, Fellini, Leone, Coppola, Benigni, Zeffirelli, Salerno e che hanno conquistato il giusto rilievo internazionale. In scaletta, musiche di Trovajoli, Rota, Morricone, Bacalov, Piovani, Ortolani, Cipriani, Piccioni ed anche un omaggio a John Williams che di recente ha compiuto 90 anni e alla regista Lina Wertm\u00fcller, particolarmente legata a Ravello.<\/p>\n<p style=\"font-weight: 400;\"><strong>Venerd\u00ec 30 dicembre<\/strong>\u00a0<strong>(ore 19)<\/strong>\u00a0il ritorno in citt\u00e0, a quasi 10 anni dall\u2019ultimo concerto sul Belvedere di Villa Rufolo, di\u00a0<strong>Fiorella Mannoia<\/strong>, una tra le pi\u00f9 grandi autrici ed interpreti della canzone italiana, voce storica ed amata dal grande pubblico. Fiorella Mannoia sar\u00e0 accompagnata da\u00a0<strong>Danilo Rea<\/strong>, uno dei musicisti jazz italiani pi\u00f9 popolari, un pianista dal talento in grado di spaziare su qualunque repertorio con la sua sensibilit\u00e0 musicale e il suo estro. Quello tra Fiorella Mannoia e Danilo Rea \u00e8 un incontro artistico ormai consolidato, che da diversi anni si fonda sulla versatilit\u00e0 di entrambi, capaci di creare una sintonia sonora unica, in cui il repertorio e i successi di Fiorella, la melodia della canzone e l\u2019improvvisazione jazz di Rea condividono il palco per uno spettacolo straordinario ed emozionante.<\/p>\n<p style=\"font-weight: 400;\">A salutare il nuovo anno ed a chiudere idealmente la programmazione del 2022 che ha celebrato due importanti anniversari quali la 70esima edizione del Ravello Festival e i primi 20 anni di attivit\u00e0 della Fondazione, il\u00a0<strong>Concerto di Capodanno<\/strong>.<\/p>\n<p style=\"font-weight: 400;\">L\u2019appuntamento \u00e8 per mezzogiorno del 1\u00b0 gennaio con l\u2019<strong>Orchestra Filarmonica Giuseppe Verdi di Salerno<\/strong>\u00a0diretta da\u00a0<strong>Marco Boemi<\/strong>. Il maestro, direttore e pianista, nel corso di pi\u00f9 di 25 anni di carriera ha lavorato con tre generazioni di grandi cantanti e a Ravello diriger\u00e0 due delle voci pi\u00f9 interessanti e ricercate del panorama lirico internazionale per la prima volta in citt\u00e0: quella del tenore\u00a0<strong>Vittorio Grigolo<\/strong>\u00a0e della soprano\u00a0<strong>Anastasia Bartoli<\/strong>. Il concerto, infatti, prevede un programma ideato per l\u2019occasione che alterner\u00e0 arie d\u2019opera e sinfonie.<\/p>\n<p style=\"font-weight: 400;\">Durante tutto il periodo festivo, dall\u20198 dicembre e fino all\u20198 gennaio 2023, in Villa Rufolo, \u00e8 inoltre visitabile \u201c<strong>Lina in mostra<\/strong>\u201d, percorso espositivo, attraverso una mostra fotografica e di costumi, allestita in collaborazione con il Comune di Ravello, a cura di Caterina d\u2019Amico, che si inserisce nell\u2019omaggio che la Citt\u00e0 ha voluto tributare a Lina Wertm\u00fcller ad un anno dalla scomparsa.<\/p>\n<p style=\"font-weight: 400;\">I biglietti saranno acquistabili online e al boxoffice di Piazza Duomo a Ravello a partire da\u00a0<strong>luned\u00ec 19 dicembre<\/strong>\u00a0<strong>ore 10.<\/strong><\/p>\n<p style=\"font-weight: 400;\"><strong>Venerd\u00ec 16 e sabato 17 dicembre\u00a0<\/strong>(dalle ore 10 alle ore 14) telefonicamente e presso il boxoffice sar\u00e0 possibile acquistare gli abbonamenti.<\/p>\n<p style=\"font-weight: 400;\">Su\u00a0<a href=\"http:\/\/www.ravellofestival.com\/\">www.ravellofestival.com<\/a>\u00a0tutte le info. I biglietti saranno acquistabili anche su\u00a0<a href=\"http:\/\/www.etes.it\/\">www.etes.it<\/a>\u00a0e nei punti vendita abilitati.<\/p>\n<p style=\"font-weight: 400;\"><strong>Boxoffice: tel. 089 858422 \u2013\u00a0<a href=\"mailto:boxoffice@ravellofestival.com\">boxoffice@ravellofestival.com<\/a>\u00a0\u00a0\u00a0<\/strong><\/p>\n<p style=\"font-weight: 400;\"><strong>\u00a0<\/strong><\/p>\n<p style=\"font-weight: 400;\"><strong>Programma<\/strong><\/p>\n<p style=\"font-weight: 400;\">Auditorium Oscar Niemeyer di Ravello<\/p>\n<p style=\"font-weight: 400;\">\n<p style=\"font-weight: 400;\">Luned\u00ec 26 dicembre, ore 19.00<\/p>\n<p style=\"font-weight: 400;\"><strong><em>Concerto di Santo Stefano<\/em><\/strong><\/p>\n<p style=\"font-weight: 400;\"><strong>Gerardo Di Lella\u00a0Grand \u00d2rchestra<\/strong><\/p>\n<p style=\"font-weight: 400;\"><em>plays<\/em><\/p>\n<p style=\"font-weight: 400;\"><strong><em>Gran gal\u00e0 per il cinema<\/em><\/strong><\/p>\n<p style=\"font-weight: 400;\"><em>Posto unico \u20ac 25 (\u20ac 15 under 30)<\/em><\/p>\n<p style=\"font-weight: 400;\"><em>\u00a0<\/em><\/p>\n<p style=\"font-weight: 400;\">Venerd\u00ec 30 dicembre, ore 19.00<\/p>\n<p style=\"font-weight: 400;\"><strong>Fiorella Mannoia<\/strong><\/p>\n<p style=\"font-weight: 400;\"><strong>Danilo Rea<\/strong><\/p>\n<p style=\"font-weight: 400;\"><em>Posto unico \u20ac 25 (\u20ac 15 under 30)<\/em><\/p>\n<p style=\"font-weight: 400;\">\n<p style=\"font-weight: 400;\">Domenica 1\u00b0 gennaio 2023, ore 12.00<\/p>\n<p style=\"font-weight: 400;\"><strong><em>Concerto di Capodanno<\/em><\/strong><\/p>\n<p style=\"font-weight: 400;\"><strong>Orchestra Filarmonica \u00abGiuseppe Verdi\u00bb di Salerno<\/strong><\/p>\n<p style=\"font-weight: 400;\">Direttore\u00a0<strong>Marco Boemi<\/strong><\/p>\n<p style=\"font-weight: 400;\"><strong>Vittorio Grigolo<\/strong>, tenore<\/p>\n<p style=\"font-weight: 400;\"><strong>Anastasia Bartoli<\/strong>, soprano<\/p>\n<p style=\"font-weight: 400;\"><em>Musiche di\u00a0<\/em>Rossini, Brahms, Verdi, Puccini<\/p>\n<p style=\"font-weight: 400;\"><em>Posto unico \u20ac 25 (\u20ac 15 under 30)<\/em><\/p>\n<p style=\"font-weight: 400;\">\n<p style=\"font-weight: 400;\">\n<p style=\"font-weight: 400;\"><strong>Fondazione Ravello &#8211; Ufficio Stampa e Comunicazione<\/strong><\/p>\n<p style=\"font-weight: 400;\">\n<p style=\"font-weight: 400;\"><strong>Nicola Mansi<\/strong><\/p>\n<p style=\"font-weight: 400;\"><a href=\"mailto:n.mansi@fondazioneravello.it\">n.mansi@fondazioneravello.it<\/a><\/p>\n<p style=\"font-weight: 400;\">cell. 340 9002415<\/p>\n<p style=\"font-weight: 400;\">\n<p style=\"font-weight: 400;\"><a href=\"http:\/\/www.ravellofestival.com\/\">Web<\/a>\u00a0|\u00a0<a href=\"https:\/\/www.facebook.com\/ravellofestival\">Facebook<\/a>\u00a0|\u00a0<a href=\"https:\/\/www.instagram.com\/ravellofestival\/\">Instagram<\/a>\u00a0|\u00a0<a href=\"https:\/\/twitter.com\/RavelloFestivaI\">Twitter<\/a><\/p>\n<p style=\"font-weight: 400;\">\n<p style=\"font-weight: 400;\">\n<p style=\"font-weight: 400;\">\n<p style=\"font-weight: 400;\"><a href=\"https:\/\/www.fondazioneravello.it\/\">www.fondazioneravello.it<\/a><\/p>\n<p style=\"font-weight: 400;\"><a href=\"https:\/\/www.villarufolo.it\/\">www.villarufolo.it<\/a><\/p>\n<p style=\"font-weight: 400;\"><a href=\"https:\/\/www.ravellofestival.com\/\">www.ravellofestival.com<\/a><\/p>\n<p><a href=\"http:\/\/www.ecoitaliano.com.ar\/wp-content\/uploads\/2022\/12\/Fiorella-Mannoia-al-Ravello-Festival-2013.jpg\"><img decoding=\"async\" class=\"alignnone size-full wp-image-30879\" src=\"http:\/\/www.ecoitaliano.com.ar\/wp-content\/uploads\/2022\/12\/Fiorella-Mannoia-al-Ravello-Festival-2013.jpg\" alt=\"\" width=\"1024\" height=\"685\" srcset=\"https:\/\/www.ecoitaliano.com.ar\/wp-content\/uploads\/2022\/12\/Fiorella-Mannoia-al-Ravello-Festival-2013.jpg 1024w, https:\/\/www.ecoitaliano.com.ar\/wp-content\/uploads\/2022\/12\/Fiorella-Mannoia-al-Ravello-Festival-2013-300x201.jpg 300w, https:\/\/www.ecoitaliano.com.ar\/wp-content\/uploads\/2022\/12\/Fiorella-Mannoia-al-Ravello-Festival-2013-768x514.jpg 768w, https:\/\/www.ecoitaliano.com.ar\/wp-content\/uploads\/2022\/12\/Fiorella-Mannoia-al-Ravello-Festival-2013-150x100.jpg 150w\" sizes=\"(max-width: 1024px) 100vw, 1024px\" \/><\/a><\/p>\n<figure id=\"attachment_30880\" aria-describedby=\"caption-attachment-30880\" style=\"width: 1024px\" class=\"wp-caption alignnone\"><a href=\"http:\/\/www.ecoitaliano.com.ar\/wp-content\/uploads\/2022\/12\/Gerardo-Di-Lella-GO.jpg\"><img decoding=\"async\" class=\"size-full wp-image-30880\" src=\"http:\/\/www.ecoitaliano.com.ar\/wp-content\/uploads\/2022\/12\/Gerardo-Di-Lella-GO.jpg\" alt=\"\" width=\"1024\" height=\"575\" srcset=\"https:\/\/www.ecoitaliano.com.ar\/wp-content\/uploads\/2022\/12\/Gerardo-Di-Lella-GO.jpg 1024w, https:\/\/www.ecoitaliano.com.ar\/wp-content\/uploads\/2022\/12\/Gerardo-Di-Lella-GO-300x168.jpg 300w, https:\/\/www.ecoitaliano.com.ar\/wp-content\/uploads\/2022\/12\/Gerardo-Di-Lella-GO-768x431.jpg 768w, https:\/\/www.ecoitaliano.com.ar\/wp-content\/uploads\/2022\/12\/Gerardo-Di-Lella-GO-150x84.jpg 150w\" sizes=\"(max-width: 1024px) 100vw, 1024px\" \/><\/a><figcaption id=\"caption-attachment-30880\" class=\"wp-caption-text\">C<\/figcaption><\/figure>\n<p><a href=\"http:\/\/www.ecoitaliano.com.ar\/wp-content\/uploads\/2022\/12\/Marco-Boemi.jpg\"><img decoding=\"async\" class=\"alignnone size-full wp-image-30881\" src=\"http:\/\/www.ecoitaliano.com.ar\/wp-content\/uploads\/2022\/12\/Marco-Boemi.jpg\" alt=\"\" width=\"683\" height=\"1024\" srcset=\"https:\/\/www.ecoitaliano.com.ar\/wp-content\/uploads\/2022\/12\/Marco-Boemi.jpg 683w, https:\/\/www.ecoitaliano.com.ar\/wp-content\/uploads\/2022\/12\/Marco-Boemi-200x300.jpg 200w, https:\/\/www.ecoitaliano.com.ar\/wp-content\/uploads\/2022\/12\/Marco-Boemi-100x150.jpg 100w\" sizes=\"(max-width: 683px) 100vw, 683px\" \/><\/a> <a href=\"http:\/\/www.ecoitaliano.com.ar\/wp-content\/uploads\/2022\/12\/Vittorio-Grigolo.jpg\"><img decoding=\"async\" class=\"alignnone size-full wp-image-30882\" src=\"http:\/\/www.ecoitaliano.com.ar\/wp-content\/uploads\/2022\/12\/Vittorio-Grigolo.jpg\" alt=\"\" width=\"768\" height=\"1024\" srcset=\"https:\/\/www.ecoitaliano.com.ar\/wp-content\/uploads\/2022\/12\/Vittorio-Grigolo.jpg 768w, https:\/\/www.ecoitaliano.com.ar\/wp-content\/uploads\/2022\/12\/Vittorio-Grigolo-225x300.jpg 225w, https:\/\/www.ecoitaliano.com.ar\/wp-content\/uploads\/2022\/12\/Vittorio-Grigolo-113x150.jpg 113w\" sizes=\"(max-width: 768px) 100vw, 768px\" \/><\/a><\/p>\n","protected":false},"excerpt":{"rendered":"<p>Natale a Ravello La Fondazione riporta in citt\u00e0 Fiorella Mannoia A Santo Stefano le musiche da film della Gerardo Di [&hellip;]<\/p>\n","protected":false},"author":1,"featured_media":0,"comment_status":"open","ping_status":"open","sticky":false,"template":"","format":"standard","meta":{"footnotes":""},"categories":[1],"tags":[],"class_list":["post-30876","post","type-post","status-publish","format-standard","hentry","category-sin-categoria"],"_links":{"self":[{"href":"https:\/\/www.ecoitaliano.com.ar\/index.php?rest_route=\/wp\/v2\/posts\/30876","targetHints":{"allow":["GET"]}}],"collection":[{"href":"https:\/\/www.ecoitaliano.com.ar\/index.php?rest_route=\/wp\/v2\/posts"}],"about":[{"href":"https:\/\/www.ecoitaliano.com.ar\/index.php?rest_route=\/wp\/v2\/types\/post"}],"author":[{"embeddable":true,"href":"https:\/\/www.ecoitaliano.com.ar\/index.php?rest_route=\/wp\/v2\/users\/1"}],"replies":[{"embeddable":true,"href":"https:\/\/www.ecoitaliano.com.ar\/index.php?rest_route=%2Fwp%2Fv2%2Fcomments&post=30876"}],"version-history":[{"count":0,"href":"https:\/\/www.ecoitaliano.com.ar\/index.php?rest_route=\/wp\/v2\/posts\/30876\/revisions"}],"wp:attachment":[{"href":"https:\/\/www.ecoitaliano.com.ar\/index.php?rest_route=%2Fwp%2Fv2%2Fmedia&parent=30876"}],"wp:term":[{"taxonomy":"category","embeddable":true,"href":"https:\/\/www.ecoitaliano.com.ar\/index.php?rest_route=%2Fwp%2Fv2%2Fcategories&post=30876"},{"taxonomy":"post_tag","embeddable":true,"href":"https:\/\/www.ecoitaliano.com.ar\/index.php?rest_route=%2Fwp%2Fv2%2Ftags&post=30876"}],"curies":[{"name":"wp","href":"https:\/\/api.w.org\/{rel}","templated":true}]}}