{"id":31045,"date":"2022-12-15T01:13:34","date_gmt":"2022-12-15T01:13:34","guid":{"rendered":"http:\/\/www.ecoitaliano.com.ar\/?p=31045"},"modified":"2022-12-15T01:13:34","modified_gmt":"2022-12-15T01:13:34","slug":"serena-conduce-operaclassica-eco-italiano-1979","status":"publish","type":"post","link":"https:\/\/www.ecoitaliano.com.ar\/?p=31045","title":{"rendered":"Serena conduce operaclassica eco italiano"},"content":{"rendered":"<p style=\"text-align: center;\"><a href=\"http:\/\/www.ecoitaliano.com.ar\/wp-content\/uploads\/2022\/12\/a984d471-09df-0629-2935-37a02c7b1854-1.jpg\"><img decoding=\"async\" class=\"alignnone size-full wp-image-31046\" src=\"http:\/\/www.ecoitaliano.com.ar\/wp-content\/uploads\/2022\/12\/a984d471-09df-0629-2935-37a02c7b1854-1.jpg\" alt=\"\" width=\"200\" height=\"202\" \/><\/a><\/p>\n<p><strong>LUCIANO MESSI NOMINATO<\/strong><\/p>\n<p><strong>SOVRINTENDENTE DEL TEATRO REGIO DI PARMA<\/strong><\/p>\n<p><strong>PER IL TRIENNIO 2022-2025<\/strong><\/p>\n<p>&nbsp;<\/p>\n<p>Il Consiglio di Amministrazione del Teatro Regio di Parma, riunitosi quest\u2019oggi, ha nominato <strong>Luciano Messi Sovrintendente della Fondazione Teatro Regio di Parma<\/strong> per il triennio 2022-2025.<\/p>\n<p><a href=\"http:\/\/www.ecoitaliano.com.ar\/wp-content\/uploads\/2022\/12\/2022-12-14-Guerra-Messi-Teatro-Regio-4_ph-Matteo-Fornari.jpg\"><img decoding=\"async\" class=\"alignnone size-full wp-image-31047\" src=\"http:\/\/www.ecoitaliano.com.ar\/wp-content\/uploads\/2022\/12\/2022-12-14-Guerra-Messi-Teatro-Regio-4_ph-Matteo-Fornari.jpg\" alt=\"\" width=\"2400\" height=\"1603\" srcset=\"https:\/\/www.ecoitaliano.com.ar\/wp-content\/uploads\/2022\/12\/2022-12-14-Guerra-Messi-Teatro-Regio-4_ph-Matteo-Fornari.jpg 2400w, https:\/\/www.ecoitaliano.com.ar\/wp-content\/uploads\/2022\/12\/2022-12-14-Guerra-Messi-Teatro-Regio-4_ph-Matteo-Fornari-300x200.jpg 300w, https:\/\/www.ecoitaliano.com.ar\/wp-content\/uploads\/2022\/12\/2022-12-14-Guerra-Messi-Teatro-Regio-4_ph-Matteo-Fornari-768x513.jpg 768w, https:\/\/www.ecoitaliano.com.ar\/wp-content\/uploads\/2022\/12\/2022-12-14-Guerra-Messi-Teatro-Regio-4_ph-Matteo-Fornari-1024x684.jpg 1024w, https:\/\/www.ecoitaliano.com.ar\/wp-content\/uploads\/2022\/12\/2022-12-14-Guerra-Messi-Teatro-Regio-4_ph-Matteo-Fornari-150x100.jpg 150w\" sizes=\"(max-width: 2400px) 100vw, 2400px\" \/><\/a><\/p>\n<p>foto Matteo Fornari<\/p>\n<p>\u201cSono certo, insieme agli altri componenti del Consiglio di Amministrazione della Fondazione Teatro Regio, che Luciano Messi possa avere le competenze, l\u2019esperienza e la sensibilit\u00e0 per guidare il nostro Teatro verso uno sviluppo artistico, culturale e sociale che dia valore alla nostra citt\u00e0 e che mantenga la solidit\u00e0 dei rapporti internazionali costruiti in questi anni\u201d, &#8211; dichiara <strong>Michele Guerra <\/strong>Sindaco di Parma e Presidente della Fondazione Teatro Regio.<\/p>\n<p>&nbsp;<\/p>\n<p>\u201cIl Teatro Regio di Parma \u00e8 un\u2019istituzione di produzione artistica di riconosciuta eccellenza, &#8211; dichiara <strong>Luciano Messi<\/strong>, Sovrintendente del Teatro Regio di Parma &#8211; la cui forza risiede nella sintesi tra tradizione e innovazione, e nel capitale umano che ci lavora e lo sostiene. La mia visione \u00e8 quella di un Regio in dialogo autentico con il suo territorio e al tempo stesso nel cuore delle sfide culturali del nostro Paese, oltre che al centro di una intensa rete di relazioni internazionali. Un teatro inclusivo, sostenibile e generativo, pronto a fare la sua parte nella grande transizione socio-culturale che stiamo vivendo. Sono felice ed emozionato per questo incarico prestigioso e ringrazio il Sindaco ed il Consiglio di Amministrazione per avermi voluto al loro fianco, affidandomi la cura di questa preziosa eredit\u00e0\u201d.<\/p>\n<p><a href=\"http:\/\/www.ecoitaliano.com.ar\/wp-content\/uploads\/2022\/12\/2022-12-14-Guerra-Messi-Teatro-Regio_ph-Matteo-Fornari.jpg\"><img decoding=\"async\" class=\"alignnone size-full wp-image-31048\" src=\"http:\/\/www.ecoitaliano.com.ar\/wp-content\/uploads\/2022\/12\/2022-12-14-Guerra-Messi-Teatro-Regio_ph-Matteo-Fornari.jpg\" alt=\"\" width=\"2400\" height=\"1603\" srcset=\"https:\/\/www.ecoitaliano.com.ar\/wp-content\/uploads\/2022\/12\/2022-12-14-Guerra-Messi-Teatro-Regio_ph-Matteo-Fornari.jpg 2400w, https:\/\/www.ecoitaliano.com.ar\/wp-content\/uploads\/2022\/12\/2022-12-14-Guerra-Messi-Teatro-Regio_ph-Matteo-Fornari-300x200.jpg 300w, https:\/\/www.ecoitaliano.com.ar\/wp-content\/uploads\/2022\/12\/2022-12-14-Guerra-Messi-Teatro-Regio_ph-Matteo-Fornari-768x513.jpg 768w, https:\/\/www.ecoitaliano.com.ar\/wp-content\/uploads\/2022\/12\/2022-12-14-Guerra-Messi-Teatro-Regio_ph-Matteo-Fornari-1024x684.jpg 1024w, https:\/\/www.ecoitaliano.com.ar\/wp-content\/uploads\/2022\/12\/2022-12-14-Guerra-Messi-Teatro-Regio_ph-Matteo-Fornari-150x100.jpg 150w\" sizes=\"(max-width: 2400px) 100vw, 2400px\" \/><\/a><\/p>\n<p>foto Matteo Fornari<\/p>\n<p>Maceratese, classe 1971, Luciano Messi \u00e8 Presidente di ATIT \u2013 Associazione dei Teatri Italiani di Tradizione, Vicepresidente di FEDERVIVO e Direttore della Fondazione Rete Lirica delle Marche, \u00e8 stato Sovrintendente dell\u2019Associazione Arena Sferisterio di Macerata dal 2015 al 2022. Nell\u2019arco della carriera organizza e dirige tutte le principali aree operative del teatro.<\/p>\n<p>Assieme a Pier Luigi Pizzi crea nel 2006 lo Sferisterio Opera Festival (oggi Macerata Opera Festival), innovando profondamente il processo produttivo, dedicando particolare attenzione alla pianificazione, all\u2019efficienza e al controllo di gestione, cos\u00ec come alla valorizzazione e all\u2019accrescimento delle competenze delle maestranze, avviando in tal modo il risanamento finanziario dell\u2019Associazione e determinando un significativo aumento della produttivit\u00e0 e rafforzamento del brand.<\/p>\n<p>Dalla nomina a Sovrintendente dello Sferisterio, i risultati sono ancora crescenti per pubblico, critica e aspetti gestionali: circa 40.000 presenze a stagione, con una media di riempimento dello Sferisterio che arriva al 91% nel 2019 e bilancio sempre in equilibrio.<\/p>\n<p>Sviluppa i rapporti nazionali ed internazionali, promuovendo le coproduzioni e il noleggio degli allestimenti. Organizza e coordina tourn\u00e9e e spettacoli all\u2019estero, anche nell\u2019ambito di progetti di cooperazione internazionale. Avvia un fecondo dialogo tra pubblico e privato che porta a risultati lusinghieri dal punto di vista delle sponsorizzazioni e d\u00e0 vita a progetti leader e best practices nazionali, sia nel campo del mecenatismo culturale (100 Mecenati Art Bonus) sia in quello della creazione di reti e sistemi territoriali (Rete Lirica delle Marche, Consorzio Marche Spettacolo).<\/p>\n<p>Nel 2015 d\u00e0 vita alla Rete Lirica delle Marche, che si impone subito all\u2019attenzione nazionale aggiudicandosi il Premio Cultura di gestione quale \u201ceccellente esempio di governance pubblica capace di fare sistema e creare network intorno ad obiettivi condivisi e reali istanze del territorio\u201d.<\/p>\n<p>Nel 2017 crea Sferisterio Live, cartellone di spettacoli extra lirica che si affianca al festival operistico, proponendo star nazionali ed internazionali in particolare della musica pop e rock. Sferisterio Live si auto sostiene finanziariamente ed amplia la programmazione dello Sferisterio anche ai mesi di giugno e settembre.<\/p>\n<p>Cura i rapporti istituzionali e pone pi\u00f9 volte le sue competenze a disposizione del sistema nazionale. Nel 2018 fa parte della delegazione datoriale al tavolo di contrattazione per il rinnovo del CCNL Teatri.<\/p>\n<p>Nel 2020 coordina la task force istituita dalle Fondazioni Lirico Sinfoniche per fronteggiare l\u2019emergenza covid, redigendo le \u201cProposte operative per le produzioni, liriche, sinfoniche e coreutiche e per l\u2019intera filiera della musica\u201d che AGIS presenta al Ministero della Cultura nel documento \u201cLo Spettacolo in Italia nella Fase 2\u201d.<\/p>\n<p>Durante la pandemia mette sempre in scena le stagioni programmate e sigla una fondamentale intesa con i lavoratori per consentire il mantenimento dei livelli occupazionali, attraverso un accordo di solidariet\u00e0, nel pieno rispetto del CCNL.<\/p>\n<p>Riceve il riconoscimento di Classic Voice come una delle dieci personalit\u00e0 pi\u00f9 rilevanti del mondo della musica nel 2020.<\/p>\n<p>\u00c8 componente del Tavolo della Danza istituito presso il Ministero della Cultura e del Comitato per la salvaguardia dell\u2019Arte del Canto Lirico Italiano, che sostiene la candidatura dell\u2019Italia per il riconoscimento Unesco di questo patrimonio culturale immateriale.<\/p>\n<p>&nbsp;<\/p>\n<p><em>La Stagione del Teatro Regio di Parma \u00e8 realizzata grazie al contributo di<\/em> Comune di Parma, Ministero della Cultura, Reggio Parma Festival, Regione Emilia-Romagna. <em>Major partner<\/em> Fondazione Cariparma. <em>Main<\/em> <em>partners <\/em>Chiesi. <em>Main sponsor <\/em>Iren, Barilla. <em>Partner <\/em>Cr\u00e9dit Agricole. <em>Sponsor <\/em>GloveICT, CePIM, Grasselli, Parmalat, GHC, Poliambulatorio Dalla Rosa Prati, Metronotte, Parmacotto. <em>Con il contributo di <\/em>Ascom Confcommercio Parma Fondazione, Ascom Parma Confcommercio, Camera di Commercio Parma, Fondazione Monteparma. <em>Legal counselling <\/em>Villa&amp;Partners. <em>Con il supporto di<\/em> \u201cParma, io ci sto!\u201d. <em>Partner artistici <\/em>Conservatorio \u201cArrigo Boito\u201d, Coro del Teatro Regio di Parma. <em>Partner istituzionale <\/em>La Toscanini. <em>La Stagione Concertistica \u00e8 realizzata da<\/em> Societ\u00e0 dei Concerti di Parma, <em>con il sostegno di<\/em> Chiesi, <em>in collaborazione con<\/em> Casa della Musica. <em>Wine partner <\/em>Oinoe.<em> Radio Ufficiale<\/em> Radio Monte Carlo. <em>Sostenitori tecnici <\/em>Cavalca, Macrocoop, De Simoni, Graphital. <em>Il Teatro Regio di Parma aderisce a <\/em>Fedora, Opera Europa, Operavision, Emilia taste, nature, culture, Italiafestival.<\/p>\n<p>&nbsp;<\/p>\n<p>&nbsp;<\/p>\n<p>&nbsp;<\/p>\n<p>&nbsp;<\/p>\n<p>&nbsp;<\/p>\n<p>&nbsp;<\/p>\n<p>&nbsp;<\/p>\n<p>&nbsp;<\/p>\n<p>&nbsp;<\/p>\n<p>&nbsp;<\/p>\n<p>&nbsp;<\/p>\n<p>&nbsp;<\/p>\n<p>&nbsp;<\/p>\n<p>&nbsp;<\/p>\n<p>&nbsp;<\/p>\n<p>&nbsp;<\/p>\n<p>&nbsp;<\/p>\n<p>&nbsp;<\/p>\n<p>&nbsp;<\/p>\n<p>&nbsp;<\/p>\n<p>&nbsp;<\/p>\n<p>Parma, 14 dicembre 2022<\/p>\n<p>&nbsp;<\/p>\n<p>Paolo Maier<\/p>\n<p><em>Responsabile Comunicazione, Ufficio Stampa, Progetti speciali<\/em><\/p>\n<p>Teatro Regio di Parma strada Garibaldi<\/p>\n<p>16\/A, 43121 Parma \u2013 Italia<\/p>\n<p>Tel. +39 0521 203969<\/p>\n<p>p.maier@teatroregioparma.it<\/p>\n<p>stampa@teatroregioparma.it<\/p>\n<p>www.teatroregioparma.it<\/p>\n","protected":false},"excerpt":{"rendered":"<p>LUCIANO MESSI NOMINATO SOVRINTENDENTE DEL TEATRO REGIO DI PARMA PER IL TRIENNIO 2022-2025 &nbsp; Il Consiglio di Amministrazione del Teatro [&hellip;]<\/p>\n","protected":false},"author":1,"featured_media":0,"comment_status":"open","ping_status":"open","sticky":false,"template":"","format":"standard","meta":{"footnotes":""},"categories":[1],"tags":[],"class_list":["post-31045","post","type-post","status-publish","format-standard","hentry","category-sin-categoria"],"_links":{"self":[{"href":"https:\/\/www.ecoitaliano.com.ar\/index.php?rest_route=\/wp\/v2\/posts\/31045","targetHints":{"allow":["GET"]}}],"collection":[{"href":"https:\/\/www.ecoitaliano.com.ar\/index.php?rest_route=\/wp\/v2\/posts"}],"about":[{"href":"https:\/\/www.ecoitaliano.com.ar\/index.php?rest_route=\/wp\/v2\/types\/post"}],"author":[{"embeddable":true,"href":"https:\/\/www.ecoitaliano.com.ar\/index.php?rest_route=\/wp\/v2\/users\/1"}],"replies":[{"embeddable":true,"href":"https:\/\/www.ecoitaliano.com.ar\/index.php?rest_route=%2Fwp%2Fv2%2Fcomments&post=31045"}],"version-history":[{"count":0,"href":"https:\/\/www.ecoitaliano.com.ar\/index.php?rest_route=\/wp\/v2\/posts\/31045\/revisions"}],"wp:attachment":[{"href":"https:\/\/www.ecoitaliano.com.ar\/index.php?rest_route=%2Fwp%2Fv2%2Fmedia&parent=31045"}],"wp:term":[{"taxonomy":"category","embeddable":true,"href":"https:\/\/www.ecoitaliano.com.ar\/index.php?rest_route=%2Fwp%2Fv2%2Fcategories&post=31045"},{"taxonomy":"post_tag","embeddable":true,"href":"https:\/\/www.ecoitaliano.com.ar\/index.php?rest_route=%2Fwp%2Fv2%2Ftags&post=31045"}],"curies":[{"name":"wp","href":"https:\/\/api.w.org\/{rel}","templated":true}]}}