{"id":31116,"date":"2022-12-16T15:59:26","date_gmt":"2022-12-16T15:59:26","guid":{"rendered":"http:\/\/www.ecoitaliano.com.ar\/?p=31116"},"modified":"2022-12-16T15:59:26","modified_gmt":"2022-12-16T15:59:26","slug":"sara-jdl-la-nota-street-artist-olandese-a-realizzare-il-primo-murale-sul-serpentone-di-roma-per-street-art-for-rights-forum-festival","status":"publish","type":"post","link":"https:\/\/www.ecoitaliano.com.ar\/?p=31116","title":{"rendered":"Sar\u00e0 JDL la nota street artist olandese a realizzare il primo murale sul Serpentone di Roma per Street Art for Rights Forum Festival"},"content":{"rendered":"<p><a href=\"https:\/\/culturaliart.musvc2.net\/e\/r?q=Mv%3dC0MwN_8tZu_I4_yvis_9A_8tZu_H9pVsWi.HqBsP66sDuG1.85F_yvis_9Av_KXxf_UmM4E.hN6Q_yvis_9A_8tZu_I9u9u_KXxf_VkMD_KXxf_UmRD_-5kB_8tZu_I7xTv7F_MgvW_XtRvQDZhWr_KXxf_Vh_MgvW_XtZC6r80.eO_KXxf_UCS_8tZu_I7wQ_8tZu_HYi_MgvW_WLQ_yvis_096I_yvis_9a0Q.-0_MgvW_Xq-a07qRiYv_KXxf_VkL5UvSdfSr%26s%3db8XJU%26k%3dHAL38H.GlO%26yL%3d8VOUF%26G%3dG%26G%3dFVG4h6q%26H%3d9eMcF%26O%3dHcBZIcAeJV&amp;mupckp=mupAtu4m8OiX0wt\" target=\"_blank\" rel=\"noopener\" name=\"m_3026539734707053125_showInBrowser\" data-saferedirecturl=\"https:\/\/www.google.com\/url?q=https:\/\/culturaliart.musvc2.net\/e\/r?q%3DMv%253dC0MwN_8tZu_I4_yvis_9A_8tZu_H9pVsWi.HqBsP66sDuG1.85F_yvis_9Av_KXxf_UmM4E.hN6Q_yvis_9A_8tZu_I9u9u_KXxf_VkMD_KXxf_UmRD_-5kB_8tZu_I7xTv7F_MgvW_XtRvQDZhWr_KXxf_Vh_MgvW_XtZC6r80.eO_KXxf_UCS_8tZu_I7wQ_8tZu_HYi_MgvW_WLQ_yvis_096I_yvis_9a0Q.-0_MgvW_Xq-a07qRiYv_KXxf_VkL5UvSdfSr%2526s%253db8XJU%2526k%253dHAL38H.GlO%2526yL%253d8VOUF%2526G%253dG%2526G%253dFVG4h6q%2526H%253d9eMcF%2526O%253dHcBZIcAeJV%26mupckp%3DmupAtu4m8OiX0wt&amp;source=gmail&amp;ust=1671292715252000&amp;usg=AOvVaw390HriwbgqDbJZPPq3QPse\"><\/a><\/p>\n<table role=\"presentation\" border=\"0\" width=\"100%\" cellspacing=\"0\" cellpadding=\"0\">\n<tbody>\n<tr>\n<td>\n<table role=\"presentation\" border=\"0\" width=\"100%\" cellspacing=\"0\" cellpadding=\"0\" align=\"center\">\n<tbody>\n<tr>\n<td>\n<table class=\"m_3026539734707053125row-content m_3026539734707053125stack\" role=\"presentation\" border=\"0\" width=\"600\" cellspacing=\"0\" cellpadding=\"0\" align=\"center\">\n<tbody>\n<tr>\n<td class=\"m_3026539734707053125column\" width=\"100%\">\n<table class=\"m_3026539734707053125image_block\" role=\"presentation\" border=\"0\" width=\"100%\" cellspacing=\"0\" cellpadding=\"0\">\n<tbody>\n<tr>\n<td>\n<div align=\"center\"><img decoding=\"async\" class=\"CToWUd\" src=\"https:\/\/ci3.googleusercontent.com\/proxy\/i8aRkqwBJ8cf8laoNSKYXs3KmWBNKWAeIef94B_WXBwWHd6XldHwR0sgkQ-xkvEM1ur-RtKgCn7XHPI07gahFMc5Q43KZsitrfSvD5p3mDoKrmGTVhGkGz5eLeOKeVCD=s0-d-e1-ft#https:\/\/culturaliart.img.musvc2.net\/static\/91342\/images\/1\/street%20street.png\" width=\"120\" data-bit=\"iit\" \/><\/div>\n<\/td>\n<\/tr>\n<\/tbody>\n<\/table>\n<table role=\"presentation\" border=\"0\" width=\"100%\" cellspacing=\"0\" cellpadding=\"10\">\n<tbody>\n<tr>\n<td>\n<div>\n<div>\n<p><strong>Street art for Rights Forum Festival: <\/strong><\/p>\n<p><strong>in arrivo a Roma un imponente murale di 40 metri realizzato dalla street artist olandese JDL<\/strong><\/p>\n<p><strong>\u00a0<\/strong><\/p>\n<p>La street art per il sociale sbarca in Europa<\/p>\n<p>con un nuovo progetto triennale che vedr\u00e0 coinvolte anche Francia e Grecia<\/p>\n<p>&nbsp;<\/p>\n<p><strong>Prima tappa a Corviale (Roma) dove fino al 22 dicembre l\u2019artista olandese JDL realizzer\u00e0 un grande murale di 40 metri sul famoso Serpentone<\/strong><\/p>\n<\/div>\n<\/div>\n<\/td>\n<\/tr>\n<\/tbody>\n<\/table>\n<table class=\"m_3026539734707053125image_block\" role=\"presentation\" border=\"0\" width=\"100%\" cellspacing=\"0\" cellpadding=\"0\">\n<tbody>\n<tr>\n<td>\n<div align=\"center\"><img decoding=\"async\" class=\"m_3026539734707053125big CToWUd a6T\" tabindex=\"0\" src=\"https:\/\/ci5.googleusercontent.com\/proxy\/PETuUPrmT5JvFHT7MnfALyiKEJggb-acVQ1WoU364-mvtv6-TCilpUr1xMgD9x_p9M4UxKRbvGQPSa3nfM4YNItbZupOC-b-uwQg6o8tmiZcW-IlVnh9FoOsLEwCnT64I1ceI2bUauk3ignWtHoqE22C5hVbsg=s0-d-e1-ft#https:\/\/culturaliart.img.musvc2.net\/static\/91342\/images\/1\/EABD05E8-3860-4AD7-AB6B-833859E46F90.jpeg\" width=\"360\" data-bit=\"iit\" \/><\/div>\n<\/td>\n<\/tr>\n<\/tbody>\n<\/table>\n<\/td>\n<\/tr>\n<\/tbody>\n<\/table>\n<\/td>\n<\/tr>\n<\/tbody>\n<\/table>\n<\/td>\n<\/tr>\n<\/tbody>\n<\/table>\n<table role=\"presentation\" border=\"0\" width=\"100%\" cellspacing=\"0\" cellpadding=\"0\" align=\"center\">\n<tbody>\n<tr>\n<td>\n<table class=\"m_3026539734707053125row-content m_3026539734707053125stack\" role=\"presentation\" border=\"0\" width=\"600\" cellspacing=\"0\" cellpadding=\"0\" align=\"center\">\n<tbody>\n<tr>\n<td class=\"m_3026539734707053125column\" width=\"100%\">\n<table role=\"presentation\" border=\"0\" width=\"100%\" cellspacing=\"0\" cellpadding=\"10\">\n<tbody>\n<tr>\n<td>\n<div>\n<div>\n<p><strong>English version download here<\/strong><\/p>\n<\/div>\n<\/div>\n<\/td>\n<\/tr>\n<\/tbody>\n<\/table>\n<table role=\"presentation\" border=\"0\" width=\"100%\" cellspacing=\"0\" cellpadding=\"10\">\n<tbody>\n<tr>\n<td>\n<div align=\"center\"><a href=\"https:\/\/culturaliart.musvc2.net\/e\/t?q=8%3dMW4YF%26H%3d2%26I%3dMW2%26J%3dFf8eM%26Q%3diO8Lt_MeyQ_Xo_NRxd_Xg_MeyQ_Wt9vG8Qs6zEbM8.EnB.1QtQqX.o08_NRxd_XgN87uDq_NRxd_XgdEY5W_6wTu_FBeJqQn02Pj_MeyQ_WtW_svgv_3AdxFxgxFqSgTj_6wTu_Fa3eXjM.939y_MeyQ_XtQuH_7KvMqA_svgv_492AxNzAuOsN_svgv_3a6o7b9Pn_Hs0jP1_NRxd_Ye017jG_6wTu_FbvO1_9bH47jB2_NRxd_YeHoEmP4%260%3dnP7RdW.2Au%26D7%3dW2dFe&amp;mupckp=mupAtu4m8OiX0wt\" target=\"_blank\" rel=\"noopener\" data-saferedirecturl=\"https:\/\/www.google.com\/url?q=https:\/\/culturaliart.musvc2.net\/e\/t?q%3D8%253dMW4YF%2526H%253d2%2526I%253dMW2%2526J%253dFf8eM%2526Q%253diO8Lt_MeyQ_Xo_NRxd_Xg_MeyQ_Wt9vG8Qs6zEbM8.EnB.1QtQqX.o08_NRxd_XgN87uDq_NRxd_XgdEY5W_6wTu_FBeJqQn02Pj_MeyQ_WtW_svgv_3AdxFxgxFqSgTj_6wTu_Fa3eXjM.939y_MeyQ_XtQuH_7KvMqA_svgv_492AxNzAuOsN_svgv_3a6o7b9Pn_Hs0jP1_NRxd_Ye017jG_6wTu_FbvO1_9bH47jB2_NRxd_YeHoEmP4%25260%253dnP7RdW.2Au%2526D7%253dW2dFe%26mupckp%3DmupAtu4m8OiX0wt&amp;source=gmail&amp;ust=1671292715253000&amp;usg=AOvVaw0OUxKZl_oJ1CaWtP9Y0436\"><span dir=\"ltr\"><strong>PRESS KIT<\/strong><\/span><\/a><\/div>\n<\/td>\n<\/tr>\n<\/tbody>\n<\/table>\n<table role=\"presentation\" border=\"0\" width=\"100%\" cellspacing=\"0\" cellpadding=\"0\">\n<tbody>\n<tr>\n<td>\n<div>\n<div>\n<p><strong>Street Art for Rights<\/strong> si \u00e8 affermato in questi anni sempre di pi\u00f9 come un punto di riferimento per la street art in Italia con oltre <strong>30 opere<\/strong> realizzate a <strong>Roma<\/strong> nei quartieri periferici di <strong>Corviale<\/strong> e <strong>Settecamini <\/strong>creando due musei a cielo aperto e nel <strong>Lazio<\/strong> tra <strong>Cassino<\/strong>, <strong>Fiumicino<\/strong> e <strong>Latina<\/strong>.<\/p>\n<p>&nbsp;<\/p>\n<p>Il traguardo pi\u00f9 grande, per\u00f2, \u00e8 arrivato quest\u2019anno con il <strong>riconoscimento dell\u2019Unione Europea<\/strong> nell\u2019ambito del Programma <strong>Europa Creativa<\/strong> che inaugura un nuovo ciclo triennale di opere e iniziative legate alla street art che varcheranno i confini Italiani per raggiungere la <strong>Francia<\/strong>, grazie all\u2019associazione Pick Up Production, e la <strong>Grecia<\/strong> con l\u2019associazioneAnazitites Theatrou.<\/p>\n<p>&nbsp;<\/p>\n<p>Il festival di street art ideato e diretto da <strong>Giuseppe Casa<\/strong>, curato da <strong>Oriana Rizzuto<\/strong> per <strong>MArteGallery<\/strong> e prodotto dall\u2019<strong>Associazione Culturale <a href=\"https:\/\/culturaliart.musvc2.net\/e\/t?q=5%3dNUCVG%26F%3dA%26F%3dNUA%26G%3dGdGbN%26O%3drL9J3_JfwZ_Up_Laue_Vp_JfwZ_Tu53K47s3ECyFt52L2I38tLk.A9_Laue_Vp_JfwZ_UuO4E_8I5Jr9_2sht_C633p5k97K194LtL_2sht_BX0Nw_Et8sM2_Laue_Wn725sD_7ucr_GZ5L2_7kE55s93_Laue_WnEpCvM5%268%3dwM8PmT.394%26A8%3dUAaGc&amp;mupckp=mupAtu4m8OiX0wt\" target=\"_blank\" rel=\"noopener\" data-saferedirecturl=\"https:\/\/www.google.com\/url?q=https:\/\/culturaliart.musvc2.net\/e\/t?q%3D5%253dNUCVG%2526F%253dA%2526F%253dNUA%2526G%253dGdGbN%2526O%253drL9J3_JfwZ_Up_Laue_Vp_JfwZ_Tu53K47s3ECyFt52L2I38tLk.A9_Laue_Vp_JfwZ_UuO4E_8I5Jr9_2sht_C633p5k97K194LtL_2sht_BX0Nw_Et8sM2_Laue_Wn725sD_7ucr_GZ5L2_7kE55s93_Laue_WnEpCvM5%25268%253dwM8PmT.394%2526A8%253dUAaGc%26mupckp%3DmupAtu4m8OiX0wt&amp;source=gmail&amp;ust=1671292715253000&amp;usg=AOvVaw1ZgFnjzso-26Z29TlwkoSi\">ARTmosfera<\/a><\/strong> \u00e8 nato come progetto speciale della <strong>Biennale MArteLive<\/strong> nel 2014 e in questi 8 anni ha sviluppato un percorso condiviso sul territorio coinvolgendo associazioni e realt\u00e0 territoriali con il doppio scopo di rivitalizzare il tessuto sociale e migliorare lo spazio urbano fondendo insieme la promozione di valori sociali importanti attraverso l\u2019arte urbana. Questo percorso ora si apre a una dimensione europea e internazionale che riserver\u00e0 molte sorprese.<\/p>\n<p>&nbsp;<\/p>\n<p>In questi giorni si svolger\u00e0 il <strong>gran finale<\/strong>, iniziando dal progetto <a href=\"https:\/\/culturaliart.musvc2.net\/e\/t?q=0%3dJQCaC%26B%3dA%26K%3dJQA%26L%3dCZGgJ%26K%3drQ5F3_ObsZ_Zl_Haza_Rp_ObsZ_YqM7T.4J2BpJkO56yO39qE5I.sQ_3qcw_C6_2xdp_CC6Jw_PzK20p_Haza_SnK8l1kpM3IpJ4B3_Haza_RFR5C_wBo95J_3qcw_D4oJl9v_ObsZ_YGK4J_n1wMl9qK_3qcw_D4w8tB5M%26o%3dC5P73B.KpJ%26sP%3dBQIYJ&amp;mupckp=mupAtu4m8OiX0wt\" target=\"_blank\" rel=\"noopener\" data-saferedirecturl=\"https:\/\/www.google.com\/url?q=https:\/\/culturaliart.musvc2.net\/e\/t?q%3D0%253dJQCaC%2526B%253dA%2526K%253dJQA%2526L%253dCZGgJ%2526K%253drQ5F3_ObsZ_Zl_Haza_Rp_ObsZ_YqM7T.4J2BpJkO56yO39qE5I.sQ_3qcw_C6_2xdp_CC6Jw_PzK20p_Haza_SnK8l1kpM3IpJ4B3_Haza_RFR5C_wBo95J_3qcw_D4oJl9v_ObsZ_YGK4J_n1wMl9qK_3qcw_D4w8tB5M%2526o%253dC5P73B.KpJ%2526sP%253dBQIYJ%26mupckp%3DmupAtu4m8OiX0wt&amp;source=gmail&amp;ust=1671292715253000&amp;usg=AOvVaw00vzl_A3Nkq0RvIV-L0wXT\"><strong>Street Art for Rights Forum Fest<\/strong><\/a> che offrir\u00e0 un ricco programma dal <strong>17 al 18 dicembre. <\/strong> L\u2019evento pi\u00f9 atteso sar\u00e0 <strong>l\u2019inaugurazione il 22 dicembre<\/strong> dell\u2019<strong>imponente murale di 40 mt<\/strong> realizzata da JDL nella parete Nord-Est del Serpentone, che <strong>attualmente \u00e8 in corso d\u2019opera.<\/strong><\/p>\n<p>&nbsp;<\/p>\n<p><strong>Infatti, fino al 22 dicembre 2022<\/strong> la nota <strong>street artist olandese <\/strong><a href=\"https:\/\/culturaliart.musvc2.net\/e\/t?q=A%3dFVEb9%26G%3dC%26L%3dFVC%26M%3d9eIhF%26P%3dtR1K5_PXxb_ah_Mc1W_Wr_PXxb_ZmEpJzO4ClOmP1.81K_yvex_9A_4yZu_ED2Oy_QvP4Al_Mc1W_XpLlR5JlO6Cy9h6m_Mc1W_WHS1H_yCkD7K_yvex_09qKhDx_PXxb_ZCP6K_j6yNhDsL_yvex_09y9pG7N%26k%3dH7Q38D.LlO%26uQ%3d8VKZF&amp;mupckp=mupAtu4m8OiX0wt\" target=\"_blank\" rel=\"noopener\" data-saferedirecturl=\"https:\/\/www.google.com\/url?q=https:\/\/culturaliart.musvc2.net\/e\/t?q%3DA%253dFVEb9%2526G%253dC%2526L%253dFVC%2526M%253d9eIhF%2526P%253dtR1K5_PXxb_ah_Mc1W_Wr_PXxb_ZmEpJzO4ClOmP1.81K_yvex_9A_4yZu_ED2Oy_QvP4Al_Mc1W_XpLlR5JlO6Cy9h6m_Mc1W_WHS1H_yCkD7K_yvex_09qKhDx_PXxb_ZCP6K_j6yNhDsL_yvex_09y9pG7N%2526k%253dH7Q38D.LlO%2526uQ%253d8VKZF%26mupckp%3DmupAtu4m8OiX0wt&amp;source=gmail&amp;ust=1671292715253000&amp;usg=AOvVaw2OJakl5oRLuhtSo5cL0EyG\"><strong>JDL<\/strong><\/a> (Judith de Leeuw) realizzer\u00e0 un imponente murale di 40 mt nella parete Nord-Est del <strong>palazzone di Corviale<\/strong>, il famoso <strong>\u00abSerpentone\u00bb<\/strong>.<\/p>\n<p>Sar\u00e0 un&#8217;opera faraonica &#8211; forse una delle pi\u00f9 grandi della citt\u00e0 &#8211; e godr\u00e0 di una visibilit\u00e0 internazionale. <strong>Nessuno \u00e8 riuscito fino ad oggi a realizzare un\u2019opera sul Serpentone di Corviale <\/strong>e sar\u00e0 proprio JDL a riuscirci grazie a <strong>Street Art For Rights <\/strong>e il prezioso contributo del team di <strong>MArteGallery<\/strong> che in questi anni ha fatto, attraverso il MArteLive System, da incubatore per il progetto e da supporto operativo e creativo per il suo sviluppo.<\/p>\n<\/div>\n<\/div>\n<\/td>\n<\/tr>\n<\/tbody>\n<\/table>\n<\/td>\n<\/tr>\n<\/tbody>\n<\/table>\n<\/td>\n<\/tr>\n<\/tbody>\n<\/table>\n<table role=\"presentation\" border=\"0\" width=\"100%\" cellspacing=\"0\" cellpadding=\"0\" align=\"center\">\n<tbody>\n<tr>\n<td>\n<table class=\"m_3026539734707053125row-content m_3026539734707053125stack\" role=\"presentation\" border=\"0\" width=\"600\" cellspacing=\"0\" cellpadding=\"0\" align=\"center\">\n<tbody>\n<tr>\n<td class=\"m_3026539734707053125column\" width=\"50%\">\n<table class=\"m_3026539734707053125image_block\" role=\"presentation\" border=\"0\" width=\"100%\" cellspacing=\"0\" cellpadding=\"0\">\n<tbody>\n<tr>\n<td>\n<div align=\"center\"><img decoding=\"async\" class=\"CToWUd a6T\" tabindex=\"0\" src=\"https:\/\/ci6.googleusercontent.com\/proxy\/7PNZulDTrEv6aof2CEAqEjj2fwtqJe6zjbwQmMoMLx9LKA_2V5g_sw05zX25wFyMtVCd8vDRQheEYE4Juyr2DsLdxkucNi4JDHqZ7sbm_ioxs1nQTkmQOBY42JhSEzGiXWNx0lcvotaUEqmq_KLHunbHKebNTQ=s0-d-e1-ft#https:\/\/culturaliart.img.musvc2.net\/static\/91342\/images\/1\/BE1AEF87-692B-414B-A11C-E715D9EA2EDA.jpeg\" width=\"300\" data-bit=\"iit\" \/><\/div>\n<\/td>\n<\/tr>\n<\/tbody>\n<\/table>\n<\/td>\n<\/tr>\n<\/tbody>\n<\/table>\n<\/td>\n<\/tr>\n<\/tbody>\n<\/table>\n<table role=\"presentation\" border=\"0\" width=\"100%\" cellspacing=\"0\" cellpadding=\"0\" align=\"center\">\n<tbody>\n<tr>\n<td>\n<table class=\"m_3026539734707053125row-content m_3026539734707053125stack\" role=\"presentation\" border=\"0\" width=\"600\" cellspacing=\"0\" cellpadding=\"0\" align=\"center\">\n<tbody>\n<tr>\n<td class=\"m_3026539734707053125column\" width=\"50%\">\n<table role=\"presentation\" border=\"0\" width=\"100%\" cellspacing=\"0\" cellpadding=\"0\">\n<tbody>\n<tr>\n<td>\n<div>\n<div>\n<p>Con il suo stile capace di tradurre le emozioni con realismo e poesia, JDL \u00e8 da sempre impegnata a<strong> diffondere messaggi sociali attraverso la street art<\/strong>, lavorando su temi come LGBTQIA+, razzismo e salute mentale, raccontandole sui muri del mondo con attenzione e lirismo, grazie al suo inconfondibile tratto.<\/p>\n<p>L&#8217;idea per il muro di Corviale \u00e8 quella di <strong>un&#8217;immagine di una donna coperta di olio<\/strong>, simile agli uccelli incastrati dal petrolio nel mare a causa dell&#8217;inquinamento e dell&#8217;irresponsabilit\u00e0 dell\u2019uomo. Da un lato del muro la donna sar\u00e0 ritratta mentre lotta, dall&#8217;altro lato invece trover\u00e0 il successo, pulendosi dall\u2019olio e volando. L&#8217;immagine realizzata da JDL prende <strong>spunto dal mito di Icaro<\/strong>: metaforicamente la crisi climatica sembra paragonabile al significato originale del racconto mitologico.<\/p>\n<\/div>\n<\/div>\n<\/td>\n<\/tr>\n<\/tbody>\n<\/table>\n<\/td>\n<\/tr>\n<\/tbody>\n<\/table>\n<\/td>\n<\/tr>\n<\/tbody>\n<\/table>\n<table role=\"presentation\" border=\"0\" width=\"100%\" cellspacing=\"0\" cellpadding=\"0\" align=\"center\">\n<tbody>\n<tr>\n<td>\n<table class=\"m_3026539734707053125row-content m_3026539734707053125stack\" role=\"presentation\" border=\"0\" width=\"600\" cellspacing=\"0\" cellpadding=\"0\" align=\"center\">\n<tbody>\n<tr>\n<td class=\"m_3026539734707053125column\" width=\"100%\">\n<table role=\"presentation\" border=\"0\" width=\"100%\" cellspacing=\"0\" cellpadding=\"10\">\n<tbody>\n<tr>\n<td>\n<div>\n<div>\n<p><strong>La societ\u00e0 moderna sta percorrendo un cammino fatale e autodistruttivo<\/strong>, proprio come fece Icaro per fuggire dal labirinto del Minotauro: non curante degli avvertimenti del padre Icaro vol\u00f2 troppo in alto facendo sciogliere la cera che teneva unite le sue ali e precipitando in mare. <strong>L\u2019opera di JDL<\/strong> avr\u00e0 una <strong>durata temporanea<\/strong> di circa due anni, in quanto il Palazzone \u00e8 interessato dalle attivit\u00e0 di ristrutturazione del PNRR; in questo arco di tempo per\u00f2, prima che verr\u00e0 distrutta, sar\u00e0 <strong>trasformata in NFT<\/strong>, in modo che possa comunque continuare ad essere visibile\u00a0e vivere\u00a0in\u00a0rete\u00a0nel <strong>mondo digitale della blockchain<\/strong>. I ricavati dalla vendita dell\u2019opera saranno devoluti in beneficenza nello stesso quartiere.<\/p>\n<p>JDL &#8211; specializzata in grandi superfici e muri importanti, con un&#8217;identit\u00e0 artistica riconosciuta e riconoscibile in tutto il mondo &#8211; \u00e8 una giovane e brillante artista, attiva e conosciuta per il suo <strong>impegno nel sociale<\/strong> e soprattutto verso le donne e i pi\u00f9 deboli. Nata e cresciuta ad <strong>Amsterdam<\/strong>, Judith de Leeuw ha iniziato all\u2019et\u00e0 di quindici anni a realizzare graffiti sui muri della capitale olandese, raggiungendo la notoriet\u00e0 con il monumentale murale dedicato ad <strong>Amy Winehouse<\/strong>. Da quel momento, JDL \u00e8 diventata famosa in tutto il mondo, lavorando in decine di paesi diversi e raccogliendo sempre pi\u00f9 successo con la sua arte, che dalle strade della capitale olandese l\u2019ha portata a <strong>quotazioni da capogiro<\/strong>.<\/p>\n<p>&nbsp;<\/p>\n<p>Grazie al patrocinio del <strong>Municipio XI, <\/strong>al presidente <strong>Gianluca Lanzi <\/strong>e alla giunta, ai comitati e alle associazioni di quartiere, ai partner <strong>Roma Best Practice<\/strong> e <strong>Mitreo Iside,<\/strong> al centro <strong>Nicoletta Campanella<\/strong> e ai partner tecnici <strong>Minguzzi<\/strong>, <strong>Bricofer<\/strong>, <strong>Sikkens<\/strong> per il loro contributo.<\/p>\n<\/div>\n<\/div>\n<\/td>\n<\/tr>\n<\/tbody>\n<\/table>\n<table role=\"presentation\" border=\"0\" width=\"100%\" cellspacing=\"0\" cellpadding=\"10\">\n<tbody>\n<tr>\n<td>\n<div>\n<div>\n<p>&nbsp;<\/p>\n<p><strong>INFO:<br \/>\n<\/strong><a href=\"https:\/\/culturaliart.musvc2.net\/e\/t?q=3%3dJYNTC%26J%3dL%26D%3dJYL%26E%3dChRZJ%26S%3d3J5N_Cqdx_N1_3ynp_CD_Cqdx_M68UH.I5Pz559CJqMCHtE3J4.GE_Hb1k_Rq_Plsa_a1K5K_DE6Px5_3ynp_DB951l9v8Q755RzH_3ynp_CdFJx_Kz4tS8_Hb1k_SoC81tJ_Cqdx_MV6R8_3lKA1tE9_Hb1k_SoKv9wSA%264%3dxSDLnZ.955%26GD%3dQBgMY&amp;mupckp=mupAtu4m8OiX0wt\" target=\"_blank\" rel=\"noopener\" data-saferedirecturl=\"https:\/\/www.google.com\/url?q=https:\/\/culturaliart.musvc2.net\/e\/t?q%3D3%253dJYNTC%2526J%253dL%2526D%253dJYL%2526E%253dChRZJ%2526S%253d3J5N_Cqdx_N1_3ynp_CD_Cqdx_M68UH.I5Pz559CJqMCHtE3J4.GE_Hb1k_Rq_Plsa_a1K5K_DE6Px5_3ynp_DB951l9v8Q755RzH_3ynp_CdFJx_Kz4tS8_Hb1k_SoC81tJ_Cqdx_MV6R8_3lKA1tE9_Hb1k_SoKv9wSA%25264%253dxSDLnZ.955%2526GD%253dQBgMY%26mupckp%3DmupAtu4m8OiX0wt&amp;source=gmail&amp;ust=1671292715253000&amp;usg=AOvVaw2Aycq5Sf6G4_AwSHlZLPsr\">www.streetartforrights.it<br \/>\n<\/a><a href=\"https:\/\/culturaliart.musvc2.net\/e\/t?q=8%3dSRHYL%26C%3dF%26I%3dSRF%26J%3dLaLeS%26L%3dwODG_7vmq_H6_Brhu_L7_7vmq_GAGNB.NDIt0D27OzF7M38wOC.60_Mkte_Wz_Ifxj_TuPDD_8JEIr0_Brhu_M5306u2pGJ10DKtM_Brhu_LW0O7_Dt93L2_Mkte_Xx6263C_7vmq_GaEK2_8uD56383_Mkte_XxDpD6L5%269%3d7L8QwS.30D%2608%3dVKZGd&amp;mupckp=mupAtu4m8OiX0wt\" target=\"_blank\" rel=\"noopener\" data-saferedirecturl=\"https:\/\/www.google.com\/url?q=https:\/\/culturaliart.musvc2.net\/e\/t?q%3D8%253dSRHYL%2526C%253dF%2526I%253dSRF%2526J%253dLaLeS%2526L%253dwODG_7vmq_H6_Brhu_L7_7vmq_GAGNB.NDIt0D27OzF7M38wOC.60_Mkte_Wz_Ifxj_TuPDD_8JEIr0_Brhu_M5306u2pGJ10DKtM_Brhu_LW0O7_Dt93L2_Mkte_Xx6263C_7vmq_GaEK2_8uD56383_Mkte_XxDpD6L5%25269%253d7L8QwS.30D%252608%253dVKZGd%26mupckp%3DmupAtu4m8OiX0wt&amp;source=gmail&amp;ust=1671292715253000&amp;usg=AOvVaw2K7J2WMq-CIgIksXflxNof\">www.streetartforrights.eu<\/a><\/p>\n<p><a href=\"https:\/\/culturaliart.musvc2.net\/e\/t?q=9%3dMQMZF%26B%3dK%26J%3dMQK%26K%3dFZQfM%26K%3d2P8F_Bwgp_M7_6qmv_F6_Bwgp_LBAMG.IoHDAu16HsHI.E8_Hkyd_Rz_Nesj_YtKDI_7EENq5_Bwgp_M025GOz5DP7o1usH_Bwgp_Lb9J7_Is43Q1_Hkyd_SxA113H_6qmv_FVEP1_3uI413C2_Hkyd_SxIo96Q4%264%3d7Q7LwX.25D%26E7%3dQKeFY&amp;mupckp=mupAtu4m8OiX0wt\" target=\"_blank\" rel=\"noopener\" data-saferedirecturl=\"https:\/\/www.google.com\/url?q=https:\/\/culturaliart.musvc2.net\/e\/t?q%3D9%253dMQMZF%2526B%253dK%2526J%253dMQK%2526K%253dFZQfM%2526K%253d2P8F_Bwgp_M7_6qmv_F6_Bwgp_LBAMG.IoHDAu16HsHI.E8_Hkyd_Rz_Nesj_YtKDI_7EENq5_Bwgp_M025GOz5DP7o1usH_Bwgp_Lb9J7_Is43Q1_Hkyd_SxA113H_6qmv_FVEP1_3uI413C2_Hkyd_SxIo96Q4%25264%253d7Q7LwX.25D%2526E7%253dQKeFY%26mupckp%3DmupAtu4m8OiX0wt&amp;source=gmail&amp;ust=1671292715253000&amp;usg=AOvVaw2IsnoKeerRH8U2U082jVjj\">www.martegallery.it<\/a><\/p>\n<p><a href=\"https:\/\/culturaliart.musvc2.net\/e\/t?q=9%3dNS9ZG%26D%3d7%26J%3dNS7%26K%3dGbCfN%26M%3dnP9H_xwhr_97_7sYv_G8_xwhr_8BBO3.IpJzA8GiEpD.uNv_JWye_Tl_NfuV_YuMzI_8G1Nr7_xwhr_90373O17zP7p3gtJ_xwhr_8b0Ls_It6oQ2_JWye_UjA23oH_7sYv_GX1P2_5gI53oC3_JWye_UjIpArQ5%266%3dsQ8NiX.37z%26E8%3dS7eGa&amp;mupckp=mupAtu4m8OiX0wt\" target=\"_blank\" rel=\"noopener\" data-saferedirecturl=\"https:\/\/www.google.com\/url?q=https:\/\/culturaliart.musvc2.net\/e\/t?q%3D9%253dNS9ZG%2526D%253d7%2526J%253dNS7%2526K%253dGbCfN%2526M%253dnP9H_xwhr_97_7sYv_G8_xwhr_8BBO3.IpJzA8GiEpD.uNv_JWye_Tl_NfuV_YuMzI_8G1Nr7_xwhr_90373O17zP7p3gtJ_xwhr_8b0Ls_It6oQ2_JWye_UjA23oH_7sYv_GX1P2_5gI53oC3_JWye_UjIpArQ5%25266%253dsQ8NiX.37z%2526E8%253dS7eGa%26mupckp%3DmupAtu4m8OiX0wt&amp;source=gmail&amp;ust=1671292715253000&amp;usg=AOvVaw0AZPaVXYwn50gTLJDGvNrC\">www.martesocial.org<\/a><\/p>\n<\/div>\n<\/div>\n<\/td>\n<\/tr>\n<\/tbody>\n<\/table>\n<table class=\"m_3026539734707053125image_block\" role=\"presentation\" border=\"0\" width=\"100%\" cellspacing=\"0\" cellpadding=\"0\">\n<tbody>\n<tr>\n<td>\n<div align=\"left\"><img decoding=\"async\" class=\"CToWUd\" src=\"https:\/\/ci4.googleusercontent.com\/proxy\/iG6aEZdLRu08cywYwkVkgOwDexBG1dR50dM_zW9rPnfp19dG9a2sH-jxxOy9pIuKtIsT5BnqE0G33gT1gGP3bbQ0T1YgNzm3F6vWu1JwSOjQTJwGfRY1vboaB8vV7_49Pd0d=s0-d-e1-ft#https:\/\/culturaliart.img.musvc2.net\/static\/91342\/images\/1\/Senza%20titolo(14).png\" width=\"210\" data-bit=\"iit\" \/><\/div>\n<\/td>\n<\/tr>\n<\/tbody>\n<\/table>\n<table role=\"presentation\" border=\"0\" width=\"100%\" cellspacing=\"0\" cellpadding=\"10\">\n<tbody>\n<tr>\n<td>\n<div>\n<div>\n<p><strong>UFFICIO STAMPA &#8211; MArtePlus &#8211; Agenzia di Comunicazione<\/strong><\/p>\n<p>Francesco Lo Brutto<br \/>\nResponsabile Marketing &amp; Comunicazione<br \/>\n<a href=\"mailto:francesco.lobrutto@marteplus.it\" target=\"_blank\" rel=\"noopener\">francesco.lobrutto@marteplus.<wbr \/>it<\/a><br \/>\n+39 331.4332700<\/p>\n<\/div>\n<\/div>\n<\/td>\n<\/tr>\n<\/tbody>\n<\/table>\n<table class=\"m_3026539734707053125image_block\" role=\"presentation\" border=\"0\" width=\"100%\" cellspacing=\"0\" cellpadding=\"0\">\n<tbody>\n<tr>\n<td>\n<div align=\"left\"><img decoding=\"async\" class=\"CToWUd\" src=\"https:\/\/ci5.googleusercontent.com\/proxy\/McDXcog9SzIo6z3dPCB5P0DWeTYIysqqkBb0oFiKutVTwxuNhBobu5jYgpTkPX_iAiGokly2LA3uGmLWQ7u-x515pXNP3wolsXO9Enc6fSa7QsgnGS7_-iB7wgMUHZEe1cepqecCG3QD3P1fm1BIqH8auQpik52mJA=s0-d-e1-ft#https:\/\/culturaliart.img.musvc2.net\/static\/91342\/images\/1\/Schermata%202022-12-16%20alle%2010.59.17.png\" width=\"120\" data-bit=\"iit\" \/><\/div>\n<\/td>\n<\/tr>\n<\/tbody>\n<\/table>\n<table role=\"presentation\" border=\"0\" width=\"100%\" cellspacing=\"0\" cellpadding=\"10\">\n<tbody>\n<tr>\n<td>\n<div>\n<div>\n<p><strong>UFFICIO STAMPA ESTERO &#8211; Culturalia<\/strong><\/p>\n<p>Norma Waltmann<br \/>\nmob: +39-392-2527126<br \/>\nemail: <a href=\"mailto:info@culturaliart.com\" target=\"_blank\" rel=\"noopener\">info@culturaliart.com<br \/>\n<\/a><\/p>\n<\/div>\n<\/div>\n<\/td>\n<\/tr>\n<\/tbody>\n<\/table>\n<table role=\"presentation\" border=\"0\" width=\"100%\" cellspacing=\"0\" cellpadding=\"10\">\n<tbody>\n<tr>\n<td>\n<div align=\"center\"><a href=\"https:\/\/culturaliart.musvc2.net\/e\/t?q=0%3dEQMa8%26B%3dK%26K%3dEQK%26L%3d8ZQgE%26K%3d2QzFC_OWsj_Zg_HkzV_Rz_OWsj_YlMGT.iK6Q1HuIo1BQ.iE7_OWsj_Yl5FBtJ3_OWsj_YlIDOk5D-8xJ-zLx-H3DnJC-YFRL-Ig-JyO61-yAoP3Lt5-xBr-6yPz9F8r-4yAo3uQu-16Ig-IDOk5D-8xJ-y-8rBuDkDx8-8ZMg-uDE-QuH88-g-H9Jg_HkzV_Rz_OWsj_ZlKDJ_yEEOi5_BxYp_MAt5GPr5DQkH_BxYp_Lc1J7_Jk43Rs_HkzV_SxBs13I_xqmw_8VEQs_3uJv13Dt_8g1uHkzV_SxJg96Rv%264%3d7RyLwY.t5D%26Fy%3dQKf8Y&amp;mupckp=mupAtu4m8OiX0wt\" target=\"_blank\" rel=\"noopener\" data-saferedirecturl=\"https:\/\/www.google.com\/url?q=https:\/\/culturaliart.musvc2.net\/e\/t?q%3D0%253dEQMa8%2526B%253dK%2526K%253dEQK%2526L%253d8ZQgE%2526K%253d2QzFC_OWsj_Zg_HkzV_Rz_OWsj_YlMGT.iK6Q1HuIo1BQ.iE7_OWsj_Yl5FBtJ3_OWsj_YlIDOk5D-8xJ-zLx-H3DnJC-YFRL-Ig-JyO61-yAoP3Lt5-xBr-6yPz9F8r-4yAo3uQu-16Ig-IDOk5D-8xJ-y-8rBuDkDx8-8ZMg-uDE-QuH88-g-H9Jg_HkzV_Rz_OWsj_ZlKDJ_yEEOi5_BxYp_MAt5GPr5DQkH_BxYp_Lc1J7_Jk43Rs_HkzV_SxBs13I_xqmw_8VEQs_3uJv13Dt_8g1uHkzV_SxJg96Rv%25264%253d7RyLwY.t5D%2526Fy%253dQKf8Y%26mupckp%3DmupAtu4m8OiX0wt&amp;source=gmail&amp;ust=1671292715253000&amp;usg=AOvVaw1GfUJ5dzEWQYK5HY-BBNKJ\"><span dir=\"ltr\"><strong>CARTELLA STAMPA E IMMAGINI<\/strong><\/span><\/a><\/div>\n<\/td>\n<\/tr>\n<\/tbody>\n<\/table>\n<table class=\"m_3026539734707053125social_block\" role=\"presentation\" border=\"0\" width=\"100%\" cellspacing=\"0\" cellpadding=\"10\">\n<tbody>\n<tr>\n<td>\n<div align=\"center\">\n<table class=\"m_3026539734707053125social-table\" role=\"presentation\" border=\"0\" width=\"108px\" cellspacing=\"0\" cellpadding=\"0\">\n<tbody>\n<tr>\n<td><a href=\"https:\/\/culturaliart.musvc2.net\/e\/t?q=8%3dJT4YC%26E%3d2%26I%3dJT2%26J%3dCc8eJ%26N%3diO5I_svds_46_3tTu_C9_svds_3A8Px.Al6f7zHl.8zF_svds_3AdMs0pMBM5ipMcBhC5L_svds_3A_3tTu_D9vOx_LpP36f_MbvQ_XoGfR4EfO58s_MbvQ_WGNuH_x8eD6F_svds_49pFbDw_KRxa_U7P5F_d6xIbDrG_svds_49x4jG6I%26e%3dH6Lw8C.Gf6l4bO%26tL%3d2VJU0&amp;mupckp=mupAtu4m8OiX0wt\" target=\"_blank\" rel=\"noopener\" data-saferedirecturl=\"https:\/\/www.google.com\/url?q=https:\/\/culturaliart.musvc2.net\/e\/t?q%3D8%253dJT4YC%2526E%253d2%2526I%253dJT2%2526J%253dCc8eJ%2526N%253diO5I_svds_46_3tTu_C9_svds_3A8Px.Al6f7zHl.8zF_svds_3AdMs0pMBM5ipMcBhC5L_svds_3A_3tTu_D9vOx_LpP36f_MbvQ_XoGfR4EfO58s_MbvQ_WGNuH_x8eD6F_svds_49pFbDw_KRxa_U7P5F_d6xIbDrG_svds_49x4jG6I%2526e%253dH6Lw8C.Gf6l4bO%2526tL%253d2VJU0%26mupckp%3DmupAtu4m8OiX0wt&amp;source=gmail&amp;ust=1671292715253000&amp;usg=AOvVaw0KsijAlMjZtCnHy5DmI9ET\"><img decoding=\"async\" class=\"CToWUd\" title=\"Facebook\" src=\"https:\/\/ci5.googleusercontent.com\/proxy\/acInWCbM7yhIl_NMa-E9kjDna3s5sMYq3RZZkJkcUX1Ud-wvWchtKNPPayZ-AVyHbDw6HJMEpT5v1MAmsa97a_4kWOZfRwvfnMvwwe0o6RRv8sbbJTjZzfM_4_zcLxaLKB6Fe1EyQbUc9G4Busk=s0-d-e1-ft#https:\/\/culturaliart.img.musvc2.net\/static\/91342\/images\/social\/circle-color\/facebook@2x.png\" alt=\"Facebook\" width=\"32\" height=\"32\" data-bit=\"iit\" \/><\/a><\/td>\n<td><a href=\"https:\/\/culturaliart.musvc2.net\/e\/t?q=3%3dARHT4%26C%3dF%26D%3dARF%26E%3d4aLZA%26L%3dwJvG_7qUq_H1_trhp_47_7qUq_G6yNB.9pJ91iIpC.eF2_HSte_RhJ9Hg691tKuEtIx7jK8__HSte_Rh_IfsR_TuKvD_8EwIr5_trhp_5535yJ15vKtH_trhp_4W0Jo_Dt4kL2_HSte_Sf621kC_7qUq_GVwK2_3cD51k83_HSte_SfDp9nL5%264%3doL8LeS.1c2p35v%2608%3dQ3ZGY&amp;mupckp=mupAtu4m8OiX0wt\" target=\"_blank\" rel=\"noopener\" data-saferedirecturl=\"https:\/\/www.google.com\/url?q=https:\/\/culturaliart.musvc2.net\/e\/t?q%3D3%253dARHT4%2526C%253dF%2526D%253dARF%2526E%253d4aLZA%2526L%253dwJvG_7qUq_H1_trhp_47_7qUq_G6yNB.9pJ91iIpC.eF2_HSte_RhJ9Hg691tKuEtIx7jK8__HSte_Rh_IfsR_TuKvD_8EwIr5_trhp_5535yJ15vKtH_trhp_4W0Jo_Dt4kL2_HSte_Sf621kC_7qUq_GVwK2_3cD51k83_HSte_SfDp9nL5%25264%253doL8LeS.1c2p35v%252608%253dQ3ZGY%26mupckp%3DmupAtu4m8OiX0wt&amp;source=gmail&amp;ust=1671292715253000&amp;usg=AOvVaw3zcEjla0KjQ11_G0Nkc7ad\"><img decoding=\"async\" class=\"CToWUd\" title=\"Instagram\" src=\"https:\/\/ci3.googleusercontent.com\/proxy\/czTR7nHo2iLQpebGzcoVSMPW3y3zdXJ6v_DTvx9eijDPljxR08uEzCZc8TN4gzts_7QydiiRAinUKT6bSRv9ZrelHTRsTIps2lj1VFk-kPKJ-UI5_sOigXKU_-5OPVUAWrJa4wuKLE2ord_dRua_=s0-d-e1-ft#https:\/\/culturaliart.img.musvc2.net\/static\/91342\/images\/social\/circle-color\/instagram@2x.png\" alt=\"Instagram\" width=\"32\" height=\"32\" data-bit=\"iit\" \/><\/a><\/td>\n<td><a href=\"https:\/\/culturaliart.musvc2.net\/e\/t?q=4%3d0WMU3%26H%3dK%26E%3d0WK%26F%3d3fQa0%26Q%3d2KuLC_IRyj_Tb_NktQ_Xz_IRyj_SgODIfAD2sPzFsN38iPC.0u_NktQ_XzEfH62-uQu-4jPD2.iP7C_swmq_4Bz3dH35_swmq_40cNBxTM2Lnyld9ofyko4_e7FBQa1nt2OVoYp91Eal0AwpHQ6EDoTO-jXOR7YWl_NktQ_XPLuI_CFvNw6_swmq_4086xO66uPyI_swmq_3bEKn_Iy5jQ7_IRyj_TeA72jH_BrTv_LWvP7_4bI02jC8_IRyj_TeIu0mQ0%265%3dnQCMdX.86u%26EC%3dR2eL2b7uZ&amp;mupckp=mupAtu4m8OiX0wt\" target=\"_blank\" rel=\"noopener\" data-saferedirecturl=\"https:\/\/www.google.com\/url?q=https:\/\/culturaliart.musvc2.net\/e\/t?q%3D4%253d0WMU3%2526H%253dK%2526E%253d0WK%2526F%253d3fQa0%2526Q%253d2KuLC_IRyj_Tb_NktQ_Xz_IRyj_SgODIfAD2sPzFsN38iPC.0u_NktQ_XzEfH62-uQu-4jPD2.iP7C_swmq_4Bz3dH35_swmq_40cNBxTM2Lnyld9ofyko4_e7FBQa1nt2OVoYp91Eal0AwpHQ6EDoTO-jXOR7YWl_NktQ_XPLuI_CFvNw6_swmq_4086xO66uPyI_swmq_3bEKn_Iy5jQ7_IRyj_TeA72jH_BrTv_LWvP7_4bI02jC8_IRyj_TeIu0mQ0%25265%253dnQCMdX.86u%2526EC%253dR2eL2b7uZ%26mupckp%3DmupAtu4m8OiX0wt&amp;source=gmail&amp;ust=1671292715253000&amp;usg=AOvVaw3UIkxlHU2IyeCy0Ye25BTn\"><img decoding=\"async\" class=\"CToWUd\" title=\"Web Site\" src=\"https:\/\/ci4.googleusercontent.com\/proxy\/53a__r62qAZEOO5Dp1cZGF7WTYnETRTMvv-QcD2_YyCmI543PAO7Hnhoewpq9TWlUspfbGXYIH3IKs7IEc0xgBlbMQnBjxlASKxwOwuHOmiglit_YUdDkKcLsYEME_1I_CECKiq6LD8DXeOPMA=s0-d-e1-ft#https:\/\/culturaliart.img.musvc2.net\/static\/91342\/images\/social\/circle-color\/website@2x.png\" alt=\"Web Site\" width=\"32\" height=\"32\" data-bit=\"iit\" \/><\/a><\/td>\n<\/tr>\n<\/tbody>\n<\/table>\n<\/div>\n<\/td>\n<\/tr>\n<\/tbody>\n<\/table>\n<table role=\"presentation\" border=\"0\" width=\"100%\" cellspacing=\"0\" cellpadding=\"10\">\n<tbody>\n<tr>\n<td>\n<div align=\"center\">\n<table role=\"presentation\" border=\"0\" width=\"100%\" cellspacing=\"0\" cellpadding=\"0\">\n<tbody>\n<tr>\n<td><\/td>\n<\/tr>\n<\/tbody>\n<\/table>\n<\/div>\n<\/td>\n<\/tr>\n<\/tbody>\n<\/table>\n<table role=\"presentation\" border=\"0\" width=\"100%\" cellspacing=\"0\" cellpadding=\"10\">\n<tbody>\n<tr>\n<td>\n<div>\n<div>\n<p><em><strong>I PARTNER DEL PROGETTO EUROPEO<\/strong><\/em><\/p>\n<p>&nbsp;<\/p>\n<p><em><strong>Artmosfera (IT)<\/strong><\/em><\/p>\n<p>&nbsp;<\/p>\n<p><em>Dal 2007 ad oggi, Artmosfera ha contribuito alla direzione artistica, all&#8217;organizzazione e alla logistica del Festival di Arti di Strada TolfArte, organizzato dalla Comunit\u00e0 Giovanile di Tolfa (RM) e ha collaborato con la Comunit\u00e0 Giovanile di Roviano (RM) con cui Artmosfera ha organizzato numerosi eventi sul territorio legati alla cultura urbana. Nel 2009, su incarico del XV Municipio del Comune di Roma, Artmosfera ha organizzato l&#8217;evento di presentazione delle candidature per il Consiglio dei Giovani. Nel 2010, con il contributo dell&#8217;Assessorato alle Politiche Culturali della Provincia di Roma, Artmosfera ha realizzato la rassegna multidisciplinare ArteLive Project nei centri storici di Cerveteri, Carpineto Romano e Roviano. Dal 2012 ad oggi, con il contributo della Regione Lazio, \u00e8 stato realizzato il progetto \u00abDialogo e creativit\u00e0 artistica\u00bb, un percorso tra arte e intercultura che comprende attivit\u00e0 quali mostre, eventi multidisciplinari, concorsi, laboratori, pubblicazioni. Nel 2015 Artmosfera ha organizzato le \u00abBriciole di Rock\u00bb per le vittime del terremoto di Amatrice (evento di beneficenza presso il Planet Club di Roma).<\/em><\/p>\n<p><em>Corviale Urban Lab: Da 10 anni Artfmosfera organizza Corviale Urban Lab, un progetto nato per attuare un reale coinvolgimento degli abitanti di Corviale, quartiere di Roma, nella rigenerazione culturale della loro realt\u00e0 quotidiana. Il progetto ha studiato il territorio, sperimentato nuove modalit\u00e0 di coinvolgimento e rafforzato le relazioni con le realt\u00e0 del quartiere.<\/em><\/p>\n<p><em>Street art per RIGHTS Italia: Artmosfera \u00e8 stata partner istituzionale di \u00abStreet Art for RIGHTS Italia\u00bb, un progetto artistico quadriennale incentrato sull&#8217;arte realizzato in collaborazione con l&#8217;Associazione Culturale Mitreo Iside e l&#8217;Associazione Culturale Ammuriliberi che ha creato un totale di sette nuove opere di street art su sette diversi muri rispettivamente quattro a Cassino, uno a Latina e uno a Settecamini. Durante la realizzazione del progetto, sono stati organizzati diversi incontri aperti e workshop che hanno coinvolto la popolazione locale a partecipare a diversi momenti di discussione, inizialmente pensati e programmati accanto al cantiere creativo locale, su temi legati ai diritti umani e alla sostenibilit\u00e0.<\/em><\/p>\n<p>&nbsp;<\/p>\n<p><em><strong>Pick Up Production (FR)<\/strong><\/em><\/p>\n<p><em>Dal 2017, Pick Up Production lavora sul tema dell&#8217;apertura e dell&#8217;accoglienza, nell&#8217;ambito del progetto Transfert, organizzando azioni in direzione dei centri rom e sociali del proprio territorio. L&#8217;associazione vuole contribuire alla riduzione delle disuguaglianze e riflettere su soluzioni innovative per ridurre la discriminazione. La sua azione vuole essere riproducibile a qualsiasi tipo di organizzazione e su qualsiasi territorio. Pick Up Production intende collaborare con professionisti e organizzazioni specializzate nelle minoranze interessate, affinch\u00e9 le proposte costruite siano coerenti con le realt\u00e0 di ciascuno. Desidera alimentarsi in parallelo con le iniziative gi\u00e0 realizzate in questo campo. Le competenze di Pick Up Production sono: Progettazione di progetti ed eventi culturali; Mediazione artistica e culturale; Competenza artistica nell&#8217;hip hop; Ricerca.<\/em><\/p>\n<p>&nbsp;<\/p>\n<p><em><strong>Anazitites Theatrou (EL)<\/strong><\/em><\/p>\n<p>&nbsp;<\/p>\n<p><em>I progetti pi\u00f9 rilevanti di Anazitites Theatrou in relazione alla proposta StreetArt for RIGHTS sono:<\/em><\/p>\n<p><em>Fix Small Art KA2 &#8211; esaminare diversi metodi e tecniche artistiche a sostegno delle pratiche di tolleranza sociale e dell&#8217;educazione degli adulti per le persone con disabilit\u00e0 di apprendimento e malattie mentali, favorendo il loro empowerment sociale e personale e migliorando le capacit\u00e0 formative dei loro insegnanti.<\/em><\/p>\n<p><em>HEART4ART \u00abHeart 4 Arts!\u00bb (H4A!): uno scambio giovanile internazionale a Salonicco. 46 giovani provenienti da Grecia, Cipro, Croazia, Polonia, FYROM e Romania hanno spiegato che i diritti umani sono violati ogni giorno, ovunque.<\/em><\/p>\n<p><em>3\u00b0 festival Select Respect. Anazitites theatrou \u00e8 membro della rete e uno degli organizzatori. Si tratta di una rete informale di organizzazioni che si uniscono in uno sforzo comune per combattere la discriminazione basata sul genere, il colore della pelle, il background razziale, l&#8217;identit\u00e0 sessuale, il credo religioso e politico.<\/em><\/p>\n<p><em>Il Cassandra Project \u03a6\u0399\u039e residenza \/\/ Il Cassandra Project \u00e8 un progetto artistico antidisciplinare che mira a suscitare una conversazione e una riflessione pi\u00f9 profonda sui temi della violenza di genere, della discriminazione sessuale e delle condizioni sociali che operano per mettere a tacere i corpi femminili e queer.<\/em><\/p>\n<p><em>Il progetto \u00e8 realizzato con il contributo dell&#8217;Unione Europea nell&#8217;ambito del Programma Europa Creativa e di Citt\u00e0 Metropolitana di Roma Capitale, con il Patrocinio del Municipio XI di Roma Capitale e in collaborazione con MArteSocial, MArteGallery, Galleria di arte contemporanea Mitreo, Brico Center, Sikkens, Roma Best Practices Award, Minguzzi SRL.<\/em><\/p>\n<p>&nbsp;<\/p>\n<p><em><strong>MArteGallery<\/strong>\u00a0<\/em><\/p>\n<p>&nbsp;<\/p>\n<p><em>Il web abbatte barriere. Anche le pi\u00f9 resistenti, tra cui ci sono sicuramente quelle del collezionismo d\u2019arte, uno dei mondi da sempre pi\u00f9 chiusi e inaccessibili ai pi\u00f9. Ma nel dilagante processo di democratizzazione o commercializzazione che la rete ha messo in atto, \u00e8 entrata ormai stabilmente anche questa realt\u00e0.<\/em><br \/>\n<em>Sono sempre pi\u00f9 le gallerie che vendono arte online.<\/em><br \/>\n<em>Uno sviluppo interessante per tutti quelli che hanno sempre voluto (o gi\u00e0 lo fanno) mettersi in casa un pezzo di un artista affermato o di un talento che un domani potrebbe diventarlo. <\/em><br \/>\n<em><strong>MArteGallery<\/strong> \u00e8 uno spazio virtuale dedicato all\u2019esposizione di opere artistiche in ogni campo (fotografia, pittura, scultura, grafica, etc.), l\u2019obiettivo principale \u00e8 la diffusione della cultura con possibilit\u00e0 di acquistare le opere esposte.<\/em><br \/>\n<em><strong>MArteGallery<\/strong> \u00e8 la prima \u201cetichetta dell\u2019arte\u201d dedicata agli emergenti e alle gallerie che rappresentano quelli gi\u00e0 conosciuti<\/em><\/p>\n<p>&nbsp;<\/p>\n<p><em><strong>MArteGallery<\/strong> offre management e consulenze di comunicazione ma anche supporto, conoscenza e strumenti per operare nel mondo dell\u2019arte contemporanea.<\/em><\/p>\n<p>&nbsp;<\/p>\n<p><em><strong>MArteSocial<\/strong><\/em><\/p>\n<p>&nbsp;<\/p>\n<p><em>MArteSocial \u00e8 un nuovo progetto dell\u2019Associazione Officine per lo Sviluppo Onlus in partnership con l\u2019Associazione Culturale Procult da anni impegnata nell\u2019organizzazione di eventi culturali come MArteLive che hanno sempre avuto una forte vocazione sociale insita nel proprio DNA.<\/em><\/p>\n<p><em>MArteSocial \u00e8 un incubatore incentrato sulla risoluzione di problematiche sociali attraverso progetti artistico-culturali che possano generare un impatto positivo sugli abitanti dei quartieri meno sviluppati che vertono in condizioni di disagio ed emarginazione.\u00a0<\/em><\/p>\n<p><em>L\u2019azione nasce dall\u2019ispirazione. MArteSocial stimola l\u2019attivazione dei giovani NEET proponendo occasioni di scoperta di passioni e talenti. I giovani coinvolti sono incentivati a valorizzare potenzialit\u00e0 inespresse e a riprendere in mano il loro futuro.\u00a0<\/em><\/p>\n<p><em>Tramite le attivit\u00e0 e i progetti realizzati, che toccano settori di notevole interesse e curiosit\u00e0 per la maggior parte dei ragazzi della fascia d\u2019et\u00e0 coinvolta, MArteSocial si prefigge di:<\/em><\/p>\n<p><em>attivare progettualit\u00e0 dal basso, generate dalle spinte del quartiere e con l\u2019attivazione dei giovani;<\/em><\/p>\n<p>&nbsp;<\/p>\n<p><em>&#8211; attirare giovani, individuare i loro obiettivi e il talento con il supporto di educatori, tutor, psicologi e volontari con esperienza pregressa nel settore, in percorsi di motivazione e approfondimento personalizzati, individuali e collettivi;<\/em><\/p>\n<p><em>&#8211; riconoscere, supportare e valorizzare le competenze e potenzialit\u00e0 spesso inespresse dei NEET in questi ambiti;<\/em><\/p>\n<p><em>&#8211; informare e comunicare su tematiche importanti per lo sviluppo sostenibile, sia a livello istituzionale che per sensibilizzare l\u2019opinione pubblica;<\/em><\/p>\n<p><em>&#8211; far uscire i NEET dalla propria condizione di emarginazione, attivare il loro inserimento lavorativo ed evitare cos\u00ec di cadere in situazioni di chiusura sociale, in alcuni casi abbinati all\u2019abuso di alcol e droghe, fino ad arrivare al coinvolgimento nella criminalit\u00e0 organizzata;\u00a0<\/em><\/p>\n<p><em>&#8211; stimolare e incentivare ogni giovane a riprendere in mano il suo futuro.<\/em><\/p>\n<p>&nbsp;<\/p>\n<\/div>\n<\/div>\n<\/td>\n<\/tr>\n<\/tbody>\n<\/table>\n<table role=\"presentation\" border=\"0\" width=\"100%\" cellspacing=\"0\" cellpadding=\"10\">\n<tbody>\n<tr>\n<td>\n<div align=\"center\">\n<table role=\"presentation\" border=\"0\" width=\"100%\" cellspacing=\"0\" cellpadding=\"0\">\n<tbody>\n<tr>\n<td><\/td>\n<\/tr>\n<\/tbody>\n<\/table>\n<\/div>\n<\/td>\n<\/tr>\n<\/tbody>\n<\/table>\n<\/td>\n<\/tr>\n<\/tbody>\n<\/table>\n<\/td>\n<\/tr>\n<\/tbody>\n<\/table>\n<table role=\"presentation\" border=\"0\" width=\"100%\" cellspacing=\"0\" cellpadding=\"0\" align=\"center\">\n<tbody>\n<tr>\n<td>\n<table class=\"m_3026539734707053125row-content m_3026539734707053125stack\" role=\"presentation\" border=\"0\" width=\"600\" cellspacing=\"0\" cellpadding=\"0\" align=\"center\">\n<tbody>\n<tr>\n<td class=\"m_3026539734707053125column\" width=\"33.333333333333336%\">\n<table class=\"m_3026539734707053125image_block\" role=\"presentation\" border=\"0\" width=\"100%\" cellspacing=\"0\" cellpadding=\"0\">\n<tbody>\n<tr>\n<td>\n<div align=\"center\"><a href=\"https:\/\/culturaliart.musvc2.net\/e\/t?q=8%3dTYBYM%26J%3d0%26I%3dTY0%26J%3dMhFeT%26S%3dqOEN_1vnx_B6_Cybu_MD_1vnx_AAHU6.8FJ3PC9uDvP3.80K_1vnx_AA_Cybu_ND4O8_QxPCAn_Ml1Y_XyLnRDJnO6v9jEC1_Ml1Y_WQS3H_8CmDFK_1vnx_B9zKjD7_PZxk_ZEPEK_l68NjD2L_1vnx_B989rGFN%26m%3dHFQ58M.LnO%264Q%3d0VTZH&amp;mupckp=mupAtu4m8OiX0wt\" target=\"_blank\" rel=\"noopener\" data-saferedirecturl=\"https:\/\/www.google.com\/url?q=https:\/\/culturaliart.musvc2.net\/e\/t?q%3D8%253dTYBYM%2526J%253d0%2526I%253dTY0%2526J%253dMhFeT%2526S%253dqOEN_1vnx_B6_Cybu_MD_1vnx_AAHU6.8FJ3PC9uDvP3.80K_1vnx_AA_Cybu_ND4O8_QxPCAn_Ml1Y_XyLnRDJnO6v9jEC1_Ml1Y_WQS3H_8CmDFK_1vnx_B9zKjD7_PZxk_ZEPEK_l68NjD2L_1vnx_B989rGFN%2526m%253dHFQ58M.LnO%25264Q%253d0VTZH%26mupckp%3DmupAtu4m8OiX0wt&amp;source=gmail&amp;ust=1671292715254000&amp;usg=AOvVaw1qCJllc6c_V_614mf45g10\"><img decoding=\"async\" class=\"CToWUd\" title=\"Image\" src=\"https:\/\/ci6.googleusercontent.com\/proxy\/L5JFq-92vdBOgm34EoRIyRM4efwJZVmzfUBar-xhNdPUx9DJZlsCYBJcz970OIY64xHZIBG7L4i6UELiP6nhZIwo2Ea_miO1NTBF8a8fFJK3ac5QGKrxssxjWYxn5Q=s0-d-e1-ft#https:\/\/culturaliart.img.musvc2.net\/static\/91342\/images\/1\/Culturalia(3).jpg\" alt=\"Image\" width=\"142\" data-bit=\"iit\" \/><\/a><\/div>\n<\/td>\n<\/tr>\n<\/tbody>\n<\/table>\n<\/td>\n<td class=\"m_3026539734707053125column\" width=\"66.66666666666667%\">\n<table role=\"presentation\" border=\"0\" width=\"100%\" cellspacing=\"0\" cellpadding=\"0\">\n<tbody>\n<tr>\n<td>\n<div>\n<div>\n<p><strong>CULTURALIA DI NORMA WALTMANN<\/strong><\/p>\n<p><strong>\u00a0<\/strong><\/p>\n<p><strong>Agenzia di comunicazione e ufficio stampa<\/strong><\/p>\n<p>&nbsp;<\/p>\n<p>tel : +39-051-6569105 mob: +39-392-2527126<\/p>\n<p>&nbsp;<\/p>\n<p>email: <a title=\"info@culturaliart.com \" href=\"mailto:info@culturaliart.com%20\" target=\"_blank\" rel=\"noopener\">info@culturaliart.com <\/a><\/p>\n<p>&nbsp;<\/p>\n<p>web: <a href=\"https:\/\/culturaliart.musvc2.net\/e\/t?q=7%3dNQLXG%26B%3dJ%26H%3dNQJ%26I%3dGZPdN%26K%3d1N9F_Auhp_L5_7qlt_G6_Auhp_K0BMF.70BCO715CpHC.74C_Auhp_K0_7qlt_H6DN2_I8O73x_Lfsi_WsDxQ8BxN5p1t95A_Lfsi_VKKCG_25wC0C_Auhp_L8tCtC1_Hjwe_ROO9C_v52FtCvD_Auhp_L8212F0F%26w%3dG0IE7G.DxN%26xI%3dJUNRR&amp;mupckp=mupAtu4m8OiX0wt\" target=\"_blank\" rel=\"noopener\" data-saferedirecturl=\"https:\/\/www.google.com\/url?q=https:\/\/culturaliart.musvc2.net\/e\/t?q%3D7%253dNQLXG%2526B%253dJ%2526H%253dNQJ%2526I%253dGZPdN%2526K%253d1N9F_Auhp_L5_7qlt_G6_Auhp_K0BMF.70BCO715CpHC.74C_Auhp_K0_7qlt_H6DN2_I8O73x_Lfsi_WsDxQ8BxN5p1t95A_Lfsi_VKKCG_25wC0C_Auhp_L8tCtC1_Hjwe_ROO9C_v52FtCvD_Auhp_L8212F0F%2526w%253dG0IE7G.DxN%2526xI%253dJUNRR%26mupckp%3DmupAtu4m8OiX0wt&amp;source=gmail&amp;ust=1671292715254000&amp;usg=AOvVaw06Jn-_d59CAIur3YYo3TcF\">www.culturaliart.com<\/a><\/p>\n<p>&nbsp;<\/p>\n<\/div>\n<\/div>\n<\/td>\n<\/tr>\n<\/tbody>\n<\/table>\n<\/td>\n<\/tr>\n<\/tbody>\n<\/table>\n<\/td>\n<\/tr>\n<\/tbody>\n<\/table>\n","protected":false},"excerpt":{"rendered":"<p>Street art for Rights Forum Festival: in arrivo a Roma un imponente murale di 40 metri realizzato dalla street artist [&hellip;]<\/p>\n","protected":false},"author":1,"featured_media":0,"comment_status":"open","ping_status":"open","sticky":false,"template":"","format":"standard","meta":{"footnotes":""},"categories":[4,10],"tags":[],"class_list":["post-31116","post","type-post","status-publish","format-standard","hentry","category-cultura","category-italiano"],"_links":{"self":[{"href":"https:\/\/www.ecoitaliano.com.ar\/index.php?rest_route=\/wp\/v2\/posts\/31116","targetHints":{"allow":["GET"]}}],"collection":[{"href":"https:\/\/www.ecoitaliano.com.ar\/index.php?rest_route=\/wp\/v2\/posts"}],"about":[{"href":"https:\/\/www.ecoitaliano.com.ar\/index.php?rest_route=\/wp\/v2\/types\/post"}],"author":[{"embeddable":true,"href":"https:\/\/www.ecoitaliano.com.ar\/index.php?rest_route=\/wp\/v2\/users\/1"}],"replies":[{"embeddable":true,"href":"https:\/\/www.ecoitaliano.com.ar\/index.php?rest_route=%2Fwp%2Fv2%2Fcomments&post=31116"}],"version-history":[{"count":0,"href":"https:\/\/www.ecoitaliano.com.ar\/index.php?rest_route=\/wp\/v2\/posts\/31116\/revisions"}],"wp:attachment":[{"href":"https:\/\/www.ecoitaliano.com.ar\/index.php?rest_route=%2Fwp%2Fv2%2Fmedia&parent=31116"}],"wp:term":[{"taxonomy":"category","embeddable":true,"href":"https:\/\/www.ecoitaliano.com.ar\/index.php?rest_route=%2Fwp%2Fv2%2Fcategories&post=31116"},{"taxonomy":"post_tag","embeddable":true,"href":"https:\/\/www.ecoitaliano.com.ar\/index.php?rest_route=%2Fwp%2Fv2%2Ftags&post=31116"}],"curies":[{"name":"wp","href":"https:\/\/api.w.org\/{rel}","templated":true}]}}