{"id":31118,"date":"2022-12-16T22:28:00","date_gmt":"2022-12-16T22:28:00","guid":{"rendered":"http:\/\/www.ecoitaliano.com.ar\/?p=31118"},"modified":"2022-12-17T09:34:59","modified_gmt":"2022-12-17T09:34:59","slug":"la-magia-di-franco-fasano-premiata-al-festival-del-nuovo-rinascimento-a-milano","status":"publish","type":"post","link":"https:\/\/www.ecoitaliano.com.ar\/?p=31118","title":{"rendered":"La magia di Franco Fasano premiata al Festival del Nuovo Rinascimento a Milano"},"content":{"rendered":"<p>&nbsp;<\/p>\n<div id='gallery-1' class='gallery galleryid-31118 gallery-columns-4 gallery-size-thumbnail'><figure class='gallery-item'>\n\t\t\t<div class='gallery-icon portrait'>\n\t\t\t\t<a href='https:\/\/www.ecoitaliano.com.ar\/?attachment_id=31119'><img decoding=\"async\" width=\"150\" height=\"150\" src=\"https:\/\/www.ecoitaliano.com.ar\/wp-content\/uploads\/2022\/12\/320390136_452672657013959_2888890495134442201_n-150x150.jpg\" class=\"attachment-thumbnail size-thumbnail\" alt=\"\" \/><\/a>\n\t\t\t<\/div><\/figure><figure class='gallery-item'>\n\t\t\t<div class='gallery-icon landscape'>\n\t\t\t\t<a href='https:\/\/www.ecoitaliano.com.ar\/?attachment_id=31120'><img decoding=\"async\" width=\"150\" height=\"150\" src=\"https:\/\/www.ecoitaliano.com.ar\/wp-content\/uploads\/2022\/12\/320449950_646121380539492_623162536485353292_n-150x150.jpg\" class=\"attachment-thumbnail size-thumbnail\" alt=\"\" \/><\/a>\n\t\t\t<\/div><\/figure><figure class='gallery-item'>\n\t\t\t<div class='gallery-icon landscape'>\n\t\t\t\t<a href='https:\/\/www.ecoitaliano.com.ar\/?attachment_id=31121'><img decoding=\"async\" width=\"150\" height=\"150\" src=\"https:\/\/www.ecoitaliano.com.ar\/wp-content\/uploads\/2022\/12\/fasano1-150x150.jpg\" class=\"attachment-thumbnail size-thumbnail\" alt=\"\" \/><\/a>\n\t\t\t<\/div><\/figure><figure class='gallery-item'>\n\t\t\t<div class='gallery-icon landscape'>\n\t\t\t\t<a href='https:\/\/www.ecoitaliano.com.ar\/?attachment_id=31122'><img decoding=\"async\" width=\"150\" height=\"150\" src=\"https:\/\/www.ecoitaliano.com.ar\/wp-content\/uploads\/2022\/12\/fasano2-150x150.jpg\" class=\"attachment-thumbnail size-thumbnail\" alt=\"\" \/><\/a>\n\t\t\t<\/div><\/figure>\n\t\t<\/div>\n\n<p><strong>La magia di Franco Fasano premiata al Festival del Nuovo Rinascimento a Milano<\/strong><\/p>\n<p>&nbsp;<\/p>\n<p>Non c\u2019\u00e8 niente di pi\u00f9 magico che entrare nel cuore della musica e viverla dall\u2019interno. \u00c8 ci\u00f2 che \u00e8 accaduto al Festival del Nuovo Rinascimento, da Novembre in corso a Milano nella sede del Centro Leonardo da Vinci Artexpo in via Carlo Torre 24, che ha goduto della prestigiosa presenza di Franco Fasano, tra i pi\u00f9 grandi autori e compositori della canzone italiana, autore di numerosi brani di successo tra cui \u201cTi lascer\u00f2\u201d, cantata da Anna Oxa e Fausto Leali (canzone che visse il Festival di Sanremo nel 1989), \u201cIo amo\u201d, \u201cMi manchi\u201d, \u201cRegalami un sorriso\u201d e moltissimi altri straordinari capolavori che hanno accompagnato il corso delle nostre esistenze.<\/p>\n<p>Il famoso cantautore \u00e8 stato premiato con il prestigioso \u201cPremio alla carriera del Festival del Nuovo Rinascimento \u201822-\u201823\u201d corredato dalla seguente motivazione: \u201cAd un talento meraviglioso che con le proprie canzoni da decenni riempie d\u2019amore i cuori degli italiani\u201d. Il Premio \u00e8 stato consegnato dall\u2019artista Davide Foschi, fondatore del Nuovo Rinascimento, e dalla giornalista e scrittrice Stefania Romito che hanno condotto la serata.<\/p>\n<p>Di grande intensit\u00e0 emozionale sono stati i momenti in cui Franco Fasano ha ricordato i genitori, Antonio Fasano e Prudenzina Ferrari, che hanno contribuito a rendere la sua esistenza prodigiosa sostenendolo e individuando in lui, fin dagli albori, un immenso talento. Il suo debutto a Sanremo nel 1981, con la suggestiva \u201cUn\u2019isola alla Hawaii\u201d, \u00a0ha rappresentato una tappa fondamentale, anche se in realt\u00e0 l\u2019emozione di quel palco Fasano l\u2019aveva gi\u00e0 vissuta da bambino durante un concorso canoro dedicato ai pi\u00f9 piccoli, a sancire un destino gi\u00e0 segnato. E poi il prodigioso 1989 che l\u2019ha consacrato al successo con la canzone vincitrice \u201cTi lascer\u00f2\u201d e l\u2019indimenticata interpretazione di \u201cE quel giorno non mi perderai pi\u00f9\u201d.<\/p>\n<p>Un destino che si stava compiendo e che l\u2019ha portato a collaborare con i pi\u00f9 grandi nomi della musica italiana, firmando brani per Peppino di Capri, Drupi, Fiordaliso, Fausto Leali, Toto Cutugno, Massimo Ranieri, Mina, Raffaella Carr\u00e0, Loretta Goggi.<\/p>\n<p>Nella sua appassionante autobiografia, intitolata \u201cIo amo\u201d, scritta insieme a Massimiliano Beneggi, Fasano ripercorre le tappe principali della sua brillante carriera svelando particolari inediti legati alla genesi di successi intramontabili. Un libro fondamentale per comprendere i meccanismi che si celano dietro la nascita di una canzone, dal momento ispiratore fino alla stesura del testo e della partitura. Franco Fasano, con l\u2019umilt\u00e0 dei grandi, ha saputo commuovere il pubblico interpretando se stesso e manifestando una natura autenticamente pura. Quella purezza innata che l\u2019ha portato, non a caso, a scrivere numerosi brani per lo Zecchino d\u2019oro e a firmare numerose sigle di cartoni animati.<\/p>\n<p>Al termine dell\u2019incontro, Franco Fasano ha donato al pubblico attimi indimenticabili intonando alcune note di \u201cTi lascer\u00f2\u201d, accompagnato alla tastiera da Massimiliano Contato.<\/p>\n<p>Un\u2019anima modernamente romantica in grado di creare meraviglie musicali di profonda suggestione empatica. Il suo cd \u201cFortissimissimo\u201d \u00e8 uno scrigno di preziosit\u00e0 musicali. \u201cIncontro\u201d, \u201cMi manchi\u201d, \u201cRegalami un sorriso\u201d, \u201cLa luna\u201d, \u201cIo amo\u201d, Colpevole\u201d, \u201cDa fratello a fratello\u201d, \u201cE quel giorno non mi perderai pi\u00f9\u201d, \u201cTi lascer\u00f2\u201d sono soltanto alcuni dei brani, interpretati dallo stesso cantautore, contenuti in questa magica raccolta che ripercorre l\u2019esclusivo cammino di un uomo che fin da bambino aveva gi\u00e0 tracciato il suo destino. Quello di creatore di magia tra le note sensuali dell\u2019amore sogno.<\/p>\n","protected":false},"excerpt":{"rendered":"<p>&nbsp; La magia di Franco Fasano premiata al Festival del Nuovo Rinascimento a Milano &nbsp; Non c\u2019\u00e8 niente di pi\u00f9 [&hellip;]<\/p>\n","protected":false},"author":1,"featured_media":0,"comment_status":"open","ping_status":"open","sticky":false,"template":"","format":"standard","meta":{"footnotes":""},"categories":[33,10],"tags":[],"class_list":["post-31118","post","type-post","status-publish","format-standard","hentry","category-espectaculo","category-italiano"],"_links":{"self":[{"href":"https:\/\/www.ecoitaliano.com.ar\/index.php?rest_route=\/wp\/v2\/posts\/31118","targetHints":{"allow":["GET"]}}],"collection":[{"href":"https:\/\/www.ecoitaliano.com.ar\/index.php?rest_route=\/wp\/v2\/posts"}],"about":[{"href":"https:\/\/www.ecoitaliano.com.ar\/index.php?rest_route=\/wp\/v2\/types\/post"}],"author":[{"embeddable":true,"href":"https:\/\/www.ecoitaliano.com.ar\/index.php?rest_route=\/wp\/v2\/users\/1"}],"replies":[{"embeddable":true,"href":"https:\/\/www.ecoitaliano.com.ar\/index.php?rest_route=%2Fwp%2Fv2%2Fcomments&post=31118"}],"version-history":[{"count":0,"href":"https:\/\/www.ecoitaliano.com.ar\/index.php?rest_route=\/wp\/v2\/posts\/31118\/revisions"}],"wp:attachment":[{"href":"https:\/\/www.ecoitaliano.com.ar\/index.php?rest_route=%2Fwp%2Fv2%2Fmedia&parent=31118"}],"wp:term":[{"taxonomy":"category","embeddable":true,"href":"https:\/\/www.ecoitaliano.com.ar\/index.php?rest_route=%2Fwp%2Fv2%2Fcategories&post=31118"},{"taxonomy":"post_tag","embeddable":true,"href":"https:\/\/www.ecoitaliano.com.ar\/index.php?rest_route=%2Fwp%2Fv2%2Ftags&post=31118"}],"curies":[{"name":"wp","href":"https:\/\/api.w.org\/{rel}","templated":true}]}}