{"id":31131,"date":"2022-12-18T03:02:48","date_gmt":"2022-12-18T03:02:48","guid":{"rendered":"http:\/\/www.ecoitaliano.com.ar\/?p=31131"},"modified":"2022-12-18T03:03:02","modified_gmt":"2022-12-18T03:03:02","slug":"serena-conduce-operaclassica-eco-italiano-1986","status":"publish","type":"post","link":"https:\/\/www.ecoitaliano.com.ar\/?p=31131","title":{"rendered":"Serena conduce operaclassica eco italiano"},"content":{"rendered":"<p style=\"text-align: center;\"><a href=\"http:\/\/www.ecoitaliano.com.ar\/wp-content\/uploads\/2022\/12\/ghjk.jpg\"><img decoding=\"async\" class=\"alignnone size-full wp-image-30888\" src=\"http:\/\/www.ecoitaliano.com.ar\/wp-content\/uploads\/2022\/12\/ghjk.jpg\" alt=\"\" width=\"244\" height=\"119\" srcset=\"https:\/\/www.ecoitaliano.com.ar\/wp-content\/uploads\/2022\/12\/ghjk.jpg 244w, https:\/\/www.ecoitaliano.com.ar\/wp-content\/uploads\/2022\/12\/ghjk-150x73.jpg 150w\" sizes=\"(max-width: 244px) 100vw, 244px\" \/><\/a><\/p>\n<p><strong>Comunicato Stampa<\/strong><\/p>\n<p><strong>\u00a0<\/strong><\/p>\n<p><strong>Il Teatro di San Carlo in tourn\u00e9e a Praga <\/strong><\/p>\n<p><strong>per il centenario dell\u2019Istituto Italiano di Cultura <\/strong><\/p>\n<p><strong>\u00a0<\/strong><\/p>\n<p><strong>Evento promosso dal <\/strong><strong>Ministero degli Affari Esteri e della Cooperazione Internazionale<\/strong><\/p>\n<p><strong>\u00a0<\/strong><\/p>\n<p><strong>Domenica 18 dicembre \u2013 ore 19.30<\/strong><\/p>\n<p><strong>\u00a0<\/strong><\/p>\n<p><strong>sala Dvo\u0159\u00e1k Auditorium Rudolfinum<\/strong><\/p>\n<p>&nbsp;<\/p>\n<p>Il Teatro di San Carlo, il pi\u00f9 antico teatro d\u2019Opera del mondo in attivit\u00e0 dalla sua fondazione, nel 1737, e tra i maggiori simboli della cultura italiana, celebra con una tourn\u00e9e il primo degli Istituti Italiani di Cultura all\u2019estero, quello di Praga.<\/p>\n<p>&nbsp;<\/p>\n<p>Orchestra e Accademia del Massimo napoletano diretti da Maurizio Agostini, si esibiranno domenica 18 dicembre nella sala Dvo\u0159\u00e1k dell\u2019Auditorium Rudolfinum sede della Filarmonica Ceca, nell\u2019ambito delle celebrazioni per il centenario della fondazione dell\u2019Istituto Italiano di Cultura di Praga, promosso dal Ministero degli Affari Esteri e della Cooperazione Internazionale, dalla Direzione Generale per la Diplomazia Pubblica e Culturale in collaborazione con l\u2019Ambasciata d\u2019Italia e l\u2019Istituto Italiano di Cultura di Praga.<\/p>\n<p>&nbsp;<\/p>\n<p>In programma arie da opera e ouverture dai capolavori di Wolfgang Amadeus Mozart, Gioachino Rossini, Vincenzo Bellini, Gaetano Donizetti, Giuseppe Verdi e Giacomo Puccini.<\/p>\n<p>&nbsp;<\/p>\n<p>Il compito di comunicare attraverso l\u2019arte musicale dei grandi compositori italiani dell\u2019Ottocento \u00e8 dunque affidato all\u2019Orchestra e al pi\u00f9 giovane organico del Teatro napoletano, l\u2019Accademia di Canto Lirico, voluta da St\u00e9phane Lissner e avviata nel 2021 durante la pandemia di Covid-19 che aveva a lungo paralizzato anche i teatri d\u2019opera di tutto il mondo, come simbolo di rigenerazione e rinascita.<\/p>\n<p>Su centinaia di candidati, soltanto 11 giovani cantanti, provenienti da Paesi come Armenia, Cina, Giappone, Cuba, Lituania e Georgia, oltre che naturalmente dall\u2019Italia, sono stati ammessi al primo biennio di studio dell\u2019Accademia, diretta da Ilias Tzempetonidis, ed affidata alle esperte cure di Mariella Devia, uno dei nomi di cantanti pi\u00f9 illustri della recente storia dell\u2019opera nel mondo.<\/p>\n<p>&nbsp;<\/p>\n<p><em>\u201cDalla nascita del primo Istituto Italiano di Cultura cento anni fa \u2013 <\/em>ricorda il Direttore Generale per la Diplomazia Pubblica e Culturale del Ministero degli Affari Esteri e Cooperazione Internazionale, Ambasciatore Pasquale Q. Terracciano &#8211; <em>la nostra rete conta oggi 84 sedi che nel 2021 hanno realizzato oltre 5 mila eventi di promozione culturale. In occasione del Centenario, abbiamo preparato per la capitale ceca una serie di iniziative di primissimo ordine: la rappresentazione teatrale <\/em><em>\u201c<\/em><em>Perch\u00e9 non io? \/ Why Not Me?\u201d, co-prodotta da Fondazione Campania dei Festival e Napoli Est Teatro, lo spettacolo \u201cLe voci di Dante\u201d che ha visto Toni Servillo impegnato a recitare i versi del Sommo Poeta di fronte al pubblico ceco; l\u2019inaugurazione di una straordinaria mostra sul presepe napoletano in collaborazione con il Ministero della Cultura, per concludere con il concerto dell\u2019Orchestra del Teatro di San Carlo all\u2019auditorium Rudolfinum. <\/em><em>Il palinsesto realizzato a Praga presenta non casualmente un forte collegamento con la scena artistica della citt\u00e0 di Napoli, poich\u00e9 \u00e8 stato ideato nell\u2019alveo della Conferenza delle Direttrici e dei Direttori degli Istituti Italiani di Cultura, svoltasi proprio a Napoli, nel Teatro San Carlo, lo scorso luglio, grazie alla scelta della Farnesina di uscire dal proprio perimetro per andare a conoscere i territori e le istituzioni locali. Una scelta da cui sono nate collaborazioni proficue, di cui possiamo oggi apprezzare i risultati\u201d.<\/em><\/p>\n<p>Al Teatro di San Carlo dunque \u00e8 affidato l\u2019evento conclusivo delle celebrazioni.<\/p>\n<p>\u201c<em>Uno straordinario concerto nel segno della cultura e della pace, questo lo spirito che animer\u00e0 l\u2019esibizione dell\u2019Orchestra del Teatro di San Carlo a Praga \u2013 <\/em>afferma il Presidente della Fondazione Teatro di San Carlo e Sindaco di Napoli Gaetano Manfredi<em>&#8211; una ulteriore occasione per restituire centralit\u00e0 a Napoli nel mondo tramite una grande istituzione culturale\u201d.<\/em><\/p>\n<p><em>\u00a0<\/em><\/p>\n<p>Si dice soddisfatto il Sovrintendente del Teatro San Carlo St\u00e9phane Lissner che sottolinea come \u201c<em>il nostro Teatro<\/em> con <em>questa tourn\u00e9e torni a farsi ambasciatore della cultura italiana nel mondo. Dopo anni di stop a causa della pandemia il San Carlo torna infatti ad esibirsi all\u2019estero e lo fa oltre che con la sua orchestra, con uno dei progetti a cui teniamo di pi\u00f9, la nostra Accademia, fucina dei talenti di domani. \u00c8 per questo che desidero rivolgere un ringraziamento particolare<\/em><em> alla Direzione Generale per la Diplomazia Pubblica e Culturale diretta dall\u2019Ambasciatore Pasquale Quito Terracciano e a tutto il suo staff\u201d.<\/em><\/p>\n<p><em>\u00a0<\/em><\/p>\n<p>Dopo gli anni bui della pandemia finalmente il Massimo partenopeo pu\u00f2 riprendere i suoi viaggi per portare la sua musica nel mondo.<\/p>\n<p>&nbsp;<\/p>\n<p><em>\u201c<\/em><em>Il Teatro San Carlo &#8211; <\/em>dichiara il direttore generale Emmanuela Spedaliere<em> &#8211; ha una storica vocazione internazionale. Dopo la tragedia della seconda guerra mondiale \u00e8 stato il primo teatro italiano che ha avuto il coraggio di uscire immediatamente dai confini nazionali. Nel 1946 si svolse una memorabile tourn\u00e9e a Londra, al Covent Garden, mentre a Napoli, contemporaneamente, andavano in scena Traviata, Lohengrin, Boh\u00e8me, Boris Godunov e Madama Butterfly. Oggi la Fondazione celebra, con la sua orchestra e i giovani solisti dell\u2019Accademia di canto, il 100\u00b0 anniversario della nascita del primo Istituto italiano di cultura a Praga nel 1922. \u00a0Per il teatro \u00e8 la prima tourn\u00e9e dopo la pandemia e lo spirito credo sia lo stesso del dopoguerra. Ripartire richiede sempre una nuova energia e il coraggio di lanciarsi in nuove sfide\u201d.<\/em><\/p>\n<p><em>\u00a0<\/em><\/p>\n<p>Per la prima volta in tourn\u00e9e i giovani solisti dell\u2019Accademia di canto del Teatro San Carlo guidati da Mariella Devia, considerata tra le migliori vocaliste della scuola di canto italiana contemporanea, daranno prova del loro talento anche all\u2019estero.<\/p>\n<p>L\u2019Accademia, si propone di formare e perfezionare giovani talenti della lirica, di entrambi i sessi, offrendo l\u2019opportunit\u00e0 di formarsi artisticamente sviluppando le caratteristiche essenziali per intraprendere un percorso lavorativo di cantante lirico professionista. Gli aspiranti cantanti lirici hanno tutti conseguito un diploma al Conservatorio e qualcuno di loro ha gi\u00e0 avuto qualche esperienza in teatro. Le attivit\u00e0 sono incentrate sul repertorio del \u2018700 napoletano e del Belcanto e si propongono di garantire la trasmissione della tradizione lirica italiana alle nuove generazioni.<\/p>\n<p><em>\u201cIl prestigio di questa tourn\u00e9e che vede protagonisti la nostra Orchestra e gli allievi della nostra Accademia ci conferma che siamo sulla strada giusta e che valorizzare i talenti delle nostre maestranze senza rinunciare a formare una nuova generazione di artisti per il palcoscenico del futuro pu\u00f2 rivelarsi una strategia vincente per un Teatro con la storia e l\u2019importanza del San Carlo\u201d <\/em>afferma il direttore dell\u2019Accademia Ilias Tzempetonidis<em>.\u00a0 <\/em><\/p>\n<p><strong>\u00a0<\/strong><\/p>\n<p><strong>\u00a0<\/strong><\/p>\n<p><em>\u00a0<\/em><\/p>\n<p><em>Guida all\u2019Ascolto dal programma di sala del concerto<\/em><\/p>\n<p><em>di Dinko Fabris<\/em><\/p>\n<p><strong>\u00a0<\/strong><\/p>\n<p><strong><em>Il secolo d\u2019oro del belcanto da Mozart a Puccini: dare voce alle nuove generazioni <\/em><\/strong><\/p>\n<p><strong><em>\u00a0<\/em><\/strong><\/p>\n<p>Questo programma \u00e8 stato concepito per la prima tourn\u00e9e internazionale dell\u2019Accademia di Canto Lirico del Teatro di San Carlo, che parte con un concerto a Praga il prossimo 18 dicembre 2022 per celebrare il centenario della creazione in quella capitale del primo Istituto Italiano di Cultura all\u2019estero. Fin dall\u2019inizio del suo mandato il Sovrintendente St\u00e9phane Lissner aveva proposto l\u2019istituzione di una Accademia del Teatro di San Carlo, sul modello di quelle da lui volute prima alla Scala di Milano poi all\u2019Op\u00e9ra di Parigi. Dopo aver selezionato su centinaia di candidati una ristretta cerchia di una dozzina di giovani cantanti italiani e di diversi paesi del mondo, l\u2019Accademia del Teatro di San Carlo ha avviato il suo percorso formativo sotto la direzione di Ilias Tzempetonidis e la cura didattica affidata ad una delle pi\u00f9 luminose voci del Belcanto italiano del nostro tempo, Mariella Devia. Dopo un primo debutto pubblico nell\u2019estate 2021 al Palazzo Reale in occasione della mostra su Don Chisciotte (con esecuzione di arie dall\u2019omonima opera di Paisiello, che sar\u00e0 riprodotta integralmente al termine della tourn\u00e9e internazionale a Parigi nel 2023) e l\u2019esordio con un recital per voci e pianoforte nella sala storica del San Carlo, per il concerto a Praga la giovane compagine dell\u2019Accademia propone simbolicamente, dopo un omaggio a Mozart, una scelta di pagine immortali delle cinque \u201ccorone\u201d italiane del melodramma ottocentesco: Rossini, Bellini, Donizetti, Verdi e Puccini, alternate a un Intermezzo e a Ouverture strumentali eseguiti dall\u2019Orchestra del Teatro di San Carlo. Noteremo che oggi si tende ad assegnare alla parola Belcanto un significato meno legato cronologicamente ad un periodo storico ed a precise tecniche esecutive, restituendo l\u2019idea etimologica della bellezza dell\u2019intonazione vocale virtuosistica, mai piegata alla tecnica fine a se stessa.<\/p>\n<p>Tutti gli autori in programma sono strettamente collegati a Napoli e in particolare alla storia del massimo teatro napoletano. Nel 1770 Wolfgang Amadeus Mozart, ancora quattordicenne, giunse a Napoli col padre Leopold allo scopo di abbeverarsi alla fonte di quelli che erano considerati allora i maggiori compositori d\u2019opera del mondo, i napoletani. Ascolt\u00f2 un\u2019opera di Jommelli al Teatro di San Carlo, che aveva allora gi\u00e0 43 anni di vita e ricevette la promessa della commissione di un\u2019opera che purtroppo non fu poi mai scritta. Ancora un\u2019 eco del viaggio giovanile a Napoli si ritrova nell\u2019ultima opera di Mozart rappresentata poche settimane prima della sua scomparsa, nel 1791, <em>Die<\/em> <em>Zauberfl\u00f6te<\/em> (Il Flauto magico): Wolfgang ragazzo era stato cos\u00ec impressionato dalla visita al Tempio di Iside, riscoperto perfettamente integro negli scavi di Pompei nel 1764, da volerne una riproduzione per la scenografia originale del suo Singspiel di forte impostazione massonica. La seconda, funambolica, aria della Regina della notte \u201cDer H\u00f6lle Rache kocht in meinem Herzen\u201d (La vendetta dell&#8217;Inferno ribolle nel mio cuore) \u00e8 del resto modellata sulle tante arie di furore tipiche del melodramma italiano, e specialmente napoletano, della seconda met\u00e0 del Settecento. Con Mozart e i suoi contemporanei italiani si pu\u00f2 dire che nasca il periodo d\u2019oro del Belcanto, una vera estetica sonora piuttosto che uno stile esecutivo, che domin\u00f2 per quasi un secolo le scene dei principali teatri del mondo, attraverso generazioni di straordinari interpreti, dive e divi osannati come e forse pi\u00f9 delle odierne pop-star, che avevano a disposizione un repertorio di straordinario livello tecnico e artistico creato appunto dalle gi\u00e0 ricordate \u201ccorone\u201d dell\u2019opera italiana, insieme a tanti coetanei oggi in gran parte dimenticati.<\/p>\n<p>Il giovane Vincenzo Bellini, giunto a Napoli dalla nativa Catania per studiare al Conservatorio napoletano, fece il suo debutto a 24 anni sulle scene del Teatro di San Carlo nel 1826, invitato dall\u2019impresario Domenico Barbaja che volle poi lanciarne il talento alla Scala di Milano aprendone la carriera internazionale. <em>I Puritani<\/em>, l\u2019opera conclusiva del catalogo belliniano, era stata concepita per l\u2019Op\u00e9ra di Parigi ma avrebbe dovuto essere riproposta subito dopo al Teatro di San Carlo, in una versione appositamente redatta da Bellini: la morte prematura del compositore e una sfortunata spedizione lo hanno impedito, ma la recente ripresa filologica al San Carlo nel settembre scorso ha consentito di apprezzare un capolavoro non spesso eseguito. \u201cO rendetemi la speme\/Qui la voce sua soave\u201d \u00e8 il momento intenso e dolce in cui si manifesta la pazzia per amore della protagonista dei <em>Puritani<\/em>, Elvira, di fronte allo zio Giorgio e al rivale del suo promesso sposo, Riccardo.<\/p>\n<p>Anche Gioachino Rossini era stato scoperto giovanissimo dall\u2019intuizione dell\u2019impresario Barbaja, che lo invit\u00f2 a Napoli nel 1815 e subito dopo gli affid\u00f2 la direzione del Teatro di San Carlo, dove il pesarese rimase fino al 1822, producendo sulle scene napoletane alcuni dei suoi pi\u00f9 importanti capolavori prima di trasferirsi definitivamente a Parigi. Qui la sua carriera fu chiusa con un Grand Op\u00e9ra in francese, il <em>Guillaume Tell<\/em>, nel 1829. Rossini aveva esordito con farse e opere comiche che ne avevano gi\u00e0 messo in luce le qualit\u00e0, fase culminante con il celebre <em>Barbiere di Siviglia<\/em>, che ebbe la prima a Roma nel 1816: \u201cUna voce poco fa\u201d \u00e8 la cavatina di esordio della protagonista Rosina, brano dalle temibili difficolt\u00e0 tecniche.<\/p>\n<p>Dopo la partenza di Rossini, fu chiamato a dirigere il Teatro di San Carlo Gaetano Donizetti, che aveva studiato nella nativa Bergamo ma che avrebbe poi scritto la gran parte delle sue opere pi\u00f9 acclamate proprio nel lungo periodo di permanenza a Napoli, prima di partire a sua volta per l\u2019avventura di Parigi. Anche lui, come Rossini, scrisse come sua ultimo titolo per Parigi nel 1840 un Grand Op\u00e9ra in francese, <em>La Favorite<\/em>, rielaborazione a sua volta di un soggetto storico ambientato a Napoli (<em>L\u2019ange de Nisida<\/em>). Tra i tanti titoli \u201cnapoletani\u201d di Donizetti il posto d\u2019onore spetta certamente alla sua <em>Lucia di Lammermoor<\/em>, che ebbe la prima al San Carlo nel 1835, iniziando da l\u00ec un percorso mondiale che non si \u00e8 mai arrestato. Sar\u00e0 questa un\u2019occasione per confrontare la precedente aria di follia belliniana con questa celeberrima della protagonista di Lucia, nel finale dell\u2019opera. Uno dei momenti pi\u00f9 alti del teatro musicale di tutti i tempi.<\/p>\n<p>Giuseppe Verdi, il pi\u00f9 grande operista della seconda met\u00e0 dell\u2019Ottocento, fu a Napoli quattro volte presentando al San Carlo alcuni dei suoi lavori pi\u00f9 importanti, in alcuni casi prime assolute: <em>Alzira, Luisa Miller<\/em> e la prima versione in italiano de <em>Les v\u00eapres siciliennes<\/em> (l\u2019originale era stato composto come Grand Op\u00e9ra e presentato in francese al teatro di Parigi nel 1855) oltre a una importante versione ampiamente riveduta del <em>Don Carlo<\/em> in italiano. <em>Rigoletto<\/em>, del 1851, appartiene (con <em>Traviata<\/em> e <em>Trovatore<\/em>) a quel periodo creativo di enorme successo per il quale fu coniato il termine di \u201cTrilogia popolare\u201d e del resto \u201cLa donna \u00e8 mobile\u201d &#8211; la melodia beffarda intonata dal duca di Mantova nel III e ultimo atto del <em>Rigoletto<\/em>, prima del tragico epilogo della vicenda &#8211; \u00e8 una delle arie per tenore pi\u00f9 famose dell\u2019intera storia della musica (ne esiste un\u2019incisione storica con la voce di Enrico Caruso). All\u2019atteggiamento cinico del duca si contrappone l\u2019aria iniziale di Gilda, \u201cCaro nome\u201d, in cui la ragazza ignara di essere stata ingannata canta la felicit\u00e0 dell\u2019amore appena scoperto e descrive l\u2019innocenza della figlia di Rigoletto che rester\u00e0 fedele a quell\u2019amore fino al sacrificio supremo, come nelle profetiche parole finali dell\u2019aria: \u201cE fin l\u2019ultimo sospir, caro nome, tuo sar\u00e0.\u201d<\/p>\n<p>Tutti i compositori di questo concerto, oltre che con Napoli, sono collegati a Parigi: le due citt\u00e0 non per caso furono giudicate da Stendhal \u201cle sole due capitali\u201d. Alcuni di loro ebbero con la capitale francese un rapporto ambivalente, a volte difficile, a cominciare dal giovane Mozart, fino a Bellini e Donizetti che pure vi avevano trionfato nel finale della loro vita. A Parigi sono ambientate alcune delle opere pi\u00f9 celebri di Giacomo Puccini, a cominciare da <em>Manon Lescaut<\/em> nel 1893, un testo di origine settecentesca gi\u00e0 musicato in francese da Jules Massenet dieci anni prima. L\u2019Intermezzo che precede l\u2019attuale secondo atto dell\u2019opera, giustamente famoso, \u00e8 considerato un prototipo per i numerosi simili numeri strumentali inseriti negli anni successivi dai compositori cosiddetti \u201cveristi\u201d nelle loro opere pi\u00f9 celebri, a cominciare da Mascagni nella <em>Cavalleria rusticana<\/em>. Di ambientazione totalmente differente \u00e8 <em>Madama Butterfly<\/em>, trionfo dell\u2019esotismo di primo Novecento presentata da Puccini alla Scala di Milano nel 1904 con enorme successo. Uno dei punti nevralgici dell\u2019opera \u00e8 l\u2019aria della protagonista Cio-Cio-San (la geisha chiamata \u201cmadama Butterfly\u201d) che, rivolta alla sua cameriera Suzuki, descrive la sua traboccante felicit\u00e0 per l\u2019imminente ritorno del suo sposo americano, Pinkerton: ma la visione \u00e8 frutto della sua illusione che la porter\u00e0 al tragico epilogo. In <em>Tosca<\/em>, allestita per la prima volta a Roma nel 1900, la protagonista del titolo \u00e8 una cantante e dunque Puccini si misura con la tecnica del \u201cteatro nel teatro\u201d, ancor pi\u00f9 pregnante nella celebre aria del II atto in cui Floria Tosca intona una preghiera a Dio in cui descrive il suo mestiere di artista: \u00e8 la sua reazione inorridita alla richiesta del capo della polizia papalina, Scarpia, di ottenere il suo corpo in cambio della vita dell\u2019amante pittore Mario, e non a caso dopo questo momento di estrema intensit\u00e0 si compie l\u2019atto liberatorio con cui Tosca uccide il suo persecutore. Quasi vent\u2019anni dopo <em>Tosca<\/em>, Puccini scrisse la sua unica opera comica, <em>Gianni Schicchi<\/em>, presentata al Metropolitan Opera di New York nel 1918 come parte del famoso \u201cTrittico\u201d (con <em>Tabarro<\/em> e <em>Suor Angelica<\/em>) ma ebbe poi anche vita autonoma derivata dal particolare favore del pubblico. La trama fu sviluppata dal librettista Giovacchino Forzano a partire da un episodio del canto XXX dell\u2019<em>Inferno <\/em>di Dante: l\u2019estroso Gianni Schicchi accetta la proposta indecorosa dei parenti dell\u2019appena defunto Buoso Donati di recitare la parte di quel ricco mercante col notaio che dovrebbe registrare un testamento a loro favore, ma gioca d\u2019astuzia intestando tutto a se stesso e proteggere cosi l\u2019amore di due ragazzi, Lauretta e Rinuccio. Ed \u00e8 proprio quest\u2019ultimo ad intonare parole che descrivono la giovinezza e la primavera dell\u2019amore: \u201cFirenze \u00e8 come un albero fiorito\u201d, dove si trovano espressioni come \u201cle radici\u2026forze nuove\u2026 Firenze germoglia\u2026 l\u2019Arno canta\u2026e il suo canto \u00e8 si dolce e s\u00ec sonoro\u201d. Con questo omaggio alla giovinezza e all\u2019amore si chiude il cerchio aperto in questo programma dal compositore sempre giovane per antonomasia, ossia Mozart, programma affidato alle giovani promesse del canto lirico che da Napoli cominciano il loro percorso europeo.<\/p>\n<p><strong>\u00a0<\/strong><\/p>\n<p><strong>\u00a0<\/strong><\/p>\n<p><strong>\u00a0<\/strong><\/p>\n<p><strong>\u00a0<\/strong><\/p>\n<p><strong>\u00a0<\/strong><\/p>\n<p><strong>\u00a0<\/strong><\/p>\n<p><strong>ORCHESTRA E ACCADEMIA DEL TEATRO DI SAN CARLO<\/strong><\/p>\n<p><em>\u00a0<\/em><\/p>\n<p>Direttore |\u00a0<strong>Maurizio Agostini<\/strong><\/p>\n<p><strong>\u00a0<\/strong><\/p>\n<p><strong>Allievi\u00a0dell\u2019Accademia del Teatro di San Carlo<\/strong><\/p>\n<p>Soprani |<strong>\u00a0Laura Ulloa,\u00a0Chiara Polese, Maria Sardaryan<\/strong><strong><br \/>\n<\/strong>Tenori|\u00a0<strong>Li Danyang,\u00a0Giorgi Guliashvili<\/strong><strong><br \/>\n<\/strong>Baritono |<strong>\u00a0Takaki Kurihara<\/strong><\/p>\n<p><em>\u00a0<\/em><br \/>\nProgramma<\/p>\n<p><strong>Gioachino Rossini<\/strong><br \/>\n<em>Guglielmo Tell, Ouverture<\/em><\/p>\n<p>&nbsp;<\/p>\n<p><strong>Vincenzo Bellini<\/strong><br \/>\n<em>I puritani<\/em>, \u201cO rendetemi la speme&#8230; Qui la voce sua soave\u201d<br \/>\nMaria Sardaryan | Soprano<\/p>\n<p>&nbsp;<\/p>\n<p><strong>Gioachino Rossini<\/strong><br \/>\n<em>Il barbiere di Siviglia<\/em>, \u201cUna voce poco fa\u201d<br \/>\nLaura Ulloa\u00a0| Soprano<\/p>\n<p>&nbsp;<\/p>\n<p><strong>Giacomo Puccini<\/strong><br \/>\nda<em>\u00a0Gianni Schicchi<\/em>, \u201cFirenze \u00e8 come un albero fiorito\u201d<br \/>\nLi Danyang |\u00a0Tenore<\/p>\n<p>&nbsp;<\/p>\n<p><strong>Giuseppe Verdi<\/strong><br \/>\n<em>I vespri siciliani, Ouverture<\/em><\/p>\n<p>&nbsp;<\/p>\n<p><strong><em>Gaetano Donizetti<\/em><\/strong><em><br \/>\nda L&#8217;Elisir d&#8217;amore,\u00a0\u201cU<\/em>na furtiva lagrima<em>\u201d<\/em><em><br \/>\n<\/em>Giorgi Guliashvili|\u00a0Tenore<\/p>\n<p>&nbsp;<\/p>\n<p><strong>Gaetano Donizetti<\/strong><br \/>\n<em>Lucia di Lammermoor,<\/em>\u00a0\u201cArdon gli incensi\u201d<br \/>\nMaria Sardaryan | Soprano<\/p>\n<p>&nbsp;<\/p>\n<p>&nbsp;<\/p>\n<p><strong>Giacomo Puccini<\/strong><br \/>\nda<em>\u00a0Madama Butterfly<\/em>, \u201cUn bel d\u00ec vedremo\u201d<br \/>\nChiara Polese\u00a0|\u00a0Soprano<\/p>\n<p>&nbsp;<\/p>\n<p><strong>Giuseppe Verdi<\/strong><br \/>\nda<em>\u00a0Rigoletto<\/em>, \u201cCaro nome\u201d<br \/>\nLaura Ulloa |\u00a0Soprano<\/p>\n<p>&nbsp;<\/p>\n<p><strong>Giacomo Puccini<\/strong><br \/>\nda<em>\u00a0Manon Lescaut<\/em>, \u201cIntermezzo\u201d<\/p>\n<p>&nbsp;<\/p>\n<p><strong>Giuseppe Verdi<\/strong><br \/>\nda<em>\u00a0Rigoletto<\/em>, \u201cLa donna \u00e8 mobile\u201d<br \/>\nLi Danyang |\u00a0Tenore<\/p>\n<p>&nbsp;<\/p>\n<p><strong>Giacomo Puccini<\/strong><br \/>\nda<em>\u00a0Tosca<\/em>, \u201cVissi d&#8217;arte\u201d<br \/>\nChiara Polese\u00a0|\u00a0Soprano<\/p>\n<p>&nbsp;<\/p>\n<p><strong>Wolfgang Amadeus Mozart<\/strong><br \/>\nda<em>\u00a0Die Zauberfl\u00f6te<\/em>, \u201cDer H\u00f6lle Rache\u201d<br \/>\nMaria Sardaryan | Soprano<\/p>\n<p>&nbsp;<\/p>\n<p><strong>Orchestra del Teatro di San Carlo<\/strong><\/p>\n<p><strong>\u00a0<\/strong><\/p>\n<p><strong><em>\u00a0<\/em><\/strong><\/p>\n<p><strong><em>\u00a0<\/em><\/strong><\/p>\n<p>&nbsp;<\/p>\n<p>&nbsp;<\/p>\n<p><strong>Rossana Russo<\/strong>,<\/p>\n<p>Responsabile della comunicazione creativa e strategica<\/p>\n<p>e relazioni con la Stampa<\/p>\n<p><a href=\"mailto:r.russo@teatrosancarlo.it\">r.russo@teatrosancarlo.it<\/a><\/p>\n<p>&nbsp;<\/p>\n<p>&nbsp;<\/p>\n<p><strong>Giulia Romito<\/strong>, Comunicazione e Stampa<\/p>\n<p><a href=\"mailto:g.romito@teatrosancarlo.it\">g.romito@teatrosancarlo.it<\/a> 0817972301<\/p>\n<figure id=\"attachment_31132\" aria-describedby=\"caption-attachment-31132\" style=\"width: 4096px\" class=\"wp-caption alignnone\"><a href=\"http:\/\/www.ecoitaliano.com.ar\/wp-content\/uploads\/2022\/12\/Accademia_Teatro-di-San-Carlo_ph.L.Romano_2022-1954-1.jpg\"><img decoding=\"async\" class=\"size-full wp-image-31132\" src=\"http:\/\/www.ecoitaliano.com.ar\/wp-content\/uploads\/2022\/12\/Accademia_Teatro-di-San-Carlo_ph.L.Romano_2022-1954-1.jpg\" alt=\"\" width=\"4096\" height=\"2732\" srcset=\"https:\/\/www.ecoitaliano.com.ar\/wp-content\/uploads\/2022\/12\/Accademia_Teatro-di-San-Carlo_ph.L.Romano_2022-1954-1.jpg 4096w, https:\/\/www.ecoitaliano.com.ar\/wp-content\/uploads\/2022\/12\/Accademia_Teatro-di-San-Carlo_ph.L.Romano_2022-1954-1-300x200.jpg 300w, https:\/\/www.ecoitaliano.com.ar\/wp-content\/uploads\/2022\/12\/Accademia_Teatro-di-San-Carlo_ph.L.Romano_2022-1954-1-768x512.jpg 768w, https:\/\/www.ecoitaliano.com.ar\/wp-content\/uploads\/2022\/12\/Accademia_Teatro-di-San-Carlo_ph.L.Romano_2022-1954-1-1024x683.jpg 1024w, https:\/\/www.ecoitaliano.com.ar\/wp-content\/uploads\/2022\/12\/Accademia_Teatro-di-San-Carlo_ph.L.Romano_2022-1954-1-150x100.jpg 150w\" sizes=\"(max-width: 4096px) 100vw, 4096px\" \/><\/a><figcaption id=\"caption-attachment-31132\" class=\"wp-caption-text\">Accademia_Teatro di San Carlo_ph.L.Romano_2022-1954<\/figcaption><\/figure>\n","protected":false},"excerpt":{"rendered":"<p>Comunicato Stampa \u00a0 Il Teatro di San Carlo in tourn\u00e9e a Praga per il centenario dell\u2019Istituto Italiano di Cultura \u00a0 [&hellip;]<\/p>\n","protected":false},"author":1,"featured_media":0,"comment_status":"open","ping_status":"open","sticky":false,"template":"","format":"standard","meta":{"footnotes":""},"categories":[1],"tags":[],"class_list":["post-31131","post","type-post","status-publish","format-standard","hentry","category-sin-categoria"],"_links":{"self":[{"href":"https:\/\/www.ecoitaliano.com.ar\/index.php?rest_route=\/wp\/v2\/posts\/31131","targetHints":{"allow":["GET"]}}],"collection":[{"href":"https:\/\/www.ecoitaliano.com.ar\/index.php?rest_route=\/wp\/v2\/posts"}],"about":[{"href":"https:\/\/www.ecoitaliano.com.ar\/index.php?rest_route=\/wp\/v2\/types\/post"}],"author":[{"embeddable":true,"href":"https:\/\/www.ecoitaliano.com.ar\/index.php?rest_route=\/wp\/v2\/users\/1"}],"replies":[{"embeddable":true,"href":"https:\/\/www.ecoitaliano.com.ar\/index.php?rest_route=%2Fwp%2Fv2%2Fcomments&post=31131"}],"version-history":[{"count":0,"href":"https:\/\/www.ecoitaliano.com.ar\/index.php?rest_route=\/wp\/v2\/posts\/31131\/revisions"}],"wp:attachment":[{"href":"https:\/\/www.ecoitaliano.com.ar\/index.php?rest_route=%2Fwp%2Fv2%2Fmedia&parent=31131"}],"wp:term":[{"taxonomy":"category","embeddable":true,"href":"https:\/\/www.ecoitaliano.com.ar\/index.php?rest_route=%2Fwp%2Fv2%2Fcategories&post=31131"},{"taxonomy":"post_tag","embeddable":true,"href":"https:\/\/www.ecoitaliano.com.ar\/index.php?rest_route=%2Fwp%2Fv2%2Ftags&post=31131"}],"curies":[{"name":"wp","href":"https:\/\/api.w.org\/{rel}","templated":true}]}}