{"id":31576,"date":"2023-01-03T11:57:24","date_gmt":"2023-01-03T11:57:24","guid":{"rendered":"http:\/\/www.ecoitaliano.com.ar\/?p=31576"},"modified":"2023-01-03T11:57:24","modified_gmt":"2023-01-03T11:57:24","slug":"la-benatana-viene-di-notte-e-con-il-sole-e-il-vento-della-magia-cosa-portera-alla-mia-rebecca-di-pierfranco-bruni","status":"publish","type":"post","link":"https:\/\/www.ecoitaliano.com.ar\/?p=31576","title":{"rendered":"La benatana viene di notte e con  il sole e il vento della magia. Cosa porter\u00e0 alla mia Rebecca?\u00a0 di Pierfranco Bruni\u00a0"},"content":{"rendered":"<p>&nbsp;<\/p>\n<p><a href=\"http:\/\/www.ecoitaliano.com.ar\/wp-content\/uploads\/2023\/01\/IMG-20221002-WA0018.jpg\"><img decoding=\"async\" class=\"alignnone size-full wp-image-31577\" src=\"http:\/\/www.ecoitaliano.com.ar\/wp-content\/uploads\/2023\/01\/IMG-20221002-WA0018.jpg\" alt=\"\" width=\"1200\" height=\"1600\" srcset=\"https:\/\/www.ecoitaliano.com.ar\/wp-content\/uploads\/2023\/01\/IMG-20221002-WA0018.jpg 1200w, https:\/\/www.ecoitaliano.com.ar\/wp-content\/uploads\/2023\/01\/IMG-20221002-WA0018-225x300.jpg 225w, https:\/\/www.ecoitaliano.com.ar\/wp-content\/uploads\/2023\/01\/IMG-20221002-WA0018-768x1024.jpg 768w, https:\/\/www.ecoitaliano.com.ar\/wp-content\/uploads\/2023\/01\/IMG-20221002-WA0018-113x150.jpg 113w\" sizes=\"(max-width: 1200px) 100vw, 1200px\" \/><\/a><\/p>\n<div class=\"gE iv gt\">\n<table class=\"cf gJ\" cellpadding=\"0\">\n<tbody>\n<tr class=\"acZ xD\">\n<td colspan=\"3\">\n<table class=\"cf adz\" cellpadding=\"0\">\n<tbody>\n<tr>\n<td class=\"ady\">\n<div id=\":d4\" class=\"ajy\" tabindex=\"0\" role=\"button\" aria-haspopup=\"true\" data-tooltip=\"Mostrar detalles\" aria-label=\"Mostrar detalles\"><img decoding=\"async\" class=\"ajz\" src=\"https:\/\/mail.google.com\/mail\/u\/0\/images\/cleardot.gif\" alt=\"\" \/><\/div>\n<\/td>\n<\/tr>\n<\/tbody>\n<\/table>\n<\/td>\n<\/tr>\n<\/tbody>\n<\/table>\n<\/div>\n<div id=\":at\">\n<div class=\"qQVYZb\"><\/div>\n<div class=\"utdU2e\"><\/div>\n<div class=\"lQs8Hd\"><\/div>\n<div class=\"btm\"><\/div>\n<\/div>\n<div class=\"\">\n<div class=\"aHl\"><\/div>\n<div id=\":d5\" tabindex=\"-1\"><\/div>\n<div id=\":er\" class=\"ii gt\">\n<div id=\":ae\" class=\"a3s aiL \">\n<div dir=\"auto\">\n<div class=\"adM\" dir=\"auto\"><\/div>\n<div dir=\"auto\">La benatana viene di notte e con\u00a0 il sole e il vento della magia. Cosa porter\u00e0 alla mia Rebecca?<\/div>\n<div dir=\"auto\"><\/div>\n<div dir=\"auto\">Pierfranco Bruni<\/div>\n<div dir=\"auto\"><\/div>\n<div dir=\"auto\">La favola bella che mai mi illuse e che mai si dimenticher\u00e0 e sempre magica diventer\u00e0&#8230;<\/div>\n<div dir=\"auto\">Era una notte buia e senza punti di stelle. O forse era soltanto l&#8217;attesa della notte. Chi lo sapr\u00e0 mai? Ma sia la notte che l&#8217;attesa c&#8217;erano a far da contorno al passo felpato di una giovane donna diventata vecchia. Tanto vecchia che non si seppe mai n\u00e9 l&#8217;et\u00e0 e tanto meno i paesi abitati.<\/div>\n<div dir=\"auto\">Sto cercando di entrare in una stanza di cui non trovo la porta? Forse s\u00ec forse non so.<\/div>\n<div dir=\"auto\">Ma eccomi vigile per intraprendere il mio duettare con la mia Tat\u00e0. Subito. Immediatamente. Istantaneamente.<\/div>\n<div dir=\"auto\">C&#8217;\u00e8 sempre un cera una\u00a0 volta e sempre ci sar\u00e0&#8230;<\/div>\n<div dir=\"auto\"><\/div>\n<p><span dir=\"auto\">Non abbiamo scritto ancora la letterina alla Benatana, ovvero Befana. Sar\u00e0\u00a0 grave?\u00a0 Grave no, ma molto difficile che possa arrivare in tempo utile\u00a0 forse s\u00ec. Dai dai sbrighiamoci nonno mio. Facciamolo subito.\u00a0<\/span><\/p>\n<div dir=\"auto\">Mammamia come \u00e8 tardi? E mamma dov&#8217;\u00e8?\u00a0 Ma io vollo mamma&#8230; Ma su dai, non fare la capricciosa e ascoltami, magari ti aiuto poi se vuoi&#8230; Mi devi\u00a0 promettere per\u00f2 che non combinerai pi\u00f9 guai o guaietti e soprattutto che non mi butterai gi\u00f9 mezza libreria del corridoi&#8230; \u00c8 molto brutto perch\u00e9 non sai che buttare gi\u00f9 i libri dalla libreria \u00e8 creare una confusione di razze, meticciate, e confondere civilt\u00e0 ed epoche&#8230;<\/p>\n<div dir=\"auto\">Ma che dici nonno&#8230;<\/div>\n<div dir=\"auto\">Sei pazzo io non capisco ci\u00f2 che dici&#8230;<\/div>\n<div dir=\"auto\">E non ti sbrighi&#8230; Io sono la tua paparella e il tuo miao miaio e ascoltami. Io vollo una Barbie, no, tante, tanti va, poi appetta&#8230; Tanta ceraponchino, no tanta ma deci soltanto, poi&#8230; caramelle, un cornettino, una pitta e niente carbone perch\u00e9 non mi piace nero&#8230;\u00a0 e tante palline. Se la benatana lo trova celeste s\u00ec.<\/div>\n<div dir=\"auto\">Dai nonno scrivi se no dimentichi perch\u00e9 sei il mio vecchietto&#8230;<\/div>\n<div dir=\"auto\"><\/div>\n<div dir=\"auto\">Ua ua i miei vecchietti tu e nonna&#8230; Ma io vi faccio compagnia&#8230; quando siete soli&#8230;<br dir=\"auto\" \/>Per tutta una serata siamo andati avanti a discutere ed io ad ascoltarla affascinato. Questo sogno nella mia realt\u00e0 \u00e8 diventato quotidianit\u00e0. Si pu\u00f2? Ma certo che deve essere cos\u00ec anche perch\u00e9 ormai la befana non ha pi\u00f9 le scarpe tutte rotte e non \u00e8 vestita da romana e non scende pi\u00f9 dal caminetto.<\/p>\n<div dir=\"auto\">Signori, non vi illudete.<\/div>\n<div dir=\"auto\"><\/div>\n<div dir=\"auto\">Lo\u00a0 befana resta la festa dei bimbi, ma anche quella dei nonni. I quali si pensano con loro di un ritornare per un attimo ad una infanzia completamente rottamata cercando negli occhi di quella vocina che dice: Nonno io lo vollo il proprio il regalo&#8230; Le mie invernate aspettando le befane nella grande casa di Calabria sono acqua di pioggia asciugata al sole del tempo&#8230;<\/div>\n<div dir=\"auto\">Dov&#8217;\u00e8 mamma? La vollo&#8230;<\/div>\n<div dir=\"auto\">Ma che c&#8217;entra questo&#8230; Mi metter\u00f2 in cammino ora per la ceraponchino della mia Rebecca, ovvero della mia paparella, come \u00e8 stato per la cioccolatina della mamma e per il suo gnegne zio che la accontenta e senza che possa dire parole arriva carico di regali&#8230;<\/div>\n<div dir=\"auto\">Vollo un regalo&#8230; Perch\u00e9 io sono bava&#8230; bava.<br dir=\"auto\" \/>Allora dai nonno impoltronito tra letture e scritture e di trilogie infarcito, mettendoci le varie rotture di variazione di inventario tra il faceto il vero e il reale,\u00a0 alzati e cammina &#8230; \u00c8 tempo di fare il befanone per la paperella che non voio carbone&#8230;<\/div>\n<div dir=\"auto\"><br dir=\"auto\" \/>Ma mi volto e giro in un girotondo davanti allo specchio: chi sar\u00e0 mai la mia befana giunto alla mia et\u00e0&#8230; bizze e capricci&#8230;<\/div>\n<div dir=\"auto\">Cosa mi porter\u00e0? Considerato che del lavoro dello scrittore in famiglia a nessuno interessa, aveva ragione il mio infaticabile amico Francesco Grisi quando diceva che gli avversari dello scrivere vivono con te&#8230; Cos\u00ec mi porter\u00e0&#8230;<\/div>\n<div dir=\"auto\">Anche io esprimo un desiderio&#8230; Vollo un libro nuovo ma scritto da me&#8230; come sempre da me medesimo&#8230;<br dir=\"auto\" \/>La benatana vien di notte con le spille sotto le scarpe e arriva con la Porsche di Diabolik distribuendo diamanti e pezzi rari di metafore&#8230;<\/div>\n<div dir=\"auto\"><\/div>\n<div dir=\"auto\">Benetana viene di notte<\/div>\n<div dir=\"auto\">con il vento nelle radici dei capelli<\/div>\n<div dir=\"auto\">e le scarpe di pizzo rosso<\/div>\n<div dir=\"auto\">nel cielo dell&#8217;attesa<\/div>\n<div dir=\"auto\">che ha un volo di scopa<\/div>\n<div dir=\"auto\">tra nuvole e vento.<\/div>\n<div dir=\"auto\"><br dir=\"auto\" \/>Apetta Rebecca ora il tuo vecchietto arriva e ti porta in persona personalmente la befanina con i capelli bianchi, paziente, amorosa e con un naso a pipetta magari tra un gradino ad un altro vedrai una nuvoletta bianca della sua sigaretta sembra fumata di nascosto come quando andava alle scuole alte&#8230;<\/div>\n<div dir=\"auto\"><\/div>\n<div dir=\"auto\">La favola bella che mai mi illuse e sempre mi rese ironico fino a rendermi un patriarca&#8230; perch\u00e9 se in famiglia non c&#8217;\u00e8 un patriarca tutti uguali si sentono nel campo delle mini vaganti&#8230; Si sa che non si \u00e8 tutti uguali anche se si insiste sulla farsa della egalit\u00e8 francesce,\u00a0 \u00e8 solo uno sgarro dei fran\u00e7ois che nulla dice alla tradizione nostra&#8230;ma bando al serio mia Rebecca e aspettiamo insieme la Benatana&#8230;Accettalo in po&#8217; di carbone perch\u00e9 avrai sempre il tempo di farlo mangiare ad altri&#8230; ah ah ah&#8230;<\/div>\n<div dir=\"auto\"><br dir=\"auto\" \/>Largo \u00e8 lo spazio, corto il viaggio, umido il percorso, stanco il pensiero ma dici sempre la tua anche quando sento voci di ranocchie sgridarti e urlare come se fossimo\u00a0 nella piazza di una medina di Oriente o della Sicilia araba&#8230; Ma tu alza la testa sempre e fammi sentire sempre Nonno io vollo&#8230;<\/div>\n<div dir=\"auto\"><\/div>\n<div dir=\"auto\">La Benatana ha ricevuto<\/div>\n<div dir=\"auto\">il messaggio ed ha letto tutto.<\/div>\n<div dir=\"auto\">Verr\u00e0 o verr\u00e0?<\/div>\n<div dir=\"auto\">Questo \u00e8 il dilemma.<\/div>\n<div dir=\"auto\"><\/div>\n<div dir=\"auto\">\n<div dir=\"auto\">La benatana ovvero la Befana viene di notte ma anche di giorno con il sole e i rombi dei tamburi.<\/div>\n<div dir=\"auto\"><\/div>\n<div dir=\"auto\">In privato in un orecchio soltanto mi dico:<\/div>\n<div dir=\"auto\"><\/div>\n<div dir=\"auto\">Dai fammi questo dono.<br dir=\"auto\" \/>Non presentarti <br dir=\"auto\" \/>con le scarpe rotte <br dir=\"auto\" \/>e\u00a0 vestita con il vestito <br dir=\"auto\" \/>strappato e senza rose <br dir=\"auto\" \/>tra i capelli.<br dir=\"auto\" \/>Non portarmi nulla.<br dir=\"auto\" \/>Soltanto i tuoi occhi.<\/div>\n<div dir=\"auto\"><\/div>\n<div dir=\"auto\">Serio. Semiserio. Ironico. Frammentato.<\/div>\n<div dir=\"auto\">Dai paparella&#8230;<\/div>\n<div dir=\"auto\"><\/div>\n<div dir=\"auto\">Cosa porter\u00e0 alla mia Rebecca? Dai Aladino inventa una storia che possa diventare leggenda tra la principessa con il velo del mare e gli arcobaleni che sfiorano i colori della vita&#8230; dove sar\u00e0 mai Shahraz\u0101d&#8230;\u00a0che ora mi recita:<\/div>\n<div dir=\"auto\"><\/div>\n<div dir=\"auto\">Verr\u00e0 l&#8217;anno delle foglie<br \/>\nin vento di pensieri<br \/>\ne avranno la scala del sette<br \/>\nda salire ma anche da<br \/>\nscendere per lasciare<br \/>\nal nuovo re un gradino<br \/>\nin pi\u00f9 oltre le parole taciute<br \/>\nche in altro tempo ti dir\u00f2<br \/>\nsui passi di Alice<br \/>\nche incontra Aladino.<\/div>\n<div dir=\"auto\"><\/div>\n<div dir=\"auto\">Benatana Benatana porta tanti regali\u00a0 a Tat\u00e0. Ti far\u00e0 una promessa. Eccola: il ciuccio partir\u00e0 lontano lontano e lei far\u00e0 volare il ciuccio tra la sua danza serale nella piazza dei nonni vecchietti.<\/div>\n<div dir=\"auto\"><\/div>\n<div dir=\"auto\">E la Benatana viene di notte con le scarpe di pizzo rosso e il cappello alle 23 per la gioia del re&#8230;. No no no \u00e8 ballata&#8230; La Benetana vene sempe e anche di notte per Tat\u00e0 che \u00e8 bava bava anche se qualche guaietto male non fa&#8230;<\/div>\n<div dir=\"auto\">Poi si mise le mani sulle guance e mi guard\u00f2. Con gli occhi<\/div>\n<p>di sua madre e di mia madre<br \/>\nscrut\u00f2 il mio sorriso e mi disse<br \/>\nNonno parlaci tu con la Benatana.<\/p><\/div>\n<div dir=\"auto\">Io aspetto.<\/div>\n<div dir=\"auto\"><\/div>\n<div dir=\"auto\">Ed Ora?<\/div>\n<div dir=\"auto\">C&#8217;era una volta il paese<br \/>\ndel vento ora la nebbia<br \/>\nconfonde la luna<br \/>\ncon la notte. Scende<br \/>\ndal camino e lenta<br \/>\nmi cammina tra le parole.<br \/>\nVento nebbia. Nel paese<br \/>\ndi un tempo il tempo<br \/>\nsi \u00e8 fermato. Ma la magia<\/div>\n<div dir=\"auto\">\u00e8 un gioco tra il silenzio e un&#8217;ironia.<\/div>\n<div dir=\"auto\"><\/div>\n<div dir=\"auto\">Ed Ora, comunque? Non c&#8217;\u00e8 un Ora e mai ci sar\u00e0.\u00a0 Il tempo non \u00e8\u00a0 un Ora&#8230; Forse racconto ci\u00f2 che raccontavo a Cioccolatina e a Virgo pungitore. Ma questa magica Tat\u00e0 \u00e8 il sogno nella mia vita. Il sorriso dell&#8217;ironia&#8230;<\/div>\n<div dir=\"auto\">Gente non potete immaginare cosa mi regala giorno dopo giorno. Soprattutto quando fa le fuse come un un micino e miao tra le mie brracce&#8230;<\/div>\n<div dir=\"auto\"><\/div>\n<div dir=\"auto\">Gira lil foglio accartoccia il vento e non chiudere mai il libro, la Benatana sul filo della sera si affaccer\u00e0 all&#8217;uscio&#8230;<\/div>\n<div dir=\"auto\">In una perla la luce si \u00e8 fatta Oriente e quella luce e quella bellezza hanno un solo nome&#8230;<\/div>\n<\/div>\n<\/div>\n<\/div>\n<\/div>\n<\/div>\n<\/div>\n","protected":false},"excerpt":{"rendered":"<p>&nbsp; La benatana viene di notte e con\u00a0 il sole e il vento della magia. Cosa porter\u00e0 alla mia Rebecca? [&hellip;]<\/p>\n","protected":false},"author":1,"featured_media":0,"comment_status":"open","ping_status":"open","sticky":false,"template":"","format":"standard","meta":{"footnotes":""},"categories":[10,22],"tags":[],"class_list":["post-31576","post","type-post","status-publish","format-standard","hentry","category-italiano","category-libros-y-revistas-literatura"],"_links":{"self":[{"href":"https:\/\/www.ecoitaliano.com.ar\/index.php?rest_route=\/wp\/v2\/posts\/31576","targetHints":{"allow":["GET"]}}],"collection":[{"href":"https:\/\/www.ecoitaliano.com.ar\/index.php?rest_route=\/wp\/v2\/posts"}],"about":[{"href":"https:\/\/www.ecoitaliano.com.ar\/index.php?rest_route=\/wp\/v2\/types\/post"}],"author":[{"embeddable":true,"href":"https:\/\/www.ecoitaliano.com.ar\/index.php?rest_route=\/wp\/v2\/users\/1"}],"replies":[{"embeddable":true,"href":"https:\/\/www.ecoitaliano.com.ar\/index.php?rest_route=%2Fwp%2Fv2%2Fcomments&post=31576"}],"version-history":[{"count":0,"href":"https:\/\/www.ecoitaliano.com.ar\/index.php?rest_route=\/wp\/v2\/posts\/31576\/revisions"}],"wp:attachment":[{"href":"https:\/\/www.ecoitaliano.com.ar\/index.php?rest_route=%2Fwp%2Fv2%2Fmedia&parent=31576"}],"wp:term":[{"taxonomy":"category","embeddable":true,"href":"https:\/\/www.ecoitaliano.com.ar\/index.php?rest_route=%2Fwp%2Fv2%2Fcategories&post=31576"},{"taxonomy":"post_tag","embeddable":true,"href":"https:\/\/www.ecoitaliano.com.ar\/index.php?rest_route=%2Fwp%2Fv2%2Ftags&post=31576"}],"curies":[{"name":"wp","href":"https:\/\/api.w.org\/{rel}","templated":true}]}}