{"id":31768,"date":"2023-01-11T01:31:23","date_gmt":"2023-01-11T01:31:23","guid":{"rendered":"http:\/\/www.ecoitaliano.com.ar\/?p=31768"},"modified":"2023-01-11T01:31:23","modified_gmt":"2023-01-11T01:31:23","slug":"serena-conduce-operaclassica-eco-italiano-2032","status":"publish","type":"post","link":"https:\/\/www.ecoitaliano.com.ar\/?p=31768","title":{"rendered":"Serena conduce operaclassica eco italiano"},"content":{"rendered":"<p style=\"text-align: center;\"><a href=\"http:\/\/www.ecoitaliano.com.ar\/wp-content\/uploads\/2023\/01\/image004.jpg\"><img decoding=\"async\" class=\"alignnone size-full wp-image-31769\" src=\"http:\/\/www.ecoitaliano.com.ar\/wp-content\/uploads\/2023\/01\/image004.jpg\" alt=\"\" width=\"198\" height=\"200\" \/><\/a><\/p>\n<table>\n<tbody>\n<tr>\n<td>COMUNICATO STAMPA<\/td>\n<\/tr>\n<tr>\n<td>&nbsp;<\/td>\n<\/tr>\n<\/tbody>\n<\/table>\n<p>&nbsp;<\/p>\n<p>&nbsp;<\/p>\n<p>streghe, matrigne, sorellastre, le \u201ccattivissime\u201d delle fiabe<\/p>\n<p>nello spettacolo in prima assoluta<\/p>\n<p>per la stagione young del teatro municipale di piacenza:<\/p>\n<p><strong>venerdi\u2019 13 gennaio<\/strong> debutta \u201c<strong>dalla parte delle cattive<\/strong>\u201d<\/p>\n<p>di accademia della libellula con <strong>ottavia fusco squitieri<\/strong><\/p>\n<p>&nbsp;<\/p>\n<p>&nbsp;<\/p>\n<p>Sono le streghe, le matrigne, le sorellastre che popolano le fiabe pi\u00f9 celebri dell\u2019infanzia: le \u201ccattivissime\u201d diventano protagoniste dello spettacolo, al debutto in prima assoluta <strong>venerd\u00ec 13 gennaio<\/strong> <strong>alle ore 10.30<\/strong> al Teatro Municipale di Piacenza, dal titolo <em>Dalla parte delle cattive<\/em>.<\/p>\n<p>Nell\u2019ambito della <strong>Stagione Young 2022\/2023<\/strong> <strong>rivolta alle scuole<\/strong>, che proporr\u00e0 nei prossimi mesi anche <em>Il flauto magico<\/em> e <em>Sogno di una notte di mezza estate<\/em>, l\u2019appuntamento vedr\u00e0 sul palcoscenico <strong>Ottavia Fusco Squitieri<\/strong> nel ruolo di <em>cantAttrice<\/em>, accompagnata al pianoforte da <strong>Orietta Caianiello<\/strong>, pronta a raccontare tra recitazione e canto le cattive di cinque celebri fiabe: la Regina di Cuori di <em>Alice nel Paese delle Meraviglie<\/em>, le sorellastre di <em>Cenerentola<\/em>, la fata Malefica de <em>La bella addormentata nel bosco<\/em>, la Strega del Mare de <em>La Sirenetta<\/em> e la matrigna di Biancaneve. Lo spettacolo, con la messa in scena di <strong>Angelo Desideri<\/strong>, \u00e8 una nuova commissione affidata ad <strong>Accademia della Libellula<\/strong>.<\/p>\n<p>Cinque scrittrici e sei compositrici si sono confrontate con i personaggi fiabeschi per mostrarli da un punto di vista inconsueto, componendo i <strong>cinque melologhi<\/strong> dello spettacolo. I racconti sono usciti dalla penna delle scrittici <strong>Annalisa Comes<\/strong>, <strong>Stefania Aphel Barzini<\/strong>, <strong>Cinzia Della Ciana<\/strong>, <strong>Barbara Fiorio, Alessandra Vinotto<\/strong>; le musiche sono state composte da <strong>Cinzia Pennesi<\/strong>, <strong>Carla Magnan <\/strong>e<strong> Carla Rebora <\/strong>a quattro mani, <strong>Barbara Rettagliati<\/strong>, <strong>Rossella Spinosa<\/strong>, <strong>Roberta Vacca<\/strong>. Un team tutto al femminile per riflettere sull\u2019importanza e sui significati del lato oscuro delle favole.<\/p>\n<p>Spiegano infatti le autrici: \u201cLe fiabe, come noto, attraverso un necessario processo di semplificazione, descrivono i molteplici aspetti che compongono la personalit\u00e0 dell\u2019essere umano, facendo incarnare vizi e virt\u00f9 ai vari personaggi delle vicende che narrano. Ma, a ben pensarci, il vero motore delle storie che hanno accompagnato la nostra infanzia sono proprio i personaggi negativi: orchi, streghe, matrigne e sorellastre, perch\u00e9 senza di loro il bene non potrebbe mai vincere sul male. E senza voler scomodare troppo la psicanalisi, che tanto si \u00e8 soffermata sul significato profondo delle favole, i cattivi rappresentano soprattutto quegli aspetti del nostro inconscio che nessuno oserebbe confessare. Perch\u00e9, in fondo, chi non ha mai provato almeno una volta una punta di invidia per l\u2019amica bella e geniale o per la collega perfettina che riesce in tutto quello che fa? Chi non si \u00e8 sentito ferito per essere stato escluso dalla festa pi\u00f9 glamour della scuola? E chi non soffre quando, invecchiando, si ostina a confrontarsi con l\u2019inarrivabile bellezza della giovent\u00f9?\u201d.<\/p>\n<p>&nbsp;<\/p>\n<p><strong>Ottavia Fusco Squitieri<\/strong>, attrice e cantante, \u00e8 stata diretta e ha lavorato con registi e autori quali Giorgio Albertazzi, Pasquale Squitieri, Nelo Risi, Don Lurio, Lina Wertm\u00fcller, Andrea Liberovici, Dacia Maraini, Edoardo Sanguineti. Insieme ad Andrea Liberovici ed Edoardo Sanguineti ha fondato la compagnia di teatro musicale \u201cTeatro del Suono\u201d, con la quale \u00e8 stata protagonista nei pi\u00f9 importanti teatri. \u00c8 stata voce recitante solista per istituzioni musicali italiane e straniere, quali Orchestra Toscanini di Parma, Orchestra dell\u2019Accademia Santa Cecilia di Roma, Orchestra di Radio France\/Parigi, Veneranda Fabbrica del Duomo di Milano.<\/p>\n<p>Lo spettacolo \u00e8 rivolto alle scuole secondarie di primo e secondo grado e a tutto il pubblico. Per gli ultimi biglietti disponibili: Biglietteria del Teatro Municipale: tel. 0523 385720 &#8211; 385721\u00a0 <a href=\"http:\/\/www.teatripiacenza.it\">www.teatripiacenza.it<\/a> &#8211; <a href=\"mailto:biglietteria@teatripiacenza.it\">biglietteria@teatripiacenza.it<\/a><\/p>\n<p><a href=\"http:\/\/www.ecoitaliano.com.ar\/wp-content\/uploads\/2023\/01\/Ottavia-Fusco.jpg\"><img decoding=\"async\" class=\"alignnone size-full wp-image-31770\" src=\"http:\/\/www.ecoitaliano.com.ar\/wp-content\/uploads\/2023\/01\/Ottavia-Fusco.jpg\" alt=\"\" width=\"683\" height=\"1024\" srcset=\"https:\/\/www.ecoitaliano.com.ar\/wp-content\/uploads\/2023\/01\/Ottavia-Fusco.jpg 683w, https:\/\/www.ecoitaliano.com.ar\/wp-content\/uploads\/2023\/01\/Ottavia-Fusco-200x300.jpg 200w, https:\/\/www.ecoitaliano.com.ar\/wp-content\/uploads\/2023\/01\/Ottavia-Fusco-100x150.jpg 100w\" sizes=\"(max-width: 683px) 100vw, 683px\" \/><\/a><\/p>\n","protected":false},"excerpt":{"rendered":"<p>COMUNICATO STAMPA &nbsp; &nbsp; &nbsp; streghe, matrigne, sorellastre, le \u201ccattivissime\u201d delle fiabe nello spettacolo in prima assoluta per la stagione [&hellip;]<\/p>\n","protected":false},"author":1,"featured_media":0,"comment_status":"open","ping_status":"open","sticky":false,"template":"","format":"standard","meta":{"footnotes":""},"categories":[1],"tags":[],"class_list":["post-31768","post","type-post","status-publish","format-standard","hentry","category-sin-categoria"],"_links":{"self":[{"href":"https:\/\/www.ecoitaliano.com.ar\/index.php?rest_route=\/wp\/v2\/posts\/31768","targetHints":{"allow":["GET"]}}],"collection":[{"href":"https:\/\/www.ecoitaliano.com.ar\/index.php?rest_route=\/wp\/v2\/posts"}],"about":[{"href":"https:\/\/www.ecoitaliano.com.ar\/index.php?rest_route=\/wp\/v2\/types\/post"}],"author":[{"embeddable":true,"href":"https:\/\/www.ecoitaliano.com.ar\/index.php?rest_route=\/wp\/v2\/users\/1"}],"replies":[{"embeddable":true,"href":"https:\/\/www.ecoitaliano.com.ar\/index.php?rest_route=%2Fwp%2Fv2%2Fcomments&post=31768"}],"version-history":[{"count":0,"href":"https:\/\/www.ecoitaliano.com.ar\/index.php?rest_route=\/wp\/v2\/posts\/31768\/revisions"}],"wp:attachment":[{"href":"https:\/\/www.ecoitaliano.com.ar\/index.php?rest_route=%2Fwp%2Fv2%2Fmedia&parent=31768"}],"wp:term":[{"taxonomy":"category","embeddable":true,"href":"https:\/\/www.ecoitaliano.com.ar\/index.php?rest_route=%2Fwp%2Fv2%2Fcategories&post=31768"},{"taxonomy":"post_tag","embeddable":true,"href":"https:\/\/www.ecoitaliano.com.ar\/index.php?rest_route=%2Fwp%2Fv2%2Ftags&post=31768"}],"curies":[{"name":"wp","href":"https:\/\/api.w.org\/{rel}","templated":true}]}}