{"id":34109,"date":"2023-03-07T22:32:44","date_gmt":"2023-03-07T22:32:44","guid":{"rendered":"http:\/\/www.ecoitaliano.com.ar\/?p=34109"},"modified":"2023-03-07T22:32:44","modified_gmt":"2023-03-07T22:32:44","slug":"lindifferenza-male-oscuro-delle-societa-di-ogni-tempo","status":"publish","type":"post","link":"https:\/\/www.ecoitaliano.com.ar\/?p=34109","title":{"rendered":"L\u2019indifferenza, male oscuro delle societ\u00e0 di ogni tempo"},"content":{"rendered":"<p><a href=\"http:\/\/www.ecoitaliano.com.ar\/wp-content\/uploads\/2023\/03\/Angela-Casilli.jpg\"><img decoding=\"async\" class=\"alignnone size-full wp-image-34110\" src=\"http:\/\/www.ecoitaliano.com.ar\/wp-content\/uploads\/2023\/03\/Angela-Casilli.jpg\" alt=\"\" width=\"3004\" height=\"3431\" srcset=\"https:\/\/www.ecoitaliano.com.ar\/wp-content\/uploads\/2023\/03\/Angela-Casilli.jpg 3004w, https:\/\/www.ecoitaliano.com.ar\/wp-content\/uploads\/2023\/03\/Angela-Casilli-263x300.jpg 263w, https:\/\/www.ecoitaliano.com.ar\/wp-content\/uploads\/2023\/03\/Angela-Casilli-768x877.jpg 768w, https:\/\/www.ecoitaliano.com.ar\/wp-content\/uploads\/2023\/03\/Angela-Casilli-897x1024.jpg 897w, https:\/\/www.ecoitaliano.com.ar\/wp-content\/uploads\/2023\/03\/Angela-Casilli-131x150.jpg 131w\" sizes=\"(max-width: 3004px) 100vw, 3004px\" \/><\/a><\/p>\n<p><span style=\"font-family: Book Antiqua, serif;\"><span style=\"font-size: x-large;\"><b>L\u2019indifferenza, male oscuro delle societ\u00e0 di ogni tempo<\/b><\/span><\/span><\/p>\n<p align=\"justify\"><span style=\"font-family: Book Antiqua, serif;\"><span style=\"font-size: medium;\">Nella \u201cCitt\u00e0 futura\u201d <\/span><\/span><span style=\"font-family: Book Antiqua, serif;\"><span style=\"font-size: medium;\"><b>Gramsci <\/b><\/span><\/span><span style=\"font-family: Book Antiqua, serif;\"><span style=\"font-size: medium;\">scriveva del suo odio per gli indifferenti, cinque anni prima che il fascismo andasse al potere e che si pu\u00f2 cos\u00ec sintetizzare: <\/span><\/span><span style=\"font-family: Book Antiqua, serif;\"><span style=\"font-size: medium;\"><i>il male esiste perch\u00e9 la maggior parte degli uomini si gira dall\u2019altra parte, per vilt\u00e0, per quieto vivere, fa finta di non vedere la brutalit\u00e0, il dispotismo, la tracotanza dei suoi simili<\/i><\/span><\/span><span style=\"font-family: Book Antiqua, serif;\"><span style=\"font-size: medium;\">.<\/span><\/span><\/p>\n<p align=\"justify\"><span style=\"font-family: Book Antiqua, serif;\"><span style=\"font-size: medium;\">E\u2019 l\u2019indifferenza di chi poteva opporsi al male e non lo ha fatto, contro cui non esiste una vera cura e che ha accompagnato il calvario di tante persone, come i giovani della <\/span><\/span><span style=\"font-family: Book Antiqua, serif;\"><span style=\"font-size: medium;\"><b>Rosa Bianca<\/b><\/span><\/span><span style=\"font-family: Book Antiqua, serif;\"><span style=\"font-size: medium;\"> che in Germania sfidarono Hitler a costo della vita.<\/span><\/span><\/p>\n<p align=\"justify\"><span style=\"font-family: Book Antiqua, serif;\"><span style=\"font-size: medium;\">E\u2019 l\u2019indifferenza che sent\u00ec attorno a s\u00e9 <\/span><\/span><span style=\"font-family: Book Antiqua, serif;\"><span style=\"font-size: medium;\"><b>Liliana Segre<\/b><\/span><\/span><span style=\"font-family: Book Antiqua, serif;\"><span style=\"font-size: medium;\"> quando le leggi razziali volute dal Duce, la cancellarono dal suo mondo, negandole fanciullezza e adolescenza.<\/span><\/span><\/p>\n<p align=\"justify\"><span style=\"font-family: Book Antiqua, serif;\"><span style=\"font-size: medium;\">Oggi, c\u2019\u00e8 un\u2019indifferenza che pu\u00f2 ferirci ogni giorno e in ogni momento e che si annida nella coscienza di ognuno di noi, anzi ne rappresenta il lato oscuro e che \u00e8 tornata prepotentemente alla ribalta dopo l\u2019aggressione di alcuni studenti del liceo Michelangiolo di Firenze ad opera di militanti di estrema destra.<\/span><\/span><\/p>\n<p align=\"justify\"><span style=\"font-family: Book Antiqua, serif;\"><span style=\"font-size: medium;\">L\u2019episodio, brutale come pu\u00f2 essere un pestaggio, ha provocato una serie di prese di posizioni a dir poco esasperate, che hanno dimostrato come nella nostra societ\u00e0 ancora sopravvivano richiami antistorici ad un passato che dovrebbe essere solo il passato, ci\u00f2 che \u00e8 stato e che ci auguriamo non torni pi\u00f9.<\/span><\/span><\/p>\n<p align=\"justify\"><span style=\"font-family: Book Antiqua, serif;\"><span style=\"font-size: medium;\">Invece siti e social hanno reagito oltre il dovuto, rispondendo a sollecitazioni venute non solo dalle intemperanze degli studenti di <\/span><\/span><span style=\"font-family: Book Antiqua, serif;\"><span style=\"font-size: medium;\"><b>Firenze<\/b><\/span><\/span><span style=\"font-family: Book Antiqua, serif;\"><span style=\"font-size: medium;\">, ma anche dalla sovraesposizione mediatica del mondo degli adulti.<\/span><\/span><\/p>\n<p align=\"justify\"><span style=\"font-family: Book Antiqua, serif;\"><span style=\"font-size: medium;\">Quanto accaduto non si pu\u00f2 liquidare come se fosse uno scontro tra tifoserie di destra e di sinistra quando c\u2019\u00e8 un derby importante, tra la preside del Michelangiolo, che in una circolare ai suoi studenti ha giustamente condannato il pestaggio ma si \u00e8 poi persa in una discutibile e fuorviante analisi del momento storico attraversato dal Paese. Dal canto suo il ministro dell\u2019Istruzione e del Merito \u00e8 intervenuto precipitosamente contro di lei con reprimende e minaccia di provvedimenti disciplinari, neanche tanto velati, successivamente ritrattati.<\/span><\/span><\/p>\n<p align=\"justify\"><span style=\"font-family: Book Antiqua, serif;\"><span style=\"font-size: medium;\">Sostenere che in Italia ci sia oggi il pericolo di un ritorno a breve termine della dittatura, non \u00e8 soltanto inesatto e fuorviante, \u00e8 molto pericoloso proprio per i giovani e le conseguenze possono essere gravi.<\/span><\/span><\/p>\n<p align=\"justify\"><span style=\"font-family: Book Antiqua, serif;\"><span style=\"font-size: medium;\">Cos\u00ec come rimproverare pubblicamente una preside, trasformandola in una rivoluzionaria invasata, \u00e8 altrettanto fuorviante e pericoloso per i risvolti deflagranti che pu\u00f2 avere.<\/span><\/span><\/p>\n<p align=\"justify\"><span style=\"font-family: Book Antiqua, serif;\"><span style=\"font-size: medium;\">Sono tutti segnali d\u2019allarme da non sottovalutare ma che rimandano tutti al grande equivoco che riguarda <\/span><\/span><span style=\"font-family: Book Antiqua, serif;\"><span style=\"font-size: medium;\"><b>l\u2019antifascismo e la mancata abiura del fascismo<\/b><\/span><\/span><span style=\"font-family: Book Antiqua, serif;\"><span style=\"font-size: medium;\">, mai chiesta dagli Italiani, come invece fu per il nazismo in Germania. <\/span><\/span><\/p>\n<p align=\"justify\"><span style=\"font-family: Book Antiqua, serif;\"><span style=\"font-size: medium;\">La nostra storia repubblicana ha visto due specie di antifascismo, diverse per natura e ispirazione: quello che ha creato l\u2019Italia di oggi, di <\/span><\/span><span style=\"font-family: Book Antiqua, serif;\"><span style=\"font-size: medium;\"><b>Gobetti<\/b><\/span><\/span><span style=\"font-family: Book Antiqua, serif;\"><span style=\"font-size: medium;\">, dei <\/span><\/span><span style=\"font-family: Book Antiqua, serif;\"><span style=\"font-size: medium;\"><b>fratelli Rosselli<\/b><\/span><\/span><span style=\"font-family: Book Antiqua, serif;\"><span style=\"font-size: medium;\">, di <\/span><\/span><span style=\"font-family: Book Antiqua, serif;\"><span style=\"font-size: medium;\"><b>Calamandrei<\/b><\/span><\/span><span style=\"font-family: Book Antiqua, serif;\"><span style=\"font-size: medium;\">, della <\/span><\/span><span style=\"font-family: Book Antiqua, serif;\"><span style=\"font-size: medium;\"><b>Resistenza<\/b><\/span><\/span><span style=\"font-family: Book Antiqua, serif;\"><span style=\"font-size: medium;\"> e quello militante, inquinato dal terrorismo degli anni settanta e ottanta, quello delle Brigate Rosse che produsse la rinascita del neofascismo, con le trame nere e le squadracce giovanili.<\/span><\/span><\/p>\n<p align=\"justify\"><span style=\"font-family: Book Antiqua, serif;\"><span style=\"font-size: medium;\">Il governo di centro-destra oggi in Italia ha una grossa responsabilit\u00e0, quella di saper distinguere tra i due antifascismi, facendo suo quello della Costituzione e superando l\u2019altro in nome della pacificazione nazionale, ma sia la maggioranza che l\u2019opposizione hanno una responsabilit\u00e0 ancora pi\u00f9 grande, quella di sconfiggere l\u2019indifferenza, in nome della solidariet\u00e0 e della disponibilit\u00e0 a lasciarsi coinvolgere. <\/span><\/span><\/p>\n<p align=\"justify\"><a name=\"_GoBack\"><\/a> <span style=\"font-family: Book Antiqua, serif;\"><span style=\"font-size: medium;\"><b>Angela Casilli<\/b><\/span><\/span><\/p>\n<p align=\"justify\">\n<h6 id=\":4y\" class=\"hP\" tabindex=\"-1\" data-thread-perm-id=\"thread-f:1759747074767908635\" data-legacy-thread-id=\"186be0a41612ef1b\"><strong><em>Tutte l\u2019opinioni versati nel sito correspondono solo a chi la manifesta. Non e necessariamente l\u2019opinione della Direzione.<\/em><\/strong><\/h6>\n","protected":false},"excerpt":{"rendered":"<p>L\u2019indifferenza, male oscuro delle societ\u00e0 di ogni tempo Nella \u201cCitt\u00e0 futura\u201d Gramsci scriveva del suo odio per gli indifferenti, cinque [&hellip;]<\/p>\n","protected":false},"author":1,"featured_media":0,"comment_status":"open","ping_status":"open","sticky":false,"template":"","format":"standard","meta":{"footnotes":""},"categories":[10,35],"tags":[],"class_list":["post-34109","post","type-post","status-publish","format-standard","hentry","category-italiano","category-opiniones"],"_links":{"self":[{"href":"https:\/\/www.ecoitaliano.com.ar\/index.php?rest_route=\/wp\/v2\/posts\/34109","targetHints":{"allow":["GET"]}}],"collection":[{"href":"https:\/\/www.ecoitaliano.com.ar\/index.php?rest_route=\/wp\/v2\/posts"}],"about":[{"href":"https:\/\/www.ecoitaliano.com.ar\/index.php?rest_route=\/wp\/v2\/types\/post"}],"author":[{"embeddable":true,"href":"https:\/\/www.ecoitaliano.com.ar\/index.php?rest_route=\/wp\/v2\/users\/1"}],"replies":[{"embeddable":true,"href":"https:\/\/www.ecoitaliano.com.ar\/index.php?rest_route=%2Fwp%2Fv2%2Fcomments&post=34109"}],"version-history":[{"count":0,"href":"https:\/\/www.ecoitaliano.com.ar\/index.php?rest_route=\/wp\/v2\/posts\/34109\/revisions"}],"wp:attachment":[{"href":"https:\/\/www.ecoitaliano.com.ar\/index.php?rest_route=%2Fwp%2Fv2%2Fmedia&parent=34109"}],"wp:term":[{"taxonomy":"category","embeddable":true,"href":"https:\/\/www.ecoitaliano.com.ar\/index.php?rest_route=%2Fwp%2Fv2%2Fcategories&post=34109"},{"taxonomy":"post_tag","embeddable":true,"href":"https:\/\/www.ecoitaliano.com.ar\/index.php?rest_route=%2Fwp%2Fv2%2Ftags&post=34109"}],"curies":[{"name":"wp","href":"https:\/\/api.w.org\/{rel}","templated":true}]}}