{"id":34179,"date":"2023-03-08T19:33:55","date_gmt":"2023-03-08T19:33:55","guid":{"rendered":"http:\/\/www.ecoitaliano.com.ar\/?p=34179"},"modified":"2023-03-08T19:33:55","modified_gmt":"2023-03-08T19:33:55","slug":"serena-conduce-operaclassica-eco-italiano-2182","status":"publish","type":"post","link":"https:\/\/www.ecoitaliano.com.ar\/?p=34179","title":{"rendered":"Serena conduce operaclassica eco italiano"},"content":{"rendered":"<p><a href=\"http:\/\/www.ecoitaliano.com.ar\/wp-content\/uploads\/2023\/03\/7bfa1636-19ba-42a7-8e55-5f194557a95d-1.jpg\"><img decoding=\"async\" class=\"wp-image-34180 aligncenter\" src=\"http:\/\/www.ecoitaliano.com.ar\/wp-content\/uploads\/2023\/03\/7bfa1636-19ba-42a7-8e55-5f194557a95d-1.jpg\" alt=\"\" width=\"413\" height=\"84\" srcset=\"https:\/\/www.ecoitaliano.com.ar\/wp-content\/uploads\/2023\/03\/7bfa1636-19ba-42a7-8e55-5f194557a95d-1.jpg 600w, https:\/\/www.ecoitaliano.com.ar\/wp-content\/uploads\/2023\/03\/7bfa1636-19ba-42a7-8e55-5f194557a95d-1-300x61.jpg 300w, https:\/\/www.ecoitaliano.com.ar\/wp-content\/uploads\/2023\/03\/7bfa1636-19ba-42a7-8e55-5f194557a95d-1-150x31.jpg 150w\" sizes=\"(max-width: 413px) 100vw, 413px\" \/><\/a><\/p>\n<p>comunicato stampa<\/p>\n<p><strong>CONCORSO ART BONUS 2023: ULTIMA SETTIMANA PER VOTARE IL PROGETTO DI MECENATISMO A SOSTEGNO DEL FESTIVAL DONIZETTI OPERA<\/strong><\/p>\n<p><em>C\u2019\u00e8 tempo sino al 14 marzo per esprimere la preferenza online\u00a0<\/em><\/p>\n<p><a href=\"http:\/\/www.ecoitaliano.com.ar\/wp-content\/uploads\/2023\/03\/cd623a9b-f123-bdca-b2d8-2dea4f4d6cf6.jpg\"><img decoding=\"async\" class=\"alignnone size-full wp-image-34181\" src=\"http:\/\/www.ecoitaliano.com.ar\/wp-content\/uploads\/2023\/03\/cd623a9b-f123-bdca-b2d8-2dea4f4d6cf6.jpg\" alt=\"\" width=\"3000\" height=\"1996\" srcset=\"https:\/\/www.ecoitaliano.com.ar\/wp-content\/uploads\/2023\/03\/cd623a9b-f123-bdca-b2d8-2dea4f4d6cf6.jpg 3000w, https:\/\/www.ecoitaliano.com.ar\/wp-content\/uploads\/2023\/03\/cd623a9b-f123-bdca-b2d8-2dea4f4d6cf6-300x200.jpg 300w, https:\/\/www.ecoitaliano.com.ar\/wp-content\/uploads\/2023\/03\/cd623a9b-f123-bdca-b2d8-2dea4f4d6cf6-768x511.jpg 768w, https:\/\/www.ecoitaliano.com.ar\/wp-content\/uploads\/2023\/03\/cd623a9b-f123-bdca-b2d8-2dea4f4d6cf6-1024x681.jpg 1024w, https:\/\/www.ecoitaliano.com.ar\/wp-content\/uploads\/2023\/03\/cd623a9b-f123-bdca-b2d8-2dea4f4d6cf6-150x100.jpg 150w\" sizes=\"(max-width: 3000px) 100vw, 3000px\" \/><\/a><\/p>\n<p>Nell\u2019anno della Capitale della Cultura, la Fondazione Teatro Donizetti e il festival\u00a0<strong>Donizetti Opera<\/strong>\u00a0si rivolgono alla citt\u00e0 e a tutti gli appassionati per votare online, nell\u2019ambito del\u00a0<strong>Concorso Art Bonus 2023<\/strong>, il progetto di mecenatismo con cui molte realt\u00e0 imprenditoriali bergamasche sostengono il festival Donizetti Opera.<\/p>\n<p>Per esprimere la preferenza basta aprire questo link\u00a0<a href=\"https:\/\/florianatessitore.us12.list-manage.com\/track\/click?u=9aecf99759cc1d6c0a0ef9c1d&amp;id=0d4136615e&amp;e=cceb3c1a2f\" target=\"_blank\" rel=\"noopener\">https:\/\/artbonus.gov.it\/fondazione-teatro-donizetti-stagione-lirica-e-festival-donizetti-opera-2022.html<\/a>\u00a0e cliccare su \u201cVota il progetto\u201d (senza bisogno di alcuna registrazione)\u00a0<strong>entro le 12.00 di marted\u00ec 14 marzo.<\/strong><\/p>\n<p>Il concorso \u201cProgetto Art Bonus dell\u2019anno\u201d (promosso da Ales spa con Promo PA Fondazione \u2013 LuBeC) \u00e8 giunto alla seconda di tre fasi: per andare avanti, \u00e8 necessario far arrivare il progetto del Teatro Donizetti tra i sei pi\u00f9 votati della categoria \u201cSpettacolo dal vivo\u201d.<br \/>\nI vincitori si sfideranno quindi in una nuova tornata di preferenze esclusivamente sui canali social del concorso (dettagli su\u00a0<a href=\"https:\/\/artbonus.gov.it\/concorso\/2023\/concorso.html\" target=\"_blank\" rel=\"noopener\">https:\/\/artbonus.gov.it\/concorso\/2023\/concorso.html<\/a>).<\/p>\n<p>Lo scorso anno il TTB Teatro Tascabile di Bergamo era risultato primo classificato per la campagna social: adesso, nell\u2019anno di Bergamo Brescia capitale della Cultura, non si pu\u00f2 non raggiungere un nuovo obiettivo nel nome del bergamasco Gaetano Donizetti!<br \/>\nIl risultato \u00e8 quindi nelle mani dei cittadini, chiamati a esprimere la loro preferenza.<\/p>\n<p>Nel 2015, la nomina di Francesco Micheli come direttore artistico ha dato inizio alla Donizetti Revolution, un programma per la riscoperta e la divulgazione del genio bergamasco, che ha come sue massime espressioni il festival Donizetti Opera e la Donizetti Night. Tale operazione culturale ha catalizzato un ampio gruppo di sostenitori che, oltre ad aver contribuito attraverso Art Bonus, sono diventati nel tempo promotori della riscoperta di valori condivisi e veri e propri \u201cambasciatori\u201d dell\u2019arte di Donizetti, dell\u2019identit\u00e0 di Bergamo e del valore dell\u2019opera lirica, linguaggio universale del Made in Italy. Il progetto degli Ambasciatori di Donizetti, con oltre 25 aziende aderenti, si pu\u00f2 oggi considerare uno dei pi\u00f9 importanti esempi italiani di membership aziendale che applica i vantaggi fiscali del credito d&#8217;imposta di Art Bonus, ovvero lo strumento creato dal Governo per favorire il sostegno dei privati al finanziamento della cultura, con agevolazioni fiscali del 65% in tre anni.<\/p>\n<p><em>Per informazioni sugli Ambasciatori di Donizetti:<\/em><br \/>\nRiccardo Tovaglieri\u00a0<a class=\"mailto-link\" href=\"mailto:tovaglieri@fondazioneteatrodonizetti.org\" target=\"_blank\" rel=\"noopener\">tovaglieri@fondazioneteatrodonizetti.org<\/a><\/p>\n<p><em>Uffici del festival Donizetti Opera<\/em><br \/>\nPiazza Matteotti 60- 24122 Bergamo<br \/>\ntel. +39 0354160613\u00a0<a href=\"http:\/\/www.gaetanodonizetti.org\/\" target=\"_blank\" rel=\"noopener\">www.gaetanodonizetti.org<\/a>\u00a0\/\u00a0<a class=\"mailto-link\" href=\"mailto:info@fondazioneteatrodonizetti.org\" target=\"_blank\" rel=\"noopener\">info@fondazioneteatrodonizetti.org<\/a><\/p>\n<p><em>Ufficio stampa della Fondazione Teatro Donizetti di Bergamo \u2013 Festival Donizetti Opera<\/em><br \/>\nFloriana Tessitore\u00a0<a href=\"tel:+39 3387339981\" target=\"_blank\" rel=\"noopener\">+39 3387339981<\/a>\u00a0<a class=\"mailto-link\" href=\"mailto:tessitore@fondazioneteatrodonizetti.org\" target=\"_blank\" rel=\"noopener\">tessitore@fondazioneteatrodonizetti.org<\/a><br \/>\nWalter Vitale\u00a0<a href=\"tel:+39 3335243419\" target=\"_blank\" rel=\"noopener\">+39 3335243419<\/a>\u00a0<a class=\"mailto-link\" href=\"mailto:pressopera@fondazioneteatrodonizetti.org\" target=\"_blank\" rel=\"noopener\">pressopera@fondazioneteatrodonizetti.org<\/a><\/p>\n<p><em>Bergamo, 8 marzo 2022 (f.t.)<\/em><\/p>\n","protected":false},"excerpt":{"rendered":"<p>comunicato stampa CONCORSO ART BONUS 2023: ULTIMA SETTIMANA PER VOTARE IL PROGETTO DI MECENATISMO A SOSTEGNO DEL FESTIVAL DONIZETTI OPERA [&hellip;]<\/p>\n","protected":false},"author":1,"featured_media":0,"comment_status":"open","ping_status":"open","sticky":false,"template":"","format":"standard","meta":{"footnotes":""},"categories":[1],"tags":[],"class_list":["post-34179","post","type-post","status-publish","format-standard","hentry","category-sin-categoria"],"_links":{"self":[{"href":"https:\/\/www.ecoitaliano.com.ar\/index.php?rest_route=\/wp\/v2\/posts\/34179","targetHints":{"allow":["GET"]}}],"collection":[{"href":"https:\/\/www.ecoitaliano.com.ar\/index.php?rest_route=\/wp\/v2\/posts"}],"about":[{"href":"https:\/\/www.ecoitaliano.com.ar\/index.php?rest_route=\/wp\/v2\/types\/post"}],"author":[{"embeddable":true,"href":"https:\/\/www.ecoitaliano.com.ar\/index.php?rest_route=\/wp\/v2\/users\/1"}],"replies":[{"embeddable":true,"href":"https:\/\/www.ecoitaliano.com.ar\/index.php?rest_route=%2Fwp%2Fv2%2Fcomments&post=34179"}],"version-history":[{"count":0,"href":"https:\/\/www.ecoitaliano.com.ar\/index.php?rest_route=\/wp\/v2\/posts\/34179\/revisions"}],"wp:attachment":[{"href":"https:\/\/www.ecoitaliano.com.ar\/index.php?rest_route=%2Fwp%2Fv2%2Fmedia&parent=34179"}],"wp:term":[{"taxonomy":"category","embeddable":true,"href":"https:\/\/www.ecoitaliano.com.ar\/index.php?rest_route=%2Fwp%2Fv2%2Fcategories&post=34179"},{"taxonomy":"post_tag","embeddable":true,"href":"https:\/\/www.ecoitaliano.com.ar\/index.php?rest_route=%2Fwp%2Fv2%2Ftags&post=34179"}],"curies":[{"name":"wp","href":"https:\/\/api.w.org\/{rel}","templated":true}]}}