{"id":34183,"date":"2023-03-08T22:52:02","date_gmt":"2023-03-08T22:52:02","guid":{"rendered":"http:\/\/www.ecoitaliano.com.ar\/?p=34183"},"modified":"2023-03-09T10:08:18","modified_gmt":"2023-03-09T10:08:18","slug":"rrm3-come-affrontare-i-10-rischi-globali-che-minacciano-la-nostra-esistenza","status":"publish","type":"post","link":"https:\/\/www.ecoitaliano.com.ar\/?p=34183","title":{"rendered":"RRM3: COME AFFRONTARE I 10 RISCHI GLOBALI CHE MINACCIANO LA NOSTRA ESISTENZA"},"content":{"rendered":"<p align=\"center\">\n<p align=\"center\">\n<p align=\"center\"><span style=\"font-family: Arial Narrow, serif;\"><span style=\"font-size: medium;\"><b>RRM3: COME AFFRONTARE I 10 RISCHI GLOBALI CHE MINACCIANO LA NOSTRA ESISTENZA<\/b><\/span><\/span><\/p>\n<p align=\"center\"><span style=\"font-family: Arial Narrow, serif;\"><span style=\"font-size: medium;\"><i>Una serie di incontri a livello internazionale per ricercare soluzioni per salvare il nostro pianeta agonizzante<\/i><\/span><\/span><\/p>\n<p align=\"center\"><span style=\"font-family: Arial Narrow, serif;\"><span style=\"font-size: medium;\">di <\/span><\/span><span style=\"font-family: Arial Narrow, serif;\"><span style=\"font-size: medium;\"><b>Franca Colozzo *<\/b><\/span><\/span><\/p>\n<p align=\"justify\"><span style=\"font-family: Arial Narrow, serif;\"><span style=\"font-size: medium;\">Dopo l\u2019approfondita ricerca da parte del <\/span><\/span><span style=\"font-family: Arial Narrow, serif;\"><span style=\"font-size: medium;\"><b>Prof.<\/b><\/span><\/span> <span style=\"font-family: Arial Narrow, serif;\"><span style=\"font-size: medium;\"><b>George Onsy<\/b><\/span><\/span><span style=\"font-family: Arial Narrow, serif;\"><span style=\"font-size: medium;\"> (Cairo, Egitto) per la Conferenza <\/span><\/span><span style=\"font-family: Arial Narrow, serif;\"><span style=\"font-size: medium;\"><b>COP27<\/b><\/span><\/span><span style=\"font-family: Arial Narrow, serif;\"><span style=\"font-size: medium;\">, che ha visto riunirsi a <\/span><\/span><span style=\"font-family: Arial Narrow, serif;\"><span style=\"font-size: medium;\"><b>Sharm El Sheikh<\/b><\/span><\/span><span style=\"font-family: Arial Narrow, serif;\"><span style=\"font-size: medium;\">, all\u2019inizio di novembre 2022, i leader mondiali e le eccellenze nel campo della ricerca, ecco che ancora una volta egli ci stupisce con la sua formidabile serie di post e webinar per intraprendere una ricerca seria su clima, ambiente e migrazione.<\/span><\/span><\/p>\n<p align=\"justify\"><span style=\"font-family: Arial Narrow, serif;\"><span style=\"font-size: small;\"><a href=\"http:\/\/www.ecoitaliano.com.ar\/wp-content\/uploads\/2023\/03\/foto-1-RRM3-1.png\"><img decoding=\"async\" class=\"alignnone size-full wp-image-34190\" src=\"http:\/\/www.ecoitaliano.com.ar\/wp-content\/uploads\/2023\/03\/foto-1-RRM3-1.png\" alt=\"\" width=\"772\" height=\"435\" srcset=\"https:\/\/www.ecoitaliano.com.ar\/wp-content\/uploads\/2023\/03\/foto-1-RRM3-1.png 772w, https:\/\/www.ecoitaliano.com.ar\/wp-content\/uploads\/2023\/03\/foto-1-RRM3-1-300x169.png 300w, https:\/\/www.ecoitaliano.com.ar\/wp-content\/uploads\/2023\/03\/foto-1-RRM3-1-768x433.png 768w, https:\/\/www.ecoitaliano.com.ar\/wp-content\/uploads\/2023\/03\/foto-1-RRM3-1-150x85.png 150w\" sizes=\"(max-width: 772px) 100vw, 772px\" \/><\/a> <a href=\"http:\/\/www.ecoitaliano.com.ar\/wp-content\/uploads\/2023\/03\/foto-4-cover.jpg\"><img decoding=\"async\" class=\"alignnone size-full wp-image-34192\" src=\"http:\/\/www.ecoitaliano.com.ar\/wp-content\/uploads\/2023\/03\/foto-4-cover.jpg\" alt=\"\" width=\"515\" height=\"720\" srcset=\"https:\/\/www.ecoitaliano.com.ar\/wp-content\/uploads\/2023\/03\/foto-4-cover.jpg 515w, https:\/\/www.ecoitaliano.com.ar\/wp-content\/uploads\/2023\/03\/foto-4-cover-215x300.jpg 215w, https:\/\/www.ecoitaliano.com.ar\/wp-content\/uploads\/2023\/03\/foto-4-cover-107x150.jpg 107w\" sizes=\"(max-width: 515px) 100vw, 515px\" \/><\/a><\/span><\/span><\/p>\n<p align=\"justify\"><span style=\"font-family: Arial Narrow, serif;\"><span style=\"font-size: medium;\">Nell\u2019ambito del suo visionario progetto che lo ha portato a fondare e presiedere l\u2019Associazione Culturale Internazionale <\/span><\/span><span style=\"font-family: Arial Narrow, serif;\"><span style=\"font-size: medium;\"><b>RRM3, RINASCIMENTO-RENAISSANCE MILLENNIUM III<\/b><\/span><\/span><span style=\"font-family: Arial Narrow, serif;\"><span style=\"font-size: medium;\">, il <\/span><\/span><span style=\"font-family: Arial Narrow, serif;\"><span style=\"font-size: medium;\"><b>Prof. George Onsy<\/b><\/span><\/span><span style=\"font-family: Arial Narrow, serif;\"><span style=\"font-size: medium;\"> d\u00e0 un altro importante contributo alla sostenibilit\u00e0 ed alle sorti del nostro pianeta malato: una serie di zoom meeting a livello globale per studiare come affrontare l\u2019emergenza climatica.<\/span><\/span><\/p>\n<p align=\"justify\"><span style=\"font-family: Arial Narrow, serif;\"><span style=\"font-size: medium;\">Dal mio punto di vista di studiosa che scrive su diverse testate nazionali, internazionali e blog, tra cui <\/span><\/span><span style=\"color: #0000ff;\"><u><a href=\"http:\/\/www.academia.edu\/\"><span style=\"color: #000000;\"><span style=\"font-family: Arial Narrow, serif;\"><span style=\"font-size: medium;\">www.academia.edu<\/span><\/span><\/span><\/a><\/u><\/span><span style=\"font-family: Arial Narrow, serif;\"><span style=\"font-size: medium;\"> e <\/span><\/span><span style=\"color: #0000ff;\"><u><a href=\"http:\/\/www.lteconomy.it\/\"><span style=\"color: #000000;\"><span style=\"font-family: Arial Narrow, serif;\"><span style=\"font-size: medium;\">www.lteconomy.it<\/span><\/span><\/span><\/a><\/u><\/span><span style=\"font-family: Arial Narrow, serif;\"><span style=\"font-size: medium;\"> etc., ho avviato una serie di iniziative volte a stimolare l\u2019interesse dei quasi cinquecento membri che compongono, allo stato attuale, il nostro movimento culturale-umanitario <\/span><\/span><span style=\"font-family: Arial Narrow, serif;\"><span style=\"font-size: medium;\"><b>RRM3<\/b><\/span><\/span><span style=\"font-family: Arial Narrow, serif;\"><span style=\"font-size: medium;\">.<\/span><\/span><\/p>\n<p align=\"justify\"><span style=\"font-family: Arial Narrow, serif;\"><span style=\"font-size: medium;\">Dopo aver affrontato il periodo pandemico dedicandomi a diversi e-Learning su clima, economia a lungo termine e sostenibilit\u00e0 (di qui nasce la mia recente affiliazione a UN ECOSOC e UN SDG), ho ritenuto opportuno sintetizzare i miei studi recenti in una serie di articoli da utilizzare come trampolino di lancio di iniziative di pi\u00f9 ampio respiro. Questo grande sforzo era uno delle ragioni che hanno attivato la <\/span><\/span><span style=\"font-family: Arial Narrow, serif;\"><span style=\"font-size: medium;\"><b>RRM3<\/b><\/span><\/span><span style=\"font-family: Arial Narrow, serif;\"><span style=\"font-size: medium;\"> e la <\/span><\/span><span style=\"font-family: Arial Narrow, serif;\"><span style=\"font-size: medium;\"><b>GPLT<\/b><\/span><\/span><span style=\"font-family: Arial Narrow, serif;\"><span style=\"font-size: medium;\"> a cominciare dalla loro serie di online workshops e post. <\/span><\/span><\/p>\n<p align=\"justify\"><span style=\"font-family: Arial Narrow, serif;\"><span style=\"font-size: small;\"><a href=\"http:\/\/www.ecoitaliano.com.ar\/wp-content\/uploads\/2023\/03\/foto7-RRm3.jpg\"><img decoding=\"async\" class=\"alignnone size-full wp-image-34189\" src=\"http:\/\/www.ecoitaliano.com.ar\/wp-content\/uploads\/2023\/03\/foto7-RRm3.jpg\" alt=\"\" width=\"720\" height=\"507\" srcset=\"https:\/\/www.ecoitaliano.com.ar\/wp-content\/uploads\/2023\/03\/foto7-RRm3.jpg 720w, https:\/\/www.ecoitaliano.com.ar\/wp-content\/uploads\/2023\/03\/foto7-RRm3-300x211.jpg 300w, https:\/\/www.ecoitaliano.com.ar\/wp-content\/uploads\/2023\/03\/foto7-RRm3-150x106.jpg 150w\" sizes=\"(max-width: 720px) 100vw, 720px\" \/><\/a><\/span><\/span><\/p>\n<p align=\"justify\"><span style=\"font-family: Arial Narrow, serif;\"><span style=\"font-size: medium;\">La serie di workshop <\/span><\/span><span style=\"font-family: Arial Narrow, serif;\"><span style=\"font-size: medium;\"><b>RRM3<\/b><\/span><\/span><span style=\"font-family: Arial Narrow, serif;\"><span style=\"font-size: medium;\"> on line ha preso avvio mercoled\u00ec 1 febbraio alle 17:30, ora del Cairo, con uno zoom meeting che ha visto un grande afflusso di studiosi, ricercatori e intellettuali da tutto il mondo. <\/span><\/span><\/p>\n<p align=\"justify\"><span style=\"font-family: Arial Narrow, serif;\"><span style=\"font-size: medium;\"><b>RRM3<\/b><\/span><\/span><span style=\"font-family: Arial Narrow, serif;\"><span style=\"font-size: medium;\"> individua i rischi e i problemi, inclusa la crisi del nostro mondo sofferente, attraverso 5 canali di contributi: <\/span><\/span><span style=\"font-family: Arial Narrow, serif;\"><span style=\"font-size: medium;\"><u>SPIRTUALI, CULTURALI<\/u><\/span><\/span><span style=\"font-family: Arial Narrow, serif;\"><span style=\"font-size: medium;\">, <\/span><\/span><span style=\"font-family: Arial Narrow, serif;\"><span style=\"font-size: medium;\"><u>INTELLETTUALI<\/u><\/span><\/span><span style=\"font-family: Arial Narrow, serif;\"><span style=\"font-size: medium;\">, <\/span><\/span><span style=\"font-family: Arial Narrow, serif;\"><span style=\"font-size: medium;\"><u>FRATERNO-UMANITARI, ANALITICO-RICERCA,<\/u><\/span><\/span><span style=\"font-family: Arial Narrow, serif;\"><span style=\"font-size: medium;\"> e <\/span><\/span><span style=\"font-family: Arial Narrow, serif;\"><span style=\"font-size: medium;\"><u>SVILUPPO-PRAGMATICO<\/u><\/span><\/span><span style=\"font-family: Arial Narrow, serif;\"><span style=\"font-size: medium;\">, per affrontare settimanalmente i seguenti 10 rischi distruttivi:<\/span><\/span><\/p>\n<p align=\"justify\"><span style=\"font-family: Arial Narrow, serif;\"><span style=\"font-size: small;\"><a href=\"http:\/\/www.ecoitaliano.com.ar\/wp-content\/uploads\/2023\/03\/foto2-RRM3-1.png\"><img decoding=\"async\" class=\"alignnone size-full wp-image-34193\" src=\"http:\/\/www.ecoitaliano.com.ar\/wp-content\/uploads\/2023\/03\/foto2-RRM3-1.png\" alt=\"\" width=\"876\" height=\"493\" srcset=\"https:\/\/www.ecoitaliano.com.ar\/wp-content\/uploads\/2023\/03\/foto2-RRM3-1.png 876w, https:\/\/www.ecoitaliano.com.ar\/wp-content\/uploads\/2023\/03\/foto2-RRM3-1-300x169.png 300w, https:\/\/www.ecoitaliano.com.ar\/wp-content\/uploads\/2023\/03\/foto2-RRM3-1-768x432.png 768w, https:\/\/www.ecoitaliano.com.ar\/wp-content\/uploads\/2023\/03\/foto2-RRM3-1-150x84.png 150w\" sizes=\"(max-width: 876px) 100vw, 876px\" \/><\/a><\/span><\/span><\/p>\n<ul>\n<li>\n<p align=\"justify\"><span style=\"font-family: Arial Narrow, serif;\"><span style=\"font-size: medium;\">RISCHI AMBIENTALI:<\/span><\/span><\/p>\n<\/li>\n<\/ul>\n<p align=\"justify\"><span style=\"font-family: Arial Narrow, serif;\"><span style=\"font-size: medium;\">1- Fallimento dell&#8217;azione climatica (% degli intervistati 42,1%)<\/span><\/span><\/p>\n<p align=\"justify\"><span style=\"font-family: Arial Narrow, serif;\"><span style=\"font-size: medium;\">2- Tempo estremo (32,4%)<\/span><\/span><\/p>\n<p align=\"justify\"><span style=\"font-family: Arial Narrow, serif;\"><span style=\"font-size: medium;\">3- Perdita di biodiversit\u00e0 (27,0%)<\/span><\/span><\/p>\n<p align=\"justify\"><span style=\"font-family: Arial Narrow, serif;\"><span style=\"font-size: medium;\">4- Crisi delle risorse naturali (23,0%)<\/span><\/span><\/p>\n<p align=\"justify\"><span style=\"font-family: Arial Narrow, serif;\"><span style=\"font-size: medium;\">5- Danni ambientali umani (21,7%)<\/span><\/span><\/p>\n<ul>\n<li>\n<p align=\"justify\"><span style=\"font-family: Arial Narrow, serif;\"><span style=\"font-size: medium;\">RISCHI SOCIALI:<\/span><\/span><\/p>\n<\/li>\n<\/ul>\n<p align=\"justify\"><span style=\"font-family: Arial Narrow, serif;\"><span style=\"font-size: medium;\">6- Coesione sociale Erosione (19,1%)<\/span><\/span><\/p>\n<p align=\"justify\"><span style=\"font-family: Arial Narrow, serif;\"><span style=\"font-size: medium;\">7- Migrazione involontaria (15,0%), con cui sono iniziati i workshop online di RRM3<\/span><\/span><\/p>\n<ul>\n<li>\n<p align=\"justify\"><span style=\"font-family: Arial Narrow, serif;\"><span style=\"font-size: medium;\">IL<\/span><\/span><span style=\"font-family: Arial Narrow, serif;\"><span style=\"font-size: medium;\"> RISCHIO TECNOLOGICO<\/span><\/span><\/p>\n<\/li>\n<\/ul>\n<p align=\"justify\"><span style=\"font-family: Arial Narrow, serif;\"><span style=\"font-size: medium;\">8- Avanzamenti tecnologici avversi (14,9%)<\/span><\/span><\/p>\n<ul>\n<li>\n<p align=\"justify\"><span style=\"font-family: Arial Narrow, serif;\"><span style=\"font-size: medium;\">RISCHI GEOPOLITICI-GEOECONOMICI<\/span><\/span><\/p>\n<\/li>\n<\/ul>\n<p align=\"justify\"><span style=\"font-family: Arial Narrow, serif;\"><span style=\"font-size: medium;\">9- Confronti geo-economici (14,1%)<\/span><\/span><\/p>\n<p align=\"justify\"><span style=\"font-family: Arial Narrow, serif;\"><span style=\"font-size: medium;\">10- Contestazione risorse geopolitiche (13,5%)<\/span><\/span><\/p>\n<p align=\"justify\"><span style=\"font-family: Arial Narrow, serif;\"><span style=\"font-size: medium;\">Uno dei problemi pi\u00f9 impellenti, soprattutto per l&#8217;Europa, e di conseguenza per la regione del Medio Oriente e anche per il mondo intero, \u00e8 causato dalla MIGRAZIONE INVOLONTARIA (EMERGENZA PROFUGHI, come la chiamano alcuni).<\/span><\/span><\/p>\n<p align=\"justify\"><span style=\"font-family: Arial Narrow, serif;\"><span style=\"font-size: medium;\"><b>*COSA SAPETE sul RAPPORTO per avvertire il mondo intero?<\/b><\/span><\/span><\/p>\n<p align=\"justify\"><span style=\"font-family: Arial Narrow, serif;\"><span style=\"font-size: medium;\">Secondo l\u2019ultimo rapporto: GLOBAL RISKS REPORT 2022, pubblicato dalla WEF International, il nostro mondo sta affrontando una grave emergenza non solo sotto il profilo energetico, climatico e della sostenibilit\u00e0, ma anche delle crescenti sacche di povert\u00e0 (Africa, Asia e America Latina), delle guerre nel mondo e, in particolare, da circa un anno nel cuore della stessa Europa, reiterando i pericoli delle due devastanti Guerre Mondiali.<\/span><\/span><\/p>\n<p align=\"justify\"><span style=\"font-family: Arial Narrow, serif;\"><span style=\"font-size: medium;\">Ma il tema su cui si \u00e8 focalizzata l\u2019attenzione \u00e8 relativo alla migrazione involontaria, come si evincer\u00e0 ancora pi\u00f9 dettagliatamente nei prossimi incontri online organizzati congiuntamente da RRM3 e dalla ONG, fondata e presieduta dalla <\/span><\/span><span style=\"font-family: Arial Narrow, serif;\"><span style=\"font-size: medium;\"><b>Dr. Nikki De Pina<\/b><\/span><\/span><span style=\"font-family: Arial Narrow, serif;\"><span style=\"font-size: medium;\">, con sede a Londra (UK) GPLT \u2013 GLOBAL PEACE LET TALK:<\/span><\/span><\/p>\n<p align=\"justify\"><span style=\"font-family: Arial Narrow, serif;\"><span style=\"font-size: small;\"><a href=\"http:\/\/www.ecoitaliano.com.ar\/wp-content\/uploads\/2023\/03\/foto-4-Goffredo-Palmerini-20.jpg\"><img decoding=\"async\" class=\"alignnone size-full wp-image-34194\" src=\"http:\/\/www.ecoitaliano.com.ar\/wp-content\/uploads\/2023\/03\/foto-4-Goffredo-Palmerini-20.jpg\" alt=\"\" width=\"313\" height=\"312\" srcset=\"https:\/\/www.ecoitaliano.com.ar\/wp-content\/uploads\/2023\/03\/foto-4-Goffredo-Palmerini-20.jpg 313w, https:\/\/www.ecoitaliano.com.ar\/wp-content\/uploads\/2023\/03\/foto-4-Goffredo-Palmerini-20-150x150.jpg 150w, https:\/\/www.ecoitaliano.com.ar\/wp-content\/uploads\/2023\/03\/foto-4-Goffredo-Palmerini-20-300x300.jpg 300w\" sizes=\"(max-width: 313px) 100vw, 313px\" \/><\/a><\/span><\/span><\/p>\n<p align=\"justify\"><span style=\"font-family: Arial Narrow, serif;\"><span style=\"font-size: medium;\"><b>RISCHIO NUMERO 7: MIGRAZIONE INVOLONTARIA<\/b><\/span><\/span><\/p>\n<p align=\"justify\"><span style=\"font-family: Arial Narrow, serif;\"><span style=\"font-size: medium;\">Nello specifico, questo \u00e8 un rischio che minaccia non solo l&#8217;Europa ma tutta la regione del Medio Oriente e, di conseguenza, gran parte del mondo. I seminari sono preparati, presentati e condotti dal <\/span><\/span><span style=\"font-family: Arial Narrow, serif;\"><span style=\"font-size: medium;\"><b>Dr.<\/b><\/span><\/span> <span style=\"font-family: Arial Narrow, serif;\"><span style=\"font-size: medium;\"><b>George Onsy<\/b><\/span><\/span><span style=\"font-family: Arial Narrow, serif;\"><span style=\"font-size: medium;\">-Egitto, Presidente-fondatore RRM3, con il supporto della Vicepresidente di RRM3, <\/span><\/span><span style=\"font-family: Arial Narrow, serif;\"><span style=\"font-size: medium;\"><b>Dr.<\/b><\/span><\/span> <span style=\"font-family: Arial Narrow, serif;\"><span style=\"font-size: medium;\"><b>Nikki De Pina<\/b><\/span><\/span><span style=\"font-family: Arial Narrow, serif;\"><span style=\"font-size: medium;\">-UK, fondatrice di GPLT, e dalla Direttrice Esecutiva di RRM3, <\/span><\/span><span style=\"font-family: Arial Narrow, serif;\"><span style=\"font-size: medium;\"><b>Dr. Arch. Franca Colozzo<\/b><\/span><\/span><span style=\"font-family: Arial Narrow, serif;\"><span style=\"font-size: medium;\"> (Italy), membro UN ECOSOC, blogger UN SDG, membro dell\u2019Unione Internazionale Architetti, e Fondatrice di gruppi su Linkedin: HSW (HUMAN SOLIDARITY WAVE) &amp; RRM3; su Facebook e WAp: WIM \u2013 WOMEN IN MOTION. <\/span><\/span><\/p>\n<p align=\"justify\"><span style=\"font-family: Arial Narrow, serif;\"><span style=\"font-size: medium;\">Ma ancor pi\u00f9 significativa \u00e8 stata l\u2019intervista del <\/span><\/span><span style=\"font-family: Arial Narrow, serif;\"><span style=\"font-size: medium;\"><b>prof. George Onsy<\/b><\/span><\/span><span style=\"font-family: Arial Narrow, serif;\"><span style=\"font-size: medium;\">, in qualit\u00e0 di fondatore e presidente di RRM3, da parte del giornalista internazionale, geologo e poeta turco, <\/span><\/span><span style=\"font-family: Arial Narrow, serif;\"><span style=\"font-size: medium;\"><b>Dr. Tar\u0131k G\u00fcnersel<\/b><\/span><\/span><span style=\"font-family: Arial Narrow, serif;\"><span style=\"font-size: medium;\">, che attualmente vive in Texas (USA). Sono state esplicitate le finalit\u00e0 di <\/span><\/span><span style=\"font-family: Arial Narrow, serif;\"><span style=\"font-size: medium;\"><b>RRM3<\/b><\/span><\/span><span style=\"font-family: Arial Narrow, serif;\"><span style=\"font-size: medium;\"> in un approccio dinamico alle problematiche in cui versa attualmente il mondo, con fenomeni migratori crescenti soprattutto verso le coste italiane anche con gli innovativi meccanismi di RRM3 per la \u201cCrisis-management\u201d e per il soccorso immediato a seguito del terremoto turco siriano. Potete trovare di seguito il link di seguito:<\/span><\/span><\/p>\n<p align=\"justify\"><span style=\"color: #0000ff;\"><u><a href=\"https:\/\/www.youtube.com\/watch?v=7Yjjhj3P2pg\"><span style=\"color: #000000;\"><span style=\"font-family: Arial Narrow, serif;\"><span style=\"font-size: medium;\">https:\/\/www.youtube.com\/watch?v=7Yjjhj3P2pg<\/span><\/span><\/span><\/a><\/u><\/span><\/p>\n<p align=\"justify\"><span style=\"font-family: Arial Narrow, serif;\"><span style=\"font-size: medium;\"><b>RRM3<\/b><\/span><\/span><span style=\"font-family: Arial Narrow, serif;\"><span style=\"font-size: medium;\"> ha affrontato anche le conseguenze devastanti della guerra in Ucraina, che ha aggravato le condizioni economiche di molti popoli, attraverso un canto contro la guerra (anti-guerra), gi\u00e0 tradotto in pi\u00f9 di 30 lingue dai migliori poeti internazionali. Questo canto fa eco a un messaggio di pace all&#8217;Europa, per l&#8217;Europa stessa e per la pace nel mondo intero, e sar\u00e0 presentato quest&#8217;anno al Festival Culturale di Mosca, ed \u00e8 stato attualmente presentato al comitato del Beethoven Music Festival-Bonn, Germania. <\/span><\/span><\/p>\n<p align=\"justify\"><span style=\"font-family: Arial Narrow, serif;\"><span style=\"font-size: medium;\">Potete trovare di seguito il link: <\/span><\/span><span style=\"color: #0000ff;\"><u><a href=\"https:\/\/www.youtube.com\/watch?v=FRd4gLcmk-g\"><span style=\"color: #000000;\"><span style=\"font-family: Arial Narrow, serif;\"><span style=\"font-size: medium;\">https:\/\/www.youtube.com\/watch?v=FRd4gLcmk-g<\/span><\/span><\/span><\/a><\/u><\/span><\/p>\n<p align=\"justify\"><span style=\"font-family: Arial Narrow, serif;\"><span style=\"font-size: small;\"><i>(Foto 3 &#8211; Alcuni dei certificati onorari di RRM3 donati ai poeti che hanno tradotto i testi di questa campagna contro la guerra<\/i><\/span><\/span><\/p>\n<p align=\"justify\"><span style=\"font-family: Arial Narrow, serif;\"><span style=\"font-size: medium;\">Le strategie messe in campo stanno aiutando molto a far funzionare tutti gli eventi. Tutti i post saranno inviati per la pubblicazione a oltre 200 testate in tutto il mondo da Goffredo Palmerini, RRM3 &#8211; Presidente Associato, scrittore e giornalista italiano (L\u2019Aquila).<\/span><\/span><\/p>\n<p align=\"justify\"><span style=\"font-family: Arial Narrow, serif;\"><span style=\"font-size: xx-small;\"><i>(Foto 4 &#8211; Goffredo Palmerini + cover libro) <\/i><\/span><\/span><\/p>\n<p align=\"justify\"><span style=\"font-family: Arial Narrow, serif;\"><span style=\"font-size: xx-small;\"><i>Goffredo Palmerini (L\u2019Aquila) e il suo recente libro che tratta dell\u2019Associazione RRM3 in otto pagine, dopo aver pubblicato una serie di articoli in collegamento con 200 testate nazionali ed internazionali per presentare la visione, la missione, e la contribuzione eccezionale di quest\u2019organizzazione a tutto il mondo.<\/i><\/span><\/span><\/p>\n<p align=\"justify\"><span style=\"font-family: Arial Narrow, serif;\"><span style=\"font-size: medium;\">Considerando la difficolt\u00e0 di partecipare agli incontri online <\/span><\/span><span style=\"font-family: Arial Narrow, serif;\"><span style=\"font-size: medium;\"><b>RRM3-GPLT<\/b><\/span><\/span><span style=\"font-family: Arial Narrow, serif;\"><span style=\"font-size: medium;\"> sopra menzionati a causa dei diversi fusi orari, si invita a seguirli come post settimanali sul gruppo Facebook RRM3, Linkedin, Twitter e Instagram: <\/span><\/span><span style=\"color: #0000ff;\"><u><a href=\"https:\/\/www.facebook.com\/groups\/297603355185960\/?__cft__%5B0%5D=AZVvYcArjdH-mvKvD9RwAWY26_W49VeNAr6a9GIJW4vfSTo2XRkdGk0p9gErYitJja8WWCzv4g0ehaAlGYvzINn0Q5-dzSlyGXX0bUdGYSZ6CVn6GMnfokA8WjPXIu_Qis_q5ofagwAE0M0L7znq2z7tsVtSJcEp5KKtHUiacQIp6g&amp;__tn__=-UK-R\"><span style=\"color: #000000;\"><span style=\"font-family: Arial Narrow, serif;\"><span style=\"font-size: medium;\">https:\/\/www.facebook.com\/groups\/297603355185960<\/span><\/span><\/span><\/a><\/u><\/span><\/p>\n<p align=\"justify\"><span style=\"font-family: Arial Narrow, serif;\"><span style=\"font-size: medium;\"><span lang=\"en-US\">RRM3 YouTube Channel: <\/span><\/span><\/span><span style=\"color: #0000ff;\"><u><a href=\"https:\/\/www.youtube.com\/channel\/UCYlHr8YEyhCZCxaJMjXlVBA?fbclid=IwAR1agEA0jNzYY0bS1SeryEHF--1NndJrxaaQcKX1APn3E5jj6Il3WU7oiRg\"><span style=\"color: #000000;\"><span style=\"font-family: Arial Narrow, serif;\"><span style=\"font-size: medium;\"><span lang=\"en-US\">https:\/\/www.youtube.com\/channel\/UCYlHr8YEyhCZCxaJMjXlVBA<\/span><\/span><\/span><\/span><\/a><\/u><\/span><\/p>\n<p align=\"justify\"><span style=\"font-family: Arial Narrow, serif;\"><span style=\"font-size: medium;\"><b>RRM3, RINASCIMENTO-RENAISSANCE MILLENNIUM III<\/b><\/span><\/span><span style=\"font-family: Arial Narrow, serif;\"><span style=\"font-size: medium;\"> \u00e8 un&#8217;organizzazione internazionale per la pace composta di circa 500 membri, tra cui illustri luminari, umanitari, volontari e personaggi della cultura e dei media mondiali. RRM3 lavora per il futuro dell&#8217;Europa, rispondendo al suo rapido cambiamento demografico per un futuro stabile e sicuro per le societ\u00e0 europee di tutte le razze e religioni. Nel frattempo, sosteniamo l&#8217;Europa ad aiutare i paesi da essa colonizzati in passato. In questo modo, aiutiamo l&#8217;Europa e quei paesi che inviano ondate di profughi nei suoi territori. La visione di <\/span><\/span><span style=\"font-family: Arial Narrow, serif;\"><span style=\"font-size: medium;\"><b>RRM3<\/b><\/span><\/span><span style=\"font-family: Arial Narrow, serif;\"><span style=\"font-size: medium;\"> ed il suo continuo contributo al mondo vengono regolarmente trattati su numerose testate giornalistiche in tutto il mondo dal Presidente Associato, <\/span><\/span><span style=\"font-family: Arial Narrow, serif;\"><span style=\"font-size: medium;\"><b>Goffredo Palmerini<\/b><\/span><\/span><span style=\"font-family: Arial Narrow, serif;\"><span style=\"font-size: medium;\">, e dagli altri membri dei nostri media.<\/span><\/span><\/p>\n<p align=\"justify\"><span style=\"font-family: Arial Narrow, serif;\"><span style=\"font-size: medium;\"><b>RRM3 &#8211; RINASCIMENTO-RINASCIMENTO MILLENNIO III<\/b><\/span><\/span><\/p>\n<p align=\"justify\"><span style=\"font-family: Arial Narrow, serif;\"><span style=\"font-size: medium;\"><i>\u00abInsieme per il futuro dell&#8217;Europa &#8212; Insieme all&#8217;Europa per il mondo\u00bb<\/i><\/span><\/span><\/p>\n<p><span style=\"font-family: Arial Narrow, serif;\"><span style=\"font-size: medium;\">GPLT, fondata nel 2020 dalla Dr.HC <\/span><\/span><span style=\"font-family: Arial Narrow, serif;\"><span style=\"font-size: medium;\"><b>Nikki De Pina<\/b><\/span><\/span><span style=\"font-family: Arial Narrow, serif;\"><span style=\"font-size: medium;\">, che \u00e8 anche l\u2019amministratore delegato di GLOBAL PEACE LET\u2019S TALK <\/span><\/span><\/p>\n<p><a href=\"http:\/\/www.ecoitaliano.com.ar\/wp-content\/uploads\/2023\/03\/foto5-RRM3.jpg\"><img decoding=\"async\" class=\"alignnone size-full wp-image-34188\" src=\"http:\/\/www.ecoitaliano.com.ar\/wp-content\/uploads\/2023\/03\/foto5-RRM3.jpg\" alt=\"\" width=\"480\" height=\"480\" srcset=\"https:\/\/www.ecoitaliano.com.ar\/wp-content\/uploads\/2023\/03\/foto5-RRM3.jpg 480w, https:\/\/www.ecoitaliano.com.ar\/wp-content\/uploads\/2023\/03\/foto5-RRM3-150x150.jpg 150w, https:\/\/www.ecoitaliano.com.ar\/wp-content\/uploads\/2023\/03\/foto5-RRM3-300x300.jpg 300w\" sizes=\"(max-width: 480px) 100vw, 480px\" \/><\/a><\/p>\n<p><a name=\"_GoBack\"><\/a><\/p>\n<p align=\"justify\"><span style=\"font-family: Arial Narrow, serif;\"><span style=\"font-size: medium;\">La dottoressa HC <\/span><\/span><span style=\"font-family: Arial Narrow, serif;\"><span style=\"font-size: medium;\"><b>Veronica (Nikki) De Pina<\/b><\/span><\/span><span style=\"font-family: Arial Narrow, serif;\"><span style=\"font-size: medium;\"> \u00e8 un&#8217;appassionata e ardente sostenitrice della giustizia sociale e un&#8217;attivista nell&#8217;ambito della costruzione della pace. \u00c8 impegnata nella trasformazione sociale attraverso la creazione di piattaforme mirate alla pace, alla giustizia e alle istituzioni forti, alla non violenza e alla fine dei conflitti. I suoi numerosi viaggi in Africa ed i successi conseguiti ne hanno determinato il ruolo di facilitatore-chiave per sostenere il processo di trasformazione che ha portato ai principi della democrazia dopo il rilascio di <\/span><\/span><span style=\"font-family: Arial Narrow, serif;\"><span style=\"font-size: medium;\"><b>Nelson Mandela<\/b><\/span><\/span><span style=\"font-family: Arial Narrow, serif;\"><span style=\"font-size: medium;\"> (Madiba). <\/span><\/span><\/p>\n<p align=\"justify\"><span style=\"font-family: Arial Narrow, serif;\"><span style=\"font-size: medium;\"><i>*Architetta, scrittrice e Direttrice esecutiva RRM3<\/i><\/span><\/span><\/p>\n<p align=\"justify\">\n<p align=\"justify\">\n<p align=\"justify\">\n<p>&nbsp;<\/p>\n<p>&nbsp;<\/p>\n<p>&nbsp;<\/p>\n<p>&nbsp;<\/p>\n","protected":false},"excerpt":{"rendered":"<p>RRM3: COME AFFRONTARE I 10 RISCHI GLOBALI CHE MINACCIANO LA NOSTRA ESISTENZA Una serie di incontri a livello internazionale per [&hellip;]<\/p>\n","protected":false},"author":1,"featured_media":0,"comment_status":"open","ping_status":"open","sticky":false,"template":"","format":"standard","meta":{"footnotes":""},"categories":[2,10],"tags":[],"class_list":["post-34183","post","type-post","status-publish","format-standard","hentry","category-informacion","category-italiano"],"_links":{"self":[{"href":"https:\/\/www.ecoitaliano.com.ar\/index.php?rest_route=\/wp\/v2\/posts\/34183","targetHints":{"allow":["GET"]}}],"collection":[{"href":"https:\/\/www.ecoitaliano.com.ar\/index.php?rest_route=\/wp\/v2\/posts"}],"about":[{"href":"https:\/\/www.ecoitaliano.com.ar\/index.php?rest_route=\/wp\/v2\/types\/post"}],"author":[{"embeddable":true,"href":"https:\/\/www.ecoitaliano.com.ar\/index.php?rest_route=\/wp\/v2\/users\/1"}],"replies":[{"embeddable":true,"href":"https:\/\/www.ecoitaliano.com.ar\/index.php?rest_route=%2Fwp%2Fv2%2Fcomments&post=34183"}],"version-history":[{"count":0,"href":"https:\/\/www.ecoitaliano.com.ar\/index.php?rest_route=\/wp\/v2\/posts\/34183\/revisions"}],"wp:attachment":[{"href":"https:\/\/www.ecoitaliano.com.ar\/index.php?rest_route=%2Fwp%2Fv2%2Fmedia&parent=34183"}],"wp:term":[{"taxonomy":"category","embeddable":true,"href":"https:\/\/www.ecoitaliano.com.ar\/index.php?rest_route=%2Fwp%2Fv2%2Fcategories&post=34183"},{"taxonomy":"post_tag","embeddable":true,"href":"https:\/\/www.ecoitaliano.com.ar\/index.php?rest_route=%2Fwp%2Fv2%2Ftags&post=34183"}],"curies":[{"name":"wp","href":"https:\/\/api.w.org\/{rel}","templated":true}]}}