{"id":34304,"date":"2023-03-11T23:36:56","date_gmt":"2023-03-11T23:36:56","guid":{"rendered":"http:\/\/www.ecoitaliano.com.ar\/?p=34304"},"modified":"2023-03-11T23:36:56","modified_gmt":"2023-03-11T23:36:56","slug":"serena-conduce-operaclassica-eco-italiano-2188","status":"publish","type":"post","link":"https:\/\/www.ecoitaliano.com.ar\/?p=34304","title":{"rendered":"Serena conduce operaclassica eco italiano"},"content":{"rendered":"<p><a href=\"http:\/\/www.ecoitaliano.com.ar\/wp-content\/uploads\/2023\/03\/image001.png\"><img decoding=\"async\" class=\"alignnone size-full wp-image-34072\" src=\"http:\/\/www.ecoitaliano.com.ar\/wp-content\/uploads\/2023\/03\/image001.png\" alt=\"\" width=\"343\" height=\"46\" srcset=\"https:\/\/www.ecoitaliano.com.ar\/wp-content\/uploads\/2023\/03\/image001.png 343w, https:\/\/www.ecoitaliano.com.ar\/wp-content\/uploads\/2023\/03\/image001-300x40.png 300w, https:\/\/www.ecoitaliano.com.ar\/wp-content\/uploads\/2023\/03\/image001-150x20.png 150w\" sizes=\"(max-width: 343px) 100vw, 343px\" \/><\/a><\/p>\n<p style=\"font-weight: 400;\"><strong><u>Festival di Carnevale del Maggio Musicale Fiorentino<\/u><\/strong><\/p>\n<p style=\"font-weight: 400;\"><strong>\u00a0<\/strong><\/p>\n<p style=\"font-weight: 400;\"><strong>Torna al Maggio, luned\u00ec 13 marzo 2023 alle ore 20 in Sala Zubin Mehta, il grande pianista Grigory Sokolov per un concerto in coproduzione con gli Amici della Musica di Firenze. In cartellone le composizioni di Henry Purcell e Wolfgang Amadeus Mozart.<\/strong><\/p>\n<p style=\"font-weight: 400;\"><strong>\u00a0<\/strong><\/p>\n<p style=\"font-weight: 400;\"><em>\u00a0<\/em><\/p>\n<p style=\"font-weight: 400;\"><em>Firenze, 10 marzo 2023<\/em>\u00a0\u2013 Luned\u00ec 13 marzo alle ore 20 in\u00a0<u>Sala Zubin Mehta<\/u>\u00a0torna dopo un anno\u00a0 &#8211; era il marzo del 2022\u00a0 &#8211; dalla sua ultima esibizione, il grande pianista\u00a0<strong>Grigory Sokolov<\/strong>\u00a0per un concerto\u00a0<u>in coproduzione<\/u>\u00a0con gli\u00a0<strong>Amici della Musica di Firenze<\/strong>. In apertura alla serata, una selezione di composizioni di\u00a0<strong>Henry Purcell<\/strong>\u00a0dove si riscontrano evidenti richiami al canto popolare anglosassone ma anche alla tradizione dei virginalisti rinascimentali:\u00a0<em>Ground in Gamut in sol maggiore Z. 645, la Suite no. 2 in sol minore Z. 661, A New Irish Tune [Lilliburlero] in sol maggiore Z. 646, A New Scotch Tune in sol maggiore Z. 655, [Trumpet Tune, called the Cibell] in do maggiore Z.T. 678, la Suite no. 4 in la minore Z. 663, Round O in re minore Z.T. 684, la Suite no. 7 in re minore Z. 668\u00a0<\/em>e la<em>\u00a0<\/em><em>Chacone in sol minore Z.T. 680<\/em>.<\/p>\n<p style=\"font-weight: 400;\">La seconda parte del programma \u00e8 invece incentrata su due composizioni di\u00a0<strong>Wolfgang Amadeus Mozart<\/strong>: la Sonata n. 13 in si bemolle maggiore K. 333 realizzata nel mese di settembre del 1778 che rappresenta il tentativo di soddisfare le esigenze dell\u2019ambiente parigino facendo leva su un linguaggio pianistico pi\u00f9 semplice e in linea con lo stile galante allora in voga e l\u2019Adagio in si minore K. 540, composto nel marzo del 1788, forse immaginato come movimento di una sonata o forse come brano destinato a un uso didattico.<\/p>\n<p style=\"font-weight: 400;\">\n<p style=\"font-weight: 400;\"><strong>Grigory Sokolov<\/strong>, che al Maggio ha debuttato nella primavera del 2015, e ha esordito nelle stagioni degli Amici della Musica nel lontano 1969, ha iniziato a suonare il pianoforte all&#8217;et\u00e0 di cinque anni e, due anni dopo, ha iniziato gli studi con Liya Zelikhman presso la \u201cCentral Special School\u201d del Conservatorio di Leningrado. Ha continuato a ricevere lezioni da Moisey Khalfin al Conservatorio e ha tenuto il suo recital di debutto nella sua citt\u00e0 natale nel 1962. Il talento prodigioso di Sokolov \u00e8 stato riconosciuto nel 1966 quando a 16 anni \u00e8 diventato il musicista pi\u00f9 giovane a ricevere la medaglia d&#8217;oro all&#8217; \u201cInternational Tchaikovsky Competition\u201d a Mosca.\u00a0\u00a0Si \u00e8 esibito a lungo come solista in concerto con orchestre di altissimo livello, collaborando tra gli altri con la New York Philharmonic, la Royal Concertgebouw Orchestra di Amsterdam, la Philharmonia London, la Symphonieorchester des Bayerischen Rundfunks e la Filarmonica di Monaco, prima di decidere di concentrarsi esclusivamente sull&#8217;esecuzione solistica. Nel 2014 Sokolov ha firmato un contratto in esclusiva con la Deutsche Grammophon e nel gennaio dell\u2019anno seguente \u00e8 stato pubblicato il primo album, un sensazionale recital registrato dal vivo al Festival di Salisburgo 2008.<\/p>\n<p style=\"font-weight: 400;\">I programmi delle sue esibizioni sono caratterizzati da numerose sfumature, dalle trascrizioni della polifonia sacra medievale e dai lavori per tastiera di Byrd, Couperin, Rameau, Froberger e Bach a tutto il repertorio classico e romantico con particolare attenzione a Beethoven, Schubert, Schumann, Chopin, Brahms e alle composizioni di riferimento del XX secolo di Prokof&#8217;ev, Ravel, Rachmaninov, Sch\u00f6nberg e Stravinskij.<\/p>\n<p style=\"font-weight: 400;\">\n<p style=\"font-weight: 400;\"><strong><u>Il concerto<\/u><\/strong>:<\/p>\n<p style=\"font-weight: 400;\">\n<p style=\"font-weight: 400;\"><strong>Henry Purcell\u00a0<\/strong><\/p>\n<p style=\"font-weight: 400;\"><em><u>Ground in Gamut in sol maggiore Z. 645, la Suite no. 2 in sol minore Z. 661, A New Irish Tune [Lilliburlero] in sol maggiore Z. 646, A New Scotch Tune in sol maggiore Z. 655, [Trumpet Tune, called the Cibell] in do maggiore Z.T. 678, la Suite no. 4 in la minore Z. 663, Round O in re minore Z.T. 684, la Suite no. 7 in re minore Z. 668, Chacone in sol minore Z.T. 680<\/u><\/em><\/p>\n<p style=\"font-weight: 400;\"><strong>\u00a0<\/strong><\/p>\n<p style=\"font-weight: 400;\">Henry Purcell inizi\u00f2 la sua carriera come giovane cantore della cappella reale. Fu poi al servizio della corte inglese come musicista e organista dell\u2019Abbazia di Westminster e ben presto divent\u00f2 famoso anche come compositore, realizzando opere per il teatro, musica strumentale e vocale nonch\u00e9 pagine celebrative per eventi solenni. Compositore versatile, assimil\u00f2 le esperienze italiane e francesi fondendole in uno stile saldamente ancorato alla tradizione musicale inglese. In molte delle sue opere sono infatti presenti evidenti richiami al canto popolare anglosassone ma anche alla tradizione dei virginalisti rinascimentali. L\u2019originalit\u00e0\u00a0della sua musica \u00e8 riscontrabile non solo in campo teatrale ma anche in quello strumentale. La produzione dedicata alla tastiera comprende brani di diversa natura: suite, variazioni, danze e arie ispirate al patrimonio popolare inglese. Tra essi la parte pi\u00f9 rilevante \u00e8 rappresentata dalle otto Suite per clavicembalo realizzate nella penultima decade del XVII secolo. La seconda e la quarta Suite prevedono lo stesso schema di danze in successione &#8211; Allemanda, Corrente e Sarabanda &#8211; precedute da un Preludio, mentre la settima Suite si apre con l\u2019Allemanda seguita da Corrente e Hornpipe. Alla tradizione popolare anglosassone sono invece collegate la\u00a0<em>Nuova aria scozzese Z. 655<\/em>\u00a0e la\u00a0<em>Nuova aria irlandese Z. 646,\u00a0<\/em>basata su una ballata satirica intitolata\u00a0<em>Lilliburlero<\/em>. Di derivazione teatrale \u00e8\u00a0<em>Round 0 in re minore Z. 684,\u00a0<\/em>una pagina dalla melodia accattivante<em>\u00a0<\/em>tratta dalle musiche di scena di\u00a0<em>Abdelazer.\u00a0<\/em>Al genere delle trascrizioni appartiene invece\u00a0<em>Trumpet Tune\u00a0<\/em>Z. 678, ricavato da un brano per tromba e archi intitolato\u00a0<em>Cibell,<\/em>\u00a0di carattere pomposo e solenne, mentre\u00a0<em>Ground in Gamut\u00a0<\/em>e la<em>\u00a0<\/em><em>Ciaccona in sol minore Z. 680\u00a0<\/em>sono variazioni su un basso ostinato, un genere di gran moda in epoca barocca.<\/p>\n<p style=\"font-weight: 400;\">\n<p style=\"font-weight: 400;\"><strong>Wolfgang Amadeus Mozart\u00a0<\/strong><\/p>\n<p style=\"font-weight: 400;\"><em><u>Sonata n. 13 in si bemolle maggiore K. 333<\/u><\/em><\/p>\n<p style=\"font-weight: 400;\"><em><u>Adagio in si minore K. 540<\/u><\/em><\/p>\n<p style=\"font-weight: 400;\"><em>\u00a0<\/em>Nell\u2019estate del 1777 Mozart intraprese un viaggio che lo avrebbe portato in Germania e in Francia. Dopo le tappe di Augusta, Monaco e Mannheim giunse a Parigi, ma il suo soggiorno non and\u00f2 come sperava. Il pubblico francese, che tanto lo aveva acclamato come\u00a0<em>enfant prodige<\/em>\u00a0in passato, era cambiato, non pi\u00f9 sensibile e attento come un tempo alla sua musica; e a ci\u00f2 si aggiunse anche il lutto per la morte dell\u2019amatissima madre, che lo aveva accompagnato nel viaggio. Ma sul versante della creativit\u00e0 il periodo parigino non trascorse invano. Infatti, in una delle ultime lettere scritte al padre prima della partenza, Mozart parla delle composizioni realizzate durante il soggiorno: tre concerti per pianoforte e sei sonate. L\u2019ultima di queste, la Sonata in si bemolle maggiore KV 333 fu realizzata nel mese di settembre del 1778 e rappresenta il tentativo di soddisfare le esigenze dell\u2019ambiente parigino facendo leva su un linguaggio pianistico pi\u00f9 semplice e in linea con lo stile galante allora in voga. Tuttavia nel Rond\u00f2 finale, il pi\u00f9 interessante tra i tre movimenti della Sonata, Mozart sperimenta delle sonorit\u00e0 che la avvicinano al Concerto per solista e orchestra inserendo, come era prassi nei concerti ma non nelle sonate, una cadenza prima della fine.<\/p>\n<p style=\"font-weight: 400;\">\n<p style=\"font-weight: 400;\">Tanto breve quanto intenso, l\u2019Adagio in si minore KV 540 \u00e8 un\u2019opera singolare nel catalogo mozartiano poich\u00e9 rimasta isolata. Di carattere libero e rapsodico, fu composto nel marzo del 1788, forse immaginato come movimento di una sonata o forse come brano destinato a un uso didattico. Pur nella indeterminatezza della sua origine, l\u2019Adagio \u00e8 considerato da molti commentatori uno dei brani pianistici pi\u00f9 sentiti ed espressivi della letteratura pianistica mozartiana, perfetto e compiuto proprio cos\u00ec com\u2019\u00e8.<\/p>\n<p style=\"font-weight: 400;\">\n<p style=\"font-weight: 400;\"><strong><u>La locandina<\/u><\/strong>:<\/p>\n<p style=\"font-weight: 400;\">\n<p style=\"font-weight: 400;\"><strong>HENRY PURCELL<\/strong><\/p>\n<p style=\"font-weight: 400;\">Ground in Gamut in sol maggiore Z. 645<\/p>\n<p style=\"font-weight: 400;\">Suite n. 2 in sol minore Z. 661<\/p>\n<p style=\"font-weight: 400;\"><em>Prelude \/ [Almand] \/ Corant \/ Saraband<\/em><\/p>\n<p style=\"font-weight: 400;\">A New Irish Tune [Lilliburlero] in sol maggiore Z. 646<\/p>\n<p style=\"font-weight: 400;\">A New Scotch Tune in sol maggiore Z. 655<\/p>\n<p style=\"font-weight: 400;\">[Trumpet Tune, called the Cibell] in do maggiore Z. T. 678<\/p>\n<p style=\"font-weight: 400;\">Suite n. 4 in la minore Z. 663<\/p>\n<p style=\"font-weight: 400;\">Prelude \/ Almand \/ Corant \/ Saraband<\/p>\n<p style=\"font-weight: 400;\">Round O in re minore Z. T. 684<\/p>\n<p style=\"font-weight: 400;\">Suite n. 7 in re minore Z. 668<\/p>\n<p style=\"font-weight: 400;\">Almand, very slow \u201cBell-bar\u201d \/ Corant \/ Hornpipe<\/p>\n<p style=\"font-weight: 400;\">Chacone in sol minore Z. T. 680<\/p>\n<p style=\"font-weight: 400;\">\u2014<\/p>\n<p style=\"font-weight: 400;\"><strong>WOLFGANG AMADEUS MOZART<\/strong><\/p>\n<p style=\"font-weight: 400;\">Sonata n. 13 in si bemolle maggiore KV 333 (315c), op. 7 n. 2<\/p>\n<p style=\"font-weight: 400;\">Allegro \/ Andante cantabile \/ Allegretto grazioso \/<\/p>\n<p style=\"font-weight: 400;\">\n<p style=\"font-weight: 400;\">Adagio in si minore KV 540<\/p>\n<p style=\"font-weight: 400;\">\n<p style=\"font-weight: 400;\">\n<p style=\"font-weight: 400;\"><em>Pianoforte<\/em><\/p>\n<p style=\"font-weight: 400;\"><strong>Grigory Sokolov<\/strong><\/p>\n<p style=\"font-weight: 400;\">\u2014<\/p>\n<p style=\"font-weight: 400;\"><em>Coproduzione tra Fondazione Teatro del Maggio Musicale Fiorentino e Amici della Musica Firenze<\/em><\/p>\n<p style=\"font-weight: 400;\"><em>\u00a0<\/em><\/p>\n<p style=\"font-weight: 400;\"><em>\u00a0<\/em><\/p>\n<p style=\"font-weight: 400;\"><u>Prezzi<\/u>:<\/p>\n<p style=\"font-weight: 400;\">\n<p style=\"font-weight: 400;\">Settore D: 25\u20ac; Settore C: 40\u20ac; Settore B: 60\u20ac; Settore A: 80\u20ac<\/p>\n<p style=\"font-weight: 400;\">\n<p style=\"font-weight: 400;\">\n<p style=\"font-weight: 400;\"><em>\u00a0<\/em><\/p>\n<p style=\"font-weight: 400;\"><em>Durata complessiva: 2 ore circa (con intervallo)<\/em><\/p>\n","protected":false},"excerpt":{"rendered":"<p>Festival di Carnevale del Maggio Musicale Fiorentino \u00a0 Torna al Maggio, luned\u00ec 13 marzo 2023 alle ore 20 in Sala [&hellip;]<\/p>\n","protected":false},"author":1,"featured_media":0,"comment_status":"open","ping_status":"open","sticky":false,"template":"","format":"standard","meta":{"footnotes":""},"categories":[1],"tags":[],"class_list":["post-34304","post","type-post","status-publish","format-standard","hentry","category-sin-categoria"],"_links":{"self":[{"href":"https:\/\/www.ecoitaliano.com.ar\/index.php?rest_route=\/wp\/v2\/posts\/34304","targetHints":{"allow":["GET"]}}],"collection":[{"href":"https:\/\/www.ecoitaliano.com.ar\/index.php?rest_route=\/wp\/v2\/posts"}],"about":[{"href":"https:\/\/www.ecoitaliano.com.ar\/index.php?rest_route=\/wp\/v2\/types\/post"}],"author":[{"embeddable":true,"href":"https:\/\/www.ecoitaliano.com.ar\/index.php?rest_route=\/wp\/v2\/users\/1"}],"replies":[{"embeddable":true,"href":"https:\/\/www.ecoitaliano.com.ar\/index.php?rest_route=%2Fwp%2Fv2%2Fcomments&post=34304"}],"version-history":[{"count":0,"href":"https:\/\/www.ecoitaliano.com.ar\/index.php?rest_route=\/wp\/v2\/posts\/34304\/revisions"}],"wp:attachment":[{"href":"https:\/\/www.ecoitaliano.com.ar\/index.php?rest_route=%2Fwp%2Fv2%2Fmedia&parent=34304"}],"wp:term":[{"taxonomy":"category","embeddable":true,"href":"https:\/\/www.ecoitaliano.com.ar\/index.php?rest_route=%2Fwp%2Fv2%2Fcategories&post=34304"},{"taxonomy":"post_tag","embeddable":true,"href":"https:\/\/www.ecoitaliano.com.ar\/index.php?rest_route=%2Fwp%2Fv2%2Ftags&post=34304"}],"curies":[{"name":"wp","href":"https:\/\/api.w.org\/{rel}","templated":true}]}}