{"id":34440,"date":"2023-03-14T23:03:35","date_gmt":"2023-03-14T23:03:35","guid":{"rendered":"http:\/\/www.ecoitaliano.com.ar\/?p=34440"},"modified":"2023-03-14T23:03:35","modified_gmt":"2023-03-14T23:03:35","slug":"serena-conduce-operaclassica-eco-italiano-2198","status":"publish","type":"post","link":"https:\/\/www.ecoitaliano.com.ar\/?p=34440","title":{"rendered":"Serena conduce operaclassica eco italiano"},"content":{"rendered":"<p><a href=\"http:\/\/www.ecoitaliano.com.ar\/wp-content\/uploads\/2023\/03\/3639b426-d4d7-10e1-3ebe-206ca36fbb0d.png\"><img decoding=\"async\" class=\"alignnone  wp-image-34441\" src=\"http:\/\/www.ecoitaliano.com.ar\/wp-content\/uploads\/2023\/03\/3639b426-d4d7-10e1-3ebe-206ca36fbb0d.png\" alt=\"\" width=\"371\" height=\"120\" srcset=\"https:\/\/www.ecoitaliano.com.ar\/wp-content\/uploads\/2023\/03\/3639b426-d4d7-10e1-3ebe-206ca36fbb0d.png 1771w, https:\/\/www.ecoitaliano.com.ar\/wp-content\/uploads\/2023\/03\/3639b426-d4d7-10e1-3ebe-206ca36fbb0d-300x97.png 300w, https:\/\/www.ecoitaliano.com.ar\/wp-content\/uploads\/2023\/03\/3639b426-d4d7-10e1-3ebe-206ca36fbb0d-768x248.png 768w, https:\/\/www.ecoitaliano.com.ar\/wp-content\/uploads\/2023\/03\/3639b426-d4d7-10e1-3ebe-206ca36fbb0d-1024x331.png 1024w, https:\/\/www.ecoitaliano.com.ar\/wp-content\/uploads\/2023\/03\/3639b426-d4d7-10e1-3ebe-206ca36fbb0d-150x48.png 150w\" sizes=\"(max-width: 371px) 100vw, 371px\" \/><\/a><\/p>\n<p>\u201cA CODA DI RONDINE\u201d DI FILIPPO DEL CORNO IN PRIMA ASSOLUTA E LA SINFONIA \u201cPASTORALE\u201d DI BEETHOVEN COMPONGONO IL PROGRAMMA DEL PROSSIMO CONCERTO DEI POMERIGGI MUSICALI<\/p>\n<p>Attesa per il nuovo brano commissionato al compositore milanese affidato alla lettura del direttore principale James Feddeck<\/p>\n<p>Milano, Teatro Dal Verme<br \/>\ngioved\u00ec 16 marzo \u2013 ore 10 In anteprima<br \/>\ngioved\u00ec 16 marzo \u2013 ore 20 concerto<br \/>\nsabato 18 marzo \u2013 ore 17 concerto<\/p>\n<p>\u00c8 nei motivi fondativi dei Pomeriggi Musicali essere un\u2019orchestra da camera con un solido repertorio classico ed avere una specifica vocazione alla contemporaneit\u00e0. Tale obiettivo si esplicita perfettamente nel programma musicale dei prossimi concerti della 78\u00b0 Stagione \u201cVariazioni su un tema\u201d in calendario al Teatro Dal Verme gioved\u00ec 16 marzo (ore 10 e ore 20) e poi sabato 18 marzo (ore 17) che vedranno sul podio il ritorno del direttore principale James Feddeck.<\/p>\n<p>Ad aprire il concerto infatti la prima assoluta di A coda di Rondine di Filippo Del Corno (Edizioni Curci), una commissione dei Pomeriggi Musicali e dell\u2019ORT \u2013 Orchestra Regionale Toscana all\u2019artista milanese (oggi docente al Conservatorio di Trieste), che torna a presentare un suo brano dopo il lungo periodo trascorso come Assessore alla Cultura del Comune di Milano (2013-2021).<br \/>\nLa Sinfonia n. 6 in fa maggiore \u201cPastorale\u201d op. 68 di Ludwig van Beethoven completa il programma che, come sottolinea Raffaele Mellace nelle note di sala, ha una radice comune alle scelte di Del Corno: \u00abil rimando all\u2019humus della cultura popolare, di ascendenza rurale, la cui memoria persiste viva e attiva nella trasfigurazione colta compiuta da entrambi i compositori\u00bb.<\/p>\n<p>A coda di Rondine trae origine in un antico canto popolare italiano di origine cinquecentesca, \u201cLa Girometta\u201d, melodia dalla probabile origine piemontese molto diffusa. \u00abLa novit\u00e0 di Del Corno \u2013 spiega sempre Mellace \u2013 dialoga cos\u00ec in termini dialettici e vivaci con il tema della stagione dei Pomeriggi musicali, proponendo pi\u00f9 che non delle variazioni intese come sviluppo consequenziale, delle \u201cvarianti\u201d, sei in particolare, che si offrono come esplorazione delle potenzialit\u00e0 della melodia e delle sue conseguenze armonico-ritmico e colore, varianti aperte alla trasgressione, pronte ad allontanarsi in modo anche spregiudicato dal materiale di base. Irrompono cos\u00ec altri codici che entrano in fecondo cortocircuito con la canzone popolare, generando risultati inattesi inaspettati, auspicabilmente con piacevole disorientamento nel pubblico. [\u2026] Con la Sesta sinfonia incontriamo il Beethoven della maturit\u00e0. Composta nel 1808 a met\u00e0 strada tra due sorelle difficilmente pi\u00f9 diverse (la Quinta venne scritta in simultanea e presentata nel medesimo concerto, al Teatro An der Wien), la \u201cPastorale\u201d mette a tema il sentimento della Natura: tema carissimo a Beethoven, che sin dal 1800 trascorreva regolarmente i mesi estivi nella campagna attorno a Vienna, poich\u00e9 \u201cnessuno pu\u00f2 amare la campagna quanto io l\u2019amo: infatti boschi, alberi e rocce producono davvero quell\u2019eco che l\u2019uomo desidera udire. [\u2026] La natura \u00e8 per il compositore necessit\u00e0 del cuore, dialogo con un interlocutore in grado di rivelare l\u2019io a se stesso, esperienza religiosa, utopia della serenit\u00e0 tanto agognata\u00bb.<\/p>\n<p>Teatro Dal Verme<br \/>\ngioved\u00ec 16 marzo ore 10.00 in anteprima<br \/>\ngioved\u00ec 16 marzo ore 20.00<br \/>\nsabato 18 marzo ore 17.00<br \/>\nOrchestra I Pomeriggi Musicali<br \/>\nDirettore James Feddeck<\/p>\n<p>Filippo Del Corno (1970)<br \/>\nA coda di rondine (prima esecuzione assoluta, nuova commissione dei Pomeriggi Musicali)<\/p>\n<p>Ludwig van Beethoven (1770 &#8211; 1827)<br \/>\nSinfonia n. 6 in fa maggiore \u201cPastorale\u201d op. 68<br \/>\nPiacevoli sentimenti che si destano nell&#8217;uomo all&#8217;arrivo in campagna: Allegro ma non troppo<br \/>\nScena al ruscello: Andante molto mosso<br \/>\nAllegra riunione di campagnoli: Allegro<br \/>\nTuono e tempesta: Allegro<br \/>\nSentimenti di benevolenza e ringraziamento alla Divinit\u00e0 dopo la tempesta: Allegretto<\/p>\n<p>James Feddeck direttore<br \/>\nDirettore principale dell\u2019Orchestra I Pomeriggi Musicali, James Feddeck \u00e8 nato a New York e il \u00abChicago Tribune\u00bb lo ha acclamato come \u00abun talentuoso direttore di cui si sentir\u00e0 parlare per molto tempo\u00bb. Vincitore del Solti Conducting Award, dell\u2019Aspen Conducting Prize ed ex-Assistant Conductor della Cleveland Orchestra, ha diretto orchestre come la BBC Scottish Symphony Orchestra, la Filarmonica di Varsavia, la Staatskapelle di Weimar, la Oregon Symphony Orchestra, l\u2019Orchestre Symphonique de Montr\u00e9al, l\u2019Orchestre National de Belgique, la Bournemouth Symphony Orchestra, la RSO Wien, la Deutsches Symphonie-Orchester di Berlino, l\u2019Orchestre National de France, la BBC Philharmonic, la BBC Symphony Orchestra, la Royal Philharmonic di Liverpool, la Royal Stockholm Philharmonic, la Filarmonica di Helsinki, la Chicago Symphony Orchestra, la San Francisco Symphony Orchestra, le orchestre sinfoniche di Seattle, Detroit e Toronto. Esperto organista, si \u00e8 esibito in recital in Europa e Nord America. Ha studiato oboe, pianoforte, organo e direzione al Conservatorio di Musica di Oberlin dove ha ottenuto il primo Outstanding Young Alumni Award.<\/p>\n<p>I concerti della 78a Stagione sono programmati come sempre il gioved\u00ec alle ore 20 e il sabato alle ore 17 al Teatro Dal Verme.<\/p>\n<p>Una novit\u00e0: Trenord diventa Travel partner della Fondazione I Pomeriggi Musicali e offre ai propri abbonati con la tessera \u201cIo viaggio\u201d lo sconto del 25% sui biglietti.<\/p>\n<p>Teatro Dal Verme<br \/>\nvia San Giovanni sul Muro, 2 &#8211; 20121, Milano<br \/>\nTel. 02 87 905 \u2013 www.ipomeriggi.it<\/p>\n<p>La biglietteria del Teatro Dal Verme \u00e8 aperta da marted\u00ec a sabato ore 10:30 \u2013 18:30<br \/>\nbiglietteria@ipomeriggi.it \/ tel 02 87905 201<\/p>\n<p>Vendita online www.ticketone.it<\/p>\n<p>Floriana Tessitore<br \/>\nUfficio stampa I Pomeriggi Musicali<br \/>\nstampa@ipomeriggi.it<br \/>\n+ 39 3387339981<\/p>\n<p>Milano, 13 marzo 2023 (ft)<\/p>\n<p><a href=\"http:\/\/www.ecoitaliano.com.ar\/wp-content\/uploads\/2023\/03\/Teatro-Dal-Verme-2020-ph-Lorenza-Daverio.jpg\"><img decoding=\"async\" class=\"alignnone size-full wp-image-34445\" src=\"http:\/\/www.ecoitaliano.com.ar\/wp-content\/uploads\/2023\/03\/Teatro-Dal-Verme-2020-ph-Lorenza-Daverio.jpg\" alt=\"\" width=\"2126\" height=\"1417\" srcset=\"https:\/\/www.ecoitaliano.com.ar\/wp-content\/uploads\/2023\/03\/Teatro-Dal-Verme-2020-ph-Lorenza-Daverio.jpg 2126w, https:\/\/www.ecoitaliano.com.ar\/wp-content\/uploads\/2023\/03\/Teatro-Dal-Verme-2020-ph-Lorenza-Daverio-300x200.jpg 300w, https:\/\/www.ecoitaliano.com.ar\/wp-content\/uploads\/2023\/03\/Teatro-Dal-Verme-2020-ph-Lorenza-Daverio-768x512.jpg 768w, https:\/\/www.ecoitaliano.com.ar\/wp-content\/uploads\/2023\/03\/Teatro-Dal-Verme-2020-ph-Lorenza-Daverio-1024x683.jpg 1024w, https:\/\/www.ecoitaliano.com.ar\/wp-content\/uploads\/2023\/03\/Teatro-Dal-Verme-2020-ph-Lorenza-Daverio-150x100.jpg 150w\" sizes=\"(max-width: 2126px) 100vw, 2126px\" \/><\/a><\/p>\n<p><a href=\"http:\/\/www.ecoitaliano.com.ar\/wp-content\/uploads\/2023\/03\/Foto-Orchestra-2020-ph-lorenza-daverio.jpg\"><img decoding=\"async\" class=\"alignnone size-full wp-image-34442\" src=\"http:\/\/www.ecoitaliano.com.ar\/wp-content\/uploads\/2023\/03\/Foto-Orchestra-2020-ph-lorenza-daverio.jpg\" alt=\"\" width=\"2126\" height=\"1417\" srcset=\"https:\/\/www.ecoitaliano.com.ar\/wp-content\/uploads\/2023\/03\/Foto-Orchestra-2020-ph-lorenza-daverio.jpg 2126w, https:\/\/www.ecoitaliano.com.ar\/wp-content\/uploads\/2023\/03\/Foto-Orchestra-2020-ph-lorenza-daverio-300x200.jpg 300w, https:\/\/www.ecoitaliano.com.ar\/wp-content\/uploads\/2023\/03\/Foto-Orchestra-2020-ph-lorenza-daverio-768x512.jpg 768w, https:\/\/www.ecoitaliano.com.ar\/wp-content\/uploads\/2023\/03\/Foto-Orchestra-2020-ph-lorenza-daverio-1024x683.jpg 1024w, https:\/\/www.ecoitaliano.com.ar\/wp-content\/uploads\/2023\/03\/Foto-Orchestra-2020-ph-lorenza-daverio-150x100.jpg 150w\" sizes=\"(max-width: 2126px) 100vw, 2126px\" \/><\/a> <a href=\"http:\/\/www.ecoitaliano.com.ar\/wp-content\/uploads\/2023\/03\/Foto-Orchestra-2022-ph-lorenza-daverio.jpg\"><img decoding=\"async\" class=\"alignnone size-full wp-image-34443\" src=\"http:\/\/www.ecoitaliano.com.ar\/wp-content\/uploads\/2023\/03\/Foto-Orchestra-2022-ph-lorenza-daverio.jpg\" alt=\"\" width=\"5472\" height=\"3648\" srcset=\"https:\/\/www.ecoitaliano.com.ar\/wp-content\/uploads\/2023\/03\/Foto-Orchestra-2022-ph-lorenza-daverio.jpg 5472w, https:\/\/www.ecoitaliano.com.ar\/wp-content\/uploads\/2023\/03\/Foto-Orchestra-2022-ph-lorenza-daverio-300x200.jpg 300w, https:\/\/www.ecoitaliano.com.ar\/wp-content\/uploads\/2023\/03\/Foto-Orchestra-2022-ph-lorenza-daverio-768x512.jpg 768w, https:\/\/www.ecoitaliano.com.ar\/wp-content\/uploads\/2023\/03\/Foto-Orchestra-2022-ph-lorenza-daverio-1024x683.jpg 1024w, https:\/\/www.ecoitaliano.com.ar\/wp-content\/uploads\/2023\/03\/Foto-Orchestra-2022-ph-lorenza-daverio-150x100.jpg 150w\" sizes=\"(max-width: 5472px) 100vw, 5472px\" \/><\/a> <a href=\"http:\/\/www.ecoitaliano.com.ar\/wp-content\/uploads\/2023\/03\/Foto-Orchestra-2023-ph-lorenza-daverio.jpg\"><img decoding=\"async\" class=\"alignnone size-full wp-image-34444\" src=\"http:\/\/www.ecoitaliano.com.ar\/wp-content\/uploads\/2023\/03\/Foto-Orchestra-2023-ph-lorenza-daverio.jpg\" alt=\"\" width=\"5472\" height=\"3648\" srcset=\"https:\/\/www.ecoitaliano.com.ar\/wp-content\/uploads\/2023\/03\/Foto-Orchestra-2023-ph-lorenza-daverio.jpg 5472w, https:\/\/www.ecoitaliano.com.ar\/wp-content\/uploads\/2023\/03\/Foto-Orchestra-2023-ph-lorenza-daverio-300x200.jpg 300w, https:\/\/www.ecoitaliano.com.ar\/wp-content\/uploads\/2023\/03\/Foto-Orchestra-2023-ph-lorenza-daverio-768x512.jpg 768w, https:\/\/www.ecoitaliano.com.ar\/wp-content\/uploads\/2023\/03\/Foto-Orchestra-2023-ph-lorenza-daverio-1024x683.jpg 1024w, https:\/\/www.ecoitaliano.com.ar\/wp-content\/uploads\/2023\/03\/Foto-Orchestra-2023-ph-lorenza-daverio-150x100.jpg 150w\" sizes=\"(max-width: 5472px) 100vw, 5472px\" \/><\/a><\/p>\n<p><a href=\"http:\/\/www.ecoitaliano.com.ar\/wp-content\/uploads\/2023\/03\/FILIPPO-DEL-CORNO-DSCF6334-ph-Manuel-Cicchetti.jpg\"><img decoding=\"async\" class=\"alignnone size-full wp-image-34446\" src=\"http:\/\/www.ecoitaliano.com.ar\/wp-content\/uploads\/2023\/03\/FILIPPO-DEL-CORNO-DSCF6334-ph-Manuel-Cicchetti.jpg\" alt=\"\" width=\"5504\" height=\"7339\" srcset=\"https:\/\/www.ecoitaliano.com.ar\/wp-content\/uploads\/2023\/03\/FILIPPO-DEL-CORNO-DSCF6334-ph-Manuel-Cicchetti.jpg 5504w, https:\/\/www.ecoitaliano.com.ar\/wp-content\/uploads\/2023\/03\/FILIPPO-DEL-CORNO-DSCF6334-ph-Manuel-Cicchetti-225x300.jpg 225w, https:\/\/www.ecoitaliano.com.ar\/wp-content\/uploads\/2023\/03\/FILIPPO-DEL-CORNO-DSCF6334-ph-Manuel-Cicchetti-768x1024.jpg 768w, https:\/\/www.ecoitaliano.com.ar\/wp-content\/uploads\/2023\/03\/FILIPPO-DEL-CORNO-DSCF6334-ph-Manuel-Cicchetti-112x150.jpg 112w\" sizes=\"(max-width: 5504px) 100vw, 5504px\" \/><\/a><\/p>\n<p><strong>Filippo Del Corno<\/strong><\/p>\n<p><strong>\u00a0<\/strong><\/p>\n<p>Nato nel 1970, si diploma nel 1995 in Composizione al Conservatorio di Milano, studiando con Azio Corghi e Danilo Lorenzini.<\/p>\n<p>Segue inoltre seminari e masterclass con Paolo Castaldi, John Cage e Louis Andriessen.<\/p>\n<p>I suoi lavori sono presenti nei cartelloni di teatri e istituzioni come Festival di Lucerna, Festival di Radio France-Montpellier, South Bank Centre, Bang On A Can Marathon, Teatro alla Scala, Biennale di Venezia, Accademia Nazionale di Santa Cecilia, eseguiti da musicisti quali Luciano Berio, James MacMillan, Dimitri Ashkenazy, Emanuele Arciuli, Enrique Mazzola, David Alan Miller.<\/p>\n<p>Su commissione della citt\u00e0 di Copenaghen, capitale europea della cultura 1996, partecipa alla composizione collettiva di <em>European Requiem<\/em>, scritto da poeti e musicisti di diverse aree e culture d\u2019Europa.<\/p>\n<p>Nel 1997 in collaborazione con Angelo Miotto e Carlo Boccadoro fonda Sentieri selvaggi, gruppo dedicato all\u2019esecuzione e alla diffusione della nuova musica.<\/p>\n<p>Nell\u2019aprile 2001 va in scena a Milano la sua opera <em>Orfeo a fumetti<\/em>, tratta dal libro di Dino Buzzati, e viene immediatamente ripresa a Torino, Mantova, Roma.<\/p>\n<p>Nello stesso anno il progetto operistico <em>Non guardate al domani<\/em>, su libretto di Angelo Miotto e dedicato alla vicenda di Aldo Moro, \u00e8 selezionato per la finale del concorso internazionale \u201cGenesis Prize for Opera\u201d.<\/p>\n<p>Nel settembre 2009 debutta per il festival MiTo Settembre Musica il suo lavoro di teatro musicale <em>Io Hitler<\/em> su testo di Giuseppe Genna, con la regia di Francesco Frongia.<\/p>\n<p>In collaborazione con Fanny Ardant, Masbedo e Alex Cremonesi, crea nel 2012 <em>Il Rimedio della Fortuna<\/em>, versione contemporanea de <em>Le Rem\u00e8de de Fortune <\/em>di Guillaume de Machaut, in scena al Teatro Strehler di Milano e al Festival Romaeuropa.<\/p>\n<p>Dal marzo 2013 all\u2019ottobre 2021 \u00e8 Assessore alla Cultura di Milano, periodo in cui sospende l\u2019attivit\u00e0 compositiva.<\/p>\n<p>I suoi lavori sono incisi su CD Deutsche Grammophon, Cantaloupe, BMG Ricordi, Emi Classics, Sensible Records, Stradivarius, e pubblicati dalle edizioni Curci, <a href=\"http:\/\/www.ricordi.it\/\">Ricordi<\/a>, <a href=\"http:\/\/www.esz.it\/\">Suvini Zerboni<\/a>, <a href=\"http:\/\/www.sonzogno.it\/\">Sonzogno<\/a>, RaiCom.<\/p>\n<p>Insegna Composizione al Conservatorio di Trieste.<\/p>\n<p><a href=\"http:\/\/www.ecoitaliano.com.ar\/wp-content\/uploads\/2023\/03\/PM-Feddeck-2023-ph-Daverio.jpg\"><img decoding=\"async\" class=\"alignnone size-full wp-image-34447\" src=\"http:\/\/www.ecoitaliano.com.ar\/wp-content\/uploads\/2023\/03\/PM-Feddeck-2023-ph-Daverio.jpg\" alt=\"\" width=\"2527\" height=\"3369\" srcset=\"https:\/\/www.ecoitaliano.com.ar\/wp-content\/uploads\/2023\/03\/PM-Feddeck-2023-ph-Daverio.jpg 2527w, https:\/\/www.ecoitaliano.com.ar\/wp-content\/uploads\/2023\/03\/PM-Feddeck-2023-ph-Daverio-225x300.jpg 225w, https:\/\/www.ecoitaliano.com.ar\/wp-content\/uploads\/2023\/03\/PM-Feddeck-2023-ph-Daverio-768x1024.jpg 768w, https:\/\/www.ecoitaliano.com.ar\/wp-content\/uploads\/2023\/03\/PM-Feddeck-2023-ph-Daverio-113x150.jpg 113w\" sizes=\"(max-width: 2527px) 100vw, 2527px\" \/><\/a><\/p>\n<h5>stagione<\/h5>\n<p><a href=\"http:\/\/www.ecoitaliano.com.ar\/wp-content\/uploads\/2023\/03\/acab5d08095447a1c7965d4e9d7003082sJPx0jAQcGepG7S-0.jpg\"><img decoding=\"async\" class=\"alignnone size-full wp-image-34448\" src=\"http:\/\/www.ecoitaliano.com.ar\/wp-content\/uploads\/2023\/03\/acab5d08095447a1c7965d4e9d7003082sJPx0jAQcGepG7S-0.jpg\" alt=\"\" width=\"1165\" height=\"1654\" srcset=\"https:\/\/www.ecoitaliano.com.ar\/wp-content\/uploads\/2023\/03\/acab5d08095447a1c7965d4e9d7003082sJPx0jAQcGepG7S-0.jpg 1165w, https:\/\/www.ecoitaliano.com.ar\/wp-content\/uploads\/2023\/03\/acab5d08095447a1c7965d4e9d7003082sJPx0jAQcGepG7S-0-211x300.jpg 211w, https:\/\/www.ecoitaliano.com.ar\/wp-content\/uploads\/2023\/03\/acab5d08095447a1c7965d4e9d7003082sJPx0jAQcGepG7S-0-768x1090.jpg 768w, https:\/\/www.ecoitaliano.com.ar\/wp-content\/uploads\/2023\/03\/acab5d08095447a1c7965d4e9d7003082sJPx0jAQcGepG7S-0-721x1024.jpg 721w, https:\/\/www.ecoitaliano.com.ar\/wp-content\/uploads\/2023\/03\/acab5d08095447a1c7965d4e9d7003082sJPx0jAQcGepG7S-0-106x150.jpg 106w\" sizes=\"(max-width: 1165px) 100vw, 1165px\" \/><\/a> <a href=\"http:\/\/www.ecoitaliano.com.ar\/wp-content\/uploads\/2023\/03\/acab5d08095447a1c7965d4e9d7003082sJPx0jAQcGepG7S-1.jpg\"><img decoding=\"async\" class=\"alignnone size-full wp-image-34449\" src=\"http:\/\/www.ecoitaliano.com.ar\/wp-content\/uploads\/2023\/03\/acab5d08095447a1c7965d4e9d7003082sJPx0jAQcGepG7S-1.jpg\" alt=\"\" width=\"1165\" height=\"1654\" srcset=\"https:\/\/www.ecoitaliano.com.ar\/wp-content\/uploads\/2023\/03\/acab5d08095447a1c7965d4e9d7003082sJPx0jAQcGepG7S-1.jpg 1165w, https:\/\/www.ecoitaliano.com.ar\/wp-content\/uploads\/2023\/03\/acab5d08095447a1c7965d4e9d7003082sJPx0jAQcGepG7S-1-211x300.jpg 211w, https:\/\/www.ecoitaliano.com.ar\/wp-content\/uploads\/2023\/03\/acab5d08095447a1c7965d4e9d7003082sJPx0jAQcGepG7S-1-768x1090.jpg 768w, https:\/\/www.ecoitaliano.com.ar\/wp-content\/uploads\/2023\/03\/acab5d08095447a1c7965d4e9d7003082sJPx0jAQcGepG7S-1-721x1024.jpg 721w, https:\/\/www.ecoitaliano.com.ar\/wp-content\/uploads\/2023\/03\/acab5d08095447a1c7965d4e9d7003082sJPx0jAQcGepG7S-1-106x150.jpg 106w\" sizes=\"(max-width: 1165px) 100vw, 1165px\" \/><\/a> <a href=\"http:\/\/www.ecoitaliano.com.ar\/wp-content\/uploads\/2023\/03\/acab5d08095447a1c7965d4e9d7003082sJPx0jAQcGepG7S-2.jpg\"><img decoding=\"async\" class=\"alignnone size-full wp-image-34450\" src=\"http:\/\/www.ecoitaliano.com.ar\/wp-content\/uploads\/2023\/03\/acab5d08095447a1c7965d4e9d7003082sJPx0jAQcGepG7S-2.jpg\" alt=\"\" width=\"1165\" height=\"1654\" srcset=\"https:\/\/www.ecoitaliano.com.ar\/wp-content\/uploads\/2023\/03\/acab5d08095447a1c7965d4e9d7003082sJPx0jAQcGepG7S-2.jpg 1165w, https:\/\/www.ecoitaliano.com.ar\/wp-content\/uploads\/2023\/03\/acab5d08095447a1c7965d4e9d7003082sJPx0jAQcGepG7S-2-211x300.jpg 211w, https:\/\/www.ecoitaliano.com.ar\/wp-content\/uploads\/2023\/03\/acab5d08095447a1c7965d4e9d7003082sJPx0jAQcGepG7S-2-768x1090.jpg 768w, https:\/\/www.ecoitaliano.com.ar\/wp-content\/uploads\/2023\/03\/acab5d08095447a1c7965d4e9d7003082sJPx0jAQcGepG7S-2-721x1024.jpg 721w, https:\/\/www.ecoitaliano.com.ar\/wp-content\/uploads\/2023\/03\/acab5d08095447a1c7965d4e9d7003082sJPx0jAQcGepG7S-2-106x150.jpg 106w\" sizes=\"(max-width: 1165px) 100vw, 1165px\" \/><\/a> <a href=\"http:\/\/www.ecoitaliano.com.ar\/wp-content\/uploads\/2023\/03\/acab5d08095447a1c7965d4e9d7003082sJPx0jAQcGepG7S-3.jpg\"><img decoding=\"async\" class=\"alignnone size-full wp-image-34451\" src=\"http:\/\/www.ecoitaliano.com.ar\/wp-content\/uploads\/2023\/03\/acab5d08095447a1c7965d4e9d7003082sJPx0jAQcGepG7S-3.jpg\" alt=\"\" width=\"1165\" height=\"1654\" srcset=\"https:\/\/www.ecoitaliano.com.ar\/wp-content\/uploads\/2023\/03\/acab5d08095447a1c7965d4e9d7003082sJPx0jAQcGepG7S-3.jpg 1165w, https:\/\/www.ecoitaliano.com.ar\/wp-content\/uploads\/2023\/03\/acab5d08095447a1c7965d4e9d7003082sJPx0jAQcGepG7S-3-211x300.jpg 211w, https:\/\/www.ecoitaliano.com.ar\/wp-content\/uploads\/2023\/03\/acab5d08095447a1c7965d4e9d7003082sJPx0jAQcGepG7S-3-768x1090.jpg 768w, https:\/\/www.ecoitaliano.com.ar\/wp-content\/uploads\/2023\/03\/acab5d08095447a1c7965d4e9d7003082sJPx0jAQcGepG7S-3-721x1024.jpg 721w, https:\/\/www.ecoitaliano.com.ar\/wp-content\/uploads\/2023\/03\/acab5d08095447a1c7965d4e9d7003082sJPx0jAQcGepG7S-3-106x150.jpg 106w\" sizes=\"(max-width: 1165px) 100vw, 1165px\" \/><\/a> <a href=\"http:\/\/www.ecoitaliano.com.ar\/wp-content\/uploads\/2023\/03\/acab5d08095447a1c7965d4e9d7003082sJPx0jAQcGepG7S-4.jpg\"><img decoding=\"async\" class=\"alignnone size-full wp-image-34452\" src=\"http:\/\/www.ecoitaliano.com.ar\/wp-content\/uploads\/2023\/03\/acab5d08095447a1c7965d4e9d7003082sJPx0jAQcGepG7S-4.jpg\" alt=\"\" width=\"1165\" height=\"1654\" srcset=\"https:\/\/www.ecoitaliano.com.ar\/wp-content\/uploads\/2023\/03\/acab5d08095447a1c7965d4e9d7003082sJPx0jAQcGepG7S-4.jpg 1165w, https:\/\/www.ecoitaliano.com.ar\/wp-content\/uploads\/2023\/03\/acab5d08095447a1c7965d4e9d7003082sJPx0jAQcGepG7S-4-211x300.jpg 211w, https:\/\/www.ecoitaliano.com.ar\/wp-content\/uploads\/2023\/03\/acab5d08095447a1c7965d4e9d7003082sJPx0jAQcGepG7S-4-768x1090.jpg 768w, https:\/\/www.ecoitaliano.com.ar\/wp-content\/uploads\/2023\/03\/acab5d08095447a1c7965d4e9d7003082sJPx0jAQcGepG7S-4-721x1024.jpg 721w, https:\/\/www.ecoitaliano.com.ar\/wp-content\/uploads\/2023\/03\/acab5d08095447a1c7965d4e9d7003082sJPx0jAQcGepG7S-4-106x150.jpg 106w\" sizes=\"(max-width: 1165px) 100vw, 1165px\" \/><\/a> <a href=\"http:\/\/www.ecoitaliano.com.ar\/wp-content\/uploads\/2023\/03\/acab5d08095447a1c7965d4e9d7003082sJPx0jAQcGepG7S-5.jpg\"><img decoding=\"async\" class=\"alignnone size-full wp-image-34453\" src=\"http:\/\/www.ecoitaliano.com.ar\/wp-content\/uploads\/2023\/03\/acab5d08095447a1c7965d4e9d7003082sJPx0jAQcGepG7S-5.jpg\" alt=\"\" width=\"1165\" height=\"1654\" srcset=\"https:\/\/www.ecoitaliano.com.ar\/wp-content\/uploads\/2023\/03\/acab5d08095447a1c7965d4e9d7003082sJPx0jAQcGepG7S-5.jpg 1165w, https:\/\/www.ecoitaliano.com.ar\/wp-content\/uploads\/2023\/03\/acab5d08095447a1c7965d4e9d7003082sJPx0jAQcGepG7S-5-211x300.jpg 211w, https:\/\/www.ecoitaliano.com.ar\/wp-content\/uploads\/2023\/03\/acab5d08095447a1c7965d4e9d7003082sJPx0jAQcGepG7S-5-768x1090.jpg 768w, https:\/\/www.ecoitaliano.com.ar\/wp-content\/uploads\/2023\/03\/acab5d08095447a1c7965d4e9d7003082sJPx0jAQcGepG7S-5-721x1024.jpg 721w, https:\/\/www.ecoitaliano.com.ar\/wp-content\/uploads\/2023\/03\/acab5d08095447a1c7965d4e9d7003082sJPx0jAQcGepG7S-5-106x150.jpg 106w\" sizes=\"(max-width: 1165px) 100vw, 1165px\" \/><\/a><\/p>\n<p>&nbsp;<\/p>\n<p>&nbsp;<\/p>\n","protected":false},"excerpt":{"rendered":"<p>\u201cA CODA DI RONDINE\u201d DI FILIPPO DEL CORNO IN PRIMA ASSOLUTA E LA SINFONIA \u201cPASTORALE\u201d DI BEETHOVEN COMPONGONO IL PROGRAMMA [&hellip;]<\/p>\n","protected":false},"author":1,"featured_media":0,"comment_status":"open","ping_status":"open","sticky":false,"template":"","format":"standard","meta":{"footnotes":""},"categories":[1],"tags":[],"class_list":["post-34440","post","type-post","status-publish","format-standard","hentry","category-sin-categoria"],"_links":{"self":[{"href":"https:\/\/www.ecoitaliano.com.ar\/index.php?rest_route=\/wp\/v2\/posts\/34440","targetHints":{"allow":["GET"]}}],"collection":[{"href":"https:\/\/www.ecoitaliano.com.ar\/index.php?rest_route=\/wp\/v2\/posts"}],"about":[{"href":"https:\/\/www.ecoitaliano.com.ar\/index.php?rest_route=\/wp\/v2\/types\/post"}],"author":[{"embeddable":true,"href":"https:\/\/www.ecoitaliano.com.ar\/index.php?rest_route=\/wp\/v2\/users\/1"}],"replies":[{"embeddable":true,"href":"https:\/\/www.ecoitaliano.com.ar\/index.php?rest_route=%2Fwp%2Fv2%2Fcomments&post=34440"}],"version-history":[{"count":0,"href":"https:\/\/www.ecoitaliano.com.ar\/index.php?rest_route=\/wp\/v2\/posts\/34440\/revisions"}],"wp:attachment":[{"href":"https:\/\/www.ecoitaliano.com.ar\/index.php?rest_route=%2Fwp%2Fv2%2Fmedia&parent=34440"}],"wp:term":[{"taxonomy":"category","embeddable":true,"href":"https:\/\/www.ecoitaliano.com.ar\/index.php?rest_route=%2Fwp%2Fv2%2Fcategories&post=34440"},{"taxonomy":"post_tag","embeddable":true,"href":"https:\/\/www.ecoitaliano.com.ar\/index.php?rest_route=%2Fwp%2Fv2%2Ftags&post=34440"}],"curies":[{"name":"wp","href":"https:\/\/api.w.org\/{rel}","templated":true}]}}