{"id":3558,"date":"2018-04-08T17:18:54","date_gmt":"2018-04-08T17:18:54","guid":{"rendered":"http:\/\/www.ecoitaliano.com.ar\/?p=3558"},"modified":"2018-04-08T17:18:54","modified_gmt":"2018-04-08T17:18:54","slug":"ricordo-di-walter-tortoreto","status":"publish","type":"post","link":"https:\/\/www.ecoitaliano.com.ar\/?p=3558","title":{"rendered":"Ricordo di walter tortoreto"},"content":{"rendered":"<p>&nbsp;<\/p>\n<p>&nbsp;<\/p>\n<p>&nbsp;<\/p>\n<p><a href=\"http:\/\/www.ecoitaliano.com.ar\/wp-content\/uploads\/2018\/04\/descarga-2.jpeg\"><img decoding=\"async\" class=\"alignnone size-full wp-image-3559\" src=\"http:\/\/www.ecoitaliano.com.ar\/wp-content\/uploads\/2018\/04\/descarga-2.jpeg\" alt=\"\" width=\"252\" height=\"200\" \/><\/a><\/p>\n<p><span style=\"color: #333333;\"><span style=\"font-family: 'Times New Roman', serif;\"><span style=\"font-size: medium;\">I Solisti Aquilani, il presidente, il consiglio di amministrazione, il direttore artistico e i dipendenti e collaboratori tutti sono vicini alla famiglia per la perdita di <\/span><\/span><\/span><b><span style=\"color: #333333;\"><span style=\"font-family: 'Times New Roman', serif;\"><span style=\"font-size: medium;\">Walter Tortoreto<\/span><\/span><\/span><\/b><span style=\"color: #333333;\"><span style=\"font-family: 'Times New Roman', serif;\"><span style=\"font-size: medium;\">. Giornalista, intellettuale, critico musicale, Tortoreto era stato professore di Storia della musica all&#8217;Universit\u00e0 dell&#8217;Aquila. La sua biografia non pu\u00f2 prescindere dalla storia delle maggiori istituzioni musicali della citt\u00e0 e della regione, cui ha dato uno straordinario impulso, condividendone spesso percorsi e progetti. Affabulatore e studioso rigoroso, era particolarmente attento ai destini dei giovani. Sua fu l&#8217;idea di dare vita ad una orchestra di giovani allievi dei conservatori, l&#8217;Orchestra Giovanile d&#8217;Abruzzo, per consentire loro di sperimentarsi e crescere. Per Tortoreto la \u00abmusica \u00e8 vita\u00bb. Massima di Alberto Savinio che amava citare. Anche in occasione di una delle edizioni della Festa della musica organizzata da I Solisti Aquilani. <\/span><\/span><\/span><span style=\"color: #000000;\"><span style=\"font-family: 'Times New Roman', serif;\"><span style=\"font-size: medium;\">\u00abSe la musica \u00e8 vita\u00bb, commentava Tortoreto, \u00ab questa festa \u00e8 la festa di tutti noi, della nostra identit\u00e0. Nella musica si combinano l\u2019intelligenza umana e la sfera emotiva. Perch\u00e9 la musica \u00e8 creata con il cervello, ma nasce dall\u2019anima\u00bb. E lo affermava pensando alla citt\u00e0 ferita, ma resiliente, grazie alle sue istituzioni culturali.<\/span><\/span><\/span><\/p>\n<p><span style=\"color: #000000;\"><span style=\"font-family: 'Times New Roman', serif;\"><span style=\"font-size: medium;\">I Solisti Aquilani vogliono ricordarlo cos\u00ec. Curioso, indomito, attento al dialogo e aperto al futuro.<\/span><\/span><\/span><\/p>\n","protected":false},"excerpt":{"rendered":"<p>&nbsp; &nbsp; &nbsp; I Solisti Aquilani, il presidente, il consiglio di amministrazione, il direttore artistico e i dipendenti e collaboratori [&hellip;]<\/p>\n","protected":false},"author":1,"featured_media":0,"comment_status":"open","ping_status":"open","sticky":false,"template":"","format":"standard","meta":{"footnotes":""},"categories":[2,10],"tags":[],"class_list":["post-3558","post","type-post","status-publish","format-standard","hentry","category-informacion","category-italiano"],"_links":{"self":[{"href":"https:\/\/www.ecoitaliano.com.ar\/index.php?rest_route=\/wp\/v2\/posts\/3558","targetHints":{"allow":["GET"]}}],"collection":[{"href":"https:\/\/www.ecoitaliano.com.ar\/index.php?rest_route=\/wp\/v2\/posts"}],"about":[{"href":"https:\/\/www.ecoitaliano.com.ar\/index.php?rest_route=\/wp\/v2\/types\/post"}],"author":[{"embeddable":true,"href":"https:\/\/www.ecoitaliano.com.ar\/index.php?rest_route=\/wp\/v2\/users\/1"}],"replies":[{"embeddable":true,"href":"https:\/\/www.ecoitaliano.com.ar\/index.php?rest_route=%2Fwp%2Fv2%2Fcomments&post=3558"}],"version-history":[{"count":0,"href":"https:\/\/www.ecoitaliano.com.ar\/index.php?rest_route=\/wp\/v2\/posts\/3558\/revisions"}],"wp:attachment":[{"href":"https:\/\/www.ecoitaliano.com.ar\/index.php?rest_route=%2Fwp%2Fv2%2Fmedia&parent=3558"}],"wp:term":[{"taxonomy":"category","embeddable":true,"href":"https:\/\/www.ecoitaliano.com.ar\/index.php?rest_route=%2Fwp%2Fv2%2Fcategories&post=3558"},{"taxonomy":"post_tag","embeddable":true,"href":"https:\/\/www.ecoitaliano.com.ar\/index.php?rest_route=%2Fwp%2Fv2%2Ftags&post=3558"}],"curies":[{"name":"wp","href":"https:\/\/api.w.org\/{rel}","templated":true}]}}