{"id":3568,"date":"2018-04-09T13:51:25","date_gmt":"2018-04-09T13:51:25","guid":{"rendered":"http:\/\/www.ecoitaliano.com.ar\/?p=3568"},"modified":"2018-04-09T13:51:25","modified_gmt":"2018-04-09T13:51:25","slug":"comunicato-comune-macerata","status":"publish","type":"post","link":"https:\/\/www.ecoitaliano.com.ar\/?p=3568","title":{"rendered":"Comunicato Comune Macerata"},"content":{"rendered":"<p>&nbsp;<\/p>\n<p>&nbsp;<\/p>\n<div id='gallery-1' class='gallery galleryid-3568 gallery-columns-3 gallery-size-thumbnail'><figure class='gallery-item'>\n\t\t\t<div class='gallery-icon landscape'>\n\t\t\t\t<a href='https:\/\/www.ecoitaliano.com.ar\/?attachment_id=3570'><img decoding=\"async\" width=\"150\" height=\"150\" src=\"https:\/\/www.ecoitaliano.com.ar\/wp-content\/uploads\/2018\/04\/Convegno-Monferrato-150x150.jpg\" class=\"attachment-thumbnail size-thumbnail\" alt=\"\" \/><\/a>\n\t\t\t<\/div><\/figure><figure class='gallery-item'>\n\t\t\t<div class='gallery-icon landscape'>\n\t\t\t\t<a href='https:\/\/www.ecoitaliano.com.ar\/?attachment_id=3571'><img decoding=\"async\" width=\"150\" height=\"150\" src=\"https:\/\/www.ecoitaliano.com.ar\/wp-content\/uploads\/2018\/04\/Convengo-Casale-Monferrato-1-150x150.jpg\" class=\"attachment-thumbnail size-thumbnail\" alt=\"\" \/><\/a>\n\t\t\t<\/div><\/figure>\n\t\t<\/div>\n\n<p>&nbsp;<\/p>\n<p class=\"western\" lang=\"it-IT\" align=\"left\"><span style=\"font-family: Garamond, serif;\">luned\u00ec 9 aprile 2018<\/span><\/p>\n<p class=\"western\" lang=\"it-IT\" align=\"center\"><span style=\"font-family: Garamond, serif;\"><span style=\"font-size: large;\"><b>Capitale Italiana della Cultura 2020: le citt\u00e0 finaliste a Casale Monferrato danno vita ad un laboratorio permanente. Prossimo appuntamento a luglio a Macerata.<\/b><\/span><\/span><\/p>\n<p class=\"western\" lang=\"it-IT\" align=\"justify\"><span style=\"font-family: Garamond, serif;\">MACERATA &#8211; Il percorso compiuto dalle citt\u00e0 per arrivare nella short list delle finaliste per diventare Capitale Italiana della Cultura 2020 non si \u00e8 interrotto ma ha dato vita al laboratorio permanente delle dieci citt\u00e0 finaliste. Su iniziativa del Comune di <\/span><span style=\"font-family: Garamond, serif;\"><b>Casale Monferrato<\/b><\/span><span style=\"font-family: Garamond, serif;\">, infatti, sabato 7 e domenica 8 aprile nella citt\u00e0 piemontese si \u00e8 tenuto il convegno \u201cCapitale Culturale: essere o avere?\u201d al quale <\/span><span style=\"font-family: Garamond, serif;\"><b>Macerata<\/b><\/span><span style=\"font-family: Garamond, serif;\"> ha portato il proprio contributo con la partecipazione dell\u2019assessore alla Cultura e vicesindaco <\/span><span style=\"font-family: Garamond, serif;\"><b>Stefania Monteverde<\/b><\/span><span style=\"font-family: Garamond, serif;\">, coordinatrice dei lavori del dossier di candidatura Macerata Estroversa, e del vicesegretario <\/span><span style=\"font-family: Garamond, serif;\"><b>Gianluca Puliti<\/b><\/span><span style=\"font-family: Garamond, serif;\">, responsabile amministrativo del progetto.<\/span><\/p>\n<p class=\"western\" lang=\"it-IT\" align=\"justify\">\u201c<span style=\"font-family: Garamond, serif;\">Creare la rete delle Capitali della Cultura 2020 rappresenta una straordinaria occasione per mettere a frutto gli importanti percorsi di progettazione che le citt\u00e0 hanno fatto &#8211; afferma <\/span><span style=\"font-family: Garamond, serif;\"><b>Stefania Monteverde <\/b><\/span><span style=\"font-family: Garamond, serif;\">-. Tutte abbiamo un capitale in mano, una visione strategica a base culturale che ora possiamo promuovere insieme come uno speciale Gran Tour Italiano2020 per conoscere le nostre piccole belle citt\u00e0. Ma anche come occasione per fare le cose insieme e scambiare buone pratiche. Per questo abbiamo deciso che questo \u00e8 solo il primo appuntamento. Il prossimo sar\u00e0 Macerata 27-29 luglio in occasione del Macerata Opera Festival: lavoreremo insieme, tutte Capitali Italiane della Cultura\u201d.<\/span><\/p>\n<p class=\"western\" lang=\"it-IT\" align=\"justify\"><span style=\"font-family: Garamond, serif;\">Alla giornata di studio hanno partecipato le delegazioni delle dieci citt\u00e0 finaliste, <\/span><span style=\"font-family: Garamond, serif;\"><b>Casale Monferrato<\/b><\/span><span style=\"font-family: Garamond, serif;\">, <\/span><span style=\"font-family: Garamond, serif;\"><b>Bitonto<\/b><\/span><span style=\"font-family: Garamond, serif;\">, <\/span><span style=\"font-family: Garamond, serif;\"><b>Nuoro<\/b><\/span><span style=\"font-family: Garamond, serif;\">, <\/span><span style=\"font-family: Garamond, serif;\"><b>Piacenza<\/b><\/span><span style=\"font-family: Garamond, serif;\">, <\/span><span style=\"font-family: Garamond, serif;\"><b>Merano<\/b><\/span><span style=\"font-family: Garamond, serif;\">, <\/span><span style=\"font-family: Garamond, serif;\"><b>Agrigento<\/b><\/span><span style=\"font-family: Garamond, serif;\">, <\/span><span style=\"font-family: Garamond, serif;\"><b>Reggio Emilia<\/b><\/span><span style=\"font-family: Garamond, serif;\">, <\/span><span style=\"font-family: Garamond, serif;\"><b>Treviso<\/b><\/span><span style=\"font-family: Garamond, serif;\">, <\/span><span style=\"font-family: Garamond, serif;\"><b>Macerata<\/b><\/span><span style=\"font-family: Garamond, serif;\"> e <\/span><span style=\"font-family: Garamond, serif;\"><b>Parma<\/b><\/span><span style=\"font-family: Garamond, serif;\">, nominata Capitale Italiana della Cultura 2020, insieme ai membri della Commissione Giudicatrice di nomina ministeriale, il presidente <\/span><span style=\"font-family: Garamond, serif;\"><b>Stefano Baia Curioni<\/b><\/span><span style=\"font-family: Garamond, serif;\">, <\/span><span style=\"font-family: Garamond, serif;\"><b>Cristina Loglio<\/b><\/span><span style=\"font-family: Garamond, serif;\">, <\/span><span style=\"font-family: Garamond, serif;\"><b>Maria Luisa Polichetti<\/b><\/span><span style=\"font-family: Garamond, serif;\">, <\/span><span style=\"font-family: Garamond, serif;\"><b>Luca Dal Pozzolo<\/b><\/span><span style=\"font-family: Garamond, serif;\">. I lavori del convegno sono stati guidati dalla sindaca di Casale Monferrato <\/span><span style=\"font-family: Garamond, serif;\"><b>Titti Palazzetti<\/b><\/span><span style=\"font-family: Garamond, serif;\"> e dall\u2019assessore alla cultura <\/span><span style=\"font-family: Garamond, serif;\"><b>Daria Carmi<\/b><\/span><span style=\"font-family: Garamond, serif;\">. Al centro del confronto la progettazione del dossier di candidatura, l\u2019interesse per una consapevolezza collettiva sul concetto di cultura, sui processi di produzione e fruizione, sui valori proiettati, sulle peculiarit\u00e0 della cultura italiana messa a confronto con quella internazionale, sul futuro del progetto Capitale Italiana della Cultura. <\/span><\/p>\n<p class=\"western\" lang=\"it-IT\" align=\"justify\"><span style=\"font-family: Garamond, serif;\">Al convegno ogni citt\u00e0 ha presentato il proprio dossier di candidatura rispondendo alla domanda \u201cQuale paradigma culturale esprime?\u201d Dal confronto tra le citt\u00e0 \u00e8 nata la volont\u00e0 di chiedere al nuovo governo l\u2019impegno a confermare per i prossimi anni il progetto Capitale Italiana della Cultura, un\u2019esperienza di progettazione strategica a base culturale che si \u00e8 rivelata per tutti molto positiva. Inoltre sono emerse alcune indicazioni per rivedere i criteri premianti che valorizzino davvero i processi innovativi e di trasformazione che le piccole citt\u00e0 sanno mettere in atto, piuttosto che la premialit\u00e0 di chi gi\u00e0 pu\u00f2 contare su una eredit\u00e0 patrimoniale. <\/span><\/p>\n<p class=\"western\" lang=\"it-IT\" align=\"justify\"><span style=\"font-family: Garamond, serif;\">Al centro la volont\u00e0 di dare seguito alla costruzione di una rete delle Capitali della Cultura 2020 che possa rappresentare un percorso di marketing territoriale, ma anche avviare processi di relazione e di scambi positivi. I risultati saranno il punto di partenza per i successivi appuntamenti del laboratorio permanente. Prossimo appuntamento <\/span><span style=\"font-family: Garamond, serif;\"><b>Macerata<\/b><\/span><span style=\"font-family: Garamond, serif;\"> 27-29 luglio 2018.<\/span><\/p>\n<p class=\"western\" lang=\"it-IT\" align=\"justify\"><span style=\"font-family: Garamond, serif;\"><i><b>Nelle foto<\/b><\/i><\/span><span style=\"font-family: Garamond, serif;\"><i>: due momenti del convegno organizzato a Casale Monferrato<\/i><\/span><\/p>\n<div id='gallery-2' class='gallery galleryid-3568 gallery-columns-3 gallery-size-thumbnail'><figure class='gallery-item'>\n\t\t\t<div class='gallery-icon landscape'>\n\t\t\t\t<a href='https:\/\/www.ecoitaliano.com.ar\/?attachment_id=3571'><img decoding=\"async\" width=\"150\" height=\"150\" src=\"https:\/\/www.ecoitaliano.com.ar\/wp-content\/uploads\/2018\/04\/Convengo-Casale-Monferrato-1-150x150.jpg\" class=\"attachment-thumbnail size-thumbnail\" alt=\"\" \/><\/a>\n\t\t\t<\/div><\/figure>\n\t\t<\/div>\n\n","protected":false},"excerpt":{"rendered":"<p>&nbsp; &nbsp; &nbsp; luned\u00ec 9 aprile 2018 Capitale Italiana della Cultura 2020: le citt\u00e0 finaliste a Casale Monferrato danno vita [&hellip;]<\/p>\n","protected":false},"author":1,"featured_media":0,"comment_status":"open","ping_status":"open","sticky":false,"template":"","format":"standard","meta":{"footnotes":""},"categories":[2,10],"tags":[],"class_list":["post-3568","post","type-post","status-publish","format-standard","hentry","category-informacion","category-italiano"],"_links":{"self":[{"href":"https:\/\/www.ecoitaliano.com.ar\/index.php?rest_route=\/wp\/v2\/posts\/3568","targetHints":{"allow":["GET"]}}],"collection":[{"href":"https:\/\/www.ecoitaliano.com.ar\/index.php?rest_route=\/wp\/v2\/posts"}],"about":[{"href":"https:\/\/www.ecoitaliano.com.ar\/index.php?rest_route=\/wp\/v2\/types\/post"}],"author":[{"embeddable":true,"href":"https:\/\/www.ecoitaliano.com.ar\/index.php?rest_route=\/wp\/v2\/users\/1"}],"replies":[{"embeddable":true,"href":"https:\/\/www.ecoitaliano.com.ar\/index.php?rest_route=%2Fwp%2Fv2%2Fcomments&post=3568"}],"version-history":[{"count":0,"href":"https:\/\/www.ecoitaliano.com.ar\/index.php?rest_route=\/wp\/v2\/posts\/3568\/revisions"}],"wp:attachment":[{"href":"https:\/\/www.ecoitaliano.com.ar\/index.php?rest_route=%2Fwp%2Fv2%2Fmedia&parent=3568"}],"wp:term":[{"taxonomy":"category","embeddable":true,"href":"https:\/\/www.ecoitaliano.com.ar\/index.php?rest_route=%2Fwp%2Fv2%2Fcategories&post=3568"},{"taxonomy":"post_tag","embeddable":true,"href":"https:\/\/www.ecoitaliano.com.ar\/index.php?rest_route=%2Fwp%2Fv2%2Ftags&post=3568"}],"curies":[{"name":"wp","href":"https:\/\/api.w.org\/{rel}","templated":true}]}}