{"id":3604,"date":"2018-04-12T19:30:30","date_gmt":"2018-04-12T19:30:30","guid":{"rendered":"http:\/\/www.ecoitaliano.com.ar\/?p=3604"},"modified":"2018-04-12T19:30:30","modified_gmt":"2018-04-12T19:30:30","slug":"cs-isa-concerto-14-aprile-basilica-di-collemaggio-beethoven-ix-sinfonia","status":"publish","type":"post","link":"https:\/\/www.ecoitaliano.com.ar\/?p=3604","title":{"rendered":"CS ISA CONCERTO 14 APRILE BASILICA DI COLLEMAGGIO &#8211; BEETHOVEN IX SINFONIA"},"content":{"rendered":"<p>&nbsp;<\/p>\n<p>&nbsp;<\/p>\n<p><a href=\"http:\/\/www.ecoitaliano.com.ar\/wp-content\/uploads\/2018\/04\/PasqualeVeleno.jpg\"><img decoding=\"async\" class=\"alignnone size-full wp-image-3605\" src=\"http:\/\/www.ecoitaliano.com.ar\/wp-content\/uploads\/2018\/04\/PasqualeVeleno.jpg\" alt=\"\" width=\"1600\" height=\"1197\" srcset=\"https:\/\/www.ecoitaliano.com.ar\/wp-content\/uploads\/2018\/04\/PasqualeVeleno.jpg 1600w, https:\/\/www.ecoitaliano.com.ar\/wp-content\/uploads\/2018\/04\/PasqualeVeleno-300x224.jpg 300w, https:\/\/www.ecoitaliano.com.ar\/wp-content\/uploads\/2018\/04\/PasqualeVeleno-768x575.jpg 768w, https:\/\/www.ecoitaliano.com.ar\/wp-content\/uploads\/2018\/04\/PasqualeVeleno-1024x766.jpg 1024w, https:\/\/www.ecoitaliano.com.ar\/wp-content\/uploads\/2018\/04\/PasqualeVeleno-624x467.jpg 624w\" sizes=\"(max-width: 1600px) 100vw, 1600px\" \/><\/a><\/p>\n<p class=\"western\" lang=\"it-IT\" align=\"center\"><span style=\"font-size: small;\"><b>COMUNICATO STAMPA<\/b><\/span><\/p>\n<p class=\"western\" lang=\"it-IT\" align=\"center\"><span style=\"font-size: small;\"><b>NELLA CORNICE DI COLLEMAGGIO LA <\/b><\/span><span style=\"font-size: small;\"><i><b>NONA SINFONIA <\/b><\/i><\/span><span style=\"font-size: small;\"><b>DI BEETHOVEN <\/b><\/span><\/p>\n<p class=\"western\" lang=\"it-IT\" align=\"center\"><span style=\"font-size: small;\"><b>CHIUDE LA 43\u00b0 STAGIONE DEI CONCERTI DELL\u2019ISA<\/b><\/span><\/p>\n<p class=\"western\" lang=\"it-IT\" align=\"justify\"><span style=\"font-size: small;\"><u>L\u2019Aquila 12 aprile 2018<\/u><\/span><span style=\"font-size: small;\"> Siamo giunti al termine della 43\u00b0 stagione dei concerti che l\u2019Istituzione Sinfonica Abruzzese quest\u2019anno chiude con un programma monografico con protagonista uno dei capolavori di Ludwig van Beethoven e monumento della musica di ogni tempo: la Sinfonia n.9 in re minore op. 125 per soli, coro e orchestra. <\/span><\/p>\n<p class=\"western\" lang=\"it-IT\" align=\"justify\"><span style=\"font-size: small;\">Sabato 14 aprile alle 18, all\u2019interno della splendida cornice della Basilica di Collemaggio -diretti dal maestro concertatore Pasquale Veleno- assieme all\u2019Orchestra Sinfonica Abruzzese in collaborazione con il conservatorio \u201cL. D\u2019Annunzio\u201d di Pescara, sul palco saliranno gli aquilani coro del conservatorio \u201cA. Casella\u201d, Corale Novantanove e Schola Cantorum San Sisto, il coro dell\u2019Accademia di Pescara e il coro \u201cV. Basso\u201d di Ascoli Piceno. <\/span><\/p>\n<p class=\"western\" lang=\"it-IT\" align=\"justify\"><span style=\"font-size: small;\">Al loro fianco il soprano Li Keng, gi\u00e0 <\/span>solista della Nona Sinfonia nel tributo a Verdi al Teatro Bellini;<span style=\"font-size: small;\"> il tenore teramano Riccardo Della Sciucca, gi\u00e0 esibitosi a L\u2019Aquila con l\u2019ISA nel Requiem K. 626 di Mozart in ricordo delle vittime del terremoto del 2009; la giovane mezzosoprano Daniela Nineva laureata in canto lirico con il massimo dei voti<\/span> presso il Conservatorio \u201cA. Casella\u201d <span style=\"font-size: small;\">e il baritono David Maria Gentile, dal 1996 al 2000 puer cantor della Cappella Musicale Pontificia \u201cSistina\u201d.<\/span><\/p>\n<p class=\"western\" lang=\"it-IT\" align=\"justify\"><span style=\"font-size: small;\">173 coristi, 44 professori d\u2019orchestra, 4 solisti, 1 direttore e maestro concertatore faranno risuonare nella Basilica le note di una delle sinfonie pi\u00f9 conosciute. \u201c<\/span><span style=\"font-size: small;\"><i>\u00c8 assolutamente affascinante per il pubblico trovarsi davanti a un\u2019orchestra e a una massa corale cos\u00ec imponente. La IX Sinfonia<\/i><\/span><span style=\"font-size: small;\">&#8211; dichiara il direttore e Maestro concertatore Pasquale Veleno- <\/span><span style=\"font-size: small;\"><i>\u00e8 una delle poche composizioni cos\u00ec maestose davanti alle quali pi\u00f9 ci si avvicina e pi\u00f9 se ne comprendono la grandezza e la complessit\u00e0. \u00c8 una struttura densa che non si finisce mai di scoprire, una sinfonia dall\u2019incredibile capacit\u00e0 di far sentire piccoli i comuni mortali davanti alla grandezza dell\u2019intelletto\u201d<\/i><\/span><span style=\"font-size: small;\">. Lo stesso direttore artistico dell\u2019Istituzione Sinfonica Abruzzese, il Maestro Ettore Pellegrino, afferma \u201c<\/span><span style=\"font-size: small;\"><i>di aver voluto partecipare attivamente con il mio vecchio ruolo di primo violino per l\u2019importanza della produzione stessa. La IX<\/i><\/span><span style=\"font-size: small;\">&#8211; prosegue- <\/span><span style=\"font-size: small;\"><i>prevede grandi organici composti da solisti, coro e orchestra e per questo la sua realizzazione si \u00e8 resa possibile grazie alla sinergia tra la Sinfonica Abruzzese, i conservatori di L\u2019Aquila e Pescara, i cinque cori. Siamo rientrati nel circuito vero regionale, andando a suonare per la Luigi Barbara a Pescara, con la Camerata Musicale Sulmonese, per il Teatro dei Marsi di Avezzano. Stasera siamo al Ventidio Basso di Ascoli, domani a Teramo nella stagione della Acs prima di chiudere con il concerto di sabato 14 nella bellissima Basilica di Collemaggio. \u00c8 questo<\/i><\/span><span style=\"font-size: small;\"> \u2013 conclude- <\/span><span style=\"font-size: small;\"><i>un segnale moto forte che viene dato dall\u2019Istituzione Sinfonica Abruzzese alla politica della nostra Regione. Noi siamo un servizio a disposizione dei cittadini abruzzesi<\/i><\/span><span style=\"font-size: small;\">\u201d.<\/span><\/p>\n<p class=\"western\" lang=\"it-IT\" align=\"justify\"><span style=\"font-size: small;\">Il concerto di sabato 14 aprile sar\u00e0 un concerto di particolare importanza, perch\u00e9 realizzato con la collaborazione di molti artisti abruzzesi. Questo a testimonianza della qualit\u00e0 del nostro sistema musicale e di quanto la nostra Regione sia capace di sfornare personalit\u00e0 eccellenti, di cui l\u2019Istituzione Sinfonica Abruzzese- gi\u00e0 proiettata a nuovi livelli di competitivit\u00e0 in vista della prossima stagione- \u00e8 parte essenziale e integrante. <\/span><\/p>\n<p class=\"western\" lang=\"it-IT\" align=\"justify\"><span style=\"font-size: small;\">Con una proposta di alto profilo, il concerto di sabato 14 aprile chiude una stagione concertistica in cui il successo pi\u00f9 grande \u00e8 rappresentato dalla collaborazione di buona parte dell\u2019Abruzzo culturalmente e musicalmente volitivo. <\/span><\/p>\n<p class=\"western\" lang=\"it-IT\" align=\"left\"><span style=\"font-size: small;\">Biglietti: Intero <\/span><span style=\"font-size: small;\">\u20ac10; <\/span>Ridotto \u20ac8; Giovani \u20ac5; <span style=\"color: #0000ff;\"><u><a class=\"western\" href=\"mailto:info@sinfonicaabruzzese.it\">info@sinfonicaabruzzese.it<\/a><\/u><\/span>; <span style=\"color: #0000ff;\"><u><a class=\"western\" href=\"http:\/\/www.sinfonicaabruzzese.it\/\">www.sinfonicaabruzzese.it<\/a><\/u><\/span><\/p>\n","protected":false},"excerpt":{"rendered":"<p>&nbsp; &nbsp; COMUNICATO STAMPA NELLA CORNICE DI COLLEMAGGIO LA NONA SINFONIA DI BEETHOVEN CHIUDE LA 43\u00b0 STAGIONE DEI CONCERTI DELL\u2019ISA [&hellip;]<\/p>\n","protected":false},"author":1,"featured_media":0,"comment_status":"open","ping_status":"open","sticky":false,"template":"","format":"standard","meta":{"footnotes":""},"categories":[33,10],"tags":[],"class_list":["post-3604","post","type-post","status-publish","format-standard","hentry","category-espectaculo","category-italiano"],"_links":{"self":[{"href":"https:\/\/www.ecoitaliano.com.ar\/index.php?rest_route=\/wp\/v2\/posts\/3604","targetHints":{"allow":["GET"]}}],"collection":[{"href":"https:\/\/www.ecoitaliano.com.ar\/index.php?rest_route=\/wp\/v2\/posts"}],"about":[{"href":"https:\/\/www.ecoitaliano.com.ar\/index.php?rest_route=\/wp\/v2\/types\/post"}],"author":[{"embeddable":true,"href":"https:\/\/www.ecoitaliano.com.ar\/index.php?rest_route=\/wp\/v2\/users\/1"}],"replies":[{"embeddable":true,"href":"https:\/\/www.ecoitaliano.com.ar\/index.php?rest_route=%2Fwp%2Fv2%2Fcomments&post=3604"}],"version-history":[{"count":0,"href":"https:\/\/www.ecoitaliano.com.ar\/index.php?rest_route=\/wp\/v2\/posts\/3604\/revisions"}],"wp:attachment":[{"href":"https:\/\/www.ecoitaliano.com.ar\/index.php?rest_route=%2Fwp%2Fv2%2Fmedia&parent=3604"}],"wp:term":[{"taxonomy":"category","embeddable":true,"href":"https:\/\/www.ecoitaliano.com.ar\/index.php?rest_route=%2Fwp%2Fv2%2Fcategories&post=3604"},{"taxonomy":"post_tag","embeddable":true,"href":"https:\/\/www.ecoitaliano.com.ar\/index.php?rest_route=%2Fwp%2Fv2%2Ftags&post=3604"}],"curies":[{"name":"wp","href":"https:\/\/api.w.org\/{rel}","templated":true}]}}