{"id":3645,"date":"2018-04-15T12:46:12","date_gmt":"2018-04-15T12:46:12","guid":{"rendered":"http:\/\/www.ecoitaliano.com.ar\/?p=3645"},"modified":"2018-04-15T12:46:12","modified_gmt":"2018-04-15T12:46:12","slug":"al-vinitaly-in-passerella-la-patata-del-fucino-igp-con-i-piatti-preparati-da-niko-romito-formazione-a-verona-dal-15-al-18-aprile-2018","status":"publish","type":"post","link":"https:\/\/www.ecoitaliano.com.ar\/?p=3645","title":{"rendered":"AL VINITALY IN PASSERELLA LA PATATA DEL FUCINO IGP CON I PIATTI PREPARATI DA NIKO ROMITO FORMAZIONE A VERONA DAL 15 AL 18 APRILE 2018"},"content":{"rendered":"<p>&nbsp;<\/p>\n<div id='gallery-1' class='gallery galleryid-3645 gallery-columns-3 gallery-size-thumbnail'><figure class='gallery-item'>\n\t\t\t<div class='gallery-icon landscape'>\n\t\t\t\t<a href='https:\/\/www.ecoitaliano.com.ar\/?attachment_id=3646'><img decoding=\"async\" width=\"150\" height=\"150\" src=\"https:\/\/www.ecoitaliano.com.ar\/wp-content\/uploads\/2018\/04\/IMG_8189-150x150.jpg\" class=\"attachment-thumbnail size-thumbnail\" alt=\"\" \/><\/a>\n\t\t\t<\/div><\/figure>\n\t\t<\/div>\n\n<p align=\"center\"><b>COMUNICATO STAMPA<\/b><\/p>\n<p align=\"center\"><span style=\"font-family: Calibri, serif;\"><span style=\"font-size: large;\"><b>AL VINITALY IN PASSERELLA LA PATATA DEL FUCINO IGP<\/b><\/span><\/span><\/p>\n<p align=\"center\"><span style=\"font-family: Calibri, serif;\"><span style=\"font-size: large;\"><b>CON I PIATTI PREPARATI DA NIKO ROMITO FORMAZIONE<\/b><\/span><\/span><\/p>\n<p align=\"center\"><span style=\"font-family: Calibri, serif;\"><span style=\"font-size: large;\"><b>A VERONA DAL 15 AL 18 APRILE 2018<\/b><\/span><\/span><\/p>\n<p><a name=\"_GoBack\"><\/a> <span style=\"font-size: large;\"><b>Celano (L\u2019Aquila) 13 aprile 2018 &#8211; L\u2019Associazione Marsicana Produttori Patate<\/b><\/span> <span style=\"font-size: large;\"><b>&#8211; AMPP<\/b><\/span><span style=\"font-size: large;\"> &#8211; sceglie il grande pubblico del <\/span><span style=\"font-size: large;\"><b>Vinitaly<\/b><\/span><span style=\"font-size: large;\"> per far conoscere conoscere la <\/span><span style=\"font-size: large;\"><b>Patata del Fucino IGP<\/b><\/span><span style=\"font-size: large;\"> e <\/span><span style=\"font-size: large;\"><b>Niko Romito Formazione affida a Spazio, il format di cucina di mezzo creato dallo Chef Niko Romito, l\u2019interpretazione di un men\u00f9 creato ad hoc per questa occasione speciale. <\/b><\/span><span style=\"font-size: large;\">per farla gustare al top. <\/span><\/p>\n<p><span style=\"font-size: large;\">Un evento straordinario al ristorante del padiglione Abruzzo di 1200 mq che ospita oltre <\/span><span style=\"font-size: large;\"><b>all\u2019AMPP<\/b><\/span><span style=\"font-size: large;\"> il <\/span><span style=\"font-size: large;\"><b>Consorzio di Tutela Vini d\u2019Abruzzo<\/b><\/span><span style=\"font-size: large;\">, il <\/span><span style=\"font-size: large;\"><b>Consorzio Vini Colline Teramane<\/b><\/span><span style=\"font-size: large;\"> e il <\/span><span style=\"font-size: large;\"><b>Consorzio Vini Tullum. <\/b><\/span><span style=\"font-size: large;\">Altrettanto straordinario il connubio tra<\/span><span style=\"font-size: large;\"><b> Patata del Fucino IGP e Montepulciano d\u2019Abruzzo. <\/b><\/span><\/p>\n<p align=\"justify\"><span style=\"font-size: large;\">Un accostamento tra eccellenze del territorio combinato ad arte dadalla brigata di cucina di Spazio <\/span><span style=\"font-size: large;\"><b>Niko Romito Formazione <\/b><\/span><span style=\"font-size: large;\">con due piatti: <\/span><\/p>\n<p align=\"justify\">\uf0b7 <span style=\"font-size: large;\"><b>Gnocchi di Patate del Fucino IGP, pomodoro arrosto e ricotta scorza nera<\/b><\/span><\/p>\n<p align=\"justify\">\uf0b7 <span style=\"font-size: large;\"><b>Vitello, Montepulciano D\u2019Abruzzo e Patata del Fucino IGP <\/b><\/span><\/p>\n<p align=\"justify\"><span style=\"font-size: large;\">Domenica 15, Marted\u00ec 17 e Mercoled\u00ec 18 aprile il servizio si svolger\u00e0 in due turni giornalieri da 100 posti, dalle 13:00 alle 14:30 e dalle ore 14:30 alle 16:00.<\/span><\/p>\n<p align=\"justify\">\u201c<span style=\"font-size: large;\">La nuova storia della <\/span><span style=\"font-size: large;\"><b>Patata del Fucino &#8211; <\/b><\/span><span style=\"font-size: large;\"> dichiara <\/span><span style=\"font-size: large;\"><b>Sante del Corvo Direttore dell\u2019AMPP &#8211;<\/b><\/span><span style=\"font-size: large;\"> ha inizio con il recente <\/span><span style=\"font-size: large;\"><b>riconoscimento IGP (Indicazione Geografica Protetta<\/b><\/span><span style=\"font-size: large;\">) che attribuisce al nostro tubero caratteristiche organolettiche ineguagliabili per \u201csapidit\u00e0\u201d e lunga \u201cserbevolezza\u201d date dalle propriet\u00e0 del terreno e dal clima\u201d. <\/span><\/p>\n<p align=\"justify\"><span style=\"font-size: large;\">Il marchio IGP rende <\/span><span style=\"font-size: large;\"><b>identificabile la produzione del Fucino<\/b><\/span><span style=\"font-size: large;\"> a tutela del consumatore, spesse volte ingannato dai molteplici tentativi di spacciare per patate del Fucino quelle provenienti da altre regioni. <\/span><\/p>\n<p align=\"justify\"><span style=\"font-size: large;\"><b>Il Fucino con la Patata IGP<\/b><\/span><span style=\"font-size: large;\"> entra quindi a pieno titolo tra i luoghi vocati alle produzioni che formano il grande paniere dell\u2019agroalimentare italiano. <\/span><\/p>\n<p align=\"justify\"><span style=\"font-size: large;\">Ufficio Stampa <\/span><\/p>\n<p align=\"justify\"><span style=\"font-size: large;\">One Group <\/span><\/p>\n<p align=\"justify\"><span style=\"font-size: large;\">Francesca Pompa <\/span><\/p>\n<p align=\"justify\"><span style=\"font-size: large;\">Cell. 3482267317 <\/span><\/p>\n","protected":false},"excerpt":{"rendered":"<p>&nbsp; COMUNICATO STAMPA AL VINITALY IN PASSERELLA LA PATATA DEL FUCINO IGP CON I PIATTI PREPARATI DA NIKO ROMITO FORMAZIONE [&hellip;]<\/p>\n","protected":false},"author":1,"featured_media":0,"comment_status":"open","ping_status":"open","sticky":false,"template":"","format":"standard","meta":{"footnotes":""},"categories":[2,10],"tags":[],"class_list":["post-3645","post","type-post","status-publish","format-standard","hentry","category-informacion","category-italiano"],"_links":{"self":[{"href":"https:\/\/www.ecoitaliano.com.ar\/index.php?rest_route=\/wp\/v2\/posts\/3645","targetHints":{"allow":["GET"]}}],"collection":[{"href":"https:\/\/www.ecoitaliano.com.ar\/index.php?rest_route=\/wp\/v2\/posts"}],"about":[{"href":"https:\/\/www.ecoitaliano.com.ar\/index.php?rest_route=\/wp\/v2\/types\/post"}],"author":[{"embeddable":true,"href":"https:\/\/www.ecoitaliano.com.ar\/index.php?rest_route=\/wp\/v2\/users\/1"}],"replies":[{"embeddable":true,"href":"https:\/\/www.ecoitaliano.com.ar\/index.php?rest_route=%2Fwp%2Fv2%2Fcomments&post=3645"}],"version-history":[{"count":0,"href":"https:\/\/www.ecoitaliano.com.ar\/index.php?rest_route=\/wp\/v2\/posts\/3645\/revisions"}],"wp:attachment":[{"href":"https:\/\/www.ecoitaliano.com.ar\/index.php?rest_route=%2Fwp%2Fv2%2Fmedia&parent=3645"}],"wp:term":[{"taxonomy":"category","embeddable":true,"href":"https:\/\/www.ecoitaliano.com.ar\/index.php?rest_route=%2Fwp%2Fv2%2Fcategories&post=3645"},{"taxonomy":"post_tag","embeddable":true,"href":"https:\/\/www.ecoitaliano.com.ar\/index.php?rest_route=%2Fwp%2Fv2%2Ftags&post=3645"}],"curies":[{"name":"wp","href":"https:\/\/api.w.org\/{rel}","templated":true}]}}