{"id":3654,"date":"2018-04-16T11:30:29","date_gmt":"2018-04-16T11:30:29","guid":{"rendered":"http:\/\/www.ecoitaliano.com.ar\/?p=3654"},"modified":"2018-04-16T11:30:29","modified_gmt":"2018-04-16T11:30:29","slug":"faim-rafforzare-la-rappresentanza-associativa-degli-italiani-nel-mondo-come-condizione-di-cambiamento-positivo-solidale-e-partecipato-il-resoconto-dei-lavori-del-consiglio-direttivo","status":"publish","type":"post","link":"https:\/\/www.ecoitaliano.com.ar\/?p=3654","title":{"rendered":"FAIM: Rafforzare la rappresentanza associativa degli italiani nel mondo come condizione di cambiamento positivo, solidale e partecipato &#8211; il resoconto dei lavori del Consiglio Direttivo"},"content":{"rendered":"<p>&nbsp;<\/p>\n<p>&nbsp;<\/p>\n<p><a href=\"http:\/\/www.ecoitaliano.com.ar\/wp-content\/uploads\/2018\/04\/descarga-1.jpeg\"><img decoding=\"async\" class=\"alignnone size-full wp-image-3655\" src=\"http:\/\/www.ecoitaliano.com.ar\/wp-content\/uploads\/2018\/04\/descarga-1.jpeg\" alt=\"\" width=\"324\" height=\"156\" \/><\/a><\/p>\n<p>&nbsp;<\/p>\n<p>FAIM: RIUNITO A ROMA IL CONSIGLIO DIRETTIVO, IL RESOCONTO<br \/>\nRafforzare la rappresentanza associativa degli italiani nel mondo<br \/>\ncome condizione di cambiamento positivo, solidale e partecipato<\/p>\n<p>ROMA &#8211; Il Consiglio Direttivo del Forum delle Associazioni degli italiani nel mondo (FAIM) si \u00e8 riunito venerd\u00ec 6 aprile, a Roma. La discussione si \u00e8 concentrata su una analisi del quadro sociale e politico e ha approvato le linee di sviluppo organizzativo e operativo proposte dal Comitato di Coordinamento (CD). Alla riunione hanno partecipato i componenti delle diverse federazioni associative italiane e regionali e quelli giunti da Francia, Argentina, Svezia, Australia e Spagna. I lavori sono stati aperti dal presidente del CD, Rodolfo Ricci, che partendo da una valutazione dei risultati del voto all\u2019estero ha evidenziato i cambiamenti strutturali che attraversano le collettivit\u00e0 emigrate e la necessit\u00e0 di una riflessione approfondita su come l\u2019associazionismo pu\u00f2 al meglio rappresentarle e contribuire a rispondere a bisogni ed aspettative di una popolazione oltre confine che \u00e8 passata dai circa 3,6 milioni del 2006 agli attuali 5,6 milioni (iscritti all\u2019Aire), oltre ad un altro milione di persone che pur essendo all\u2019estero non figura nelle statistiche ufficiali (Nuova emigrazione).<\/p>\n<p>A fronte di questi numeri, l\u2019elettorato attivo continua a diminuire; solo circa un quarto degli aventi diritto ha votato; ci\u00f2 mostra che, al netto delle riconfermate inefficienze e difficolt\u00e0 di gestione del voto per corrispondenza, oltre la met\u00e0 dei potenziali elettori non si esprime, mentre, allo stesso tempo, la nuova e pi\u00f9 recente emigrazione non \u00e8 in condizione di votare in quanto solo in minima parte \u00e8 ricompresa negli elenchi Aire. Nella relazione introduttiva a nome del Comitato di Coordinamento, il Portavoce Rino Giuliani ha evidenziato gli effetti causati dai cambiamenti sociali, ha illustrato il lavoro svolto in quest\u2019ultimo anno e le prospettive di impegno futuro che ripropongono il FAIM come soggetto di ampia rappresentanza sociale autonoma che ha la responsabilit\u00e0 di assumere la domanda di tutele, di sicurezza e di welfare che emerge dagli italiani all\u2019estero, cui in questi anni non \u00e8 stata data risposta e che, con la nuova emigrazione, si ripropongono in termini ancora pi\u00f9 pregnanti. \u00c9 stato fatto osservare da molti intervenuti come il voto confermi l\u2019apertura di una nuova fase che modifica assetti e coordinate di riferimento. Essa interroga tutti pur confermando buona parte delle analisi che hanno costituito elemento fondativo del FAIM, che\u00a0oggi \u00e8 impegnato a perseguire gli obiettivi affidatigli dal 1\u00b0 Congresso in un quadro sociale in rapido cambiamento.<\/p>\n<p>\u201cL\u2019obiettivo da perseguire \u2013 ha osservato Giuliani \u2013 \u00e8 di mettere a disposizione delle nostre comunit\u00e0 all\u2019estero un forte soggetto associativo sempre pi\u00f9 rappresentativo; di costruire, a tal fine, alleanze sociali trasparenti e forti su contenuti condivisi (in particolare con il mondo del terzo settore); di promuovere la crescita delle reti associative FAIM nelle regioni e all\u2019estero\u201d. L\u2019adesione al FAIM di altre 16 associazioni che si aggiungono alle 85 gi\u00e0 presenti in assemblea, \u00e8 un segnale incoraggiante. Le associazioni costituiscono una ricchezza collettiva fondamentale che va tutelata e sostenuta nell\u2019interesse di tutti. Il Consiglio Direttivo, approvando le relazioni integrate dagli interventi che si sono succeduti ha riaffermato la necessit\u00e0:<\/p>\n<p>\u2013 di riconoscimento dell\u2019Associazionismo degli italiani nel mondo e di un quadro di sostegno attivo alla propria insostituibile azione, obiettivo che dovr\u00e0 essere assunto in questa legislatura;<\/p>\n<p>\u2013 di un sostegno al rilancio qualificato del CGIE e dei Comites, cui il FAIM intende contribuire con l\u2019apertura di confronti positivi sulle questioni prioritarie;<\/p>\n<p>\u2013 in un contesto di grande crescita della presenza italiana all\u2019estero e di nuova emigrazione, il nuovo Parlamento e il nuovo governo sono chiamati a dare risposte concrete su tutte le materie inerenti. \u00c9 a tal proposito particolarmente apprezzabile la riconfermata importanza delle leggi di iniziativa popolare \u2013 su cui il mondo dell\u2019emigrazione pu\u00f2 impegnarsi \u2013 condividendo il richiamo alla centralit\u00e0 del Parlamento e al ritorno a una corretta e coerente produzione legislativa come recentemente affermato dal presidente della Camera;<\/p>\n<p>\u2013 Maeci, Ministero del lavoro e Coordinamento delle Regioni: il FAIM \u00e8 pronto a confrontarsi e a dare il suo contributo su tutte le pi\u00f9 urgenti questioni; il coinvolgimento dell\u2019associazionismo costituisce un indispensabile elemento di rafforzamento delle politiche attive e delle azioni rivolte ai connazionali, a partire dai bisogni di orientamento della nuova emigrazione fino alle opportunit\u00e0 di valorizzazione culturale, formativa ed economica, nella prospettiva del sistema paese;<\/p>\n<p>\u2013 per tutto ci\u00f2 il FAIM chiede di partecipare fin d\u2019ora al gruppo di lavoro in preparazione della Conferenza Stato-Regioni-Provincie Autonome-Cgie, e alle altre iniziative in programma.<\/p>\n<p>Il Consiglio direttivo del FAIM, approvando la relazione introduttiva integrata con i numerosi contributi emersi dalla discussione, ha accolto le diverse disponibilit\u00e0 di partecipazione alle attivit\u00e0 delle aree e dei gruppi di lavoro (Comunicazione, Nuova Emigrazione, Immigrazione e Internazionalizzazione) attivi nel Comitato di Coordinamento. Si \u00e8 avviato un percorso di forte impegno organizzativo che sboccher\u00e0 il prossimo anno nello svolgimento di una \u201cConferenza di organizzazione\u201d che consentir\u00e0 di fare un bilancio del lavoro svolto e che preparer\u00e0 il 2\u00b0 Congresso all\u2019insegna di un ampio rinnovamento.<\/p>\n<p>Sono intervenuti nel dibattito: Max Civili, Gianni Garbati, Gianni Lattanzio, Massimo Angrisano, Pierpaolo Cical\u00f2, Antonella Dolci, Giuseppe Abbati, Laura Albanese, Franco Dotolo, Roberto Volpini, Carlo Ciofi, Marcela Murgia, Luigi Papais, Giuseppe Mangolini, Guglielmo Zanetta, Goffredo Palmerini. Al termine della riunione il Consiglio Direttivo ha accolto le richieste di adesione di 16 nuove associazioni e approvato il bilancio consuntivo 2017 e preventivo 2018.<\/p>\n","protected":false},"excerpt":{"rendered":"<p>&nbsp; &nbsp; &nbsp; FAIM: RIUNITO A ROMA IL CONSIGLIO DIRETTIVO, IL RESOCONTO Rafforzare la rappresentanza associativa degli italiani nel mondo [&hellip;]<\/p>\n","protected":false},"author":1,"featured_media":0,"comment_status":"open","ping_status":"open","sticky":false,"template":"","format":"standard","meta":{"footnotes":""},"categories":[10,15],"tags":[],"class_list":["post-3654","post","type-post","status-publish","format-standard","hentry","category-italiano","category-italiani-allestero"],"_links":{"self":[{"href":"https:\/\/www.ecoitaliano.com.ar\/index.php?rest_route=\/wp\/v2\/posts\/3654","targetHints":{"allow":["GET"]}}],"collection":[{"href":"https:\/\/www.ecoitaliano.com.ar\/index.php?rest_route=\/wp\/v2\/posts"}],"about":[{"href":"https:\/\/www.ecoitaliano.com.ar\/index.php?rest_route=\/wp\/v2\/types\/post"}],"author":[{"embeddable":true,"href":"https:\/\/www.ecoitaliano.com.ar\/index.php?rest_route=\/wp\/v2\/users\/1"}],"replies":[{"embeddable":true,"href":"https:\/\/www.ecoitaliano.com.ar\/index.php?rest_route=%2Fwp%2Fv2%2Fcomments&post=3654"}],"version-history":[{"count":0,"href":"https:\/\/www.ecoitaliano.com.ar\/index.php?rest_route=\/wp\/v2\/posts\/3654\/revisions"}],"wp:attachment":[{"href":"https:\/\/www.ecoitaliano.com.ar\/index.php?rest_route=%2Fwp%2Fv2%2Fmedia&parent=3654"}],"wp:term":[{"taxonomy":"category","embeddable":true,"href":"https:\/\/www.ecoitaliano.com.ar\/index.php?rest_route=%2Fwp%2Fv2%2Fcategories&post=3654"},{"taxonomy":"post_tag","embeddable":true,"href":"https:\/\/www.ecoitaliano.com.ar\/index.php?rest_route=%2Fwp%2Fv2%2Ftags&post=3654"}],"curies":[{"name":"wp","href":"https:\/\/api.w.org\/{rel}","templated":true}]}}