{"id":3657,"date":"2018-04-16T12:28:58","date_gmt":"2018-04-16T12:28:58","guid":{"rendered":"http:\/\/www.ecoitaliano.com.ar\/?p=3657"},"modified":"2018-04-16T12:28:58","modified_gmt":"2018-04-16T12:28:58","slug":"al-via-festiva-visioni-gruppo-emotion","status":"publish","type":"post","link":"https:\/\/www.ecoitaliano.com.ar\/?p=3657","title":{"rendered":"AL VIA FESTIVA VISIONI &#8211; GRUPPO EMOTION"},"content":{"rendered":"<p>&nbsp;<\/p>\n\n<p align=\"center\"><span style=\"font-family: 'Times New Roman', serif;\"><span style=\"font-size: large;\">COMUNICATO STAMPA<\/span><\/span><\/p>\n<table width=\"100%\" cellspacing=\"0\" cellpadding=\"8\">\n<colgroup>\n<col width=\"128*\" \/>\n<col width=\"128*\" \/> <\/colgroup>\n<tbody>\n<tr valign=\"top\">\n<td bgcolor=\"#ffffff\" width=\"50%\"><\/td>\n<td bgcolor=\"#ffffff\" width=\"50%\"><\/td>\n<\/tr>\n<\/tbody>\n<\/table>\n<p align=\"center\"><span style=\"font-family: 'Times New Roman', serif;\"><span style=\"font-size: large;\"><b>Festival Visioni<\/b><\/span><\/span><\/p>\n<p align=\"center\"><span style=\"font-family: 'Times New Roman', serif;\"><span style=\"font-size: large;\"><b>VIII EDIZIONE<\/b><\/span><\/span><\/p>\n<p><span style=\"font-family: 'Times New Roman', serif;\"><span style=\"font-size: medium;\">Primi due appuntamenti a L&#8217;Aquila, Auditorium del Parco, della VIII edizione del Festival \u00abVisioni\u00bb, promosso dalla Compagnia di Danza Gruppo Emotion, diretta da Francesca La Cava. La ricerca del gesto e quella personale sono alla base degli spettacoli del GRUPPO eMOTION, le cui performance sono viaggi poetici e introspettivi all\u2019interno dell\u2019essere umano e della societ\u00e0 contemporanea. Questo filo conduttore \u00e8 ben visibile nelle nuove che animeranno il festival: <\/span><\/span><span style=\"font-family: 'Times New Roman', serif;\"><span style=\"font-size: medium;\"><b>Il brutto anatroccolo<\/b><\/span><\/span><span style=\"font-family: 'Times New Roman', serif;\"><span style=\"font-size: medium;\">, che andr\u00e0 in scena il <\/span><\/span><span style=\"font-family: 'Times New Roman', serif;\"><span style=\"font-size: medium;\"><b>18 aprile alle ore 17.30<\/b><\/span><\/span><span style=\"font-family: 'Times New Roman', serif;\"><span style=\"font-size: medium;\"> e <\/span><\/span><span style=\"font-family: 'Times New Roman', serif;\"><span style=\"font-size: medium;\"><b>Cenerentola?<\/b><\/span><\/span><span style=\"font-family: 'Times New Roman', serif;\"><span style=\"font-size: medium;\"> in cartellone il <\/span><\/span><span style=\"font-family: 'Times New Roman', serif;\"><span style=\"font-size: medium;\"><b>9 maggio alle ore 18.00. <\/b><\/span><\/span><span style=\"font-family: 'Times New Roman', serif;\"><span style=\"font-size: medium;\">Nel primo spettacolo la<\/span><\/span><b> <\/b><span style=\"font-family: 'Times New Roman', serif;\"><span style=\"font-size: medium;\">storia si muove sulla strada tracciata da Andersen ma procede, via via, lungo binari propri. Alla fine il brutto anatroccolo diventa uno splendido cigno, ma il percorso che lo guida alla trasformazione ha una psicologia un po\u2019 speciale: il pennuto non nega la sua \u201cdiversit\u00e0\u201d ma la abbraccia con un pizzico di ironia, innamorandosi, per\u00f2, di quel \u201cbello\u201d (i cigni) che sente stranamente vicino e che in realt\u00e0 \u00e8 la sua vera natura. <\/span><\/span><\/p>\n<p><span style=\"font-family: 'Times New Roman', serif;\"><span style=\"font-size: medium;\">Drammaturgia e regia\u00a0<\/span><\/span><span style=\"font-family: 'Times New Roman', serif;\"><span style=\"font-size: medium;\"><b>Maria Cristina Giambruno<\/b><\/span><\/span><span style=\"font-family: 'Times New Roman', serif;\"><span style=\"font-size: medium;\"><br \/>\nMusiche originali\u00a0<\/span><\/span><span style=\"font-family: 'Times New Roman', serif;\"><span style=\"font-size: medium;\"><b>Raffaello Angelini<\/b><\/span><\/span><span style=\"font-family: 'Times New Roman', serif;\"><span style=\"font-size: medium;\"><br \/>\nCoreografia\u00a0<\/span><\/span><span style=\"font-family: 'Times New Roman', serif;\"><span style=\"font-size: medium;\"><b>Francesca La Cava<\/b><\/span><\/span><span style=\"font-family: 'Times New Roman', serif;\"><span style=\"font-size: medium;\"><br \/>\nAttori\u00a0<\/span><\/span><span style=\"font-family: 'Times New Roman', serif;\"><span style=\"font-size: medium;\"><b>Guido D\u2019Ascenzo e Alessandra Pavoni<\/b><\/span><\/span><span style=\"font-family: 'Times New Roman', serif;\"><span style=\"font-size: medium;\"><br \/>\nDanzatori\u00a0<\/span><\/span><span style=\"font-family: 'Times New Roman', serif;\"><span style=\"font-size: medium;\"><b>Simonetta D\u2019Intino, Alessia Neri e Nicoletta Ragone<\/b><\/span><\/span><span style=\"font-family: 'Times New Roman', serif;\"><span style=\"font-size: medium;\"><br \/>\nAssistente alla coreografia\u00a0<\/span><\/span><span style=\"font-family: 'Times New Roman', serif;\"><span style=\"font-size: medium;\"><b>Nicoletta Ragone<\/b><\/span><\/span><span style=\"font-family: 'Times New Roman', serif;\"><span style=\"font-size: medium;\"><br \/>\nCostumi\u00a0<\/span><\/span><span style=\"font-family: 'Times New Roman', serif;\"><span style=\"font-size: medium;\"><b>Maria Grazia Cimini<\/b><\/span><\/span><span style=\"font-family: 'Times New Roman', serif;\"><span style=\"font-size: medium;\"><br \/>\nproduzione\u00a0<\/span><\/span><span style=\"font-family: 'Times New Roman', serif;\"><span style=\"font-size: medium;\"><b>GRUPPO e-MOTION<\/b><\/span><\/span><span style=\"font-family: 'Times New Roman', serif;\"><span style=\"font-size: medium;\"><br \/>\nCon il contributo del\u00a0<\/span><\/span><span style=\"font-family: 'Times New Roman', serif;\"><span style=\"font-size: medium;\"><b>Ministero dei Beni e delle Attivit\u00e0 Culturali e del Turismo, della Regione Abruzzo e del Comune dell\u2019Aquila<\/b><\/span><\/span><\/p>\n<p><span style=\"color: #1d2129;\"><span style=\"font-family: 'Times New Roman', serif;\"><span style=\"font-size: medium;\">Il secondo appuntamento, <\/span><\/span><\/span><span style=\"color: #1d2129;\"><span style=\"font-family: 'Times New Roman', serif;\"><span style=\"font-size: medium;\"><b>il 9 maggio alle ore 18.00<\/b><\/span><\/span><\/span><span style=\"color: #1d2129;\"><span style=\"font-family: 'Times New Roman', serif;\"><span style=\"font-size: medium;\">, sempre all&#8217;Auditorium del Parco, \u00e8 ancora con una favola, forse quella pi\u00f9 nota e simbolica. Ma gi\u00e0 il titolo ci porta su strade poco battute: <\/span><\/span><\/span><span style=\"color: #1d2129;\"><span style=\"font-family: 'Times New Roman', serif;\"><span style=\"font-size: medium;\"><b>CENERENTOLA?<\/b><\/span><\/span><\/span><\/p>\n<p><span style=\"font-family: 'Times New Roman', serif;\"><span style=\"font-size: medium;\">La cultura popolare \u00e8 diventata uno spazio chiave di scontro tra identificazione e significato, in cui i prodotti culturali non sono semplicemente riciclati bens\u00ec reinventati e riconsumati in un sistema sempre pi\u00f9 globalizzato, in cui \u201cl\u2019immagine\u201d \u00e8 di capitale importanza. Cenerentola \u00e8 una ragazza umile addetta alla casa e al focolare? No. La nostra \u00e8 una ragazza moderna, intraprendente e viziata o meglio viziosa, consumata dal \u00abconsumismo\u00bb e dalla etica della apparenza. Il regista della storia \u00e8 la madre. Essa diviene l\u2019autentica plot-maker della favola, colei che decide e tiene il filo della storia indirizzando la figlia verso l\u2019obiettivo prefissato. La favola usa metafore, cambia i giochi, inverte i personaggi ma mantiene la morale e gli insegnamenti del racconto originale: amore, uguaglianza, grazia, spirito, coraggio, modestia, nobilt\u00e0 di sangue, buon senso e \u2026..fortuna?<\/span><\/span><\/p>\n<p><span style=\"font-family: 'Times New Roman', serif;\"><span style=\"font-size: medium;\"><b>regia e coreografia: Francesca La Cava; musica: Sergej Prokofiev; elaborazioni musicali: Giulia Francavill; interpreti e collaborazione: Stefania Bucci, Andrea Di Matteo, Simonetta D\u2019Intino, Miriana Esposito e Sara Pischedda; disegno luci: Michele Innocenzi; costumi: Maria Grazia Cimini.<\/b><\/span><\/span><\/p>\n<p><span style=\"font-family: 'Times New Roman', serif;\"><span style=\"font-size: medium;\">Produzione: GRUPPO e-MOTION con il contributo del Ministero dei Beni e delle Attivit\u00e0 Culturali e del Turismo, della Regione Abruzzo e del Comune dell\u2019Aquila con il sostegno per le residenze artistiche di ACS Abruzzo Circuito Spettacolo<\/span><\/span><\/p>\n<p><span style=\"font-family: 'Times New Roman', serif;\"><span style=\"font-size: medium;\"><b>Per entrambi gli spettacoli sono previste le matin\u00e9e per le scuole.<\/b><\/span><\/span><\/p>\n<p><span style=\"color: #1d2129;\"><span style=\"font-family: 'Times New Roman', serif;\"><span style=\"font-size: medium;\">Biglietti<\/span><\/span><\/span><\/p>\n<p><span style=\"color: #1d2129;\"> <span style=\"font-family: 'Times New Roman', serif;\"><span style=\"font-size: medium;\">8,00 euro intero; 5,00 euro ridotto.<\/span><\/span><\/span><\/p>\n<p><span style=\"color: #1d2129;\"><span style=\"font-family: 'Times New Roman', serif;\"><span style=\"font-size: medium;\">Ridotto anche per l&#8217;Associazione Mamme per L&#8217;Aquila<\/span><\/span><\/span><\/p>\n<p><span style=\"color: #1d2129;\"><span style=\"font-family: 'Times New Roman', serif;\"><span style=\"font-size: medium;\">Per info e prenotazioni 3395838563<\/span><\/span><\/span><\/p>\n<p>&nbsp;<\/p>\n<p>&nbsp;<\/p>\n","protected":false},"excerpt":{"rendered":"<p>&nbsp; COMUNICATO STAMPA Festival Visioni VIII EDIZIONE Primi due appuntamenti a L&#8217;Aquila, Auditorium del Parco, della VIII edizione del Festival [&hellip;]<\/p>\n","protected":false},"author":1,"featured_media":0,"comment_status":"open","ping_status":"open","sticky":false,"template":"","format":"standard","meta":{"footnotes":""},"categories":[33,10,1],"tags":[],"class_list":["post-3657","post","type-post","status-publish","format-standard","hentry","category-espectaculo","category-italiano","category-sin-categoria"],"_links":{"self":[{"href":"https:\/\/www.ecoitaliano.com.ar\/index.php?rest_route=\/wp\/v2\/posts\/3657","targetHints":{"allow":["GET"]}}],"collection":[{"href":"https:\/\/www.ecoitaliano.com.ar\/index.php?rest_route=\/wp\/v2\/posts"}],"about":[{"href":"https:\/\/www.ecoitaliano.com.ar\/index.php?rest_route=\/wp\/v2\/types\/post"}],"author":[{"embeddable":true,"href":"https:\/\/www.ecoitaliano.com.ar\/index.php?rest_route=\/wp\/v2\/users\/1"}],"replies":[{"embeddable":true,"href":"https:\/\/www.ecoitaliano.com.ar\/index.php?rest_route=%2Fwp%2Fv2%2Fcomments&post=3657"}],"version-history":[{"count":0,"href":"https:\/\/www.ecoitaliano.com.ar\/index.php?rest_route=\/wp\/v2\/posts\/3657\/revisions"}],"wp:attachment":[{"href":"https:\/\/www.ecoitaliano.com.ar\/index.php?rest_route=%2Fwp%2Fv2%2Fmedia&parent=3657"}],"wp:term":[{"taxonomy":"category","embeddable":true,"href":"https:\/\/www.ecoitaliano.com.ar\/index.php?rest_route=%2Fwp%2Fv2%2Fcategories&post=3657"},{"taxonomy":"post_tag","embeddable":true,"href":"https:\/\/www.ecoitaliano.com.ar\/index.php?rest_route=%2Fwp%2Fv2%2Ftags&post=3657"}],"curies":[{"name":"wp","href":"https:\/\/api.w.org\/{rel}","templated":true}]}}