{"id":3665,"date":"2018-04-17T09:55:22","date_gmt":"2018-04-17T09:55:22","guid":{"rendered":"http:\/\/www.ecoitaliano.com.ar\/?p=3665"},"modified":"2018-04-17T09:55:22","modified_gmt":"2018-04-17T09:55:22","slug":"comunicato-stampa-avvio-progetto-quissicresce-un-world-cafe-per-la-comunita-educante","status":"publish","type":"post","link":"https:\/\/www.ecoitaliano.com.ar\/?p=3665","title":{"rendered":"Comunicato stampa avvio progetto \u00abQUIsSICRESCE! Un World Caf\u00e9 per la comunit\u00e0 educante\u00bb"},"content":{"rendered":"<p>&nbsp;<\/p>\n\n<p class=\"western\" lang=\"it-IT\" align=\"center\"><b>COMUNICATO STAMPA<\/b><\/p>\n<p class=\"western\" lang=\"it-IT\" align=\"center\"><span style=\"font-size: large;\"><b>QUIsSICRESCE! Un World Caf\u00e8 per la comunit\u00e0 educante<\/b><\/span><\/p>\n<p class=\"western\" lang=\"it-IT\"><i>Primo incontro tra genitori, insegnanti, educatori per QUIsSICRESCE! <\/i><span style=\"color: #000000;\"><i>selezionato dall\u2019<\/i><\/span><i>Impresa Sociale CON I BAMBINI<\/i><span style=\"color: #000000;\"><i>, nell\u2019ambito del Fondo per il contrasto della povert\u00e0 educativa minorile.<\/i><\/span><\/p>\n<p class=\"western\" lang=\"it-IT\">MACERATA 16\/4\/2018 &#8211; Comincia dalla comunit\u00e0 educante il percorso QuisSICRESCE! a Macerata, per concretizzare la visione di <i>outdoor education<\/i> attraverso gli spazi verdi esterni come luoghi di connessione tra i servizi educativi e la citt\u00e0. Ha preso il via con un <i>World Caf\u00e8, <\/i> l\u201911 aprile nella sede della Facolt\u00e0 di Scienze della Formazione di UNIMC, il progetto QUIsSICRESCE! <span style=\"color: #000000;\">selezionato dall\u2019<\/span>Impresa Sociale CON I BAMBINI<span style=\"color: #000000;\">, nell\u2019ambito del Fondo per il contrasto della povert\u00e0 educativa minorile.<\/span><\/p>\n<p class=\"western\" lang=\"it-IT\">Genitori, insegnanti, educatori e associazione culturale Les Friches, partner di progetto, si sono incontrati e, attraverso il World Caf\u00e8, hanno dato un avvio pratico e informale al confronto sulle tre tematiche scelte: il fuori, il bambino e il rischio. I gruppi si sono confrontati su tali tematiche, anche con brainstorming giocosi, per sperimentare nuove modalit\u00e0 di dialogo partecipate e condivise, liberando l\u2019energia collaborativa per una situazione di presa in cura da parte di tutti di questo progetto. L\u2019incontro \u00e8 stato anche occasione per presentare l\u2019intero progetto triennale QUIsSICRESCE!, con la coordinatrice dei Nidi comunali Marzia Fratini e l\u2019assessore alla Scuola Stefania Monteverde che ha portato il saluto del Comune all\u2019avvio di questo percorso.<\/p>\n<p class=\"western\" lang=\"it-IT\">Spazi esterni, dunque, come luoghi di connessione tra i servizi educativi e la citt\u00e0, tra i servizi e le famiglie che insieme partecipano e agiscono in un percorso di progettazione condivisa per dare nuovo volto e significato a<span style=\"color: #000000;\"> undici aree verdi da trasformare in ambienti educativi. N<\/span>el progetto ci sono anche nuovi servizi 0-3 anni e la sfida del dialogo educativo intergenerazionale, con un nuovo nido per 21 bambini che nascer\u00e0 nei locali IRCR di villa Cozza, sede della casa di riposo.<\/p>\n<p class=\"western\" lang=\"it-IT\">QUIsSICRESCE!, avviato due anni fa nei nidi comunali, ha oggi ampliato la visione, si allarga alle scuole d\u2019infanzia e si arricchisce di esperienze straordinarie come quella dell\u2019<span style=\"color: #000000;\">Agrinido\/Agrifanzia della Natura con il nido nella Yurta<\/span> di San Ginesio, esempio di resilienza in un territorio colpito dal terremoto, in cui \u00e8 divenuto un punto di riferimento per una comunit\u00e0 allargata. Qui la natura \u00e8 al centro come luogo educativo privilegiato, <span style=\"color: #000000;\">per accrescere in bambini e famiglie la consapevolezza di essere soggetti di un ecosistema, promuovendo comportamenti rispettosi verso l\u2019ambiente e aiutandoli al contempo a raggiungere benessere, competenze, autonomia.<\/span><\/p>\n<p lang=\"it-IT\"><span style=\"font-family: Calibri, sans-serif;\"><span style=\"color: #000000;\"><span style=\"font-family: 'Times New Roman', serif;\">Oltre al Comune di Macerata e ai Nidi comunali capofila, sono partner del progetto l\u2019Universit\u00e0 di Macerata, l\u2019Azienda pubblica servizi alla persona IRCR Macerata, l\u2019Istituto Comprensivo \u201cDante Alighieri\u201d, l\u2019Istituto Comprensivo \u201cEnrico Fermi\u201d, l\u2019Istituto Comprensivo \u201cEnrico Mestica\u201d, l\u2019Associazione Culturale Les Friches, La Quercia della Memoria di Di Luca Federica &amp; c., Zeroseiup s.r.l., Nati per Leggere.<\/span><\/span><\/span><\/p>\n<p class=\"western\" lang=\"it-IT\">Il progetto QUIsSICRESCE! \u00e8 stato selezionato da Con i Bambini nell\u2019ambito del Fondo per il contrasto della povert\u00e0 educativa minorile. Il Fondo nasce da un\u2019intesa tra le Fondazioni di origine bancaria rappresentate da Acri, il Forum Nazionale del Terzo Settore e il Governo. Sostiene interventi finalizzati a rimuovere gli ostacoli di natura economica, sociale e culturale che impediscono la piena fruizione dei processi educativi da parte dei minori. Per attuare i programmi del Fondo, a giugno 2016 \u00e8 nata l\u2019impresa sociale Con i Bambini, organizzazione senza scopo di lucro interamente partecipata dalla Fondazione CON IL SUD. <a href=\"http:\/\/www.conibambini.org\/\">www.conibambini.org<\/a>.<\/p>\n<p class=\"western\" lang=\"it-IT\">QUIsSICRESCE! \u00e8 anche su Facebook: www.facebook.com\/QUISSICRESCE\/ (ap)<\/p>\n","protected":false},"excerpt":{"rendered":"<p>&nbsp; COMUNICATO STAMPA QUIsSICRESCE! Un World Caf\u00e8 per la comunit\u00e0 educante Primo incontro tra genitori, insegnanti, educatori per QUIsSICRESCE! selezionato [&hellip;]<\/p>\n","protected":false},"author":1,"featured_media":0,"comment_status":"open","ping_status":"open","sticky":false,"template":"","format":"standard","meta":{"footnotes":""},"categories":[2,10],"tags":[],"class_list":["post-3665","post","type-post","status-publish","format-standard","hentry","category-informacion","category-italiano"],"_links":{"self":[{"href":"https:\/\/www.ecoitaliano.com.ar\/index.php?rest_route=\/wp\/v2\/posts\/3665","targetHints":{"allow":["GET"]}}],"collection":[{"href":"https:\/\/www.ecoitaliano.com.ar\/index.php?rest_route=\/wp\/v2\/posts"}],"about":[{"href":"https:\/\/www.ecoitaliano.com.ar\/index.php?rest_route=\/wp\/v2\/types\/post"}],"author":[{"embeddable":true,"href":"https:\/\/www.ecoitaliano.com.ar\/index.php?rest_route=\/wp\/v2\/users\/1"}],"replies":[{"embeddable":true,"href":"https:\/\/www.ecoitaliano.com.ar\/index.php?rest_route=%2Fwp%2Fv2%2Fcomments&post=3665"}],"version-history":[{"count":0,"href":"https:\/\/www.ecoitaliano.com.ar\/index.php?rest_route=\/wp\/v2\/posts\/3665\/revisions"}],"wp:attachment":[{"href":"https:\/\/www.ecoitaliano.com.ar\/index.php?rest_route=%2Fwp%2Fv2%2Fmedia&parent=3665"}],"wp:term":[{"taxonomy":"category","embeddable":true,"href":"https:\/\/www.ecoitaliano.com.ar\/index.php?rest_route=%2Fwp%2Fv2%2Fcategories&post=3665"},{"taxonomy":"post_tag","embeddable":true,"href":"https:\/\/www.ecoitaliano.com.ar\/index.php?rest_route=%2Fwp%2Fv2%2Ftags&post=3665"}],"curies":[{"name":"wp","href":"https:\/\/api.w.org\/{rel}","templated":true}]}}